{"id":154606,"date":"2020-06-04T16:58:15","date_gmt":"2020-06-04T14:58:15","guid":{"rendered":"https:\/\/graziamagazine.com\/es\/?post_type=articles&#038;p=154606"},"modified":"2020-06-26T20:19:15","modified_gmt":"2020-06-26T18:19:15","slug":"la-disenadora-mary-quant-nueva-amiga-de-oro-de-la-asociacion-de-amigos-del-museo-del-traje","status":"publish","type":"articles","link":"https:\/\/graziamagazine.com\/es\/articles\/la-disenadora-mary-quant-nueva-amiga-de-oro-de-la-asociacion-de-amigos-del-museo-del-traje\/","title":{"rendered":"La dise\u00f1adora Mary Quant, nueva \u00abAmiga de Oro\u00bb de la Asociaci\u00f3n de Amigos del Museo del Traje"},"content":{"rendered":"<div class=\"page\" title=\"Page 1\">\n<div class=\"section\">\n<div class=\"page\" title=\"Page 1\">\n<div class=\"section\">\n<div class=\"layoutArea\">\n<div class=\"column\">\n<p>En los a\u00f1os 60 hubo un antes y un despu\u00e9s de que saliera al mercado una prenda que revolucion\u00f3 a las mujeres de medio mundo, y que hoy sigue vigente como el primer d\u00eda: la minifalda. Desde ese momento el nombre de Mary Quant irrumpi\u00f3 con fuerza en la historia de la moda y hoy suma un nuevo hito al convertirse en la nueva \u00abAmiga de Oro\u00bb de la Asociaci\u00f3n de Amigos del Museo del Traje.<\/p>\n<p>\u00ab<em>Me siento profundamente honrada y conmovida de que me hayan nominado como Amiga de Oro de la Asociacio\u0301n de Amigos del Museo del Traje. Seguir al primer &#8216;Amigo de Oro&#8217;, Hubert de Givenchy, quien fue un disen\u0303ador internacional tan inspirador y una persona a la que siempre he admirado enormemente, es de hecho un privilegio por el que siempre les estare\u0301 verdaderamente agradecida. Estoy encantada de aceptar este impresionante honor y deseo a la Asociacio\u0301n de Amigos todo el e\u0301xito posible en el futuro<\/em>\u00ab, afirmaba la dise\u00f1adora.<\/p>\n<div class=\"page\" title=\"Page 1\">\n<div class=\"section\">\n<div class=\"layoutArea\">\n<div class=\"column\">\n<p>El nombre de Mary Quant es sino\u0301nimo del estilo juvenil de los 60 que desde Londres se difunde a todo el mundo. Nacida en Kent, el 11 de febrero de 1934, estudio\u0301 para convertirse en profesora de arte en el Goldsmith&#8217;s College of Art, entre 1952 y 1955, mientras por las tardes tomaba clases de corte y confeccio\u0301n. Ese mismo an\u0303o abrio\u0301 uno de los templos de la moda contempora\u0301nea, la boutique Bazaar, junto a Alexander Plunket Greene, que en 1957 se convierte en su marido. Bazaar, situada en la King\u2019s Road del barrio de Chelsea, sera\u0301 el foco inicial de un estilo revolucionario que fue la sen\u0303a de identidad del Swinging London.<\/p>\n<p><img loading=\"lazy\" decoding=\"async\" class=\"aligncenter size-full wp-image-154555\" src=\"https:\/\/www.grazia.es\/wp-content\/uploads\/2020\/06\/image-1.jpg\" alt=\"La dise\u00f1adora Mary Quant, nueva &quot;Amiga de Oro&quot; de la Asociaci\u00f3n de Amigos del Museo del Traje\" width=\"720\" height=\"721\" \/><\/p>\n<p>Empezo\u0301 surtie\u0301ndose de confecciones que ella elegi\u0301a, pero pronto entendio\u0301 que la calle demandaba algo distinto y decidio\u0301 introducir sus propios disen\u0303os. A partir del estilo beatnik, propuso un total look marcado por la simplicidad que se impuso entre las jo\u0301venes londinenses y salto\u0301 a los Estados Unidos, un mercado en el que penetra con e\u0301xito desde 1957.<\/p>\n<\/div>\n<\/div>\n<\/div>\n<\/div>\n<div class=\"page\" title=\"Page 2\">\n<div class=\"section\">\n<div class=\"layoutArea\">\n<div class=\"column\">\n<p>Antes de comenzar la de\u0301cada de los 60, Quant ya produci\u0301a en masa y comenzaba el camino a la diversificacio\u0301n de la marca. Con dos etiquetas en el mercado, Mary Quant Ginger Group y Mary Quant, Ltd., la disen\u0303adora lanza las primeras minifaldas, siempre atendiendo a la demanda del pu\u0301blico joven, y comienza una gira promocional que la lleva primero a los Estados Unidos, donde con sus propias modelos bailando animadamente sobre la pasarela y el famoso peinado de \u201ccinco puntos\u201d de Vidal Sassoon, entra en competencia con los mismos Beatles como representante de la modernidad inglesa.<\/p>\n<p><img loading=\"lazy\" decoding=\"async\" class=\"aligncenter size-full wp-image-154553\" src=\"https:\/\/www.grazia.es\/wp-content\/uploads\/2020\/06\/1.-MARY-QUANT.jpg\" alt=\"La dise\u00f1adora Mary Quant, nueva &quot;Amiga de Oro&quot; de la Asociaci\u00f3n de Amigos del Museo del Traje\" width=\"1536\" height=\"2048\" \/><\/p>\n<p>En 1966, lanza su li\u0301nea de cosme\u0301ticos, con enorme e\u0301xito, y el logo de la margarita se convierte en si\u0301mbolo de una e\u0301poca. Con apenas treinta an\u0303os y una carrera meteo\u0301rica jalonada de premios, la disen\u0303adora recibe, luciendo minifalda, el ti\u0301tulo de Oficial de la Orden del Imperio Brita\u0301nico de manos de la reina Isabel II (en 2015, aumentado al rango de Dama Comendadora de la misma Orden). Su fama crece a medida que avanza la de\u0301cada, y llegados los setenta la marca continu\u0301a su diversificacio\u0301n de producto para incidir en el estilo de vida ma\u0301s alla\u0301 de la indumentaria. En 2000, tras de\u0301cadas de incansable actividad, renuncia a su firma, con licencias repartidas por todo el mundo, y se retira, convertida en icono de la cultura inglesa de la segunda mitad del siglo XX.<\/p>\n<p><img loading=\"lazy\" decoding=\"async\" class=\"aligncenter size-full wp-image-154552\" src=\"https:\/\/www.grazia.es\/wp-content\/uploads\/2020\/06\/2.-MARY-QUANT.jpg\" alt=\"La dise\u00f1adora Mary Quant, nueva &quot;Amiga de Oro&quot; de la Asociaci\u00f3n de Amigos del Museo del Traje\" width=\"2848\" height=\"3946\" \/><\/p>\n<\/div>\n<\/div>\n<\/div>\n<\/div>\n<p>El &#8216;Amigo de Oro&#8217; de la Asociacio\u0301n de Amigos del Museo del Traje nace en 2014 con el propo\u0301sito de reconocer la labor de disen\u0303adores, coleccionistas, modelos, empresarios y toda aquella persona que haya destacado en su labor en la moda y\/o en la difusio\u0301n del Museo del Traje de Espan\u0303a. En el caso de Mary Quant, la Asociacio\u0301n destaca su papel protagonista en los an\u0303os 60 durante el Swinging London, una de\u0301cada clave para la liberacio\u0301n de la mujer, de la que la creadora brita\u0301nica es un icono al nivel de The Beatles. Su concepto de tienda y sus minifaldas marcaron un antes y un despue\u0301s en el sector, y fue uno de los primeros nombres que aposto\u0301 por centrarse en la juventud. Como afirmo\u0301: \u00ab<em>El objetivo de la moda es que la ropa de moda este\u0301 disponible para todos<\/em>\u00ab. Su trabajo, adema\u0301s, le valio\u0301 el an\u0303o pasado una retrospectiva por parte del Victoria &amp; Albert Museum de Londres.<\/p>\n<p><em>*Im\u00e1genes: Cortes\u00eda<\/em><\/p>\n<\/div>\n<\/div>\n<\/div>\n<\/div>\n<\/div>\n<\/div>\n","protected":false},"author":11653,"featured_media":154608,"template":"","format":"standard","categories":[1],"acf":[],"yoast_head":"<!-- This site is optimized with the Yoast SEO Premium plugin v18.5 (Yoast SEO v20.4) - https:\/\/yoast.com\/wordpress\/plugins\/seo\/ -->\n<title>La dise\u00f1adora Mary Quant, nueva &quot;Amiga de Oro&quot; de la Asociaci\u00f3n de Amigos del Museo del Traje | Grazia<\/title>\n<meta name=\"description\" content=\"La dise\u00f1adora de la m\u00edtica minifalda se suma a esta lista de amigos que ya inaugurara en 2014 Hubert de Givenchy.\" \/>\n<meta name=\"robots\" content=\"index, follow, max-snippet:-1, max-image-preview:large, max-video-preview:-1\" \/>\n<link rel=\"canonical\" href=\"https:\/\/graziamagazine.com\/es\/articles\/la-disenadora-mary-quant-nueva-amiga-de-oro-de-la-asociacion-de-amigos-del-museo-del-traje\/\" \/>\n<meta property=\"og:locale\" content=\"es_ES\" \/>\n<meta property=\"og:type\" content=\"article\" \/>\n<meta property=\"og:title\" content=\"La dise\u00f1adora Mary Quant, nueva &quot;Amiga de Oro&quot; de la Asociaci\u00f3n de Amigos del Museo del Traje\" \/>\n<meta property=\"og:description\" content=\"La dise\u00f1adora de la m\u00edtica minifalda se suma a esta lista de amigos que ya inaugurara en 2014 Hubert de Givenchy.\" \/>\n<meta property=\"og:url\" content=\"https:\/\/graziamagazine.com\/es\/articles\/la-disenadora-mary-quant-nueva-amiga-de-oro-de-la-asociacion-de-amigos-del-museo-del-traje\/\" \/>\n<meta property=\"og:site_name\" content=\"Grazia\" \/>\n<meta property=\"article:modified_time\" content=\"2020-06-26T18:19:15+00:00\" \/>\n<meta property=\"og:image\" content=\"https:\/\/graziamagazine.com\/es\/wp-content\/uploads\/sites\/12\/2020\/06\/Quan5-900x600-1.jpg?fit=900%2C600\" \/>\n\t<meta property=\"og:image:width\" content=\"900\" \/>\n\t<meta property=\"og:image:height\" content=\"600\" \/>\n\t<meta property=\"og:image:type\" content=\"image\/jpeg\" \/>\n<meta name=\"twitter:card\" content=\"summary_large_image\" \/>\n<meta name=\"twitter:label1\" content=\"Est. reading time\" \/>\n\t<meta name=\"twitter:data1\" content=\"4 minutos\" \/>\n<script type=\"application\/ld+json\" class=\"yoast-schema-graph\">{\"@context\":\"https:\/\/schema.org\",\"@graph\":[{\"@type\":\"WebPage\",\"@id\":\"https:\/\/graziamagazine.com\/es\/articles\/la-disenadora-mary-quant-nueva-amiga-de-oro-de-la-asociacion-de-amigos-del-museo-del-traje\/\",\"url\":\"https:\/\/graziamagazine.com\/es\/articles\/la-disenadora-mary-quant-nueva-amiga-de-oro-de-la-asociacion-de-amigos-del-museo-del-traje\/\",\"name\":\"La dise\u00f1adora Mary Quant, nueva \\\"Amiga de Oro\\\" de la Asociaci\u00f3n de Amigos del Museo del Traje | Grazia\",\"isPartOf\":{\"@id\":\"https:\/\/graziamagazine.com\/es\/#website\"},\"datePublished\":\"2020-06-04T14:58:15+00:00\",\"dateModified\":\"2020-06-26T18:19:15+00:00\",\"description\":\"La dise\u00f1adora de la m\u00edtica minifalda se suma a esta lista de amigos que ya inaugurara en 2014 Hubert de Givenchy.\",\"breadcrumb\":{\"@id\":\"https:\/\/graziamagazine.com\/es\/articles\/la-disenadora-mary-quant-nueva-amiga-de-oro-de-la-asociacion-de-amigos-del-museo-del-traje\/#breadcrumb\"},\"inLanguage\":\"es\",\"potentialAction\":[{\"@type\":\"ReadAction\",\"target\":[\"https:\/\/graziamagazine.com\/es\/articles\/la-disenadora-mary-quant-nueva-amiga-de-oro-de-la-asociacion-de-amigos-del-museo-del-traje\/\"]}]},{\"@type\":\"BreadcrumbList\",\"@id\":\"https:\/\/graziamagazine.com\/es\/articles\/la-disenadora-mary-quant-nueva-amiga-de-oro-de-la-asociacion-de-amigos-del-museo-del-traje\/#breadcrumb\",\"itemListElement\":[{\"@type\":\"ListItem\",\"position\":1,\"name\":\"Portada\",\"item\":\"https:\/\/graziamagazine.com\/es\/\"},{\"@type\":\"ListItem\",\"position\":2,\"name\":\"La dise\u00f1adora Mary Quant, nueva \u00abAmiga de Oro\u00bb de la Asociaci\u00f3n de Amigos del Museo del Traje\"}]},{\"@type\":\"WebSite\",\"@id\":\"https:\/\/graziamagazine.com\/es\/#website\",\"url\":\"https:\/\/graziamagazine.com\/es\/\",\"name\":\"Grazia\",\"description\":\"Moda, belleza, celebrities, estilo de vida...\",\"potentialAction\":[{\"@type\":\"SearchAction\",\"target\":{\"@type\":\"EntryPoint\",\"urlTemplate\":\"https:\/\/graziamagazine.com\/es\/?s={search_term_string}\"},\"query-input\":\"required name=search_term_string\"}],\"inLanguage\":\"es\"}]}<\/script>\n<!-- \/ Yoast SEO Premium plugin. -->","yoast_head_json":{"title":"La dise\u00f1adora Mary Quant, nueva \"Amiga de Oro\" de la Asociaci\u00f3n de Amigos del Museo del Traje | Grazia","description":"La dise\u00f1adora de la m\u00edtica minifalda se suma a esta lista de amigos que ya inaugurara en 2014 Hubert de Givenchy.","robots":{"index":"index","follow":"follow","max-snippet":"max-snippet:-1","max-image-preview":"max-image-preview:large","max-video-preview":"max-video-preview:-1"},"canonical":"https:\/\/graziamagazine.com\/es\/articles\/la-disenadora-mary-quant-nueva-amiga-de-oro-de-la-asociacion-de-amigos-del-museo-del-traje\/","og_locale":"es_ES","og_type":"article","og_title":"La dise\u00f1adora Mary Quant, nueva \"Amiga de Oro\" de la Asociaci\u00f3n de Amigos del Museo del Traje","og_description":"La dise\u00f1adora de la m\u00edtica minifalda se suma a esta lista de amigos que ya inaugurara en 2014 Hubert de Givenchy.","og_url":"https:\/\/graziamagazine.com\/es\/articles\/la-disenadora-mary-quant-nueva-amiga-de-oro-de-la-asociacion-de-amigos-del-museo-del-traje\/","og_site_name":"Grazia","article_modified_time":"2020-06-26T18:19:15+00:00","og_image":[{"width":900,"height":600,"url":"https:\/\/graziamagazine.com\/es\/wp-content\/uploads\/sites\/12\/2020\/06\/Quan5-900x600-1.jpg?fit=900%2C600","type":"image\/jpeg"}],"twitter_card":"summary_large_image","twitter_misc":{"Est. reading time":"4 minutos"},"schema":{"@context":"https:\/\/schema.org","@graph":[{"@type":"WebPage","@id":"https:\/\/graziamagazine.com\/es\/articles\/la-disenadora-mary-quant-nueva-amiga-de-oro-de-la-asociacion-de-amigos-del-museo-del-traje\/","url":"https:\/\/graziamagazine.com\/es\/articles\/la-disenadora-mary-quant-nueva-amiga-de-oro-de-la-asociacion-de-amigos-del-museo-del-traje\/","name":"La dise\u00f1adora Mary Quant, nueva \"Amiga de Oro\" de la Asociaci\u00f3n de Amigos del Museo del Traje | Grazia","isPartOf":{"@id":"https:\/\/graziamagazine.com\/es\/#website"},"datePublished":"2020-06-04T14:58:15+00:00","dateModified":"2020-06-26T18:19:15+00:00","description":"La dise\u00f1adora de la m\u00edtica minifalda se suma a esta lista de amigos que ya inaugurara en 2014 Hubert de Givenchy.","breadcrumb":{"@id":"https:\/\/graziamagazine.com\/es\/articles\/la-disenadora-mary-quant-nueva-amiga-de-oro-de-la-asociacion-de-amigos-del-museo-del-traje\/#breadcrumb"},"inLanguage":"es","potentialAction":[{"@type":"ReadAction","target":["https:\/\/graziamagazine.com\/es\/articles\/la-disenadora-mary-quant-nueva-amiga-de-oro-de-la-asociacion-de-amigos-del-museo-del-traje\/"]}]},{"@type":"BreadcrumbList","@id":"https:\/\/graziamagazine.com\/es\/articles\/la-disenadora-mary-quant-nueva-amiga-de-oro-de-la-asociacion-de-amigos-del-museo-del-traje\/#breadcrumb","itemListElement":[{"@type":"ListItem","position":1,"name":"Portada","item":"https:\/\/graziamagazine.com\/es\/"},{"@type":"ListItem","position":2,"name":"La dise\u00f1adora Mary Quant, nueva \u00abAmiga de Oro\u00bb de la Asociaci\u00f3n de Amigos del Museo del Traje"}]},{"@type":"WebSite","@id":"https:\/\/graziamagazine.com\/es\/#website","url":"https:\/\/graziamagazine.com\/es\/","name":"Grazia","description":"Moda, belleza, celebrities, estilo de vida...","potentialAction":[{"@type":"SearchAction","target":{"@type":"EntryPoint","urlTemplate":"https:\/\/graziamagazine.com\/es\/?s={search_term_string}"},"query-input":"required name=search_term_string"}],"inLanguage":"es"}]}},"jetpack_sharing_enabled":true,"distributor_meta":false,"distributor_terms":false,"distributor_media":false,"distributor_original_site_name":"Grazia","distributor_original_site_url":"https:\/\/graziamagazine.com\/es","push-errors":false,"_links":{"self":[{"href":"https:\/\/graziamagazine.com\/es\/wp-json\/wp\/v2\/articles\/154606"}],"collection":[{"href":"https:\/\/graziamagazine.com\/es\/wp-json\/wp\/v2\/articles"}],"about":[{"href":"https:\/\/graziamagazine.com\/es\/wp-json\/wp\/v2\/types\/articles"}],"author":[{"embeddable":true,"href":"https:\/\/graziamagazine.com\/es\/wp-json\/wp\/v2\/users\/11653"}],"wp:featuredmedia":[{"embeddable":true,"href":"https:\/\/graziamagazine.com\/es\/wp-json\/wp\/v2\/media\/154608"}],"wp:attachment":[{"href":"https:\/\/graziamagazine.com\/es\/wp-json\/wp\/v2\/media?parent=154606"}],"wp:term":[{"taxonomy":"category","embeddable":true,"href":"https:\/\/graziamagazine.com\/es\/wp-json\/wp\/v2\/categories?post=154606"}],"curies":[{"name":"wp","href":"https:\/\/api.w.org\/{rel}","templated":true}]}}