{"id":154574,"date":"2020-06-01T19:20:54","date_gmt":"2020-06-01T17:20:54","guid":{"rendered":"https:\/\/graziamagazine.com\/es\/?post_type=articles&#038;p=154574"},"modified":"2020-06-26T19:00:28","modified_gmt":"2020-06-26T17:00:28","slug":"swarovski-presenta-su-coleccion-de-verano-inspirada-por-el-glamour-tropical","status":"publish","type":"articles","link":"https:\/\/graziamagazine.com\/es\/articles\/swarovski-presenta-su-coleccion-de-verano-inspirada-por-el-glamour-tropical\/","title":{"rendered":"SWAROVSKI presenta su colecci\u00f3n de Verano inspirada por el glamour tropical"},"content":{"rendered":"<p>La vida sigue y las firmas de moda tambi\u00e9n con ella, y comienzan a presentar sus colecciones. Una de ellas es\u00a0<strong>Swarovski, quien ha decidido subir la temperatura este verano con una colecci\u00f3n que se inspira en la\u00a0gran energ\u00eda y el esp\u00edritu vibrante de la temporada<\/strong>, la colecci\u00f3n y la campa\u00f1a de Verano desvelan una historia donde la energ\u00eda act\u00faa como fuente de atracci\u00f3n, activada por el poder del cristal.<\/p>\n<p>Una colecci\u00f3n Primavera\/Verano 2020 en la que Swarovski invita a descubrir la excentricidad y el glamour de la <strong>Colecci\u00f3n Summer, llena de color y brillo, con\u00a0dise\u00f1os ponibles y modelos atrevidos<\/strong>. Los accesorios de inspiraci\u00f3n tropical con vibrantes tonos arco\u00edris evocan im\u00e1genes de exuberantes selvas, brillante luz solar, mares azules y palmeras meci\u00e9ndose en la brisa estival. Las siluetas de moda est\u00e1n montadas en una variedad de flora, fauna y aves tropicales que aumentan el glamour a medida que el verano alcanza su punto \u00e1lgido. Brillantes verdes y rosas crean un bonito contraste con los ricos tonos dorados y plateados que aparecen en dise\u00f1os extragrandes, pendientes ultralargos y collares multicolor. <strong>El ex\u00f3tico loro es la estrella de la colecci\u00f3n<\/strong> y sirve como glamuroso emblema de la temporada, listo para acaparar el protagonismo.<\/p>\n<p><img loading=\"lazy\" decoding=\"async\" class=\"aligncenter size-full wp-image-154508\" src=\"https:\/\/www.grazia.es\/wp-content\/uploads\/2020\/06\/Captura-de-pantalla-2020-06-01-a-las-19.04.35.png\" alt=\"SWAROVSKI presenta su colecci\u00f3n de Verano inspirada por el glamour tropical\" width=\"894\" height=\"495\" \/><\/p>\n<p>Dentro de la colecci\u00f3n para este verano encontramos varias l\u00edneas: TROPICAL, que incluye\u00a0dise\u00f1os ex\u00f3ticos, incluidas hojas, flores y aves ex\u00f3ticas; STUNNING, donde la influencia de la naturaleza est\u00e1 presente a trav\u00e9s de dise\u00f1os en forma de\u00a0hojas de la monstera, del ginkgo y del olivo, engastadas con brillantes cristales de Swarovski; SWAROVSKI REMIX COLLECTION, una\u00a0innovadora l\u00ednea que incorpora un cierre magn\u00e9tico oculto para que puedas combinar varias pulseras Swarovski Remix y crear un look personalizado.<\/p>\n<div class=\"field field-name-body field-type-text-with-summary field-label-hidden\">\n<div class=\"field-items\">\n<div class=\"field-item even\">\n<p><img loading=\"lazy\" decoding=\"async\" class=\"aligncenter size-full wp-image-154511\" src=\"https:\/\/www.grazia.es\/wp-content\/uploads\/2020\/06\/Captura-de-pantalla-2020-06-01-a-las-19.12.11.png\" alt=\"SWAROVSKI presenta su colecci\u00f3n de Verano inspirada por el glamour tropical\" width=\"728\" height=\"553\" \/><\/p>\n<p>Tambi\u00e9n est\u00e1 la l\u00ednea\u00a0SHIMMERING, con\u00a0siluetas grandes y extravagantes mejoradas con colores brillantes;\u00a0SPECTRUM SHINE, inspirada en el arco\u00edris, s\u00edmbolo de felicidad y optimismo y del respeto, la igualdad y la diversidad;\u00a0SPECTACULAR, vuelve a reinterpretar las cadenas de moda con colores atrevidos y estivales, y est\u00e1n disponibles en distintos tama\u00f1os, formas y acabados.<\/p>\n<p><img loading=\"lazy\" decoding=\"async\" class=\"aligncenter size-full wp-image-154510\" src=\"https:\/\/www.grazia.es\/wp-content\/uploads\/2020\/06\/5512466-jpg-2.-e1591032017174.jpg\" alt=\"SWAROVSKI presenta su colecci\u00f3n de Verano inspirada por el glamour tropical\" width=\"2304\" height=\"1686\" \/><\/p>\n<p>&nbsp;<\/p>\n<p>La colecci\u00f3n de Verano 2020 de Swarovski est\u00e1 disponible en <a href=\"http:\/\/Swarovski.com\" target=\"_blank\">Swarovski.com <\/a>a partir de mayo de 2020 y en tiendas a partir de Junio.<\/p>\n<p><em>*Im\u00e1genes: Cortes\u00eda<\/em><\/p>\n<\/div>\n<\/div>\n<\/div>\n<div class=\"galeria-node\"><\/div>\n","protected":false},"author":11653,"featured_media":154575,"template":"","format":"standard","categories":[1,2451],"acf":[],"yoast_head":"<!-- This site is optimized with the Yoast SEO Premium plugin v18.5 (Yoast SEO v20.4) - https:\/\/yoast.com\/wordpress\/plugins\/seo\/ -->\n<title>SWAROVSKI presenta su colecci\u00f3n de Verano inspirada por el glamour tropical | Grazia<\/title>\n<meta name=\"description\" content=\"El verano es el momento perfecto para mimar tus sentidos y los dise\u00f1os ex\u00f3ticos de la colecci\u00f3n aumentan el glamour gracias a su juego con el color, el brillo y la textura.\" \/>\n<meta name=\"robots\" content=\"index, follow, max-snippet:-1, max-image-preview:large, max-video-preview:-1\" \/>\n<link rel=\"canonical\" href=\"https:\/\/graziamagazine.com\/es\/articles\/swarovski-presenta-su-coleccion-de-verano-inspirada-por-el-glamour-tropical\/\" \/>\n<meta property=\"og:locale\" content=\"es_ES\" \/>\n<meta property=\"og:type\" content=\"article\" \/>\n<meta property=\"og:title\" content=\"SWAROVSKI presenta su colecci\u00f3n de Verano inspirada por el glamour tropical\" \/>\n<meta property=\"og:description\" content=\"El verano es el momento perfecto para mimar tus sentidos y los dise\u00f1os ex\u00f3ticos de la colecci\u00f3n aumentan el glamour gracias a su juego con el color, el brillo y la textura.\" \/>\n<meta property=\"og:url\" content=\"https:\/\/graziamagazine.com\/es\/articles\/swarovski-presenta-su-coleccion-de-verano-inspirada-por-el-glamour-tropical\/\" \/>\n<meta property=\"og:site_name\" content=\"Grazia\" \/>\n<meta property=\"article:modified_time\" content=\"2020-06-26T17:00:28+00:00\" \/>\n<meta property=\"og:image\" content=\"https:\/\/graziamagazine.com\/es\/wp-content\/uploads\/sites\/12\/2020\/06\/swarovski200530-900x675-1.jpg?fit=900%2C675\" \/>\n\t<meta property=\"og:image:width\" content=\"900\" \/>\n\t<meta property=\"og:image:height\" content=\"675\" \/>\n\t<meta property=\"og:image:type\" content=\"image\/jpeg\" \/>\n<meta name=\"twitter:card\" content=\"summary_large_image\" \/>\n<meta name=\"twitter:label1\" content=\"Est. reading time\" \/>\n\t<meta name=\"twitter:data1\" content=\"2 minutos\" \/>\n<script type=\"application\/ld+json\" class=\"yoast-schema-graph\">{\"@context\":\"https:\/\/schema.org\",\"@graph\":[{\"@type\":\"WebPage\",\"@id\":\"https:\/\/graziamagazine.com\/es\/articles\/swarovski-presenta-su-coleccion-de-verano-inspirada-por-el-glamour-tropical\/\",\"url\":\"https:\/\/graziamagazine.com\/es\/articles\/swarovski-presenta-su-coleccion-de-verano-inspirada-por-el-glamour-tropical\/\",\"name\":\"SWAROVSKI presenta su colecci\u00f3n de Verano inspirada por el glamour tropical | Grazia\",\"isPartOf\":{\"@id\":\"https:\/\/graziamagazine.com\/es\/#website\"},\"datePublished\":\"2020-06-01T17:20:54+00:00\",\"dateModified\":\"2020-06-26T17:00:28+00:00\",\"description\":\"El verano es el momento perfecto para mimar tus sentidos y los dise\u00f1os ex\u00f3ticos de la colecci\u00f3n aumentan el glamour gracias a su juego con el color, el brillo y la textura.\",\"breadcrumb\":{\"@id\":\"https:\/\/graziamagazine.com\/es\/articles\/swarovski-presenta-su-coleccion-de-verano-inspirada-por-el-glamour-tropical\/#breadcrumb\"},\"inLanguage\":\"es\",\"potentialAction\":[{\"@type\":\"ReadAction\",\"target\":[\"https:\/\/graziamagazine.com\/es\/articles\/swarovski-presenta-su-coleccion-de-verano-inspirada-por-el-glamour-tropical\/\"]}]},{\"@type\":\"BreadcrumbList\",\"@id\":\"https:\/\/graziamagazine.com\/es\/articles\/swarovski-presenta-su-coleccion-de-verano-inspirada-por-el-glamour-tropical\/#breadcrumb\",\"itemListElement\":[{\"@type\":\"ListItem\",\"position\":1,\"name\":\"Portada\",\"item\":\"https:\/\/graziamagazine.com\/es\/\"},{\"@type\":\"ListItem\",\"position\":2,\"name\":\"SWAROVSKI presenta su colecci\u00f3n de Verano inspirada por el glamour tropical\"}]},{\"@type\":\"WebSite\",\"@id\":\"https:\/\/graziamagazine.com\/es\/#website\",\"url\":\"https:\/\/graziamagazine.com\/es\/\",\"name\":\"Grazia\",\"description\":\"Moda, belleza, celebrities, estilo de vida...\",\"potentialAction\":[{\"@type\":\"SearchAction\",\"target\":{\"@type\":\"EntryPoint\",\"urlTemplate\":\"https:\/\/graziamagazine.com\/es\/?s={search_term_string}\"},\"query-input\":\"required name=search_term_string\"}],\"inLanguage\":\"es\"}]}<\/script>\n<!-- \/ Yoast SEO Premium plugin. -->","yoast_head_json":{"title":"SWAROVSKI presenta su colecci\u00f3n de Verano inspirada por el glamour tropical | Grazia","description":"El verano es el momento perfecto para mimar tus sentidos y los dise\u00f1os ex\u00f3ticos de la colecci\u00f3n aumentan el glamour gracias a su juego con el color, el brillo y la textura.","robots":{"index":"index","follow":"follow","max-snippet":"max-snippet:-1","max-image-preview":"max-image-preview:large","max-video-preview":"max-video-preview:-1"},"canonical":"https:\/\/graziamagazine.com\/es\/articles\/swarovski-presenta-su-coleccion-de-verano-inspirada-por-el-glamour-tropical\/","og_locale":"es_ES","og_type":"article","og_title":"SWAROVSKI presenta su colecci\u00f3n de Verano inspirada por el glamour tropical","og_description":"El verano es el momento perfecto para mimar tus sentidos y los dise\u00f1os ex\u00f3ticos de la colecci\u00f3n aumentan el glamour gracias a su juego con el color, el brillo y la textura.","og_url":"https:\/\/graziamagazine.com\/es\/articles\/swarovski-presenta-su-coleccion-de-verano-inspirada-por-el-glamour-tropical\/","og_site_name":"Grazia","article_modified_time":"2020-06-26T17:00:28+00:00","og_image":[{"width":900,"height":675,"url":"https:\/\/graziamagazine.com\/es\/wp-content\/uploads\/sites\/12\/2020\/06\/swarovski200530-900x675-1.jpg?fit=900%2C675","type":"image\/jpeg"}],"twitter_card":"summary_large_image","twitter_misc":{"Est. reading time":"2 minutos"},"schema":{"@context":"https:\/\/schema.org","@graph":[{"@type":"WebPage","@id":"https:\/\/graziamagazine.com\/es\/articles\/swarovski-presenta-su-coleccion-de-verano-inspirada-por-el-glamour-tropical\/","url":"https:\/\/graziamagazine.com\/es\/articles\/swarovski-presenta-su-coleccion-de-verano-inspirada-por-el-glamour-tropical\/","name":"SWAROVSKI presenta su colecci\u00f3n de Verano inspirada por el glamour tropical | Grazia","isPartOf":{"@id":"https:\/\/graziamagazine.com\/es\/#website"},"datePublished":"2020-06-01T17:20:54+00:00","dateModified":"2020-06-26T17:00:28+00:00","description":"El verano es el momento perfecto para mimar tus sentidos y los dise\u00f1os ex\u00f3ticos de la colecci\u00f3n aumentan el glamour gracias a su juego con el color, el brillo y la textura.","breadcrumb":{"@id":"https:\/\/graziamagazine.com\/es\/articles\/swarovski-presenta-su-coleccion-de-verano-inspirada-por-el-glamour-tropical\/#breadcrumb"},"inLanguage":"es","potentialAction":[{"@type":"ReadAction","target":["https:\/\/graziamagazine.com\/es\/articles\/swarovski-presenta-su-coleccion-de-verano-inspirada-por-el-glamour-tropical\/"]}]},{"@type":"BreadcrumbList","@id":"https:\/\/graziamagazine.com\/es\/articles\/swarovski-presenta-su-coleccion-de-verano-inspirada-por-el-glamour-tropical\/#breadcrumb","itemListElement":[{"@type":"ListItem","position":1,"name":"Portada","item":"https:\/\/graziamagazine.com\/es\/"},{"@type":"ListItem","position":2,"name":"SWAROVSKI presenta su colecci\u00f3n de Verano inspirada por el glamour tropical"}]},{"@type":"WebSite","@id":"https:\/\/graziamagazine.com\/es\/#website","url":"https:\/\/graziamagazine.com\/es\/","name":"Grazia","description":"Moda, belleza, celebrities, estilo de vida...","potentialAction":[{"@type":"SearchAction","target":{"@type":"EntryPoint","urlTemplate":"https:\/\/graziamagazine.com\/es\/?s={search_term_string}"},"query-input":"required name=search_term_string"}],"inLanguage":"es"}]}},"jetpack_sharing_enabled":true,"distributor_meta":false,"distributor_terms":false,"distributor_media":false,"distributor_original_site_name":"Grazia","distributor_original_site_url":"https:\/\/graziamagazine.com\/es","push-errors":false,"_links":{"self":[{"href":"https:\/\/graziamagazine.com\/es\/wp-json\/wp\/v2\/articles\/154574"}],"collection":[{"href":"https:\/\/graziamagazine.com\/es\/wp-json\/wp\/v2\/articles"}],"about":[{"href":"https:\/\/graziamagazine.com\/es\/wp-json\/wp\/v2\/types\/articles"}],"author":[{"embeddable":true,"href":"https:\/\/graziamagazine.com\/es\/wp-json\/wp\/v2\/users\/11653"}],"wp:featuredmedia":[{"embeddable":true,"href":"https:\/\/graziamagazine.com\/es\/wp-json\/wp\/v2\/media\/154575"}],"wp:attachment":[{"href":"https:\/\/graziamagazine.com\/es\/wp-json\/wp\/v2\/media?parent=154574"}],"wp:term":[{"taxonomy":"category","embeddable":true,"href":"https:\/\/graziamagazine.com\/es\/wp-json\/wp\/v2\/categories?post=154574"}],"curies":[{"name":"wp","href":"https:\/\/api.w.org\/{rel}","templated":true}]}}