{"id":154565,"date":"2020-05-29T18:09:06","date_gmt":"2020-05-29T16:09:06","guid":{"rendered":"https:\/\/graziamagazine.com\/es\/?post_type=articles&#038;p=154565"},"modified":"2020-06-26T18:46:12","modified_gmt":"2020-06-26T16:46:12","slug":"asi-debes-lavara-tu-mascarilla-reutilizable","status":"publish","type":"articles","link":"https:\/\/graziamagazine.com\/es\/articles\/asi-debes-lavara-tu-mascarilla-reutilizable\/","title":{"rendered":"As\u00ed debes lavara tu mascarilla reutilizable"},"content":{"rendered":"<p>Ahora que a diario tenemos que comenzar a usar mascarilla de manera obligatoria, queremos dejarte una serie de recomendaciones para que mantengas el cuidado de la misma. No siempre podemos estar gastando en comprar cajas y cajas de mascarillas quir\u00fargicas, por ejemplo, con el consiguiente da\u00f1o al medio ambiente que esto tambi\u00e9n puede provocar.<\/p>\n<p>Una buena opci\u00f3n para combatir las dos cosas es usar mascarillas higi\u00e9nicas o de tela, que pueden ser reutilizadas y adem\u00e1s se pueden lavar la mayor parte de ellas. La primera parte ya est\u00e1, hemos elegido unas mascarillas lavables, pero viene la segunda: \u00bfcu\u00e1l es la mejor manera de lavarlas para mantenerlas en el estado m\u00e1s \u00f3ptimo?<\/p>\n<p>Pues bien, el Ministerio de Sanidad ha publicado una serie de recomendaciones, en concreto 3 formas de higienizarlas con las mayores garant\u00edas.<\/p>\n<h3>1. En la lavadora<\/h3>\n<p>Lo importante en esta opci\u00f3n no es tanto los productos que uses, puedes hacerlo con el detergente habitual de tu casa, si no la temperatura. Recuerda que debes poner la lavadora entre 60 y 90 grados. No te la pongas hasta que est\u00e9 seca del todo.<\/p>\n<h3>2. Con lej\u00eda<\/h3>\n<p>Puedes lavarlas con una soluci\u00f3n de lej\u00eda diluida en agua. Lo importante aqu\u00ed son las medidas: por cada litro de agua m\u00e1s o menos debes mezclar 1:50 de lej\u00eda. Sumerge la o las mascarillas en ella durante aproximadamente 30 minutos. Despu\u00e9s, tendr\u00e1s que lavarlas con jab\u00f3n y agua, aclararlas bien y dejarlas secar hasta la pr\u00f3xima vez que las uses.<\/p>\n<h3>3. Otras opciones desinfectantes<\/h3>\n<p>Hay otros posibles productos que permiten eliminar el virus, pero en ese sentido es <a href=\"https:\/\/www.mscbs.gob.es\/profesionales\/saludPublica\/ccayes\/alertasActual\/nCov-China\/documentos\/Listado_virucidas.pdf\" target=\"_blank\">mejor consultar el listado que ha incluido el Ministerio en su p\u00e1gina web<\/a>, adem\u00e1s de consultar tambi\u00e9n las recomendaciones de uso del producto para la desinfecci\u00f3n, sin olvidar que despu\u00e9s tienes que lavarlas con agua y jab\u00f3n de nuevo.<\/p>\n<h3>4. Mantenimiento<\/h3>\n<p>Para evitar que se contaminen, lo mejor es que guardes tu mascarilla en bolsas de pl\u00e1stico de conservaci\u00f3n, por ejemplo, en lugar de dejarlas al aire, y siempre quitarla y ponerlas de las gomas y no de la propia mascarilla. Recuerda tambi\u00e9n que no puedes usar este tipo de mascarillas muchas horas, por lo que si ya tienes que salir a trabajar una jornada completa, lo mejor es que lleves alguna otra de repuesto.<\/p>\n<p>Lavarse las manos de manera constante y usar gel hidroalcoh\u00f3lico, ayudar\u00e1n tambi\u00e9n a que tu mascarilla se mantenga no contaminada.<\/p>\n<p><em>*Imagen: Bershka<\/em><\/p>\n","protected":false},"author":11653,"featured_media":154567,"template":"","format":"standard","categories":[3184],"acf":[],"yoast_head":"<!-- This site is optimized with the Yoast SEO Premium plugin v18.5 (Yoast SEO v20.4) - https:\/\/yoast.com\/wordpress\/plugins\/seo\/ -->\n<title>As\u00ed debes lavara tu mascarilla reutilizable | Grazia<\/title>\n<meta name=\"description\" content=\"Con estos consejos vas a sacar el mayor partido a tus mascarillas higi\u00e9nicas o de tela.\" \/>\n<meta name=\"robots\" content=\"index, follow, max-snippet:-1, max-image-preview:large, max-video-preview:-1\" \/>\n<link rel=\"canonical\" href=\"https:\/\/graziamagazine.com\/es\/articles\/asi-debes-lavara-tu-mascarilla-reutilizable\/\" \/>\n<meta property=\"og:locale\" content=\"es_ES\" \/>\n<meta property=\"og:type\" content=\"article\" \/>\n<meta property=\"og:title\" content=\"As\u00ed debes lavara tu mascarilla reutilizable\" \/>\n<meta property=\"og:description\" content=\"Con estos consejos vas a sacar el mayor partido a tus mascarillas higi\u00e9nicas o de tela.\" \/>\n<meta property=\"og:url\" content=\"https:\/\/graziamagazine.com\/es\/articles\/asi-debes-lavara-tu-mascarilla-reutilizable\/\" \/>\n<meta property=\"og:site_name\" content=\"Grazia\" \/>\n<meta property=\"article:modified_time\" content=\"2020-06-26T16:46:12+00:00\" \/>\n<meta property=\"og:image\" content=\"https:\/\/graziamagazine.com\/es\/wp-content\/uploads\/sites\/12\/2020\/06\/zara-mascarilla-bershka-1589120212-900x452-1.jpg?fit=900%2C452\" \/>\n\t<meta property=\"og:image:width\" content=\"900\" \/>\n\t<meta property=\"og:image:height\" content=\"452\" \/>\n\t<meta property=\"og:image:type\" content=\"image\/jpeg\" \/>\n<meta name=\"twitter:card\" content=\"summary_large_image\" \/>\n<meta name=\"twitter:label1\" content=\"Est. reading time\" \/>\n\t<meta name=\"twitter:data1\" content=\"2 minutos\" \/>\n<script type=\"application\/ld+json\" class=\"yoast-schema-graph\">{\"@context\":\"https:\/\/schema.org\",\"@graph\":[{\"@type\":\"WebPage\",\"@id\":\"https:\/\/graziamagazine.com\/es\/articles\/asi-debes-lavara-tu-mascarilla-reutilizable\/\",\"url\":\"https:\/\/graziamagazine.com\/es\/articles\/asi-debes-lavara-tu-mascarilla-reutilizable\/\",\"name\":\"As\u00ed debes lavara tu mascarilla reutilizable | Grazia\",\"isPartOf\":{\"@id\":\"https:\/\/graziamagazine.com\/es\/#website\"},\"datePublished\":\"2020-05-29T16:09:06+00:00\",\"dateModified\":\"2020-06-26T16:46:12+00:00\",\"description\":\"Con estos consejos vas a sacar el mayor partido a tus mascarillas higi\u00e9nicas o de tela.\",\"breadcrumb\":{\"@id\":\"https:\/\/graziamagazine.com\/es\/articles\/asi-debes-lavara-tu-mascarilla-reutilizable\/#breadcrumb\"},\"inLanguage\":\"es\",\"potentialAction\":[{\"@type\":\"ReadAction\",\"target\":[\"https:\/\/graziamagazine.com\/es\/articles\/asi-debes-lavara-tu-mascarilla-reutilizable\/\"]}]},{\"@type\":\"BreadcrumbList\",\"@id\":\"https:\/\/graziamagazine.com\/es\/articles\/asi-debes-lavara-tu-mascarilla-reutilizable\/#breadcrumb\",\"itemListElement\":[{\"@type\":\"ListItem\",\"position\":1,\"name\":\"Portada\",\"item\":\"https:\/\/graziamagazine.com\/es\/\"},{\"@type\":\"ListItem\",\"position\":2,\"name\":\"As\u00ed debes lavara tu mascarilla reutilizable\"}]},{\"@type\":\"WebSite\",\"@id\":\"https:\/\/graziamagazine.com\/es\/#website\",\"url\":\"https:\/\/graziamagazine.com\/es\/\",\"name\":\"Grazia\",\"description\":\"Moda, belleza, celebrities, estilo de vida...\",\"potentialAction\":[{\"@type\":\"SearchAction\",\"target\":{\"@type\":\"EntryPoint\",\"urlTemplate\":\"https:\/\/graziamagazine.com\/es\/?s={search_term_string}\"},\"query-input\":\"required name=search_term_string\"}],\"inLanguage\":\"es\"}]}<\/script>\n<!-- \/ Yoast SEO Premium plugin. -->","yoast_head_json":{"title":"As\u00ed debes lavara tu mascarilla reutilizable | Grazia","description":"Con estos consejos vas a sacar el mayor partido a tus mascarillas higi\u00e9nicas o de tela.","robots":{"index":"index","follow":"follow","max-snippet":"max-snippet:-1","max-image-preview":"max-image-preview:large","max-video-preview":"max-video-preview:-1"},"canonical":"https:\/\/graziamagazine.com\/es\/articles\/asi-debes-lavara-tu-mascarilla-reutilizable\/","og_locale":"es_ES","og_type":"article","og_title":"As\u00ed debes lavara tu mascarilla reutilizable","og_description":"Con estos consejos vas a sacar el mayor partido a tus mascarillas higi\u00e9nicas o de tela.","og_url":"https:\/\/graziamagazine.com\/es\/articles\/asi-debes-lavara-tu-mascarilla-reutilizable\/","og_site_name":"Grazia","article_modified_time":"2020-06-26T16:46:12+00:00","og_image":[{"width":900,"height":452,"url":"https:\/\/graziamagazine.com\/es\/wp-content\/uploads\/sites\/12\/2020\/06\/zara-mascarilla-bershka-1589120212-900x452-1.jpg?fit=900%2C452","type":"image\/jpeg"}],"twitter_card":"summary_large_image","twitter_misc":{"Est. reading time":"2 minutos"},"schema":{"@context":"https:\/\/schema.org","@graph":[{"@type":"WebPage","@id":"https:\/\/graziamagazine.com\/es\/articles\/asi-debes-lavara-tu-mascarilla-reutilizable\/","url":"https:\/\/graziamagazine.com\/es\/articles\/asi-debes-lavara-tu-mascarilla-reutilizable\/","name":"As\u00ed debes lavara tu mascarilla reutilizable | Grazia","isPartOf":{"@id":"https:\/\/graziamagazine.com\/es\/#website"},"datePublished":"2020-05-29T16:09:06+00:00","dateModified":"2020-06-26T16:46:12+00:00","description":"Con estos consejos vas a sacar el mayor partido a tus mascarillas higi\u00e9nicas o de tela.","breadcrumb":{"@id":"https:\/\/graziamagazine.com\/es\/articles\/asi-debes-lavara-tu-mascarilla-reutilizable\/#breadcrumb"},"inLanguage":"es","potentialAction":[{"@type":"ReadAction","target":["https:\/\/graziamagazine.com\/es\/articles\/asi-debes-lavara-tu-mascarilla-reutilizable\/"]}]},{"@type":"BreadcrumbList","@id":"https:\/\/graziamagazine.com\/es\/articles\/asi-debes-lavara-tu-mascarilla-reutilizable\/#breadcrumb","itemListElement":[{"@type":"ListItem","position":1,"name":"Portada","item":"https:\/\/graziamagazine.com\/es\/"},{"@type":"ListItem","position":2,"name":"As\u00ed debes lavara tu mascarilla reutilizable"}]},{"@type":"WebSite","@id":"https:\/\/graziamagazine.com\/es\/#website","url":"https:\/\/graziamagazine.com\/es\/","name":"Grazia","description":"Moda, belleza, celebrities, estilo de vida...","potentialAction":[{"@type":"SearchAction","target":{"@type":"EntryPoint","urlTemplate":"https:\/\/graziamagazine.com\/es\/?s={search_term_string}"},"query-input":"required name=search_term_string"}],"inLanguage":"es"}]}},"jetpack_sharing_enabled":true,"distributor_meta":false,"distributor_terms":false,"distributor_media":false,"distributor_original_site_name":"Grazia","distributor_original_site_url":"https:\/\/graziamagazine.com\/es","push-errors":false,"_links":{"self":[{"href":"https:\/\/graziamagazine.com\/es\/wp-json\/wp\/v2\/articles\/154565"}],"collection":[{"href":"https:\/\/graziamagazine.com\/es\/wp-json\/wp\/v2\/articles"}],"about":[{"href":"https:\/\/graziamagazine.com\/es\/wp-json\/wp\/v2\/types\/articles"}],"author":[{"embeddable":true,"href":"https:\/\/graziamagazine.com\/es\/wp-json\/wp\/v2\/users\/11653"}],"wp:featuredmedia":[{"embeddable":true,"href":"https:\/\/graziamagazine.com\/es\/wp-json\/wp\/v2\/media\/154567"}],"wp:attachment":[{"href":"https:\/\/graziamagazine.com\/es\/wp-json\/wp\/v2\/media?parent=154565"}],"wp:term":[{"taxonomy":"category","embeddable":true,"href":"https:\/\/graziamagazine.com\/es\/wp-json\/wp\/v2\/categories?post=154565"}],"curies":[{"name":"wp","href":"https:\/\/api.w.org\/{rel}","templated":true}]}}