{"id":154511,"date":"2020-06-26T07:12:06","date_gmt":"2020-06-26T05:12:06","guid":{"rendered":"https:\/\/graziamagazine.com\/es\/?post_type=articles&#038;p=154511"},"modified":"2020-06-26T07:12:06","modified_gmt":"2020-06-26T05:12:06","slug":"9-claves-para-evitar-el-acne-tras-el-confinamiento","status":"publish","type":"articles","link":"https:\/\/graziamagazine.com\/es\/articles\/9-claves-para-evitar-el-acne-tras-el-confinamiento\/","title":{"rendered":"9 claves para evitar el acn\u00e9 tras el confinamiento"},"content":{"rendered":"<p>Desde que comenz\u00f3 el confinamiento muchas de nosotras hemos notado no solo que nuestra piel est\u00e1 m\u00e1s irritada, mucho de ello debido al uso de mascarillas (el nuevo efecto maskne), tambi\u00e9n se ha llenado de granitos y hemos regresado a esas \u00e9pocas en las que el acn\u00e9 formaba parte de nuestro d\u00eda a d\u00eda.<\/p>\n<p>La aparici\u00f3n de granitos o brotes espor\u00e1dicos de acn\u00e9 puede conducir a una disminuci\u00f3n de la autoestima y, aunque es una condici\u00f3n natural de la piel y en parte ligada a las hormonas, sigue siendo un misterio y hay muchas preguntas que siguen sin respuesta. Hemos hablado con Marcela Argando\u00f1a, Skin Expert de FOREO, quien nos ha dado una serie de claves y consejos para combatir el acn\u00e9 ahora que el confinamiento se ha terminado y salimos a la calle.<\/p>\n<p>Muchos son los factores que pueden influir en la aparici\u00f3n de estos brotes de granitos, desde el estr\u00e9s, los nervios acumulados de estas semanas de tensi\u00f3n, hasta la mala alimentaci\u00f3n y por supuesto un mal cuidado facial. Es por ah\u00ed por donde vamos a comenzar.<\/p>\n<h3>1. Limpieza facial<\/h3>\n<p>Es importante usar\u00a0productos que respeten la piel y que se adapten a tus necesidades espec\u00edficas. No debe limpiarse ni exfoliarse en exceso, porque al hacerlo estamos aumentando a\u00fan m\u00e1s la inflamaci\u00f3n y la irritaci\u00f3n, lo que contribuye a crear condiciones favorables para la aparici\u00f3n del acn\u00e9.<\/p>\n<h3><strong>2. Rutina cosm\u00e9tica<\/strong><\/h3>\n<p>Marcela Argando\u00f1a se\u00f1ala los cuatro factores esenciales que conducen a la aparici\u00f3n de acn\u00e9: <em>\u201cinflamaci\u00f3n, poros obstruidos, proliferaci\u00f3n excesiva de la bacteria (Cutibacterium Acnes) y \/ o exceso de sebo. Por eso es tan importante que la rutina de limpieza y tratamiento incluya cuidados espec\u00edficos para esta afecci\u00f3n de la piel, como retinoides, per\u00f3xido de benzoilo, reguladores activos del sebo, antiinflamatorios, entre otros\u201d.<\/em><\/p>\n<div>\n<div class=\"col num12\">\n<h3><strong>3. Visita al dermat\u00f3logo<\/strong><\/h3>\n<p>Es importante que un especialista sea el que te diga c\u00f3mo es el estado de tu piel, y sobre eso establecer unos cuidados espec\u00edficos e incluso el tratamiento m\u00e1s adecuado.<\/p>\n<h3><strong>4. No te toques la cara<\/strong><\/h3>\n<p>Evitar la tentaci\u00f3n de tocar el granito es esencial, no solo para no activar m\u00e1s la inflamaci\u00f3n, sino para potenciar su propagaci\u00f3n. \u00a1Lo ideal es mantenerse alejado de los espejos!<\/p>\n<h3><strong>5. Abraza la tecnolog\u00eda\u00a0<\/strong><\/h3>\n<p>La tecnobelleza ha llegado para quedarse y los dispositivos inteligentes de belleza est\u00e1n cada vez m\u00e1s presentes en nuestro neceser. En <strong>FOREO hemos encontrado un dispositivo que va a cambiarte la vida. Se trata del ESPADA<\/strong>, un dispositivo que usa la fototerapia con luz LED para destruir las bacterias que provocan el acn\u00e9. Se aplica en las zonas localizadas durante 30 segundos y se ver\u00e1n los resultados de manera muy efectiva.<\/p>\n<p><img loading=\"lazy\" decoding=\"async\" class=\"aligncenter size-full wp-image-154934\" src=\"https:\/\/www.grazia.es\/wp-content\/uploads\/2020\/06\/Espada_lifestyle_blue.jpg\" alt=\"9 claves para evitar el acn\u00e9 tras el confinamiento\" width=\"425\" height=\"523\" \/><\/p>\n<p>&nbsp;<\/p>\n<div>\n<h3><strong>6. Mant\u00e9n la higiene en tu almohada\u00a0<\/strong><\/h3>\n<p>Es importante que cambies la funda de tu almohada con frecuencia, ya que aunque no lo creas pasamos muchas horas diarias sobre ellas y pueden convertirse en un foco donde se acumulen las bacterias.<\/p>\n<h3><strong>7. Paciencia y perseverancia<\/strong><\/h3>\n<p>El ciclo del acn\u00e9 dura aproximadamente de 6 a 8 semanas por lo que, para evaluar la efectividad de cualquier tratamiento, es necesario esperar este per\u00edodo de tiempo La regularidad y la constancia son la base principal para conseguir los resultados adecuados.<\/p>\n<h3><strong>8. Cambia tus h\u00e1bitos<\/strong><\/h3>\n<p>El confinamiento ha demostrado con creces que existe un v\u00ednculo estrecho entre nuestro estado emocional y nuestra piel. Con los niveles de estr\u00e9s que hemos experimentado en los \u00faltimos meses, ha habido un aumento exponencial en la aparici\u00f3n de brotes de acn\u00e9 y para evitar los efectos nocivos de esta realidad en nuestra salud mental y f\u00edsica, es fundamental que hagamos todo lo que est\u00e9 en nuestra mano para reducir la ansiedad.\u00a0Dormir 8 horas al d\u00eda, practicar meditaci\u00f3n, ejercicio f\u00edsico y actividades que nos hacen sentir bien, puede ser el remedio para muchos m\u00e1s males de los que creemos.<\/p>\n<h3><strong>9. Prot\u00e9gete del sol<\/strong><\/h3>\n<p>Llega el verano y con el una mayor exposici\u00f3n al sol de manera constante. Y m\u00e1s despu\u00e9s de tantos meses en casa, debemos extremar las precauciones y cuidados, para que no nos afecte el sol de una manera m\u00e1s intensa de la necesaria. No olvides tu protector solar SPF 50+, y el\u00edgelos libres de aceite para que no a\u00f1adamos m\u00e1s grasa a nuestra piel.<\/p>\n<p><em>*Im\u00e1genes: Cortes\u00eda FOREO y Getty Images<\/em><\/p>\n<\/div>\n<div>\n<p>&nbsp;<\/p>\n<\/div>\n<\/div>\n<\/div>\n","protected":false},"author":11653,"featured_media":154513,"template":"","format":"standard","categories":[7,11],"acf":[],"yoast_head":"<!-- This site is optimized with the Yoast SEO Premium plugin v18.5 (Yoast SEO v20.4) - https:\/\/yoast.com\/wordpress\/plugins\/seo\/ -->\n<title>9 claves para evitar el acn\u00e9 tras el confinamiento | Grazia<\/title>\n<meta name=\"description\" content=\"La piel ha sufrido mucho y desde FOREO tienen claro c\u00f3mo volver a tener una piel bonita y sana.\" \/>\n<meta name=\"robots\" content=\"index, follow, max-snippet:-1, max-image-preview:large, max-video-preview:-1\" \/>\n<link rel=\"canonical\" href=\"https:\/\/graziamagazine.com\/es\/articles\/9-claves-para-evitar-el-acne-tras-el-confinamiento\/\" \/>\n<meta property=\"og:locale\" content=\"es_ES\" \/>\n<meta property=\"og:type\" content=\"article\" \/>\n<meta property=\"og:title\" content=\"9 claves para evitar el acn\u00e9 tras el confinamiento\" \/>\n<meta property=\"og:description\" content=\"La piel ha sufrido mucho y desde FOREO tienen claro c\u00f3mo volver a tener una piel bonita y sana.\" \/>\n<meta property=\"og:url\" content=\"https:\/\/graziamagazine.com\/es\/articles\/9-claves-para-evitar-el-acne-tras-el-confinamiento\/\" \/>\n<meta property=\"og:site_name\" content=\"Grazia\" \/>\n<meta property=\"og:image\" content=\"https:\/\/graziamagazine.com\/es\/wp-content\/uploads\/sites\/12\/2020\/06\/GettyImages-467409995.jpg?fit=1920%2C1080\" \/>\n\t<meta property=\"og:image:width\" content=\"1920\" \/>\n\t<meta property=\"og:image:height\" content=\"1080\" \/>\n\t<meta property=\"og:image:type\" content=\"image\/jpeg\" \/>\n<meta name=\"twitter:card\" content=\"summary_large_image\" \/>\n<meta name=\"twitter:label1\" content=\"Est. reading time\" \/>\n\t<meta name=\"twitter:data1\" content=\"4 minutos\" \/>\n<script type=\"application\/ld+json\" class=\"yoast-schema-graph\">{\"@context\":\"https:\/\/schema.org\",\"@graph\":[{\"@type\":\"WebPage\",\"@id\":\"https:\/\/graziamagazine.com\/es\/articles\/9-claves-para-evitar-el-acne-tras-el-confinamiento\/\",\"url\":\"https:\/\/graziamagazine.com\/es\/articles\/9-claves-para-evitar-el-acne-tras-el-confinamiento\/\",\"name\":\"9 claves para evitar el acn\u00e9 tras el confinamiento | Grazia\",\"isPartOf\":{\"@id\":\"https:\/\/graziamagazine.com\/es\/#website\"},\"datePublished\":\"2020-06-26T05:12:06+00:00\",\"dateModified\":\"2020-06-26T05:12:06+00:00\",\"description\":\"La piel ha sufrido mucho y desde FOREO tienen claro c\u00f3mo volver a tener una piel bonita y sana.\",\"breadcrumb\":{\"@id\":\"https:\/\/graziamagazine.com\/es\/articles\/9-claves-para-evitar-el-acne-tras-el-confinamiento\/#breadcrumb\"},\"inLanguage\":\"es\",\"potentialAction\":[{\"@type\":\"ReadAction\",\"target\":[\"https:\/\/graziamagazine.com\/es\/articles\/9-claves-para-evitar-el-acne-tras-el-confinamiento\/\"]}]},{\"@type\":\"BreadcrumbList\",\"@id\":\"https:\/\/graziamagazine.com\/es\/articles\/9-claves-para-evitar-el-acne-tras-el-confinamiento\/#breadcrumb\",\"itemListElement\":[{\"@type\":\"ListItem\",\"position\":1,\"name\":\"Portada\",\"item\":\"https:\/\/graziamagazine.com\/es\/\"},{\"@type\":\"ListItem\",\"position\":2,\"name\":\"9 claves para evitar el acn\u00e9 tras el confinamiento\"}]},{\"@type\":\"WebSite\",\"@id\":\"https:\/\/graziamagazine.com\/es\/#website\",\"url\":\"https:\/\/graziamagazine.com\/es\/\",\"name\":\"Grazia\",\"description\":\"Moda, belleza, celebrities, estilo de vida...\",\"potentialAction\":[{\"@type\":\"SearchAction\",\"target\":{\"@type\":\"EntryPoint\",\"urlTemplate\":\"https:\/\/graziamagazine.com\/es\/?s={search_term_string}\"},\"query-input\":\"required name=search_term_string\"}],\"inLanguage\":\"es\"}]}<\/script>\n<!-- \/ Yoast SEO Premium plugin. -->","yoast_head_json":{"title":"9 claves para evitar el acn\u00e9 tras el confinamiento | Grazia","description":"La piel ha sufrido mucho y desde FOREO tienen claro c\u00f3mo volver a tener una piel bonita y sana.","robots":{"index":"index","follow":"follow","max-snippet":"max-snippet:-1","max-image-preview":"max-image-preview:large","max-video-preview":"max-video-preview:-1"},"canonical":"https:\/\/graziamagazine.com\/es\/articles\/9-claves-para-evitar-el-acne-tras-el-confinamiento\/","og_locale":"es_ES","og_type":"article","og_title":"9 claves para evitar el acn\u00e9 tras el confinamiento","og_description":"La piel ha sufrido mucho y desde FOREO tienen claro c\u00f3mo volver a tener una piel bonita y sana.","og_url":"https:\/\/graziamagazine.com\/es\/articles\/9-claves-para-evitar-el-acne-tras-el-confinamiento\/","og_site_name":"Grazia","og_image":[{"width":1920,"height":1080,"url":"https:\/\/graziamagazine.com\/es\/wp-content\/uploads\/sites\/12\/2020\/06\/GettyImages-467409995.jpg?fit=1920%2C1080","type":"image\/jpeg"}],"twitter_card":"summary_large_image","twitter_misc":{"Est. reading time":"4 minutos"},"schema":{"@context":"https:\/\/schema.org","@graph":[{"@type":"WebPage","@id":"https:\/\/graziamagazine.com\/es\/articles\/9-claves-para-evitar-el-acne-tras-el-confinamiento\/","url":"https:\/\/graziamagazine.com\/es\/articles\/9-claves-para-evitar-el-acne-tras-el-confinamiento\/","name":"9 claves para evitar el acn\u00e9 tras el confinamiento | Grazia","isPartOf":{"@id":"https:\/\/graziamagazine.com\/es\/#website"},"datePublished":"2020-06-26T05:12:06+00:00","dateModified":"2020-06-26T05:12:06+00:00","description":"La piel ha sufrido mucho y desde FOREO tienen claro c\u00f3mo volver a tener una piel bonita y sana.","breadcrumb":{"@id":"https:\/\/graziamagazine.com\/es\/articles\/9-claves-para-evitar-el-acne-tras-el-confinamiento\/#breadcrumb"},"inLanguage":"es","potentialAction":[{"@type":"ReadAction","target":["https:\/\/graziamagazine.com\/es\/articles\/9-claves-para-evitar-el-acne-tras-el-confinamiento\/"]}]},{"@type":"BreadcrumbList","@id":"https:\/\/graziamagazine.com\/es\/articles\/9-claves-para-evitar-el-acne-tras-el-confinamiento\/#breadcrumb","itemListElement":[{"@type":"ListItem","position":1,"name":"Portada","item":"https:\/\/graziamagazine.com\/es\/"},{"@type":"ListItem","position":2,"name":"9 claves para evitar el acn\u00e9 tras el confinamiento"}]},{"@type":"WebSite","@id":"https:\/\/graziamagazine.com\/es\/#website","url":"https:\/\/graziamagazine.com\/es\/","name":"Grazia","description":"Moda, belleza, celebrities, estilo de vida...","potentialAction":[{"@type":"SearchAction","target":{"@type":"EntryPoint","urlTemplate":"https:\/\/graziamagazine.com\/es\/?s={search_term_string}"},"query-input":"required name=search_term_string"}],"inLanguage":"es"}]}},"jetpack_sharing_enabled":true,"distributor_meta":false,"distributor_terms":false,"distributor_media":false,"distributor_original_site_name":"Grazia","distributor_original_site_url":"https:\/\/graziamagazine.com\/es","push-errors":false,"_links":{"self":[{"href":"https:\/\/graziamagazine.com\/es\/wp-json\/wp\/v2\/articles\/154511"}],"collection":[{"href":"https:\/\/graziamagazine.com\/es\/wp-json\/wp\/v2\/articles"}],"about":[{"href":"https:\/\/graziamagazine.com\/es\/wp-json\/wp\/v2\/types\/articles"}],"author":[{"embeddable":true,"href":"https:\/\/graziamagazine.com\/es\/wp-json\/wp\/v2\/users\/11653"}],"wp:featuredmedia":[{"embeddable":true,"href":"https:\/\/graziamagazine.com\/es\/wp-json\/wp\/v2\/media\/154513"}],"wp:attachment":[{"href":"https:\/\/graziamagazine.com\/es\/wp-json\/wp\/v2\/media?parent=154511"}],"wp:term":[{"taxonomy":"category","embeddable":true,"href":"https:\/\/graziamagazine.com\/es\/wp-json\/wp\/v2\/categories?post=154511"}],"curies":[{"name":"wp","href":"https:\/\/api.w.org\/{rel}","templated":true}]}}