{"id":154245,"date":"2020-05-11T10:24:02","date_gmt":"2020-05-11T08:24:02","guid":{"rendered":"https:\/\/graziamagazine.com\/es\/?p=154245"},"modified":"2020-05-11T10:24:36","modified_gmt":"2020-05-11T08:24:36","slug":"desconfinamiento-como-cuidar-tu-cabello-para-salir-a-la-calle","status":"publish","type":"articles","link":"https:\/\/graziamagazine.com\/es\/articles\/desconfinamiento-como-cuidar-tu-cabello-para-salir-a-la-calle\/","title":{"rendered":"&#8216;Desconfinamiento&#8217;: c\u00f3mo cuidar tu cabello para salir a la calle"},"content":{"rendered":"<p>Cada vez queda menos para poder salir a la calle y disfrutar del buen tiempo.<strong> Despu\u00e9s de m\u00e1s de un mes y medio encerrados y cambiando nuestras costumbres de belleza para acostumbrar a nuestro cabello a una nueva rutina, debemos tener cuidado a la hora de salir a la calle<\/strong> y exponerlo de nuevo a los factores externos.<\/p>\n<p>Despu\u00e9s de varias semanas sin que nuestro cabello se exponga al sol, el impacto de los rayos solares debilitar\u00e1 con mayor intensidad los fol\u00edculos pilosos y crear\u00e1 una mayor deshidrataci\u00f3n capilar. Los rayos hacen que se da\u00f1e la capa hidrolip\u00eddica, cuarteando el pelo y dejando un cabello seco y \u00e1spero.<\/p>\n<h3>1. Lava e hidrata el cabello<\/h3>\n<p>El cambio brusco que sufrir\u00e1 nuestro cabello despu\u00e9s de muchas semanas encerrados provocar\u00e1 una deshidrataci\u00f3n importante. <strong>Debemos utilizar un champ\u00fa espec\u00edfico para pelo seco o deshidratado<\/strong>. Durante el lavado, hay que masajear el cuero cabelludo suavemente para estimular las gl\u00e1ndulas seb\u00e1ceas encargadas de producir la grasa natural del pelo.<\/p>\n<ul>\n<li><strong>Una buena opci\u00f3n<\/strong> puede ser el <em>champ\u00fa Extrasuave de BAB<\/em>\u00c9<em>,<\/em> que hidrata y protege\u00a0el fol\u00edculo piloso y la fibra capilar, aportando suavidad, brillo, volumen y flexibilidad al cabello gracias a sus activos acondicionadores que facilitan el peinado.\u00a0Su precio es de 8,80 euros y se vende en farmacias.<\/li>\n<\/ul>\n<p><img loading=\"lazy\" decoding=\"async\" class=\"aligncenter wp-image-154249 size-large\" src=\"https:\/\/graziamagazine.com\/es\/wp-content\/uploads\/sites\/12\/2020\/05\/BABE\u0301-ch_extrasuave_BOT-1-900x3147.jpg\" alt=\"'Desconfinamiento': c\u00f3mo cuidar tu cabello para salir a la calle\" width=\"293\" height=\"1024\" \/><\/p>\n<h3>2. Aplicar siempre un acondicionador<\/h3>\n<p>A menudo nos saltamos el paso de acondicionar el cabello por miedo a ensuciarlo o darle demasiado peso. Pero l<strong>a funci\u00f3n de este producto es sellar la cut\u00edcula y aportar una hidrataci\u00f3n diaria de mantenimiento<\/strong>. Recuerda aclarar con abundante agua el cabello para eliminar correctamente todos los restos de producto.<\/p>\n<ul>\n<li><strong>Una buena opci\u00f3n<\/strong> puede ser el <em>Acelerador Pro-Regenerativo de REDENHAIR<\/em>, cuya f\u00f3rmula\u00a0f\u00f3rmula hidrata, fortalece, estimula, acondiciona y da brillo al cabello, lo que evita la rotura, y deja el pelo sano protegi\u00e9ndolo de futuros da\u00f1os. Su precio es de 19 euros en la Parafarmacia de El Corte Ingl\u00e9s y <a href=\"http:\/\/www.redenhair.com\" target=\"_blank\">www.redenhair.com<\/a><\/li>\n<\/ul>\n<p><img loading=\"lazy\" decoding=\"async\" class=\"aligncenter wp-image-154250 size-full\" src=\"https:\/\/graziamagazine.com\/es\/wp-content\/uploads\/sites\/12\/2020\/05\/REDENHAIR_Acelerador-e1589185150962.jpg\" alt=\"'Desconfinamiento': c\u00f3mo cuidar tu cabello para salir a la calle\" width=\"324\" height=\"562\" srcset=\"https:\/\/graziamagazine.com\/es\/wp-content\/uploads\/sites\/12\/2020\/05\/REDENHAIR_Acelerador-e1589185150962.jpg 324w, https:\/\/graziamagazine.com\/es\/wp-content\/uploads\/sites\/12\/2020\/05\/REDENHAIR_Acelerador-e1589185150962.jpg?resize=173,300 173w, https:\/\/graziamagazine.com\/es\/wp-content\/uploads\/sites\/12\/2020\/05\/REDENHAIR_Acelerador-e1589185150962.jpg?resize=124,215 124w\" sizes=\"(max-width: 324px) 100vw, 324px\" \/><\/p>\n<h3>3. Protege el cabello del sol<\/h3>\n<p>El protector solar act\u00faa de barrera y no deja pasar los rayos solares a la cut\u00edcula. De la misma manera que renuevas la crema solar para seguir protegiendo la piel del sol, debes reaplicar el protector solar en tu cabello para mantenerlo sano.<\/p>\n<ul>\n<li><strong>Una buena opci\u00f3n<\/strong> puede ser <em>Sun Protection SPF15 de My Organics<\/em>, un spray\u00a0que protege el cabello de la sequedad causada por el sol u otros factores externos. Mantiene la suavidad del cabello y previene la p\u00e9rdida del color. Su precio es de 31 euros en <a href=\"http:\/\/www.myorganics.es\" target=\"_blank\">www.myorganics.es<\/a><\/li>\n<\/ul>\n<p><img loading=\"lazy\" decoding=\"async\" class=\"aligncenter size-full wp-image-154251\" src=\"https:\/\/graziamagazine.com\/es\/wp-content\/uploads\/sites\/12\/2020\/05\/Captura-de-pantalla-2020-05-11-a-las-10.19.19.png\" alt=\"'Desconfinamiento': c\u00f3mo cuidar tu cabello para salir a la calle\" width=\"251\" height=\"722\" \/><\/p>\n<p><em>*Im\u00e1genes: Cortes\u00eda y Getty Images<\/em><\/p>\n","protected":false},"author":11653,"featured_media":154248,"template":"","format":"standard","categories":[3184,7,9],"acf":[],"yoast_head":"<!-- This site is optimized with the Yoast SEO Premium plugin v18.5 (Yoast SEO v20.4) - https:\/\/yoast.com\/wordpress\/plugins\/seo\/ -->\n<title>&#039;Desconfinamiento&#039;: c\u00f3mo cuidar tu cabello para salir a la calle | Grazia<\/title>\n<meta name=\"description\" content=\"Despu\u00e9s de unas cuantas semanas en casa, nuestro cabello puedo sufrir ciertas &#039;agresiones&#039; a la hora de volver a salir de casa. Te decimos qu\u00e9 puedes hacer y c\u00f3mo para cuidarlo en esta nueva etapa de la cuarentena.\" \/>\n<meta name=\"robots\" content=\"index, follow, max-snippet:-1, max-image-preview:large, max-video-preview:-1\" \/>\n<link rel=\"canonical\" href=\"https:\/\/graziamagazine.com\/es\/articles\/desconfinamiento-como-cuidar-tu-cabello-para-salir-a-la-calle\/\" \/>\n<meta property=\"og:locale\" content=\"es_ES\" \/>\n<meta property=\"og:type\" content=\"article\" \/>\n<meta property=\"og:title\" content=\"&#039;Desconfinamiento&#039;: c\u00f3mo cuidar tu cabello para salir a la calle\" \/>\n<meta property=\"og:description\" content=\"Despu\u00e9s de unas cuantas semanas en casa, nuestro cabello puedo sufrir ciertas &#039;agresiones&#039; a la hora de volver a salir de casa. Te decimos qu\u00e9 puedes hacer y c\u00f3mo para cuidarlo en esta nueva etapa de la cuarentena.\" \/>\n<meta property=\"og:url\" content=\"https:\/\/graziamagazine.com\/es\/articles\/desconfinamiento-como-cuidar-tu-cabello-para-salir-a-la-calle\/\" \/>\n<meta property=\"og:site_name\" content=\"Grazia\" \/>\n<meta property=\"article:modified_time\" content=\"2020-05-11T08:24:36+00:00\" \/>\n<meta property=\"og:image\" content=\"https:\/\/graziamagazine.com\/es\/wp-content\/uploads\/sites\/12\/2020\/05\/GettyImages-1166886176.jpg?fit=1920%2C1080\" \/>\n\t<meta property=\"og:image:width\" content=\"1920\" \/>\n\t<meta property=\"og:image:height\" content=\"1080\" \/>\n\t<meta property=\"og:image:type\" content=\"image\/jpeg\" \/>\n<meta name=\"twitter:card\" content=\"summary_large_image\" \/>\n<meta name=\"twitter:label1\" content=\"Est. reading time\" \/>\n\t<meta name=\"twitter:data1\" content=\"2 minutos\" \/>\n<script type=\"application\/ld+json\" class=\"yoast-schema-graph\">{\"@context\":\"https:\/\/schema.org\",\"@graph\":[{\"@type\":\"WebPage\",\"@id\":\"https:\/\/graziamagazine.com\/es\/articles\/desconfinamiento-como-cuidar-tu-cabello-para-salir-a-la-calle\/\",\"url\":\"https:\/\/graziamagazine.com\/es\/articles\/desconfinamiento-como-cuidar-tu-cabello-para-salir-a-la-calle\/\",\"name\":\"'Desconfinamiento': c\u00f3mo cuidar tu cabello para salir a la calle | Grazia\",\"isPartOf\":{\"@id\":\"https:\/\/graziamagazine.com\/es\/#website\"},\"datePublished\":\"2020-05-11T08:24:02+00:00\",\"dateModified\":\"2020-05-11T08:24:36+00:00\",\"description\":\"Despu\u00e9s de unas cuantas semanas en casa, nuestro cabello puedo sufrir ciertas 'agresiones' a la hora de volver a salir de casa. Te decimos qu\u00e9 puedes hacer y c\u00f3mo para cuidarlo en esta nueva etapa de la cuarentena.\",\"breadcrumb\":{\"@id\":\"https:\/\/graziamagazine.com\/es\/articles\/desconfinamiento-como-cuidar-tu-cabello-para-salir-a-la-calle\/#breadcrumb\"},\"inLanguage\":\"es\",\"potentialAction\":[{\"@type\":\"ReadAction\",\"target\":[\"https:\/\/graziamagazine.com\/es\/articles\/desconfinamiento-como-cuidar-tu-cabello-para-salir-a-la-calle\/\"]}]},{\"@type\":\"BreadcrumbList\",\"@id\":\"https:\/\/graziamagazine.com\/es\/articles\/desconfinamiento-como-cuidar-tu-cabello-para-salir-a-la-calle\/#breadcrumb\",\"itemListElement\":[{\"@type\":\"ListItem\",\"position\":1,\"name\":\"Portada\",\"item\":\"https:\/\/graziamagazine.com\/es\/\"},{\"@type\":\"ListItem\",\"position\":2,\"name\":\"&#8216;Desconfinamiento&#8217;: c\u00f3mo cuidar tu cabello para salir a la calle\"}]},{\"@type\":\"WebSite\",\"@id\":\"https:\/\/graziamagazine.com\/es\/#website\",\"url\":\"https:\/\/graziamagazine.com\/es\/\",\"name\":\"Grazia\",\"description\":\"Moda, belleza, celebrities, estilo de vida...\",\"potentialAction\":[{\"@type\":\"SearchAction\",\"target\":{\"@type\":\"EntryPoint\",\"urlTemplate\":\"https:\/\/graziamagazine.com\/es\/?s={search_term_string}\"},\"query-input\":\"required name=search_term_string\"}],\"inLanguage\":\"es\"}]}<\/script>\n<!-- \/ Yoast SEO Premium plugin. -->","yoast_head_json":{"title":"'Desconfinamiento': c\u00f3mo cuidar tu cabello para salir a la calle | Grazia","description":"Despu\u00e9s de unas cuantas semanas en casa, nuestro cabello puedo sufrir ciertas 'agresiones' a la hora de volver a salir de casa. Te decimos qu\u00e9 puedes hacer y c\u00f3mo para cuidarlo en esta nueva etapa de la cuarentena.","robots":{"index":"index","follow":"follow","max-snippet":"max-snippet:-1","max-image-preview":"max-image-preview:large","max-video-preview":"max-video-preview:-1"},"canonical":"https:\/\/graziamagazine.com\/es\/articles\/desconfinamiento-como-cuidar-tu-cabello-para-salir-a-la-calle\/","og_locale":"es_ES","og_type":"article","og_title":"'Desconfinamiento': c\u00f3mo cuidar tu cabello para salir a la calle","og_description":"Despu\u00e9s de unas cuantas semanas en casa, nuestro cabello puedo sufrir ciertas 'agresiones' a la hora de volver a salir de casa. Te decimos qu\u00e9 puedes hacer y c\u00f3mo para cuidarlo en esta nueva etapa de la cuarentena.","og_url":"https:\/\/graziamagazine.com\/es\/articles\/desconfinamiento-como-cuidar-tu-cabello-para-salir-a-la-calle\/","og_site_name":"Grazia","article_modified_time":"2020-05-11T08:24:36+00:00","og_image":[{"width":1920,"height":1080,"url":"https:\/\/graziamagazine.com\/es\/wp-content\/uploads\/sites\/12\/2020\/05\/GettyImages-1166886176.jpg?fit=1920%2C1080","type":"image\/jpeg"}],"twitter_card":"summary_large_image","twitter_misc":{"Est. reading time":"2 minutos"},"schema":{"@context":"https:\/\/schema.org","@graph":[{"@type":"WebPage","@id":"https:\/\/graziamagazine.com\/es\/articles\/desconfinamiento-como-cuidar-tu-cabello-para-salir-a-la-calle\/","url":"https:\/\/graziamagazine.com\/es\/articles\/desconfinamiento-como-cuidar-tu-cabello-para-salir-a-la-calle\/","name":"'Desconfinamiento': c\u00f3mo cuidar tu cabello para salir a la calle | Grazia","isPartOf":{"@id":"https:\/\/graziamagazine.com\/es\/#website"},"datePublished":"2020-05-11T08:24:02+00:00","dateModified":"2020-05-11T08:24:36+00:00","description":"Despu\u00e9s de unas cuantas semanas en casa, nuestro cabello puedo sufrir ciertas 'agresiones' a la hora de volver a salir de casa. Te decimos qu\u00e9 puedes hacer y c\u00f3mo para cuidarlo en esta nueva etapa de la cuarentena.","breadcrumb":{"@id":"https:\/\/graziamagazine.com\/es\/articles\/desconfinamiento-como-cuidar-tu-cabello-para-salir-a-la-calle\/#breadcrumb"},"inLanguage":"es","potentialAction":[{"@type":"ReadAction","target":["https:\/\/graziamagazine.com\/es\/articles\/desconfinamiento-como-cuidar-tu-cabello-para-salir-a-la-calle\/"]}]},{"@type":"BreadcrumbList","@id":"https:\/\/graziamagazine.com\/es\/articles\/desconfinamiento-como-cuidar-tu-cabello-para-salir-a-la-calle\/#breadcrumb","itemListElement":[{"@type":"ListItem","position":1,"name":"Portada","item":"https:\/\/graziamagazine.com\/es\/"},{"@type":"ListItem","position":2,"name":"&#8216;Desconfinamiento&#8217;: c\u00f3mo cuidar tu cabello para salir a la calle"}]},{"@type":"WebSite","@id":"https:\/\/graziamagazine.com\/es\/#website","url":"https:\/\/graziamagazine.com\/es\/","name":"Grazia","description":"Moda, belleza, celebrities, estilo de vida...","potentialAction":[{"@type":"SearchAction","target":{"@type":"EntryPoint","urlTemplate":"https:\/\/graziamagazine.com\/es\/?s={search_term_string}"},"query-input":"required name=search_term_string"}],"inLanguage":"es"}]}},"jetpack_sharing_enabled":true,"distributor_meta":false,"distributor_terms":false,"distributor_media":false,"distributor_original_site_name":"Grazia","distributor_original_site_url":"https:\/\/graziamagazine.com\/es","push-errors":false,"_links":{"self":[{"href":"https:\/\/graziamagazine.com\/es\/wp-json\/wp\/v2\/articles\/154245"}],"collection":[{"href":"https:\/\/graziamagazine.com\/es\/wp-json\/wp\/v2\/articles"}],"about":[{"href":"https:\/\/graziamagazine.com\/es\/wp-json\/wp\/v2\/types\/articles"}],"author":[{"embeddable":true,"href":"https:\/\/graziamagazine.com\/es\/wp-json\/wp\/v2\/users\/11653"}],"wp:featuredmedia":[{"embeddable":true,"href":"https:\/\/graziamagazine.com\/es\/wp-json\/wp\/v2\/media\/154248"}],"wp:attachment":[{"href":"https:\/\/graziamagazine.com\/es\/wp-json\/wp\/v2\/media?parent=154245"}],"wp:term":[{"taxonomy":"category","embeddable":true,"href":"https:\/\/graziamagazine.com\/es\/wp-json\/wp\/v2\/categories?post=154245"}],"curies":[{"name":"wp","href":"https:\/\/api.w.org\/{rel}","templated":true}]}}