{"id":154145,"date":"2020-05-05T10:12:53","date_gmt":"2020-05-05T08:12:53","guid":{"rendered":"https:\/\/graziamagazine.com\/es\/?p=154145"},"modified":"2020-05-05T10:12:53","modified_gmt":"2020-05-05T08:12:53","slug":"meghan-y-harry-contaran-la-version-de-su-alejamiento-en-un-nuevo-libro-biografico","status":"publish","type":"articles","link":"https:\/\/graziamagazine.com\/es\/articles\/meghan-y-harry-contaran-la-version-de-su-alejamiento-en-un-nuevo-libro-biografico\/","title":{"rendered":"Meghan y Harry contar\u00e1n la versi\u00f3n de su alejamiento en un nuevo libro biogr\u00e1fico"},"content":{"rendered":"<p>La\u00a0renuncia\u00a0de\u00a0<strong>Meghan Markle y Prince Harry<\/strong>\u00a0como miembros\u00a0<em>senior<\/em>\u00a0de la familia real se convirti\u00f3 en una noticia pol\u00e9mica y ha despertado miles de cr\u00edticas por todos lados. La bi\u00f3grafa del hijo menor de Lady Diana incluso\u00a0le pidi\u00f3\u00a0regresar a su pa\u00eds que tanto lo necesita y <a href=\"http:\/\/bit.ly\/2VYMFgf\" target=\"_blank\">sugiri\u00f3 que su esposa le ha estado lavando el cerebro<\/a>, algo que muchos alrededor del mundo creen que es cierto. Pero bueno, en cualquier situaci\u00f3n de este tipo siempre hay dos versiones; una es la que cuenta la prensa a su manera y otra la historia real.<strong> \u00bfAlguna vez te has puesto a pensar c\u00f3mo fue para la pareja haber dejado a la Familia Real atr\u00e1s?<\/strong><\/p>\n<p>\u00c9sta y muchas otras preguntas se responder\u00e1n muy pronto ya que ambos han colaborado para lanzar una biograf\u00eda de su historia. Titulada\u00a0<em>Finding Freedom: Harry and Meghan and the Making of A Modern Royal Family<\/em>, estar\u00e1 disponible a partir del 11 de agosto y\u00a0dar\u00e1 una mirada \u00edntima y real de todo lo que atravesaron Meghan y Harry despu\u00e9s de anunciar Megxit.<\/p>\n<p><img loading=\"lazy\" decoding=\"async\" class=\"aligncenter size-full wp-image-154146\" src=\"https:\/\/graziamagazine.com\/es\/wp-content\/uploads\/sites\/12\/2020\/05\/3248986w380.jpg\" alt=\"Meghan y Harry contar\u00e1n la versi\u00f3n de su alejamiento en un nuevo libro biogr\u00e1fico\" width=\"380\" height=\"602\" srcset=\"https:\/\/graziamagazine.com\/es\/wp-content\/uploads\/sites\/12\/2020\/05\/3248986w380.jpg 380w, https:\/\/graziamagazine.com\/es\/wp-content\/uploads\/sites\/12\/2020\/05\/3248986w380.jpg?resize=189,300 189w, https:\/\/graziamagazine.com\/es\/wp-content\/uploads\/sites\/12\/2020\/05\/3248986w380.jpg?resize=136,215 136w\" sizes=\"(max-width: 380px) 100vw, 380px\" \/><\/p>\n<p>\u201c<em>Con acceso \u00fanico y escrito con la participaci\u00f3n de los m\u00e1s cercanos a la pareja, Finding Freedom es un retrato honesto \u00a0y desgarrador de una pareja confiada, influyente y con visi\u00f3n hacia el futuro que no tiene miedo de romper con la tradici\u00f3n, determinada para crear un nuevo camino lejos del spotlight y dedicada a construir un legado humanitario que har\u00e1 una profunda diferencia en el mundo<\/em>\u201d, dice la descripci\u00f3n en\u00a0<a href=\"https:\/\/www.amazon.com\/Finding-Freedom-Meghan-Making-Modern\/dp\/0063046105\" target=\"_blank\" rel=\"noopener\" target=\"_blank\">Amazon<\/a>.<\/p>\n<p>Aunque no ha habido declaraciones, la Familia Real Brit\u00e1nica estar\u00e1 preocupada por los detalles que puedan salir a la luz y por las cr\u00edticas que puedan llegar a despertar.\u00a0\u201c<em>Muy pocos conocen la verdadera historia de Harry y Meghan<\/em>\u201d, dice la biograf\u00eda. Adem\u00e1s, \u201c<em>promete ir m\u00e1s all\u00e1 de los titulares para revelar detalles de la vida de Meghan y Harry juntos, disipando los rumores y conceptos err\u00f3neos que afectan directamente a la pareja a los dos lados del estanque<\/em>\u201d.<\/p>\n<p><em>*Imagen: Getty Images<\/em><\/p>\n","protected":false},"author":11656,"featured_media":154147,"template":"","format":"standard","categories":[2147],"acf":[],"yoast_head":"<!-- This site is optimized with the Yoast SEO Premium plugin v18.5 (Yoast SEO v20.4) - https:\/\/yoast.com\/wordpress\/plugins\/seo\/ -->\n<title>Meghan y Harry contar\u00e1n la versi\u00f3n de su alejamiento en un nuevo libro biogr\u00e1fico | Grazia<\/title>\n<meta name=\"description\" content=\"Un libro de la pareja se lanzar\u00e1 el 11 de agosto y finalmente todos conoceremos la historia de Megxit desde su perspectiva.\" \/>\n<meta name=\"robots\" content=\"index, follow, max-snippet:-1, max-image-preview:large, max-video-preview:-1\" \/>\n<link rel=\"canonical\" href=\"https:\/\/graziamagazine.com\/es\/articles\/meghan-y-harry-contaran-la-version-de-su-alejamiento-en-un-nuevo-libro-biografico\/\" \/>\n<meta property=\"og:locale\" content=\"es_ES\" \/>\n<meta property=\"og:type\" content=\"article\" \/>\n<meta property=\"og:title\" content=\"Meghan y Harry contar\u00e1n la versi\u00f3n de su alejamiento en un nuevo libro biogr\u00e1fico\" \/>\n<meta property=\"og:description\" content=\"Un libro de la pareja se lanzar\u00e1 el 11 de agosto y finalmente todos conoceremos la historia de Megxit desde su perspectiva.\" \/>\n<meta property=\"og:url\" content=\"https:\/\/graziamagazine.com\/es\/articles\/meghan-y-harry-contaran-la-version-de-su-alejamiento-en-un-nuevo-libro-biografico\/\" \/>\n<meta property=\"og:site_name\" content=\"Grazia\" \/>\n<meta property=\"og:image\" content=\"https:\/\/graziamagazine.com\/es\/wp-content\/uploads\/sites\/12\/2020\/05\/gettyimages90666-b0279201333922ca1d6924bc38bfd9a7-1200x800.jpg?fit=1200%2C800\" \/>\n\t<meta property=\"og:image:width\" content=\"1200\" \/>\n\t<meta property=\"og:image:height\" content=\"800\" \/>\n\t<meta property=\"og:image:type\" content=\"image\/jpeg\" \/>\n<meta name=\"twitter:card\" content=\"summary_large_image\" \/>\n<meta name=\"twitter:label1\" content=\"Est. reading time\" \/>\n\t<meta name=\"twitter:data1\" content=\"2 minutos\" \/>\n<script type=\"application\/ld+json\" class=\"yoast-schema-graph\">{\"@context\":\"https:\/\/schema.org\",\"@graph\":[{\"@type\":\"WebPage\",\"@id\":\"https:\/\/graziamagazine.com\/es\/articles\/meghan-y-harry-contaran-la-version-de-su-alejamiento-en-un-nuevo-libro-biografico\/\",\"url\":\"https:\/\/graziamagazine.com\/es\/articles\/meghan-y-harry-contaran-la-version-de-su-alejamiento-en-un-nuevo-libro-biografico\/\",\"name\":\"Meghan y Harry contar\u00e1n la versi\u00f3n de su alejamiento en un nuevo libro biogr\u00e1fico | Grazia\",\"isPartOf\":{\"@id\":\"https:\/\/graziamagazine.com\/es\/#website\"},\"datePublished\":\"2020-05-05T08:12:53+00:00\",\"dateModified\":\"2020-05-05T08:12:53+00:00\",\"description\":\"Un libro de la pareja se lanzar\u00e1 el 11 de agosto y finalmente todos conoceremos la historia de Megxit desde su perspectiva.\",\"breadcrumb\":{\"@id\":\"https:\/\/graziamagazine.com\/es\/articles\/meghan-y-harry-contaran-la-version-de-su-alejamiento-en-un-nuevo-libro-biografico\/#breadcrumb\"},\"inLanguage\":\"es\",\"potentialAction\":[{\"@type\":\"ReadAction\",\"target\":[\"https:\/\/graziamagazine.com\/es\/articles\/meghan-y-harry-contaran-la-version-de-su-alejamiento-en-un-nuevo-libro-biografico\/\"]}]},{\"@type\":\"BreadcrumbList\",\"@id\":\"https:\/\/graziamagazine.com\/es\/articles\/meghan-y-harry-contaran-la-version-de-su-alejamiento-en-un-nuevo-libro-biografico\/#breadcrumb\",\"itemListElement\":[{\"@type\":\"ListItem\",\"position\":1,\"name\":\"Portada\",\"item\":\"https:\/\/graziamagazine.com\/es\/\"},{\"@type\":\"ListItem\",\"position\":2,\"name\":\"Meghan y Harry contar\u00e1n la versi\u00f3n de su alejamiento en un nuevo libro biogr\u00e1fico\"}]},{\"@type\":\"WebSite\",\"@id\":\"https:\/\/graziamagazine.com\/es\/#website\",\"url\":\"https:\/\/graziamagazine.com\/es\/\",\"name\":\"Grazia\",\"description\":\"Moda, belleza, celebrities, estilo de vida...\",\"potentialAction\":[{\"@type\":\"SearchAction\",\"target\":{\"@type\":\"EntryPoint\",\"urlTemplate\":\"https:\/\/graziamagazine.com\/es\/?s={search_term_string}\"},\"query-input\":\"required name=search_term_string\"}],\"inLanguage\":\"es\"}]}<\/script>\n<!-- \/ Yoast SEO Premium plugin. -->","yoast_head_json":{"title":"Meghan y Harry contar\u00e1n la versi\u00f3n de su alejamiento en un nuevo libro biogr\u00e1fico | Grazia","description":"Un libro de la pareja se lanzar\u00e1 el 11 de agosto y finalmente todos conoceremos la historia de Megxit desde su perspectiva.","robots":{"index":"index","follow":"follow","max-snippet":"max-snippet:-1","max-image-preview":"max-image-preview:large","max-video-preview":"max-video-preview:-1"},"canonical":"https:\/\/graziamagazine.com\/es\/articles\/meghan-y-harry-contaran-la-version-de-su-alejamiento-en-un-nuevo-libro-biografico\/","og_locale":"es_ES","og_type":"article","og_title":"Meghan y Harry contar\u00e1n la versi\u00f3n de su alejamiento en un nuevo libro biogr\u00e1fico","og_description":"Un libro de la pareja se lanzar\u00e1 el 11 de agosto y finalmente todos conoceremos la historia de Megxit desde su perspectiva.","og_url":"https:\/\/graziamagazine.com\/es\/articles\/meghan-y-harry-contaran-la-version-de-su-alejamiento-en-un-nuevo-libro-biografico\/","og_site_name":"Grazia","og_image":[{"width":1200,"height":800,"url":"https:\/\/graziamagazine.com\/es\/wp-content\/uploads\/sites\/12\/2020\/05\/gettyimages90666-b0279201333922ca1d6924bc38bfd9a7-1200x800.jpg?fit=1200%2C800","type":"image\/jpeg"}],"twitter_card":"summary_large_image","twitter_misc":{"Est. reading time":"2 minutos"},"schema":{"@context":"https:\/\/schema.org","@graph":[{"@type":"WebPage","@id":"https:\/\/graziamagazine.com\/es\/articles\/meghan-y-harry-contaran-la-version-de-su-alejamiento-en-un-nuevo-libro-biografico\/","url":"https:\/\/graziamagazine.com\/es\/articles\/meghan-y-harry-contaran-la-version-de-su-alejamiento-en-un-nuevo-libro-biografico\/","name":"Meghan y Harry contar\u00e1n la versi\u00f3n de su alejamiento en un nuevo libro biogr\u00e1fico | Grazia","isPartOf":{"@id":"https:\/\/graziamagazine.com\/es\/#website"},"datePublished":"2020-05-05T08:12:53+00:00","dateModified":"2020-05-05T08:12:53+00:00","description":"Un libro de la pareja se lanzar\u00e1 el 11 de agosto y finalmente todos conoceremos la historia de Megxit desde su perspectiva.","breadcrumb":{"@id":"https:\/\/graziamagazine.com\/es\/articles\/meghan-y-harry-contaran-la-version-de-su-alejamiento-en-un-nuevo-libro-biografico\/#breadcrumb"},"inLanguage":"es","potentialAction":[{"@type":"ReadAction","target":["https:\/\/graziamagazine.com\/es\/articles\/meghan-y-harry-contaran-la-version-de-su-alejamiento-en-un-nuevo-libro-biografico\/"]}]},{"@type":"BreadcrumbList","@id":"https:\/\/graziamagazine.com\/es\/articles\/meghan-y-harry-contaran-la-version-de-su-alejamiento-en-un-nuevo-libro-biografico\/#breadcrumb","itemListElement":[{"@type":"ListItem","position":1,"name":"Portada","item":"https:\/\/graziamagazine.com\/es\/"},{"@type":"ListItem","position":2,"name":"Meghan y Harry contar\u00e1n la versi\u00f3n de su alejamiento en un nuevo libro biogr\u00e1fico"}]},{"@type":"WebSite","@id":"https:\/\/graziamagazine.com\/es\/#website","url":"https:\/\/graziamagazine.com\/es\/","name":"Grazia","description":"Moda, belleza, celebrities, estilo de vida...","potentialAction":[{"@type":"SearchAction","target":{"@type":"EntryPoint","urlTemplate":"https:\/\/graziamagazine.com\/es\/?s={search_term_string}"},"query-input":"required name=search_term_string"}],"inLanguage":"es"}]}},"jetpack_sharing_enabled":true,"distributor_meta":false,"distributor_terms":false,"distributor_media":false,"distributor_original_site_name":"Grazia","distributor_original_site_url":"https:\/\/graziamagazine.com\/es","push-errors":false,"_links":{"self":[{"href":"https:\/\/graziamagazine.com\/es\/wp-json\/wp\/v2\/articles\/154145"}],"collection":[{"href":"https:\/\/graziamagazine.com\/es\/wp-json\/wp\/v2\/articles"}],"about":[{"href":"https:\/\/graziamagazine.com\/es\/wp-json\/wp\/v2\/types\/articles"}],"author":[{"embeddable":true,"href":"https:\/\/graziamagazine.com\/es\/wp-json\/wp\/v2\/users\/11656"}],"wp:featuredmedia":[{"embeddable":true,"href":"https:\/\/graziamagazine.com\/es\/wp-json\/wp\/v2\/media\/154147"}],"wp:attachment":[{"href":"https:\/\/graziamagazine.com\/es\/wp-json\/wp\/v2\/media?parent=154145"}],"wp:term":[{"taxonomy":"category","embeddable":true,"href":"https:\/\/graziamagazine.com\/es\/wp-json\/wp\/v2\/categories?post=154145"}],"curies":[{"name":"wp","href":"https:\/\/api.w.org\/{rel}","templated":true}]}}