{"id":153898,"date":"2022-05-19T18:15:31","date_gmt":"2022-05-19T16:15:31","guid":{"rendered":"https:\/\/graziamagazine.com\/es\/?p=153898"},"modified":"2022-05-19T18:20:03","modified_gmt":"2022-05-19T16:20:03","slug":"exfoliacion-corporal-como-preparar-correctamente-tu-piel-frente-al-sol","status":"publish","type":"articles","link":"https:\/\/graziamagazine.com\/es\/articles\/exfoliacion-corporal-como-preparar-correctamente-tu-piel-frente-al-sol\/","title":{"rendered":"Exfoliaci\u00f3n corporal: c\u00f3mo preparar correctamente tu piel frente al sol"},"content":{"rendered":"<p>Ya est\u00e1 casi aqu\u00ed el verano, y con ello llegan las largas horas de exposici\u00f3n al sol. Es importante que tengas en cuenta que es importante preparar la piel frente al sol, y una rutina importante es exfoliar la piel.<\/p>\n<p>La exfoliaci\u00f3n es uno de los pasos para preparar la piel en cualquier \u00e9poca del a\u00f1o, pero m\u00e1s ahora porque gracias a ella se eliminan las c\u00e9lulas muertas de piel, consiguiendo un\u00a0 buen estado, cuidada, sana, bonita y preparada para el sol y el mar.<\/p>\n<p>Aqu\u00ed te contamos algo m\u00e1s para que lleves a cabo una exfoliaci\u00f3n perfecta.<\/p>\n<h3><strong>\u00bfPara qu\u00e9 sirve la exfoliaci\u00f3n?<\/strong><\/h3>\n<p>La exfoliaci\u00f3n corporal sirve para <strong>eliminar las c\u00e9lulas muertas<\/strong> que se acumulan en la superficie de la piel, <strong>favorecer el proceso de renovaci\u00f3n celular<\/strong>, <strong>activar la microcirculaci\u00f3n y el drenaje<\/strong> y, en definitiva, <strong>conseguir que nuestra piel est\u00e9 m\u00e1s bonita, m\u00e1s luminosa, m\u00e1s homog\u00e9nea y m\u00e1s suave<\/strong>. Adem\u00e1s, tambi\u00e9n <strong>ayuda a que los tratamientos que se aplican despu\u00e9s penetren mejor.<\/strong> Esto es algo fundamental, por ejemplo, si estamos usando anticelul\u00edticos y queremos potenciar sus resultados. La exfoliaci\u00f3n tambi\u00e9n ayuda a conseguir<strong> un bronceado m\u00e1s bonito<\/strong>, y es muy eficaz cuando aplicamos autobronceadores. Otra de sus ventajas es que evita que los pelitos debilitados se queden enquistados.<\/p>\n<h3><strong>\u00bfC\u00f3mo es m\u00e1s correcto realizarla?<\/strong><\/h3>\n<p>Lo m\u00e1s c\u00f3modo y pr\u00e1ctico es utilizar <strong>exfoliantes en gel o crema con micropart\u00edculas<\/strong> exfoliantes que se aplican sobre la piel h\u00fameda, en la ducha. Estos productos facilitan <strong>el masaje<\/strong> que es fundamental para que la exfoliaci\u00f3n sea eficaz. Aconsejo hacerlo un d\u00eda que se tenga tiempo, para aplicarlo correctamente: realizando <strong>movimientos en c\u00edrculos y ascendentes<\/strong>. Empezamos por los pies, seguimos por cada pierna, continuamos por los brazos, el abdomen, con movimientos en el sentido de las agujas del reloj, los gl\u00fateos, la espalda, el pecho y el escote (cuidado con estas zonas, porque la piel es m\u00e1s fina, es mejor que el masaje sea muy suave). Despu\u00e9s, hay que<strong> aclarar con agua tibia<\/strong> e, idealmente, terminar con agua m\u00e1s fr\u00eda. Por supuesto, despu\u00e9s, hay que hidratar la piel y aprovechar para usar cremas anticelul\u00edticas o reafirmantes.<\/p>\n<p><img loading=\"lazy\" decoding=\"async\" class=\"aligncenter size-full wp-image-153900\" src=\"https:\/\/graziamagazine.com\/es\/wp-content\/uploads\/sites\/12\/2020\/04\/exfo99.jpg_1609701233.jpg\" alt=\"Exfoliaci\u00f3n corporal: c\u00f3mo hacerla correctamente\" width=\"720\" height=\"480\" srcset=\"https:\/\/graziamagazine.com\/es\/wp-content\/uploads\/sites\/12\/2020\/04\/exfo99.jpg_1609701233.jpg 720w, https:\/\/graziamagazine.com\/es\/wp-content\/uploads\/sites\/12\/2020\/04\/exfo99.jpg_1609701233.jpg?resize=300,200 300w, https:\/\/graziamagazine.com\/es\/wp-content\/uploads\/sites\/12\/2020\/04\/exfo99.jpg_1609701233.jpg?resize=155,103 155w\" sizes=\"(max-width: 720px) 100vw, 720px\" \/><\/p>\n<h3><strong>\u00bfCada cu\u00e1nto tiempo hay que hacer una?<\/strong><\/h3>\n<p>En principio, ser\u00eda suficiente <strong>una vez a la semana<\/strong>. Lo ideal es hacerla todo el a\u00f1o, pero ahora cuando empieza a mejorar el tiempo, y vemos m\u00e1s cerca el momento de quitarnos las medias y empezar a lucir las piernas y los brazos, es un buen momento para empezar con esta rutina.<\/p>\n<h3><strong>\u00bfAlguna precauci\u00f3n?<\/strong><\/h3>\n<p><strong>No aconsejo la exfoliaci\u00f3n corporal para personas que sufran brotes de dermatitis o personas que tengan la piel muy sensible y reactiva<\/strong>. Tampoco se debe realizar en caso de quemaduras solares o heridas en la piel.<\/p>\n<p>Ya sabes, este fin de semana puedes poner estos consejos en pr\u00e1ctica, porque ya no hay excusa para mantener la piel lo m\u00e1s sana posible dentro de casa.<\/p>\n<p><em>*Im\u00e1genes: Getty Images<\/em><\/p>\n","protected":false},"author":11653,"featured_media":163363,"template":"","format":"standard","categories":[7,11],"acf":[],"yoast_head":"<!-- This site is optimized with the Yoast SEO Premium plugin v18.5 (Yoast SEO v20.4) - https:\/\/yoast.com\/wordpress\/plugins\/seo\/ -->\n<title>Exfoliaci\u00f3n corporal: c\u00f3mo preparar correctamente tu piel frente al sol | Grazia<\/title>\n<meta name=\"description\" content=\"No te olvides de incluir en tu rutina cosm\u00e9tica semanal la exfoliaci\u00f3n, tu piel la est\u00e1 pidiendo a gritos. Es\" \/>\n<meta name=\"robots\" content=\"index, follow, max-snippet:-1, max-image-preview:large, max-video-preview:-1\" \/>\n<link rel=\"canonical\" href=\"https:\/\/graziamagazine.com\/es\/articles\/exfoliacion-corporal-como-preparar-correctamente-tu-piel-frente-al-sol\/\" \/>\n<meta property=\"og:locale\" content=\"es_ES\" \/>\n<meta property=\"og:type\" content=\"article\" \/>\n<meta property=\"og:title\" content=\"Exfoliaci\u00f3n corporal: c\u00f3mo preparar correctamente tu piel frente al sol\" \/>\n<meta property=\"og:description\" content=\"No te olvides de incluir en tu rutina cosm\u00e9tica semanal la exfoliaci\u00f3n, tu piel la est\u00e1 pidiendo a gritos. Es\" \/>\n<meta property=\"og:url\" content=\"https:\/\/graziamagazine.com\/es\/articles\/exfoliacion-corporal-como-preparar-correctamente-tu-piel-frente-al-sol\/\" \/>\n<meta property=\"og:site_name\" content=\"Grazia\" \/>\n<meta property=\"article:modified_time\" content=\"2022-05-19T16:20:03+00:00\" \/>\n<meta property=\"og:image\" content=\"https:\/\/graziamagazine.com\/es\/wp-content\/uploads\/sites\/12\/2020\/04\/621612968c6ee.r_d.1060-707-0.jpeg\" \/>\n<meta name=\"twitter:card\" content=\"summary_large_image\" \/>\n<meta name=\"twitter:label1\" content=\"Est. reading time\" \/>\n\t<meta name=\"twitter:data1\" content=\"3 minutos\" \/>\n<script type=\"application\/ld+json\" class=\"yoast-schema-graph\">{\"@context\":\"https:\/\/schema.org\",\"@graph\":[{\"@type\":\"WebPage\",\"@id\":\"https:\/\/graziamagazine.com\/es\/articles\/exfoliacion-corporal-como-preparar-correctamente-tu-piel-frente-al-sol\/\",\"url\":\"https:\/\/graziamagazine.com\/es\/articles\/exfoliacion-corporal-como-preparar-correctamente-tu-piel-frente-al-sol\/\",\"name\":\"Exfoliaci\u00f3n corporal: c\u00f3mo preparar correctamente tu piel frente al sol | Grazia\",\"isPartOf\":{\"@id\":\"https:\/\/graziamagazine.com\/es\/#website\"},\"datePublished\":\"2022-05-19T16:15:31+00:00\",\"dateModified\":\"2022-05-19T16:20:03+00:00\",\"description\":\"No te olvides de incluir en tu rutina cosm\u00e9tica semanal la exfoliaci\u00f3n, tu piel la est\u00e1 pidiendo a gritos. Es\",\"breadcrumb\":{\"@id\":\"https:\/\/graziamagazine.com\/es\/articles\/exfoliacion-corporal-como-preparar-correctamente-tu-piel-frente-al-sol\/#breadcrumb\"},\"inLanguage\":\"es\",\"potentialAction\":[{\"@type\":\"ReadAction\",\"target\":[\"https:\/\/graziamagazine.com\/es\/articles\/exfoliacion-corporal-como-preparar-correctamente-tu-piel-frente-al-sol\/\"]}]},{\"@type\":\"BreadcrumbList\",\"@id\":\"https:\/\/graziamagazine.com\/es\/articles\/exfoliacion-corporal-como-preparar-correctamente-tu-piel-frente-al-sol\/#breadcrumb\",\"itemListElement\":[{\"@type\":\"ListItem\",\"position\":1,\"name\":\"Portada\",\"item\":\"https:\/\/graziamagazine.com\/es\/\"},{\"@type\":\"ListItem\",\"position\":2,\"name\":\"Exfoliaci\u00f3n corporal: c\u00f3mo preparar correctamente tu piel frente al sol\"}]},{\"@type\":\"WebSite\",\"@id\":\"https:\/\/graziamagazine.com\/es\/#website\",\"url\":\"https:\/\/graziamagazine.com\/es\/\",\"name\":\"Grazia\",\"description\":\"Moda, belleza, celebrities, estilo de vida...\",\"potentialAction\":[{\"@type\":\"SearchAction\",\"target\":{\"@type\":\"EntryPoint\",\"urlTemplate\":\"https:\/\/graziamagazine.com\/es\/?s={search_term_string}\"},\"query-input\":\"required name=search_term_string\"}],\"inLanguage\":\"es\"}]}<\/script>\n<!-- \/ Yoast SEO Premium plugin. -->","yoast_head_json":{"title":"Exfoliaci\u00f3n corporal: c\u00f3mo preparar correctamente tu piel frente al sol | Grazia","description":"No te olvides de incluir en tu rutina cosm\u00e9tica semanal la exfoliaci\u00f3n, tu piel la est\u00e1 pidiendo a gritos. Es","robots":{"index":"index","follow":"follow","max-snippet":"max-snippet:-1","max-image-preview":"max-image-preview:large","max-video-preview":"max-video-preview:-1"},"canonical":"https:\/\/graziamagazine.com\/es\/articles\/exfoliacion-corporal-como-preparar-correctamente-tu-piel-frente-al-sol\/","og_locale":"es_ES","og_type":"article","og_title":"Exfoliaci\u00f3n corporal: c\u00f3mo preparar correctamente tu piel frente al sol","og_description":"No te olvides de incluir en tu rutina cosm\u00e9tica semanal la exfoliaci\u00f3n, tu piel la est\u00e1 pidiendo a gritos. Es","og_url":"https:\/\/graziamagazine.com\/es\/articles\/exfoliacion-corporal-como-preparar-correctamente-tu-piel-frente-al-sol\/","og_site_name":"Grazia","article_modified_time":"2022-05-19T16:20:03+00:00","og_image":[{"url":"https:\/\/graziamagazine.com\/es\/wp-content\/uploads\/sites\/12\/2020\/04\/621612968c6ee.r_d.1060-707-0.jpeg"}],"twitter_card":"summary_large_image","twitter_misc":{"Est. reading time":"3 minutos"},"schema":{"@context":"https:\/\/schema.org","@graph":[{"@type":"WebPage","@id":"https:\/\/graziamagazine.com\/es\/articles\/exfoliacion-corporal-como-preparar-correctamente-tu-piel-frente-al-sol\/","url":"https:\/\/graziamagazine.com\/es\/articles\/exfoliacion-corporal-como-preparar-correctamente-tu-piel-frente-al-sol\/","name":"Exfoliaci\u00f3n corporal: c\u00f3mo preparar correctamente tu piel frente al sol | Grazia","isPartOf":{"@id":"https:\/\/graziamagazine.com\/es\/#website"},"datePublished":"2022-05-19T16:15:31+00:00","dateModified":"2022-05-19T16:20:03+00:00","description":"No te olvides de incluir en tu rutina cosm\u00e9tica semanal la exfoliaci\u00f3n, tu piel la est\u00e1 pidiendo a gritos. Es","breadcrumb":{"@id":"https:\/\/graziamagazine.com\/es\/articles\/exfoliacion-corporal-como-preparar-correctamente-tu-piel-frente-al-sol\/#breadcrumb"},"inLanguage":"es","potentialAction":[{"@type":"ReadAction","target":["https:\/\/graziamagazine.com\/es\/articles\/exfoliacion-corporal-como-preparar-correctamente-tu-piel-frente-al-sol\/"]}]},{"@type":"BreadcrumbList","@id":"https:\/\/graziamagazine.com\/es\/articles\/exfoliacion-corporal-como-preparar-correctamente-tu-piel-frente-al-sol\/#breadcrumb","itemListElement":[{"@type":"ListItem","position":1,"name":"Portada","item":"https:\/\/graziamagazine.com\/es\/"},{"@type":"ListItem","position":2,"name":"Exfoliaci\u00f3n corporal: c\u00f3mo preparar correctamente tu piel frente al sol"}]},{"@type":"WebSite","@id":"https:\/\/graziamagazine.com\/es\/#website","url":"https:\/\/graziamagazine.com\/es\/","name":"Grazia","description":"Moda, belleza, celebrities, estilo de vida...","potentialAction":[{"@type":"SearchAction","target":{"@type":"EntryPoint","urlTemplate":"https:\/\/graziamagazine.com\/es\/?s={search_term_string}"},"query-input":"required name=search_term_string"}],"inLanguage":"es"}]}},"jetpack_sharing_enabled":true,"distributor_meta":false,"distributor_terms":false,"distributor_media":false,"distributor_original_site_name":"Grazia","distributor_original_site_url":"https:\/\/graziamagazine.com\/es","push-errors":false,"_links":{"self":[{"href":"https:\/\/graziamagazine.com\/es\/wp-json\/wp\/v2\/articles\/153898"}],"collection":[{"href":"https:\/\/graziamagazine.com\/es\/wp-json\/wp\/v2\/articles"}],"about":[{"href":"https:\/\/graziamagazine.com\/es\/wp-json\/wp\/v2\/types\/articles"}],"author":[{"embeddable":true,"href":"https:\/\/graziamagazine.com\/es\/wp-json\/wp\/v2\/users\/11653"}],"wp:featuredmedia":[{"embeddable":true,"href":"https:\/\/graziamagazine.com\/es\/wp-json\/wp\/v2\/media\/163363"}],"wp:attachment":[{"href":"https:\/\/graziamagazine.com\/es\/wp-json\/wp\/v2\/media?parent=153898"}],"wp:term":[{"taxonomy":"category","embeddable":true,"href":"https:\/\/graziamagazine.com\/es\/wp-json\/wp\/v2\/categories?post=153898"}],"curies":[{"name":"wp","href":"https:\/\/api.w.org\/{rel}","templated":true}]}}