{"id":153801,"date":"2020-04-08T17:59:46","date_gmt":"2020-04-08T15:59:46","guid":{"rendered":"https:\/\/graziamagazine.com\/es\/?p=153801"},"modified":"2020-04-08T17:59:46","modified_gmt":"2020-04-08T15:59:46","slug":"garnier-dona-en-espana-200-000-unidades-de-gel-para-trabajadores-de-superficies-comerciales","status":"publish","type":"articles","link":"https:\/\/graziamagazine.com\/es\/articles\/garnier-dona-en-espana-200-000-unidades-de-gel-para-trabajadores-de-superficies-comerciales\/","title":{"rendered":"Garnier dona en Espa\u00f1a 200.000 unidades de gel para trabajadores de superficies comerciales"},"content":{"rendered":"<p>&nbsp;<\/p>\n<p>Seguimos conociendo las historias de las marcas del mundo de la moda y la belleza que est\u00e1n apoyando para frenar cuanto antes la crisis sanitaria en la que estamos inmersos. Hoy le toca el turno a <strong>Garnier, la segunda marca del Grupo L&#8217;Or\u00e9al, que ha anunciado una donaci\u00f3n de miles de geles<\/strong>, que ir\u00e1n a parar a superficies comerciales y personal de tiendas minoristas.<\/p>\n<p>La acci\u00f3n\u00a0forma parte de los millones de unidades que Garnier distribuir\u00e1 entre los trabajadores de este tipo de establecimientos en todo el mundo. <strong>En Espa\u00f1a se van a distribuir a partir de la semana que viene 200.000 unidades de gel limpiador hidroalcoh\u00f3lico en unos 15.000 puntos de venta en todo el territorio nacional, entre hipermercados y supermercados, adem\u00e1s de a perfumer\u00edas y puntos de venta con e-commerce<\/strong>. La marca de belleza pone as\u00ed el foco en la distribuci\u00f3n y venta de bienes de consumo como uno de los sectores esenciales a proteger,\u00a0y m\u00e1s en concreto, a las plantillas de trabajadores que, a diario, acuden a esos centros de trabajo para garantizar la venta de alimentos y bienes de primera necesidad entre la poblaci\u00f3n.<\/p>\n<p>Como dice el director general internacional de Garnier,\u00a0Adrien Koskas,: \u201d<em>Creemos que es nuestra responsabilidad apoyar a quienes trabajan en primera l\u00ednea cada d\u00eda y a quienes est\u00e1n ayudando a proteger a las poblaciones m\u00e1s vulnerables de todo el mundo<\/em>\u201d.<\/p>\n<p>Pero no es la \u00fanica acci\u00f3n, adem\u00e1s de esta donaci\u00f3n de producto, <strong>Garnier va a donar tambi\u00e9n un mill\u00f3n de euros\u00a0a la Federaci\u00f3n Internacional de Sociedades de la Cruz Roja y la Media Luna Roja<\/strong>. Aplausos una vez m\u00e1s para las empresas solidarias como Garnier.<\/p>\n<p>&nbsp;<\/p>\n<p>&nbsp;<\/p>\n","protected":false},"author":24470,"featured_media":153802,"template":"","format":"standard","categories":[2971],"acf":{"banner":null},"yoast_head":"<!-- This site is optimized with the Yoast SEO Premium plugin v18.5 (Yoast SEO v20.4) - https:\/\/yoast.com\/wordpress\/plugins\/seo\/ -->\n<title>Garnier dona en Espa\u00f1a 200.000 unidades de gel para trabajadores de superficies comerciales | Grazia<\/title>\n<meta name=\"description\" content=\"Los geles llegar\u00e1n a partir de la semana que viene a cerca de 15.000 supermercados e hipermercados, adem\u00e1s de a perfumer\u00edas y puntos de venta con e-commerce de toda Espa\u00f1a.\" \/>\n<meta name=\"robots\" content=\"index, follow, max-snippet:-1, max-image-preview:large, max-video-preview:-1\" \/>\n<link rel=\"canonical\" href=\"https:\/\/graziamagazine.com\/es\/articles\/garnier-dona-en-espana-200-000-unidades-de-gel-para-trabajadores-de-superficies-comerciales\/\" \/>\n<meta property=\"og:locale\" content=\"es_ES\" \/>\n<meta property=\"og:type\" content=\"article\" \/>\n<meta property=\"og:title\" content=\"Garnier dona en Espa\u00f1a 200.000 unidades de gel para trabajadores de superficies comerciales\" \/>\n<meta property=\"og:description\" content=\"Los geles llegar\u00e1n a partir de la semana que viene a cerca de 15.000 supermercados e hipermercados, adem\u00e1s de a perfumer\u00edas y puntos de venta con e-commerce de toda Espa\u00f1a.\" \/>\n<meta property=\"og:url\" content=\"https:\/\/graziamagazine.com\/es\/articles\/garnier-dona-en-espana-200-000-unidades-de-gel-para-trabajadores-de-superficies-comerciales\/\" \/>\n<meta property=\"og:site_name\" content=\"Grazia\" \/>\n<meta property=\"og:image\" content=\"https:\/\/graziamagazine.com\/es\/wp-content\/uploads\/sites\/12\/2020\/04\/garnier-fabricacion-gel-download.jpg?fit=664%2C620\" \/>\n\t<meta property=\"og:image:width\" content=\"664\" \/>\n\t<meta property=\"og:image:height\" content=\"620\" \/>\n\t<meta property=\"og:image:type\" content=\"image\/jpeg\" \/>\n<meta name=\"twitter:card\" content=\"summary_large_image\" \/>\n<meta name=\"twitter:label1\" content=\"Est. reading time\" \/>\n\t<meta name=\"twitter:data1\" content=\"1 minuto\" \/>\n<script type=\"application\/ld+json\" class=\"yoast-schema-graph\">{\"@context\":\"https:\/\/schema.org\",\"@graph\":[{\"@type\":\"WebPage\",\"@id\":\"https:\/\/graziamagazine.com\/es\/articles\/garnier-dona-en-espana-200-000-unidades-de-gel-para-trabajadores-de-superficies-comerciales\/\",\"url\":\"https:\/\/graziamagazine.com\/es\/articles\/garnier-dona-en-espana-200-000-unidades-de-gel-para-trabajadores-de-superficies-comerciales\/\",\"name\":\"Garnier dona en Espa\u00f1a 200.000 unidades de gel para trabajadores de superficies comerciales | Grazia\",\"isPartOf\":{\"@id\":\"https:\/\/graziamagazine.com\/es\/#website\"},\"datePublished\":\"2020-04-08T15:59:46+00:00\",\"dateModified\":\"2020-04-08T15:59:46+00:00\",\"description\":\"Los geles llegar\u00e1n a partir de la semana que viene a cerca de 15.000 supermercados e hipermercados, adem\u00e1s de a perfumer\u00edas y puntos de venta con e-commerce de toda Espa\u00f1a.\",\"breadcrumb\":{\"@id\":\"https:\/\/graziamagazine.com\/es\/articles\/garnier-dona-en-espana-200-000-unidades-de-gel-para-trabajadores-de-superficies-comerciales\/#breadcrumb\"},\"inLanguage\":\"es\",\"potentialAction\":[{\"@type\":\"ReadAction\",\"target\":[\"https:\/\/graziamagazine.com\/es\/articles\/garnier-dona-en-espana-200-000-unidades-de-gel-para-trabajadores-de-superficies-comerciales\/\"]}]},{\"@type\":\"BreadcrumbList\",\"@id\":\"https:\/\/graziamagazine.com\/es\/articles\/garnier-dona-en-espana-200-000-unidades-de-gel-para-trabajadores-de-superficies-comerciales\/#breadcrumb\",\"itemListElement\":[{\"@type\":\"ListItem\",\"position\":1,\"name\":\"Portada\",\"item\":\"https:\/\/graziamagazine.com\/es\/\"},{\"@type\":\"ListItem\",\"position\":2,\"name\":\"Garnier dona en Espa\u00f1a 200.000 unidades de gel para trabajadores de superficies comerciales\"}]},{\"@type\":\"WebSite\",\"@id\":\"https:\/\/graziamagazine.com\/es\/#website\",\"url\":\"https:\/\/graziamagazine.com\/es\/\",\"name\":\"Grazia\",\"description\":\"Moda, belleza, celebrities, estilo de vida...\",\"potentialAction\":[{\"@type\":\"SearchAction\",\"target\":{\"@type\":\"EntryPoint\",\"urlTemplate\":\"https:\/\/graziamagazine.com\/es\/?s={search_term_string}\"},\"query-input\":\"required name=search_term_string\"}],\"inLanguage\":\"es\"}]}<\/script>\n<!-- \/ Yoast SEO Premium plugin. -->","yoast_head_json":{"title":"Garnier dona en Espa\u00f1a 200.000 unidades de gel para trabajadores de superficies comerciales | Grazia","description":"Los geles llegar\u00e1n a partir de la semana que viene a cerca de 15.000 supermercados e hipermercados, adem\u00e1s de a perfumer\u00edas y puntos de venta con e-commerce de toda Espa\u00f1a.","robots":{"index":"index","follow":"follow","max-snippet":"max-snippet:-1","max-image-preview":"max-image-preview:large","max-video-preview":"max-video-preview:-1"},"canonical":"https:\/\/graziamagazine.com\/es\/articles\/garnier-dona-en-espana-200-000-unidades-de-gel-para-trabajadores-de-superficies-comerciales\/","og_locale":"es_ES","og_type":"article","og_title":"Garnier dona en Espa\u00f1a 200.000 unidades de gel para trabajadores de superficies comerciales","og_description":"Los geles llegar\u00e1n a partir de la semana que viene a cerca de 15.000 supermercados e hipermercados, adem\u00e1s de a perfumer\u00edas y puntos de venta con e-commerce de toda Espa\u00f1a.","og_url":"https:\/\/graziamagazine.com\/es\/articles\/garnier-dona-en-espana-200-000-unidades-de-gel-para-trabajadores-de-superficies-comerciales\/","og_site_name":"Grazia","og_image":[{"width":664,"height":620,"url":"https:\/\/graziamagazine.com\/es\/wp-content\/uploads\/sites\/12\/2020\/04\/garnier-fabricacion-gel-download.jpg?fit=664%2C620","type":"image\/jpeg"}],"twitter_card":"summary_large_image","twitter_misc":{"Est. reading time":"1 minuto"},"schema":{"@context":"https:\/\/schema.org","@graph":[{"@type":"WebPage","@id":"https:\/\/graziamagazine.com\/es\/articles\/garnier-dona-en-espana-200-000-unidades-de-gel-para-trabajadores-de-superficies-comerciales\/","url":"https:\/\/graziamagazine.com\/es\/articles\/garnier-dona-en-espana-200-000-unidades-de-gel-para-trabajadores-de-superficies-comerciales\/","name":"Garnier dona en Espa\u00f1a 200.000 unidades de gel para trabajadores de superficies comerciales | Grazia","isPartOf":{"@id":"https:\/\/graziamagazine.com\/es\/#website"},"datePublished":"2020-04-08T15:59:46+00:00","dateModified":"2020-04-08T15:59:46+00:00","description":"Los geles llegar\u00e1n a partir de la semana que viene a cerca de 15.000 supermercados e hipermercados, adem\u00e1s de a perfumer\u00edas y puntos de venta con e-commerce de toda Espa\u00f1a.","breadcrumb":{"@id":"https:\/\/graziamagazine.com\/es\/articles\/garnier-dona-en-espana-200-000-unidades-de-gel-para-trabajadores-de-superficies-comerciales\/#breadcrumb"},"inLanguage":"es","potentialAction":[{"@type":"ReadAction","target":["https:\/\/graziamagazine.com\/es\/articles\/garnier-dona-en-espana-200-000-unidades-de-gel-para-trabajadores-de-superficies-comerciales\/"]}]},{"@type":"BreadcrumbList","@id":"https:\/\/graziamagazine.com\/es\/articles\/garnier-dona-en-espana-200-000-unidades-de-gel-para-trabajadores-de-superficies-comerciales\/#breadcrumb","itemListElement":[{"@type":"ListItem","position":1,"name":"Portada","item":"https:\/\/graziamagazine.com\/es\/"},{"@type":"ListItem","position":2,"name":"Garnier dona en Espa\u00f1a 200.000 unidades de gel para trabajadores de superficies comerciales"}]},{"@type":"WebSite","@id":"https:\/\/graziamagazine.com\/es\/#website","url":"https:\/\/graziamagazine.com\/es\/","name":"Grazia","description":"Moda, belleza, celebrities, estilo de vida...","potentialAction":[{"@type":"SearchAction","target":{"@type":"EntryPoint","urlTemplate":"https:\/\/graziamagazine.com\/es\/?s={search_term_string}"},"query-input":"required name=search_term_string"}],"inLanguage":"es"}]}},"jetpack_sharing_enabled":true,"distributor_meta":false,"distributor_terms":false,"distributor_media":false,"distributor_original_site_name":"Grazia","distributor_original_site_url":"https:\/\/graziamagazine.com\/es","push-errors":false,"_links":{"self":[{"href":"https:\/\/graziamagazine.com\/es\/wp-json\/wp\/v2\/articles\/153801"}],"collection":[{"href":"https:\/\/graziamagazine.com\/es\/wp-json\/wp\/v2\/articles"}],"about":[{"href":"https:\/\/graziamagazine.com\/es\/wp-json\/wp\/v2\/types\/articles"}],"author":[{"embeddable":true,"href":"https:\/\/graziamagazine.com\/es\/wp-json\/wp\/v2\/users\/24470"}],"wp:featuredmedia":[{"embeddable":true,"href":"https:\/\/graziamagazine.com\/es\/wp-json\/wp\/v2\/media\/153802"}],"wp:attachment":[{"href":"https:\/\/graziamagazine.com\/es\/wp-json\/wp\/v2\/media?parent=153801"}],"wp:term":[{"taxonomy":"category","embeddable":true,"href":"https:\/\/graziamagazine.com\/es\/wp-json\/wp\/v2\/categories?post=153801"}],"curies":[{"name":"wp","href":"https:\/\/api.w.org\/{rel}","templated":true}]}}