{"id":153770,"date":"2020-04-08T10:56:26","date_gmt":"2020-04-08T08:56:26","guid":{"rendered":"https:\/\/graziamagazine.com\/es\/?p=153770"},"modified":"2020-04-08T10:56:26","modified_gmt":"2020-04-08T08:56:26","slug":"ya-conocemos-el-nombre-de-la-nueva-fundacion-de-meghan-y-harry-y-tiene-que-mucho-que-ver-con-el-pequeno-archie","status":"publish","type":"articles","link":"https:\/\/graziamagazine.com\/es\/articles\/ya-conocemos-el-nombre-de-la-nueva-fundacion-de-meghan-y-harry-y-tiene-que-mucho-que-ver-con-el-pequeno-archie\/","title":{"rendered":"Ya conocemos el nombre de la nueva fundaci\u00f3n de Meghan y Harry y tiene que mucho que ver con el peque\u00f1o Archie"},"content":{"rendered":"<p><strong>Meghan Markle<\/strong>\u00a0y\u00a0<strong>Prince Harry<\/strong>\u00a0llevan apenas unos d\u00edas de independencia y ya han dado a conocer el nombre de su nueva fundaci\u00f3n.\u00a0<a href=\"https:\/\/bit.ly\/2JEvTeZ\" target=\"_blank\" rel=\"noopener\" target=\"_blank\">Prescindiendo de\u00a0<strong>SussexRoyal<\/strong><\/a>, que hab\u00edan creado tras el \u201cdivorcio\u201d de los hermanos, su proyecto de ayuda ahora estar\u00e1 bajo el nombre de\u00a0<strong>Archewell<\/strong>,<\/p>\n<p>En una entrevista a\u00a0<a href=\"https:\/\/www.telegraph.co.uk\/royal-family\/2020\/04\/06\/revealed-prince-harry-meghan-plan-non-profit-empire-name-archewell\/\" target=\"_blank\" rel=\"noopener\" target=\"_blank\"><em>The Telegraph<\/em><\/a>, la pareja explic\u00f3 la inspiraci\u00f3n detr\u00e1s de Archewell: \u201c<em>Arche que en griego es \u2018fuente de acci\u00f3n\u2019 [y que fue] la inspiraci\u00f3n para el nombre de nuestro hijo<\/em>\u201d. El nombre de la fundaci\u00f3n ya ha sido registrado como marca en Estados Unidos; sin embargo los duques a\u00fan est\u00e1n a la espera de lanzarla oficialmente una vez que hayamos superado la pandemia del COVID-19.<\/p>\n<p class=\"linkAfter\">Seg\u00fan revela una fuente\u00a0<a href=\"https:\/\/www.vanityfair.com\/style\/2020\/04\/prince-harry-meghan-markle-archewell\" target=\"_blank\" rel=\"noopener\" target=\"_blank\"><em>Vanity Fair<\/em><\/a>, <strong>Archewell ya est\u00e1 en una faceta muy avanzada y est\u00e1n utilizando el tiempo de cuarentena para darle forma<\/strong>. Adem\u00e1s ya tienen el apoyo financiero de un gran n\u00famero de millonarios. Entre las acciones que tomar\u00e1n <strong>habr\u00e1 material educativo como libros, pel\u00edculas y podcasts y abrir\u00e1n una nueva p\u00e1gina web<\/strong> para dar a conocer su mensaje en torno a las causas que defender\u00e1n incluyendo empoderamiento femenino.<\/p>\n<p>Hace unas semanas, Meghan y Harry iniciaron una\u00a0<a href=\"https:\/\/grazia.mx\/meghan-y-harry-planean-mudarse-al-area-favorita-de-lady-di-en-los-angeles\/\" target=\"_blank\" rel=\"noopener\" target=\"_blank\">nueva vida en Los \u00c1ngeles<\/a>, donde afirman fuentes ser\u00e1 su hogar. Markle, por su lado, ya\u00a0<a href=\"https:\/\/bit.ly\/2UmnwdZ\" target=\"_blank\" rel=\"noopener\" target=\"_blank\">estren\u00f3 su primer proyecto con Disney<\/a>\u00a0narrando un documental de elefantes.<\/p>\n<p><em>*Imagen: Getty Images<\/em><\/p>\n","protected":false},"author":24470,"featured_media":153771,"template":"","format":"standard","categories":[2971,2147],"acf":{"banner":null},"yoast_head":"<!-- This site is optimized with the Yoast SEO Premium plugin v18.5 (Yoast SEO v20.4) - https:\/\/yoast.com\/wordpress\/plugins\/seo\/ -->\n<title>Ya conocemos el nombre de la nueva fundaci\u00f3n de Meghan y Harry y tiene que mucho que ver con el peque\u00f1o Archie | Grazia<\/title>\n<meta name=\"description\" content=\"Aunque ya han contado un poquito del nuevo proyecto, el lanzamiento oficial ser\u00e1 tras superar la pandemia.\" \/>\n<meta name=\"robots\" content=\"index, follow, max-snippet:-1, max-image-preview:large, max-video-preview:-1\" \/>\n<link rel=\"canonical\" href=\"https:\/\/graziamagazine.com\/es\/articles\/ya-conocemos-el-nombre-de-la-nueva-fundacion-de-meghan-y-harry-y-tiene-que-mucho-que-ver-con-el-pequeno-archie\/\" \/>\n<meta property=\"og:locale\" content=\"es_ES\" \/>\n<meta property=\"og:type\" content=\"article\" \/>\n<meta property=\"og:title\" content=\"Ya conocemos el nombre de la nueva fundaci\u00f3n de Meghan y Harry y tiene que mucho que ver con el peque\u00f1o Archie\" \/>\n<meta property=\"og:description\" content=\"Aunque ya han contado un poquito del nuevo proyecto, el lanzamiento oficial ser\u00e1 tras superar la pandemia.\" \/>\n<meta property=\"og:url\" content=\"https:\/\/graziamagazine.com\/es\/articles\/ya-conocemos-el-nombre-de-la-nueva-fundacion-de-meghan-y-harry-y-tiene-que-mucho-que-ver-con-el-pequeno-archie\/\" \/>\n<meta property=\"og:site_name\" content=\"Grazia\" \/>\n<meta property=\"og:image\" content=\"https:\/\/graziamagazine.com\/es\/wp-content\/uploads\/sites\/12\/2020\/04\/harry-meghan-getty-t-1.jpg?fit=1240%2C744\" \/>\n\t<meta property=\"og:image:width\" content=\"1240\" \/>\n\t<meta property=\"og:image:height\" content=\"744\" \/>\n\t<meta property=\"og:image:type\" content=\"image\/jpeg\" \/>\n<meta name=\"twitter:card\" content=\"summary_large_image\" \/>\n<meta name=\"twitter:label1\" content=\"Est. reading time\" \/>\n\t<meta name=\"twitter:data1\" content=\"1 minuto\" \/>\n<script type=\"application\/ld+json\" class=\"yoast-schema-graph\">{\"@context\":\"https:\/\/schema.org\",\"@graph\":[{\"@type\":\"WebPage\",\"@id\":\"https:\/\/graziamagazine.com\/es\/articles\/ya-conocemos-el-nombre-de-la-nueva-fundacion-de-meghan-y-harry-y-tiene-que-mucho-que-ver-con-el-pequeno-archie\/\",\"url\":\"https:\/\/graziamagazine.com\/es\/articles\/ya-conocemos-el-nombre-de-la-nueva-fundacion-de-meghan-y-harry-y-tiene-que-mucho-que-ver-con-el-pequeno-archie\/\",\"name\":\"Ya conocemos el nombre de la nueva fundaci\u00f3n de Meghan y Harry y tiene que mucho que ver con el peque\u00f1o Archie | Grazia\",\"isPartOf\":{\"@id\":\"https:\/\/graziamagazine.com\/es\/#website\"},\"datePublished\":\"2020-04-08T08:56:26+00:00\",\"dateModified\":\"2020-04-08T08:56:26+00:00\",\"description\":\"Aunque ya han contado un poquito del nuevo proyecto, el lanzamiento oficial ser\u00e1 tras superar la pandemia.\",\"breadcrumb\":{\"@id\":\"https:\/\/graziamagazine.com\/es\/articles\/ya-conocemos-el-nombre-de-la-nueva-fundacion-de-meghan-y-harry-y-tiene-que-mucho-que-ver-con-el-pequeno-archie\/#breadcrumb\"},\"inLanguage\":\"es\",\"potentialAction\":[{\"@type\":\"ReadAction\",\"target\":[\"https:\/\/graziamagazine.com\/es\/articles\/ya-conocemos-el-nombre-de-la-nueva-fundacion-de-meghan-y-harry-y-tiene-que-mucho-que-ver-con-el-pequeno-archie\/\"]}]},{\"@type\":\"BreadcrumbList\",\"@id\":\"https:\/\/graziamagazine.com\/es\/articles\/ya-conocemos-el-nombre-de-la-nueva-fundacion-de-meghan-y-harry-y-tiene-que-mucho-que-ver-con-el-pequeno-archie\/#breadcrumb\",\"itemListElement\":[{\"@type\":\"ListItem\",\"position\":1,\"name\":\"Portada\",\"item\":\"https:\/\/graziamagazine.com\/es\/\"},{\"@type\":\"ListItem\",\"position\":2,\"name\":\"Ya conocemos el nombre de la nueva fundaci\u00f3n de Meghan y Harry y tiene que mucho que ver con el peque\u00f1o Archie\"}]},{\"@type\":\"WebSite\",\"@id\":\"https:\/\/graziamagazine.com\/es\/#website\",\"url\":\"https:\/\/graziamagazine.com\/es\/\",\"name\":\"Grazia\",\"description\":\"Moda, belleza, celebrities, estilo de vida...\",\"potentialAction\":[{\"@type\":\"SearchAction\",\"target\":{\"@type\":\"EntryPoint\",\"urlTemplate\":\"https:\/\/graziamagazine.com\/es\/?s={search_term_string}\"},\"query-input\":\"required name=search_term_string\"}],\"inLanguage\":\"es\"}]}<\/script>\n<!-- \/ Yoast SEO Premium plugin. -->","yoast_head_json":{"title":"Ya conocemos el nombre de la nueva fundaci\u00f3n de Meghan y Harry y tiene que mucho que ver con el peque\u00f1o Archie | Grazia","description":"Aunque ya han contado un poquito del nuevo proyecto, el lanzamiento oficial ser\u00e1 tras superar la pandemia.","robots":{"index":"index","follow":"follow","max-snippet":"max-snippet:-1","max-image-preview":"max-image-preview:large","max-video-preview":"max-video-preview:-1"},"canonical":"https:\/\/graziamagazine.com\/es\/articles\/ya-conocemos-el-nombre-de-la-nueva-fundacion-de-meghan-y-harry-y-tiene-que-mucho-que-ver-con-el-pequeno-archie\/","og_locale":"es_ES","og_type":"article","og_title":"Ya conocemos el nombre de la nueva fundaci\u00f3n de Meghan y Harry y tiene que mucho que ver con el peque\u00f1o Archie","og_description":"Aunque ya han contado un poquito del nuevo proyecto, el lanzamiento oficial ser\u00e1 tras superar la pandemia.","og_url":"https:\/\/graziamagazine.com\/es\/articles\/ya-conocemos-el-nombre-de-la-nueva-fundacion-de-meghan-y-harry-y-tiene-que-mucho-que-ver-con-el-pequeno-archie\/","og_site_name":"Grazia","og_image":[{"width":1240,"height":744,"url":"https:\/\/graziamagazine.com\/es\/wp-content\/uploads\/sites\/12\/2020\/04\/harry-meghan-getty-t-1.jpg?fit=1240%2C744","type":"image\/jpeg"}],"twitter_card":"summary_large_image","twitter_misc":{"Est. reading time":"1 minuto"},"schema":{"@context":"https:\/\/schema.org","@graph":[{"@type":"WebPage","@id":"https:\/\/graziamagazine.com\/es\/articles\/ya-conocemos-el-nombre-de-la-nueva-fundacion-de-meghan-y-harry-y-tiene-que-mucho-que-ver-con-el-pequeno-archie\/","url":"https:\/\/graziamagazine.com\/es\/articles\/ya-conocemos-el-nombre-de-la-nueva-fundacion-de-meghan-y-harry-y-tiene-que-mucho-que-ver-con-el-pequeno-archie\/","name":"Ya conocemos el nombre de la nueva fundaci\u00f3n de Meghan y Harry y tiene que mucho que ver con el peque\u00f1o Archie | Grazia","isPartOf":{"@id":"https:\/\/graziamagazine.com\/es\/#website"},"datePublished":"2020-04-08T08:56:26+00:00","dateModified":"2020-04-08T08:56:26+00:00","description":"Aunque ya han contado un poquito del nuevo proyecto, el lanzamiento oficial ser\u00e1 tras superar la pandemia.","breadcrumb":{"@id":"https:\/\/graziamagazine.com\/es\/articles\/ya-conocemos-el-nombre-de-la-nueva-fundacion-de-meghan-y-harry-y-tiene-que-mucho-que-ver-con-el-pequeno-archie\/#breadcrumb"},"inLanguage":"es","potentialAction":[{"@type":"ReadAction","target":["https:\/\/graziamagazine.com\/es\/articles\/ya-conocemos-el-nombre-de-la-nueva-fundacion-de-meghan-y-harry-y-tiene-que-mucho-que-ver-con-el-pequeno-archie\/"]}]},{"@type":"BreadcrumbList","@id":"https:\/\/graziamagazine.com\/es\/articles\/ya-conocemos-el-nombre-de-la-nueva-fundacion-de-meghan-y-harry-y-tiene-que-mucho-que-ver-con-el-pequeno-archie\/#breadcrumb","itemListElement":[{"@type":"ListItem","position":1,"name":"Portada","item":"https:\/\/graziamagazine.com\/es\/"},{"@type":"ListItem","position":2,"name":"Ya conocemos el nombre de la nueva fundaci\u00f3n de Meghan y Harry y tiene que mucho que ver con el peque\u00f1o Archie"}]},{"@type":"WebSite","@id":"https:\/\/graziamagazine.com\/es\/#website","url":"https:\/\/graziamagazine.com\/es\/","name":"Grazia","description":"Moda, belleza, celebrities, estilo de vida...","potentialAction":[{"@type":"SearchAction","target":{"@type":"EntryPoint","urlTemplate":"https:\/\/graziamagazine.com\/es\/?s={search_term_string}"},"query-input":"required name=search_term_string"}],"inLanguage":"es"}]}},"jetpack_sharing_enabled":true,"distributor_meta":false,"distributor_terms":false,"distributor_media":false,"distributor_original_site_name":"Grazia","distributor_original_site_url":"https:\/\/graziamagazine.com\/es","push-errors":false,"_links":{"self":[{"href":"https:\/\/graziamagazine.com\/es\/wp-json\/wp\/v2\/articles\/153770"}],"collection":[{"href":"https:\/\/graziamagazine.com\/es\/wp-json\/wp\/v2\/articles"}],"about":[{"href":"https:\/\/graziamagazine.com\/es\/wp-json\/wp\/v2\/types\/articles"}],"author":[{"embeddable":true,"href":"https:\/\/graziamagazine.com\/es\/wp-json\/wp\/v2\/users\/24470"}],"wp:featuredmedia":[{"embeddable":true,"href":"https:\/\/graziamagazine.com\/es\/wp-json\/wp\/v2\/media\/153771"}],"wp:attachment":[{"href":"https:\/\/graziamagazine.com\/es\/wp-json\/wp\/v2\/media?parent=153770"}],"wp:term":[{"taxonomy":"category","embeddable":true,"href":"https:\/\/graziamagazine.com\/es\/wp-json\/wp\/v2\/categories?post=153770"}],"curies":[{"name":"wp","href":"https:\/\/api.w.org\/{rel}","templated":true}]}}