{"id":153760,"date":"2020-04-07T12:18:29","date_gmt":"2020-04-07T10:18:29","guid":{"rendered":"https:\/\/graziamagazine.com\/es\/?p=153760"},"modified":"2020-04-07T12:18:29","modified_gmt":"2020-04-07T10:18:29","slug":"la-gala-met-2020-tendra-una-version-virtual-en-twitter-y-tu-puedes-participar","status":"publish","type":"articles","link":"https:\/\/graziamagazine.com\/es\/articles\/la-gala-met-2020-tendra-una-version-virtual-en-twitter-y-tu-puedes-participar\/","title":{"rendered":"La Gala MET 2020 tendr\u00e1 una versi\u00f3n virtual en Twitter y t\u00fa puedes participar"},"content":{"rendered":"<p>Despu\u00e9s de un par de d\u00edas de que el\u00a0<strong>Metropolitan Museum of Art de Nueva York\u00a0<\/strong>diera a\u00a0conocer el cierre de sus instalaciones y la cancelaci\u00f3n de eventos programados hasta el 3 de abril,<a href=\"http:\/\/bit.ly\/33qjGnd\" target=\"_blank\"> se anunci\u00f3 que la<strong><em>\u00a0Gala MET<\/em>\u00a0<\/strong>se pospondr\u00eda\u00a0hasta nuevo aviso<\/a>. Y es que era de esperarse sabiendo la situaci\u00f3n que el mundo est\u00e1 atravesando, sin embargo, como ya sabes el primer lunes de mayo es sin duda la noche m\u00e1s importantes de la industria de la moda, y para levantarnos un poquito el \u00e1nimo y no perder la inspiraci\u00f3n, la nueva noticia es que tendr\u00e1 una versi\u00f3n digital gracias a la famosa cuenta\u00a0<a href=\"https:\/\/twitter.com\/HFMetGala\" target=\"_blank\" rel=\"noopener\" target=\"_blank\"><span lang=\"es\"><em>High Fashion Twitter<\/em><\/span><\/a>.<\/p>\n<p>\u00a1As\u00ed es! A trav\u00e9s de Twitter podr\u00e1s formar parte del evento el 4 de mayo para una noche virtual inolvidable. \u201c<em>Dada la ansiedad y estr\u00e9s que el brote de COVID-19 est\u00e1 causando, creemos que continuar avanzando con la\u00a0HFTwit Met Gala\u00a0es la decisi\u00f3n correcta. Esperamos que este evento funcione como un espacio de alegr\u00eda y unidad para esta incre\u00edble comunidad.\u00a0Aunque la\u00a0Met Gala\u00a0oficial se ha pospuesto indefinidamente este a\u00f1o, le gustar\u00eda anunciar al staff de\u00a0<a href=\"https:\/\/twitter.com\/HFMetGala\" target=\"_blank\" rel=\"noopener\" target=\"_blank\">HFTwit Me<\/a>\u00a0que la\u00a0Met Gala\u00a0a trav\u00e9s de Twitter \u00a1s\u00ed pasar\u00e1 el primer lunes de mayo!<\/em>\u201d, dicen los tuits\u00a0en la cuenta junto a una invitaci\u00f3n oficial.<\/p>\n<blockquote class=\"twitter-tweet\" data-width=\"500\" data-dnt=\"true\">\n<p lang=\"en\" dir=\"ltr\">You are formally invited to the 2020 High Fashion Twitter Met Gala&#8230; <a href=\"https:\/\/t.co\/OIHlnqgnaU\" target=\"_blank\">pic.twitter.com\/OIHlnqgnaU<\/a><\/p>\n<p>&mdash; HF Twit Met Gala (@HFMetGala) <a href=\"https:\/\/twitter.com\/HFMetGala\/status\/1246908283396460547?ref_src=twsrc%5Etfw\" target=\"_blank\">April 5, 2020<\/a><\/p><\/blockquote>\n<p><script async src=\"https:\/\/platform.twitter.com\/widgets.js\" charset=\"utf-8\"><\/script><\/p>\n<p class=\"tw-data-text tw-text-large tw-ta\" dir=\"ltr\" data-placeholder=\"Translation\"><span lang=\"es\">La comunidad\u00a0<em>High Fashion Twitter<\/em>, o\u00a0<em>HF Twitter<\/em>\u00a0como todos la conocemos, es una subcultura en l\u00ednea unida por el amor a la moda. En \u00e9sta, la alfombra roja del evento en cuesti\u00f3n\u00a0siempre es comentada por sus usuarios. Y como esta vez no habr\u00e1<em>\u00a0looks<\/em>, la comunidad opt\u00f3 por crear una serie de desaf\u00edos virtuales relacionados con creaciones de\u00a0<em>sets<\/em>, listas de marcas seleccionadas,\u00a0<em>styling<\/em>\u00a0e ilustraci\u00f3n. Adem\u00e1s, l<\/span>os asistentes virtuales podr\u00e1n compartir fotos de s\u00ed mismos en el\u00a0<em>oufit<\/em>\u00a0que usar\u00edan para ir al evento de este a\u00f1o, de acuerdo con\u00a0el tema, por supuesto:\u00a0<a href=\"http:\/\/bit.ly\/32rssik\" target=\"_blank\" rel=\"noopener\" target=\"_blank\"><b><i>About Time: Fashion and Duration<\/i><\/b><\/a>.<\/p>\n<p dir=\"ltr\" data-placeholder=\"Translation\">Puedes ver los desaf\u00edos con m\u00e1s detalles en su <a href=\"https:\/\/twitter.com\/HFMetGala\" target=\"_blank\">cuenta oficial<\/a>. \u00a1\u00danete a una noche divertida y pon a volar tu creatividad desde casa!<\/p>\n","protected":false},"author":11656,"featured_media":153761,"template":"","format":"standard","categories":[2971,1],"acf":{"banner":null},"yoast_head":"<!-- This site is optimized with the Yoast SEO Premium plugin v18.5 (Yoast SEO v20.4) - https:\/\/yoast.com\/wordpress\/plugins\/seo\/ -->\n<title>La Gala MET 2020 tendr\u00e1 una versi\u00f3n virtual en Twitter y t\u00fa puedes participar | Grazia<\/title>\n<meta name=\"description\" content=\"Tras la decepci\u00f3n de muchos de saber que se pospon\u00eda de manera indefinida, la red social va a crear su propia versi\u00f3n e invitan a todos a participar.\" \/>\n<meta name=\"robots\" content=\"index, follow, max-snippet:-1, max-image-preview:large, max-video-preview:-1\" \/>\n<link rel=\"canonical\" href=\"https:\/\/graziamagazine.com\/es\/articles\/la-gala-met-2020-tendra-una-version-virtual-en-twitter-y-tu-puedes-participar\/\" \/>\n<meta property=\"og:locale\" content=\"es_ES\" \/>\n<meta property=\"og:type\" content=\"article\" \/>\n<meta property=\"og:title\" content=\"La Gala MET 2020 tendr\u00e1 una versi\u00f3n virtual en Twitter y t\u00fa puedes participar\" \/>\n<meta property=\"og:description\" content=\"Tras la decepci\u00f3n de muchos de saber que se pospon\u00eda de manera indefinida, la red social va a crear su propia versi\u00f3n e invitan a todos a participar.\" \/>\n<meta property=\"og:url\" content=\"https:\/\/graziamagazine.com\/es\/articles\/la-gala-met-2020-tendra-una-version-virtual-en-twitter-y-tu-puedes-participar\/\" \/>\n<meta property=\"og:site_name\" content=\"Grazia\" \/>\n<meta property=\"og:image\" content=\"https:\/\/graziamagazine.com\/es\/wp-content\/uploads\/sites\/12\/2020\/04\/la-met-gala-tendra-una-version-virtual-el-primer-lunes-de-mayo-destacada.jpeg?fit=1024%2C683\" \/>\n\t<meta property=\"og:image:width\" content=\"1024\" \/>\n\t<meta property=\"og:image:height\" content=\"683\" \/>\n\t<meta property=\"og:image:type\" content=\"image\/jpeg\" \/>\n<meta name=\"twitter:card\" content=\"summary_large_image\" \/>\n<meta name=\"twitter:label1\" content=\"Est. reading time\" \/>\n\t<meta name=\"twitter:data1\" content=\"2 minutos\" \/>\n<script type=\"application\/ld+json\" class=\"yoast-schema-graph\">{\"@context\":\"https:\/\/schema.org\",\"@graph\":[{\"@type\":\"WebPage\",\"@id\":\"https:\/\/graziamagazine.com\/es\/articles\/la-gala-met-2020-tendra-una-version-virtual-en-twitter-y-tu-puedes-participar\/\",\"url\":\"https:\/\/graziamagazine.com\/es\/articles\/la-gala-met-2020-tendra-una-version-virtual-en-twitter-y-tu-puedes-participar\/\",\"name\":\"La Gala MET 2020 tendr\u00e1 una versi\u00f3n virtual en Twitter y t\u00fa puedes participar | Grazia\",\"isPartOf\":{\"@id\":\"https:\/\/graziamagazine.com\/es\/#website\"},\"datePublished\":\"2020-04-07T10:18:29+00:00\",\"dateModified\":\"2020-04-07T10:18:29+00:00\",\"description\":\"Tras la decepci\u00f3n de muchos de saber que se pospon\u00eda de manera indefinida, la red social va a crear su propia versi\u00f3n e invitan a todos a participar.\",\"breadcrumb\":{\"@id\":\"https:\/\/graziamagazine.com\/es\/articles\/la-gala-met-2020-tendra-una-version-virtual-en-twitter-y-tu-puedes-participar\/#breadcrumb\"},\"inLanguage\":\"es\",\"potentialAction\":[{\"@type\":\"ReadAction\",\"target\":[\"https:\/\/graziamagazine.com\/es\/articles\/la-gala-met-2020-tendra-una-version-virtual-en-twitter-y-tu-puedes-participar\/\"]}]},{\"@type\":\"BreadcrumbList\",\"@id\":\"https:\/\/graziamagazine.com\/es\/articles\/la-gala-met-2020-tendra-una-version-virtual-en-twitter-y-tu-puedes-participar\/#breadcrumb\",\"itemListElement\":[{\"@type\":\"ListItem\",\"position\":1,\"name\":\"Portada\",\"item\":\"https:\/\/graziamagazine.com\/es\/\"},{\"@type\":\"ListItem\",\"position\":2,\"name\":\"La Gala MET 2020 tendr\u00e1 una versi\u00f3n virtual en Twitter y t\u00fa puedes participar\"}]},{\"@type\":\"WebSite\",\"@id\":\"https:\/\/graziamagazine.com\/es\/#website\",\"url\":\"https:\/\/graziamagazine.com\/es\/\",\"name\":\"Grazia\",\"description\":\"Moda, belleza, celebrities, estilo de vida...\",\"potentialAction\":[{\"@type\":\"SearchAction\",\"target\":{\"@type\":\"EntryPoint\",\"urlTemplate\":\"https:\/\/graziamagazine.com\/es\/?s={search_term_string}\"},\"query-input\":\"required name=search_term_string\"}],\"inLanguage\":\"es\"}]}<\/script>\n<!-- \/ Yoast SEO Premium plugin. -->","yoast_head_json":{"title":"La Gala MET 2020 tendr\u00e1 una versi\u00f3n virtual en Twitter y t\u00fa puedes participar | Grazia","description":"Tras la decepci\u00f3n de muchos de saber que se pospon\u00eda de manera indefinida, la red social va a crear su propia versi\u00f3n e invitan a todos a participar.","robots":{"index":"index","follow":"follow","max-snippet":"max-snippet:-1","max-image-preview":"max-image-preview:large","max-video-preview":"max-video-preview:-1"},"canonical":"https:\/\/graziamagazine.com\/es\/articles\/la-gala-met-2020-tendra-una-version-virtual-en-twitter-y-tu-puedes-participar\/","og_locale":"es_ES","og_type":"article","og_title":"La Gala MET 2020 tendr\u00e1 una versi\u00f3n virtual en Twitter y t\u00fa puedes participar","og_description":"Tras la decepci\u00f3n de muchos de saber que se pospon\u00eda de manera indefinida, la red social va a crear su propia versi\u00f3n e invitan a todos a participar.","og_url":"https:\/\/graziamagazine.com\/es\/articles\/la-gala-met-2020-tendra-una-version-virtual-en-twitter-y-tu-puedes-participar\/","og_site_name":"Grazia","og_image":[{"width":1024,"height":683,"url":"https:\/\/graziamagazine.com\/es\/wp-content\/uploads\/sites\/12\/2020\/04\/la-met-gala-tendra-una-version-virtual-el-primer-lunes-de-mayo-destacada.jpeg?fit=1024%2C683","type":"image\/jpeg"}],"twitter_card":"summary_large_image","twitter_misc":{"Est. reading time":"2 minutos"},"schema":{"@context":"https:\/\/schema.org","@graph":[{"@type":"WebPage","@id":"https:\/\/graziamagazine.com\/es\/articles\/la-gala-met-2020-tendra-una-version-virtual-en-twitter-y-tu-puedes-participar\/","url":"https:\/\/graziamagazine.com\/es\/articles\/la-gala-met-2020-tendra-una-version-virtual-en-twitter-y-tu-puedes-participar\/","name":"La Gala MET 2020 tendr\u00e1 una versi\u00f3n virtual en Twitter y t\u00fa puedes participar | Grazia","isPartOf":{"@id":"https:\/\/graziamagazine.com\/es\/#website"},"datePublished":"2020-04-07T10:18:29+00:00","dateModified":"2020-04-07T10:18:29+00:00","description":"Tras la decepci\u00f3n de muchos de saber que se pospon\u00eda de manera indefinida, la red social va a crear su propia versi\u00f3n e invitan a todos a participar.","breadcrumb":{"@id":"https:\/\/graziamagazine.com\/es\/articles\/la-gala-met-2020-tendra-una-version-virtual-en-twitter-y-tu-puedes-participar\/#breadcrumb"},"inLanguage":"es","potentialAction":[{"@type":"ReadAction","target":["https:\/\/graziamagazine.com\/es\/articles\/la-gala-met-2020-tendra-una-version-virtual-en-twitter-y-tu-puedes-participar\/"]}]},{"@type":"BreadcrumbList","@id":"https:\/\/graziamagazine.com\/es\/articles\/la-gala-met-2020-tendra-una-version-virtual-en-twitter-y-tu-puedes-participar\/#breadcrumb","itemListElement":[{"@type":"ListItem","position":1,"name":"Portada","item":"https:\/\/graziamagazine.com\/es\/"},{"@type":"ListItem","position":2,"name":"La Gala MET 2020 tendr\u00e1 una versi\u00f3n virtual en Twitter y t\u00fa puedes participar"}]},{"@type":"WebSite","@id":"https:\/\/graziamagazine.com\/es\/#website","url":"https:\/\/graziamagazine.com\/es\/","name":"Grazia","description":"Moda, belleza, celebrities, estilo de vida...","potentialAction":[{"@type":"SearchAction","target":{"@type":"EntryPoint","urlTemplate":"https:\/\/graziamagazine.com\/es\/?s={search_term_string}"},"query-input":"required name=search_term_string"}],"inLanguage":"es"}]}},"jetpack_sharing_enabled":true,"distributor_meta":false,"distributor_terms":false,"distributor_media":false,"distributor_original_site_name":"Grazia","distributor_original_site_url":"https:\/\/graziamagazine.com\/es","push-errors":false,"_links":{"self":[{"href":"https:\/\/graziamagazine.com\/es\/wp-json\/wp\/v2\/articles\/153760"}],"collection":[{"href":"https:\/\/graziamagazine.com\/es\/wp-json\/wp\/v2\/articles"}],"about":[{"href":"https:\/\/graziamagazine.com\/es\/wp-json\/wp\/v2\/types\/articles"}],"author":[{"embeddable":true,"href":"https:\/\/graziamagazine.com\/es\/wp-json\/wp\/v2\/users\/11656"}],"wp:featuredmedia":[{"embeddable":true,"href":"https:\/\/graziamagazine.com\/es\/wp-json\/wp\/v2\/media\/153761"}],"wp:attachment":[{"href":"https:\/\/graziamagazine.com\/es\/wp-json\/wp\/v2\/media?parent=153760"}],"wp:term":[{"taxonomy":"category","embeddable":true,"href":"https:\/\/graziamagazine.com\/es\/wp-json\/wp\/v2\/categories?post=153760"}],"curies":[{"name":"wp","href":"https:\/\/api.w.org\/{rel}","templated":true}]}}