{"id":153714,"date":"2020-04-02T17:57:16","date_gmt":"2020-04-02T15:57:16","guid":{"rendered":"https:\/\/graziamagazine.com\/es\/?p=153714"},"modified":"2020-04-02T17:59:27","modified_gmt":"2020-04-02T15:59:27","slug":"valentino-y-balmain-donan-un-millon-de-euros-al-hospital-de-ifema-en-madrid","status":"publish","type":"articles","link":"https:\/\/graziamagazine.com\/es\/articles\/valentino-y-balmain-donan-un-millon-de-euros-al-hospital-de-ifema-en-madrid\/","title":{"rendered":"Valentino y Balmain donan un mill\u00f3n de euros al hospital de IFEMA en Madrid"},"content":{"rendered":"<p>El mundo de la moda sigue volc\u00e1ndose con ayudas al sector sanitario para tratar de frenar la crisis provocada por el COVID-19. Empresas como Inditex, Mango, LVMH no est\u00e1n descansando en buscar soluciones y apoyo, y ahora un nuevo grupo se suma a la escena internacional.<\/p>\n<p>Se trata de <strong>Mayhoola<\/strong>, el fondo catar\u00ed propietario de las firmas de lujo <strong>Valentino, Balmain y Pal Zileri<\/strong>, quien ha anunciado la <strong>donaci\u00f3n de 1 mill\u00f3n de euros para el hospital de campa\u00f1a que se ha equipado en tiempo r\u00e9cord en los pabellones de IFEMA, en Madrid<\/strong>. Una noticia que ha anunciado Valentino a trav\u00e9s de las historias de su perfil de Instagram.<\/p>\n<p><img loading=\"lazy\" decoding=\"async\" class=\"aligncenter size-full wp-image-153715\" src=\"https:\/\/graziamagazine.com\/es\/wp-content\/uploads\/sites\/12\/2020\/04\/Captura-de-pantalla-2020-04-02-a-las-17.41.31.png\" alt=\"Valentino y Balmain donan un mill\u00f3n de euros al hospital de IFEMA en Madrid\" width=\"415\" height=\"644\" srcset=\"https:\/\/graziamagazine.com\/es\/wp-content\/uploads\/sites\/12\/2020\/04\/Captura-de-pantalla-2020-04-02-a-las-17.41.31.png 415w, https:\/\/graziamagazine.com\/es\/wp-content\/uploads\/sites\/12\/2020\/04\/Captura-de-pantalla-2020-04-02-a-las-17.41.31.png?resize=193,300 193w, https:\/\/graziamagazine.com\/es\/wp-content\/uploads\/sites\/12\/2020\/04\/Captura-de-pantalla-2020-04-02-a-las-17.41.31.png?resize=139,215 139w\" sizes=\"(max-width: 415px) 100vw, 415px\" \/><\/p>\n<p>&nbsp;<\/p>\n<p>En Madrid se concentran, desafortunadamente, el mayor n\u00famero de pacientes, una situaci\u00f3n extraordinaria que ha hecho que el espacio habitual donde se concentran las ferias y eventos, ahora sea un hospital de campa\u00f1a, al que ir\u00e1n destinados camas, respiradores, mascarillas y trajes de protecci\u00f3n para los sanitarios.<\/p>\n<p>Con esta donaci\u00f3n millonaria, que todos los espa\u00f1oles agradecemos, el grupo extiende su apoyo al segundo pa\u00eds de Europa m\u00e1s afectado por la pandemia. Anteriormente, apenas hace unos d\u00edas, anunciaba <strong>la donaci\u00f3n para Italia de 2 millones de euros<\/strong>, uno destinado para ayudar a las Unidades de Cuidados Intensivos del Hospital Luigi Sacco en Mil\u00e1n y otro al Departamento de Protecci\u00f3n Civil de Italia.<\/p>\n<div id=\"wmass~456170000002021\">\n<div id=\"jw-0202102021\" class=\"jwplayer jw-reset jw-state-complete jw-stretch-uniform jw-flag-aspect-mode jw-flag-controls-hidden jw-flag-outstream jw-breakpoint-3\" tabindex=\"0\" role=\"application\" aria-label=\"Reproductor de Video\">\n<div class=\"jw-aspect jw-reset\">Desde aqu\u00ed nuestro aplauso a este tipo de aportaciones que nos demuestran c\u00f3mo el mundo de la moda y el lujo est\u00e1n comprometidos con las circunstancias sociales que ahora mismo vivimos en todo el mundo.<\/div>\n<\/div>\n<\/div>\n<div><\/div>\n<div><em>*Imagen: Getty Images<\/em><\/div>\n<div id=\"wmass~456170000002021\">\n<div id=\"jw-0202102021\" class=\"jwplayer jw-reset jw-state-complete jw-stretch-uniform jw-flag-aspect-mode jw-flag-controls-hidden jw-flag-outstream jw-breakpoint-3\" tabindex=\"0\" role=\"application\" aria-label=\"Reproductor de Video\">\n<div class=\"jw-wrapper jw-reset\"><\/div>\n<div class=\"afs_ads\"><\/div>\n<\/div>\n<div><\/div>\n<\/div>\n","protected":false},"author":11653,"featured_media":153717,"template":"","format":"standard","categories":[2971,2134,1],"acf":{"banner":null},"yoast_head":"<!-- This site is optimized with the Yoast SEO Premium plugin v18.5 (Yoast SEO v20.4) - https:\/\/yoast.com\/wordpress\/plugins\/seo\/ -->\n<title>Valentino y Balmain donan un mill\u00f3n de euros al hospital de IFEMA en Madrid | Grazia<\/title>\n<meta name=\"description\" content=\"El grupo Mayhoola apoya al hospital m\u00e1s grande que ahora mismo est\u00e1 operativo en Espa\u00f1a. \u00a1Bravo!\" \/>\n<meta name=\"robots\" content=\"index, follow, max-snippet:-1, max-image-preview:large, max-video-preview:-1\" \/>\n<link rel=\"canonical\" href=\"https:\/\/graziamagazine.com\/es\/articles\/valentino-y-balmain-donan-un-millon-de-euros-al-hospital-de-ifema-en-madrid\/\" \/>\n<meta property=\"og:locale\" content=\"es_ES\" \/>\n<meta property=\"og:type\" content=\"article\" \/>\n<meta property=\"og:title\" content=\"Valentino y Balmain donan un mill\u00f3n de euros al hospital de IFEMA en Madrid\" \/>\n<meta property=\"og:description\" content=\"El grupo Mayhoola apoya al hospital m\u00e1s grande que ahora mismo est\u00e1 operativo en Espa\u00f1a. \u00a1Bravo!\" \/>\n<meta property=\"og:url\" content=\"https:\/\/graziamagazine.com\/es\/articles\/valentino-y-balmain-donan-un-millon-de-euros-al-hospital-de-ifema-en-madrid\/\" \/>\n<meta property=\"og:site_name\" content=\"Grazia\" \/>\n<meta property=\"article:modified_time\" content=\"2020-04-02T15:59:27+00:00\" \/>\n<meta property=\"og:image\" content=\"https:\/\/graziamagazine.com\/es\/wp-content\/uploads\/sites\/12\/2020\/04\/balmain.jpg?fit=1200%2C800\" \/>\n\t<meta property=\"og:image:width\" content=\"1200\" \/>\n\t<meta property=\"og:image:height\" content=\"800\" \/>\n\t<meta property=\"og:image:type\" content=\"image\/jpeg\" \/>\n<meta name=\"twitter:card\" content=\"summary_large_image\" \/>\n<meta name=\"twitter:label1\" content=\"Est. reading time\" \/>\n\t<meta name=\"twitter:data1\" content=\"1 minuto\" \/>\n<script type=\"application\/ld+json\" class=\"yoast-schema-graph\">{\"@context\":\"https:\/\/schema.org\",\"@graph\":[{\"@type\":\"WebPage\",\"@id\":\"https:\/\/graziamagazine.com\/es\/articles\/valentino-y-balmain-donan-un-millon-de-euros-al-hospital-de-ifema-en-madrid\/\",\"url\":\"https:\/\/graziamagazine.com\/es\/articles\/valentino-y-balmain-donan-un-millon-de-euros-al-hospital-de-ifema-en-madrid\/\",\"name\":\"Valentino y Balmain donan un mill\u00f3n de euros al hospital de IFEMA en Madrid | Grazia\",\"isPartOf\":{\"@id\":\"https:\/\/graziamagazine.com\/es\/#website\"},\"datePublished\":\"2020-04-02T15:57:16+00:00\",\"dateModified\":\"2020-04-02T15:59:27+00:00\",\"description\":\"El grupo Mayhoola apoya al hospital m\u00e1s grande que ahora mismo est\u00e1 operativo en Espa\u00f1a. \u00a1Bravo!\",\"breadcrumb\":{\"@id\":\"https:\/\/graziamagazine.com\/es\/articles\/valentino-y-balmain-donan-un-millon-de-euros-al-hospital-de-ifema-en-madrid\/#breadcrumb\"},\"inLanguage\":\"es\",\"potentialAction\":[{\"@type\":\"ReadAction\",\"target\":[\"https:\/\/graziamagazine.com\/es\/articles\/valentino-y-balmain-donan-un-millon-de-euros-al-hospital-de-ifema-en-madrid\/\"]}]},{\"@type\":\"BreadcrumbList\",\"@id\":\"https:\/\/graziamagazine.com\/es\/articles\/valentino-y-balmain-donan-un-millon-de-euros-al-hospital-de-ifema-en-madrid\/#breadcrumb\",\"itemListElement\":[{\"@type\":\"ListItem\",\"position\":1,\"name\":\"Portada\",\"item\":\"https:\/\/graziamagazine.com\/es\/\"},{\"@type\":\"ListItem\",\"position\":2,\"name\":\"Valentino y Balmain donan un mill\u00f3n de euros al hospital de IFEMA en Madrid\"}]},{\"@type\":\"WebSite\",\"@id\":\"https:\/\/graziamagazine.com\/es\/#website\",\"url\":\"https:\/\/graziamagazine.com\/es\/\",\"name\":\"Grazia\",\"description\":\"Moda, belleza, celebrities, estilo de vida...\",\"potentialAction\":[{\"@type\":\"SearchAction\",\"target\":{\"@type\":\"EntryPoint\",\"urlTemplate\":\"https:\/\/graziamagazine.com\/es\/?s={search_term_string}\"},\"query-input\":\"required name=search_term_string\"}],\"inLanguage\":\"es\"}]}<\/script>\n<!-- \/ Yoast SEO Premium plugin. -->","yoast_head_json":{"title":"Valentino y Balmain donan un mill\u00f3n de euros al hospital de IFEMA en Madrid | Grazia","description":"El grupo Mayhoola apoya al hospital m\u00e1s grande que ahora mismo est\u00e1 operativo en Espa\u00f1a. \u00a1Bravo!","robots":{"index":"index","follow":"follow","max-snippet":"max-snippet:-1","max-image-preview":"max-image-preview:large","max-video-preview":"max-video-preview:-1"},"canonical":"https:\/\/graziamagazine.com\/es\/articles\/valentino-y-balmain-donan-un-millon-de-euros-al-hospital-de-ifema-en-madrid\/","og_locale":"es_ES","og_type":"article","og_title":"Valentino y Balmain donan un mill\u00f3n de euros al hospital de IFEMA en Madrid","og_description":"El grupo Mayhoola apoya al hospital m\u00e1s grande que ahora mismo est\u00e1 operativo en Espa\u00f1a. \u00a1Bravo!","og_url":"https:\/\/graziamagazine.com\/es\/articles\/valentino-y-balmain-donan-un-millon-de-euros-al-hospital-de-ifema-en-madrid\/","og_site_name":"Grazia","article_modified_time":"2020-04-02T15:59:27+00:00","og_image":[{"width":1200,"height":800,"url":"https:\/\/graziamagazine.com\/es\/wp-content\/uploads\/sites\/12\/2020\/04\/balmain.jpg?fit=1200%2C800","type":"image\/jpeg"}],"twitter_card":"summary_large_image","twitter_misc":{"Est. reading time":"1 minuto"},"schema":{"@context":"https:\/\/schema.org","@graph":[{"@type":"WebPage","@id":"https:\/\/graziamagazine.com\/es\/articles\/valentino-y-balmain-donan-un-millon-de-euros-al-hospital-de-ifema-en-madrid\/","url":"https:\/\/graziamagazine.com\/es\/articles\/valentino-y-balmain-donan-un-millon-de-euros-al-hospital-de-ifema-en-madrid\/","name":"Valentino y Balmain donan un mill\u00f3n de euros al hospital de IFEMA en Madrid | Grazia","isPartOf":{"@id":"https:\/\/graziamagazine.com\/es\/#website"},"datePublished":"2020-04-02T15:57:16+00:00","dateModified":"2020-04-02T15:59:27+00:00","description":"El grupo Mayhoola apoya al hospital m\u00e1s grande que ahora mismo est\u00e1 operativo en Espa\u00f1a. \u00a1Bravo!","breadcrumb":{"@id":"https:\/\/graziamagazine.com\/es\/articles\/valentino-y-balmain-donan-un-millon-de-euros-al-hospital-de-ifema-en-madrid\/#breadcrumb"},"inLanguage":"es","potentialAction":[{"@type":"ReadAction","target":["https:\/\/graziamagazine.com\/es\/articles\/valentino-y-balmain-donan-un-millon-de-euros-al-hospital-de-ifema-en-madrid\/"]}]},{"@type":"BreadcrumbList","@id":"https:\/\/graziamagazine.com\/es\/articles\/valentino-y-balmain-donan-un-millon-de-euros-al-hospital-de-ifema-en-madrid\/#breadcrumb","itemListElement":[{"@type":"ListItem","position":1,"name":"Portada","item":"https:\/\/graziamagazine.com\/es\/"},{"@type":"ListItem","position":2,"name":"Valentino y Balmain donan un mill\u00f3n de euros al hospital de IFEMA en Madrid"}]},{"@type":"WebSite","@id":"https:\/\/graziamagazine.com\/es\/#website","url":"https:\/\/graziamagazine.com\/es\/","name":"Grazia","description":"Moda, belleza, celebrities, estilo de vida...","potentialAction":[{"@type":"SearchAction","target":{"@type":"EntryPoint","urlTemplate":"https:\/\/graziamagazine.com\/es\/?s={search_term_string}"},"query-input":"required name=search_term_string"}],"inLanguage":"es"}]}},"jetpack_sharing_enabled":true,"distributor_meta":false,"distributor_terms":false,"distributor_media":false,"distributor_original_site_name":"Grazia","distributor_original_site_url":"https:\/\/graziamagazine.com\/es","push-errors":false,"_links":{"self":[{"href":"https:\/\/graziamagazine.com\/es\/wp-json\/wp\/v2\/articles\/153714"}],"collection":[{"href":"https:\/\/graziamagazine.com\/es\/wp-json\/wp\/v2\/articles"}],"about":[{"href":"https:\/\/graziamagazine.com\/es\/wp-json\/wp\/v2\/types\/articles"}],"author":[{"embeddable":true,"href":"https:\/\/graziamagazine.com\/es\/wp-json\/wp\/v2\/users\/11653"}],"wp:featuredmedia":[{"embeddable":true,"href":"https:\/\/graziamagazine.com\/es\/wp-json\/wp\/v2\/media\/153717"}],"wp:attachment":[{"href":"https:\/\/graziamagazine.com\/es\/wp-json\/wp\/v2\/media?parent=153714"}],"wp:term":[{"taxonomy":"category","embeddable":true,"href":"https:\/\/graziamagazine.com\/es\/wp-json\/wp\/v2\/categories?post=153714"}],"curies":[{"name":"wp","href":"https:\/\/api.w.org\/{rel}","templated":true}]}}