{"id":153621,"date":"2020-03-30T09:58:11","date_gmt":"2020-03-30T07:58:11","guid":{"rendered":"https:\/\/graziamagazine.com\/es\/?p=153621"},"modified":"2020-03-30T09:59:39","modified_gmt":"2020-03-30T07:59:39","slug":"gucci-quiere-que-te-unas-a-el-en-su-donacion-mundial-contra-el-coronavirus","status":"publish","type":"articles","link":"https:\/\/graziamagazine.com\/es\/articles\/gucci-quiere-que-te-unas-a-el-en-su-donacion-mundial-contra-el-coronavirus\/","title":{"rendered":"Gucci quiere que te unas a \u00e9l en su donaci\u00f3n mundial contra el coronavirus"},"content":{"rendered":"<p>La industria de la moda est\u00e1 volcada en un movimiento de solidaridad que d\u00eda a d\u00eda nos trae nuevas noticias positivas. <strong>Esta vez es\u00a0Gucci, quien anuncia que har\u00e1 dos donaciones millonarias para campa\u00f1as de\u00a0<em>crowdfonding<\/em>, una destinada al Departamento de Protecci\u00f3n Civil italiano en asociaci\u00f3n con Banca Intensa Sanpaolo, y otra global al Fondo de Respuesta Solidaria COVID-19.<\/strong><\/p>\n<p>La firma nos invita a unirnos a la noble causa y recaudaci\u00f3n de fondos a trav\u00e9s de una campa\u00f1a en Facebook donde podr\u00e1s hacer la donaci\u00f3n. La suma ser\u00e1 utilizada para ayudar a los servicios de salud con equipos especializados y para apresurar la investigaci\u00f3n de vacunas y tratamientos que erradiquen el virus.<\/p>\n<p>Este no es el primer esfuerzo que Gucci hace para combatir la pandemia. El 11 de marzo, el conglomerado de lujo\u00a0<strong>Kering<\/strong>\u00a0anunci\u00f3 una donaci\u00f3n a cuatro hospitales dentro de las regiones de Lombard\u00eda, V\u00e9neto, Toscana y Lacio. Adem\u00e1s, hizo una donaci\u00f3n a la fundaci\u00f3n de la Cruz Roja de Hubei.<\/p>\n<p class=\"linkAfter\">Por su lado, Marco Bizarri, Presidente y CEO de Gucci, junto a Alessandro Michele, declararon que todas las redes sociales de la firma de lujo estar\u00edan difundiendo los mensajes oficiales de salud publica emitidos por la Organizaci\u00f3n Mundial de la Salud con el fin de proteger el bienestar de todos.<\/p>\n<blockquote class=\"instagram-media\" data-instgrm-captioned data-instgrm-permalink=\"https:\/\/www.instagram.com\/p\/B-NARHjCLkD\/?utm_source=ig_embed&amp;utm_campaign=loading\" data-instgrm-version=\"12\" style=\" background:#FFF; border:0; border-radius:3px; box-shadow:0 0 1px 0 rgba(0,0,0,0.5),0 1px 10px 0 rgba(0,0,0,0.15); margin: 1px; max-width:500px; min-width:326px; padding:0; width:99.375%; width:-webkit-calc(100% - 2px); width:calc(100% - 2px);\">\n<div style=\"padding:16px;\"> <a href=\"https:\/\/www.instagram.com\/p\/B-NARHjCLkD\/?utm_source=ig_embed&amp;utm_campaign=loading\" style=\" background:#FFFFFF; line-height:0; padding:0 0; text-align:center; text-decoration:none; width:100%;\" target=\"_blank\"> <\/p>\n<div style=\" display: flex; flex-direction: row; align-items: center;\">\n<div style=\"background-color: #F4F4F4; border-radius: 50%; flex-grow: 0; height: 40px; margin-right: 14px; width: 40px;\"><\/div>\n<div style=\"display: flex; flex-direction: column; flex-grow: 1; justify-content: center;\">\n<div style=\" background-color: #F4F4F4; border-radius: 4px; flex-grow: 0; height: 14px; margin-bottom: 6px; width: 100px;\"><\/div>\n<div style=\" background-color: #F4F4F4; border-radius: 4px; flex-grow: 0; height: 14px; width: 60px;\"><\/div>\n<\/div>\n<\/div>\n<div style=\"padding: 19% 0;\"><\/div>\n<div style=\"display:block; height:50px; margin:0 auto 12px; width:50px;\"><svg width=\"50px\" height=\"50px\" viewBox=\"0 0 60 60\" version=\"1.1\" xmlns=\"https:\/\/www.w3.org\/2000\/svg\" xmlns:xlink=\"https:\/\/www.w3.org\/1999\/xlink\"><g stroke=\"none\" stroke-width=\"1\" fill=\"none\" fill-rule=\"evenodd\"><g transform=\"translate(-511.000000, -20.000000)\" fill=\"#000000\"><g><path d=\"M556.869,30.41 C554.814,30.41 553.148,32.076 553.148,34.131 C553.148,36.186 554.814,37.852 556.869,37.852 C558.924,37.852 560.59,36.186 560.59,34.131 C560.59,32.076 558.924,30.41 556.869,30.41 M541,60.657 C535.114,60.657 530.342,55.887 530.342,50 C530.342,44.114 535.114,39.342 541,39.342 C546.887,39.342 551.658,44.114 551.658,50 C551.658,55.887 546.887,60.657 541,60.657 M541,33.886 C532.1,33.886 524.886,41.1 524.886,50 C524.886,58.899 532.1,66.113 541,66.113 C549.9,66.113 557.115,58.899 557.115,50 C557.115,41.1 549.9,33.886 541,33.886 M565.378,62.101 C565.244,65.022 564.756,66.606 564.346,67.663 C563.803,69.06 563.154,70.057 562.106,71.106 C561.058,72.155 560.06,72.803 558.662,73.347 C557.607,73.757 556.021,74.244 553.102,74.378 C549.944,74.521 548.997,74.552 541,74.552 C533.003,74.552 532.056,74.521 528.898,74.378 C525.979,74.244 524.393,73.757 523.338,73.347 C521.94,72.803 520.942,72.155 519.894,71.106 C518.846,70.057 518.197,69.06 517.654,67.663 C517.244,66.606 516.755,65.022 516.623,62.101 C516.479,58.943 516.448,57.996 516.448,50 C516.448,42.003 516.479,41.056 516.623,37.899 C516.755,34.978 517.244,33.391 517.654,32.338 C518.197,30.938 518.846,29.942 519.894,28.894 C520.942,27.846 521.94,27.196 523.338,26.654 C524.393,26.244 525.979,25.756 528.898,25.623 C532.057,25.479 533.004,25.448 541,25.448 C548.997,25.448 549.943,25.479 553.102,25.623 C556.021,25.756 557.607,26.244 558.662,26.654 C560.06,27.196 561.058,27.846 562.106,28.894 C563.154,29.942 563.803,30.938 564.346,32.338 C564.756,33.391 565.244,34.978 565.378,37.899 C565.522,41.056 565.552,42.003 565.552,50 C565.552,57.996 565.522,58.943 565.378,62.101 M570.82,37.631 C570.674,34.438 570.167,32.258 569.425,30.349 C568.659,28.377 567.633,26.702 565.965,25.035 C564.297,23.368 562.623,22.342 560.652,21.575 C558.743,20.834 556.562,20.326 553.369,20.18 C550.169,20.033 549.148,20 541,20 C532.853,20 531.831,20.033 528.631,20.18 C525.438,20.326 523.257,20.834 521.349,21.575 C519.376,22.342 517.703,23.368 516.035,25.035 C514.368,26.702 513.342,28.377 512.574,30.349 C511.834,32.258 511.326,34.438 511.181,37.631 C511.035,40.831 511,41.851 511,50 C511,58.147 511.035,59.17 511.181,62.369 C511.326,65.562 511.834,67.743 512.574,69.651 C513.342,71.625 514.368,73.296 516.035,74.965 C517.703,76.634 519.376,77.658 521.349,78.425 C523.257,79.167 525.438,79.673 528.631,79.82 C531.831,79.965 532.853,80.001 541,80.001 C549.148,80.001 550.169,79.965 553.369,79.82 C556.562,79.673 558.743,79.167 560.652,78.425 C562.623,77.658 564.297,76.634 565.965,74.965 C567.633,73.296 568.659,71.625 569.425,69.651 C570.167,67.743 570.674,65.562 570.82,62.369 C570.966,59.17 571,58.147 571,50 C571,41.851 570.966,40.831 570.82,37.631\"><\/path><\/g><\/g><\/g><\/svg><\/div>\n<div style=\"padding-top: 8px;\">\n<div style=\" color:#3897f0; font-family:Arial,sans-serif; font-size:14px; font-style:normal; font-weight:550; line-height:18px;\"> View this post on Instagram<\/div>\n<\/div>\n<div style=\"padding: 12.5% 0;\"><\/div>\n<div style=\"display: flex; flex-direction: row; margin-bottom: 14px; align-items: center;\">\n<div>\n<div style=\"background-color: #F4F4F4; border-radius: 50%; height: 12.5px; width: 12.5px; transform: translateX(0px) translateY(7px);\"><\/div>\n<div style=\"background-color: #F4F4F4; height: 12.5px; transform: rotate(-45deg) translateX(3px) translateY(1px); width: 12.5px; flex-grow: 0; margin-right: 14px; margin-left: 2px;\"><\/div>\n<div style=\"background-color: #F4F4F4; border-radius: 50%; height: 12.5px; width: 12.5px; transform: translateX(9px) translateY(-18px);\"><\/div>\n<\/div>\n<div style=\"margin-left: 8px;\">\n<div style=\" background-color: #F4F4F4; border-radius: 50%; flex-grow: 0; height: 20px; width: 20px;\"><\/div>\n<div style=\" width: 0; height: 0; border-top: 2px solid transparent; border-left: 6px solid #f4f4f4; border-bottom: 2px solid transparent; transform: translateX(16px) translateY(-4px) rotate(30deg)\"><\/div>\n<\/div>\n<div style=\"margin-left: auto;\">\n<div style=\" width: 0px; border-top: 8px solid #F4F4F4; border-right: 8px solid transparent; transform: translateY(16px);\"><\/div>\n<div style=\" background-color: #F4F4F4; flex-grow: 0; height: 12px; width: 16px; transform: translateY(-4px);\"><\/div>\n<div style=\" width: 0; height: 0; border-top: 8px solid #F4F4F4; border-left: 8px solid transparent; transform: translateY(-4px) translateX(8px);\"><\/div>\n<\/div>\n<\/div>\n<p><\/a> <\/p>\n<p style=\" margin:8px 0 0 0; padding:0 4px;\"> <a href=\"https:\/\/www.instagram.com\/p\/B-NARHjCLkD\/?utm_source=ig_embed&amp;utm_campaign=loading\" style=\" color:#000; font-family:Arial,sans-serif; font-size:14px; font-style:normal; font-weight:normal; line-height:17px; text-decoration:none; word-wrap:break-word;\" target=\"_blank\" target=\"_blank\">We Are All in This Together. Gucci stands with its global community to fight the #Covid19 pandemic by making two separate donations to crowdfunding campaigns. Locally, in Italy where the company is based, a 1 million euros donation to the Italian Civil Protection Department #DipartimentoProtezioneCivile in partnership with @intesasanpaolo\u2019s #ForFunding platform to reinforce Italy\u2019s health services and to source new ICU beds. Globally, Gucci donated 1 million euros to the United Nations Foundation\u2019s Covid-19 Solidarity Response Fund in support of the World Health Organization @who through Facebook\u2019s US$10 million Matching Fundraiser to monitor and collect data on the spread of the virus to strengthen ICUs across the world, supply protection equipment to health personnel and fast-track the creation of vaccines and therapies. The initiatives are captured in an original illustration gifted by Rome-based artist @mp5art, a person who holds their hand on their heart a message of human solidarity. \u201cGucci has created a world, open and free: a Gucci global community. We ask all of you to be the changemakers in this crisis, to stand together with us in the fight against the Coronavirus. We are all in this together,\u201d say @alessandro_michele, Creative Director of Gucci, and #MarcoBizzarri, President and CEO of Gucci. Calling on our #GucciCommunity to join with us, give through our Donate Sticker on Stories to the United Nations Foundation\u2019s Covid-19 Solidarity Response Fund in support of the World Health Organization @who, and on gucci.forfunding.it to donate to the Italian Civil Protection Department #DipartimentoProtezioneCivile. Discover more about the crowdfunding campaigns through link in bio. Starting from tomorrow, Gucci\u2019s social channels will feature the official messages of @who to help spread useful information and prevention for the virus. #StaySafe #FlattenTheCurve<\/a><\/p>\n<p style=\" color:#c9c8cd; font-family:Arial,sans-serif; font-size:14px; line-height:17px; margin-bottom:0; margin-top:8px; overflow:hidden; padding:8px 0 7px; text-align:center; text-overflow:ellipsis; white-space:nowrap;\">A post shared by <a href=\"https:\/\/www.instagram.com\/gucci\/?utm_source=ig_embed&amp;utm_campaign=loading\" style=\" color:#c9c8cd; font-family:Arial,sans-serif; font-size:14px; font-style:normal; font-weight:normal; line-height:17px;\" target=\"_blank\" target=\"_blank\"> Gucci<\/a> (@gucci) on <time style=\" font-family:Arial,sans-serif; font-size:14px; line-height:17px;\" datetime=\"2020-03-26T16:15:09+00:00\">Mar 26, 2020 at 9:15am PDT<\/time><\/p>\n<\/div>\n<\/blockquote>\n<p><script async src=\"\/\/www.instagram.com\/embed.js\"><\/script><\/p>\n","protected":false},"author":24470,"featured_media":153623,"template":"","format":"standard","categories":[2971],"acf":{"banner":null},"yoast_head":"<!-- This site is optimized with the Yoast SEO Premium plugin v18.5 (Yoast SEO v20.4) - https:\/\/yoast.com\/wordpress\/plugins\/seo\/ -->\n<title>Gucci quiere que te unas a \u00e9l en su donaci\u00f3n mundial contra el coronavirus | Grazia<\/title>\n<meta name=\"description\" content=\"Gucci dona a Italia y el mundo para combatir la pandemia que hoy acecha al mundo entero y t\u00fa te puedes unir a la noble causa a trav\u00e9s de Facebook.\" \/>\n<meta name=\"robots\" content=\"index, follow, max-snippet:-1, max-image-preview:large, max-video-preview:-1\" \/>\n<link rel=\"canonical\" href=\"https:\/\/graziamagazine.com\/es\/articles\/gucci-quiere-que-te-unas-a-el-en-su-donacion-mundial-contra-el-coronavirus\/\" \/>\n<meta property=\"og:locale\" content=\"es_ES\" \/>\n<meta property=\"og:type\" content=\"article\" \/>\n<meta property=\"og:title\" content=\"Gucci quiere que te unas a \u00e9l en su donaci\u00f3n mundial contra el coronavirus\" \/>\n<meta property=\"og:description\" content=\"Gucci dona a Italia y el mundo para combatir la pandemia que hoy acecha al mundo entero y t\u00fa te puedes unir a la noble causa a trav\u00e9s de Facebook.\" \/>\n<meta property=\"og:url\" content=\"https:\/\/graziamagazine.com\/es\/articles\/gucci-quiere-que-te-unas-a-el-en-su-donacion-mundial-contra-el-coronavirus\/\" \/>\n<meta property=\"og:site_name\" content=\"Grazia\" \/>\n<meta property=\"article:modified_time\" content=\"2020-03-30T07:59:39+00:00\" \/>\n<meta property=\"og:image\" content=\"https:\/\/graziamagazine.com\/es\/wp-content\/uploads\/sites\/12\/2020\/03\/Captura-de-pantalla-2020-03-30-a-las-09.56.33.png?fit=1366%2C593\" \/>\n\t<meta property=\"og:image:width\" content=\"1366\" \/>\n\t<meta property=\"og:image:height\" content=\"593\" \/>\n\t<meta property=\"og:image:type\" content=\"image\/png\" \/>\n<meta name=\"twitter:card\" content=\"summary_large_image\" \/>\n<meta name=\"twitter:label1\" content=\"Est. reading time\" \/>\n\t<meta name=\"twitter:data1\" content=\"1 minuto\" \/>\n<script type=\"application\/ld+json\" class=\"yoast-schema-graph\">{\"@context\":\"https:\/\/schema.org\",\"@graph\":[{\"@type\":\"WebPage\",\"@id\":\"https:\/\/graziamagazine.com\/es\/articles\/gucci-quiere-que-te-unas-a-el-en-su-donacion-mundial-contra-el-coronavirus\/\",\"url\":\"https:\/\/graziamagazine.com\/es\/articles\/gucci-quiere-que-te-unas-a-el-en-su-donacion-mundial-contra-el-coronavirus\/\",\"name\":\"Gucci quiere que te unas a \u00e9l en su donaci\u00f3n mundial contra el coronavirus | Grazia\",\"isPartOf\":{\"@id\":\"https:\/\/graziamagazine.com\/es\/#website\"},\"datePublished\":\"2020-03-30T07:58:11+00:00\",\"dateModified\":\"2020-03-30T07:59:39+00:00\",\"description\":\"Gucci dona a Italia y el mundo para combatir la pandemia que hoy acecha al mundo entero y t\u00fa te puedes unir a la noble causa a trav\u00e9s de Facebook.\",\"breadcrumb\":{\"@id\":\"https:\/\/graziamagazine.com\/es\/articles\/gucci-quiere-que-te-unas-a-el-en-su-donacion-mundial-contra-el-coronavirus\/#breadcrumb\"},\"inLanguage\":\"es\",\"potentialAction\":[{\"@type\":\"ReadAction\",\"target\":[\"https:\/\/graziamagazine.com\/es\/articles\/gucci-quiere-que-te-unas-a-el-en-su-donacion-mundial-contra-el-coronavirus\/\"]}]},{\"@type\":\"BreadcrumbList\",\"@id\":\"https:\/\/graziamagazine.com\/es\/articles\/gucci-quiere-que-te-unas-a-el-en-su-donacion-mundial-contra-el-coronavirus\/#breadcrumb\",\"itemListElement\":[{\"@type\":\"ListItem\",\"position\":1,\"name\":\"Portada\",\"item\":\"https:\/\/graziamagazine.com\/es\/\"},{\"@type\":\"ListItem\",\"position\":2,\"name\":\"Gucci quiere que te unas a \u00e9l en su donaci\u00f3n mundial contra el coronavirus\"}]},{\"@type\":\"WebSite\",\"@id\":\"https:\/\/graziamagazine.com\/es\/#website\",\"url\":\"https:\/\/graziamagazine.com\/es\/\",\"name\":\"Grazia\",\"description\":\"Moda, belleza, celebrities, estilo de vida...\",\"potentialAction\":[{\"@type\":\"SearchAction\",\"target\":{\"@type\":\"EntryPoint\",\"urlTemplate\":\"https:\/\/graziamagazine.com\/es\/?s={search_term_string}\"},\"query-input\":\"required name=search_term_string\"}],\"inLanguage\":\"es\"}]}<\/script>\n<!-- \/ Yoast SEO Premium plugin. -->","yoast_head_json":{"title":"Gucci quiere que te unas a \u00e9l en su donaci\u00f3n mundial contra el coronavirus | Grazia","description":"Gucci dona a Italia y el mundo para combatir la pandemia que hoy acecha al mundo entero y t\u00fa te puedes unir a la noble causa a trav\u00e9s de Facebook.","robots":{"index":"index","follow":"follow","max-snippet":"max-snippet:-1","max-image-preview":"max-image-preview:large","max-video-preview":"max-video-preview:-1"},"canonical":"https:\/\/graziamagazine.com\/es\/articles\/gucci-quiere-que-te-unas-a-el-en-su-donacion-mundial-contra-el-coronavirus\/","og_locale":"es_ES","og_type":"article","og_title":"Gucci quiere que te unas a \u00e9l en su donaci\u00f3n mundial contra el coronavirus","og_description":"Gucci dona a Italia y el mundo para combatir la pandemia que hoy acecha al mundo entero y t\u00fa te puedes unir a la noble causa a trav\u00e9s de Facebook.","og_url":"https:\/\/graziamagazine.com\/es\/articles\/gucci-quiere-que-te-unas-a-el-en-su-donacion-mundial-contra-el-coronavirus\/","og_site_name":"Grazia","article_modified_time":"2020-03-30T07:59:39+00:00","og_image":[{"width":1366,"height":593,"url":"https:\/\/graziamagazine.com\/es\/wp-content\/uploads\/sites\/12\/2020\/03\/Captura-de-pantalla-2020-03-30-a-las-09.56.33.png?fit=1366%2C593","type":"image\/png"}],"twitter_card":"summary_large_image","twitter_misc":{"Est. reading time":"1 minuto"},"schema":{"@context":"https:\/\/schema.org","@graph":[{"@type":"WebPage","@id":"https:\/\/graziamagazine.com\/es\/articles\/gucci-quiere-que-te-unas-a-el-en-su-donacion-mundial-contra-el-coronavirus\/","url":"https:\/\/graziamagazine.com\/es\/articles\/gucci-quiere-que-te-unas-a-el-en-su-donacion-mundial-contra-el-coronavirus\/","name":"Gucci quiere que te unas a \u00e9l en su donaci\u00f3n mundial contra el coronavirus | Grazia","isPartOf":{"@id":"https:\/\/graziamagazine.com\/es\/#website"},"datePublished":"2020-03-30T07:58:11+00:00","dateModified":"2020-03-30T07:59:39+00:00","description":"Gucci dona a Italia y el mundo para combatir la pandemia que hoy acecha al mundo entero y t\u00fa te puedes unir a la noble causa a trav\u00e9s de Facebook.","breadcrumb":{"@id":"https:\/\/graziamagazine.com\/es\/articles\/gucci-quiere-que-te-unas-a-el-en-su-donacion-mundial-contra-el-coronavirus\/#breadcrumb"},"inLanguage":"es","potentialAction":[{"@type":"ReadAction","target":["https:\/\/graziamagazine.com\/es\/articles\/gucci-quiere-que-te-unas-a-el-en-su-donacion-mundial-contra-el-coronavirus\/"]}]},{"@type":"BreadcrumbList","@id":"https:\/\/graziamagazine.com\/es\/articles\/gucci-quiere-que-te-unas-a-el-en-su-donacion-mundial-contra-el-coronavirus\/#breadcrumb","itemListElement":[{"@type":"ListItem","position":1,"name":"Portada","item":"https:\/\/graziamagazine.com\/es\/"},{"@type":"ListItem","position":2,"name":"Gucci quiere que te unas a \u00e9l en su donaci\u00f3n mundial contra el coronavirus"}]},{"@type":"WebSite","@id":"https:\/\/graziamagazine.com\/es\/#website","url":"https:\/\/graziamagazine.com\/es\/","name":"Grazia","description":"Moda, belleza, celebrities, estilo de vida...","potentialAction":[{"@type":"SearchAction","target":{"@type":"EntryPoint","urlTemplate":"https:\/\/graziamagazine.com\/es\/?s={search_term_string}"},"query-input":"required name=search_term_string"}],"inLanguage":"es"}]}},"jetpack_sharing_enabled":true,"distributor_meta":false,"distributor_terms":false,"distributor_media":false,"distributor_original_site_name":"Grazia","distributor_original_site_url":"https:\/\/graziamagazine.com\/es","push-errors":false,"_links":{"self":[{"href":"https:\/\/graziamagazine.com\/es\/wp-json\/wp\/v2\/articles\/153621"}],"collection":[{"href":"https:\/\/graziamagazine.com\/es\/wp-json\/wp\/v2\/articles"}],"about":[{"href":"https:\/\/graziamagazine.com\/es\/wp-json\/wp\/v2\/types\/articles"}],"author":[{"embeddable":true,"href":"https:\/\/graziamagazine.com\/es\/wp-json\/wp\/v2\/users\/24470"}],"wp:featuredmedia":[{"embeddable":true,"href":"https:\/\/graziamagazine.com\/es\/wp-json\/wp\/v2\/media\/153623"}],"wp:attachment":[{"href":"https:\/\/graziamagazine.com\/es\/wp-json\/wp\/v2\/media?parent=153621"}],"wp:term":[{"taxonomy":"category","embeddable":true,"href":"https:\/\/graziamagazine.com\/es\/wp-json\/wp\/v2\/categories?post=153621"}],"curies":[{"name":"wp","href":"https:\/\/api.w.org\/{rel}","templated":true}]}}