{"id":153569,"date":"2020-03-26T21:56:20","date_gmt":"2020-03-26T20:56:20","guid":{"rendered":"https:\/\/graziamagazine.com\/es\/?p=153569"},"modified":"2020-03-27T10:00:27","modified_gmt":"2020-03-27T09:00:27","slug":"unidos-ganamos","status":"publish","type":"articles","link":"https:\/\/graziamagazine.com\/es\/articles\/unidos-ganamos\/","title":{"rendered":"El mensaje de Grazia China y Grazia Italia: \u00a1Unidos ganamos!"},"content":{"rendered":"<h2 style=\"text-align: center;\"><em><span class=\"\">Volveremos a abrazarnos<\/span><\/em><\/h2>\n<div class=\"\"><span class=\"\">Los hermosos d\u00edas volver\u00e1n y m\u00e1s que nunca tendremos que brillar. Una nueva primavera llegar\u00e1 al mundo y la alegr\u00eda de vivir nos abrumar\u00e1. Las voces importantes de los dos pa\u00edses hasta ahora m\u00e1s afectados por la pandemia, <i class=\"\">Grazia<\/i> Italia y <i class=\"\">Grazia<\/i> China, tienen un alto valor de hermandad, como lo demuestra nuestra portada [\u2026]. Todo estar\u00e1 bien. Lo haremos todos juntos.<\/span><\/div>\n<div><\/div>\n<div><img loading=\"lazy\" decoding=\"async\" class=\"aligncenter size-full wp-image-153581\" src=\"https:\/\/graziamagazine.com\/es\/wp-content\/uploads\/sites\/12\/2020\/03\/Captura-de-pantalla-2020-03-26-a-las-21.37.20.png\" alt=\"Unidos ganamos\" width=\"576\" height=\"721\" srcset=\"https:\/\/graziamagazine.com\/es\/wp-content\/uploads\/sites\/12\/2020\/03\/Captura-de-pantalla-2020-03-26-a-las-21.37.20.png 576w, https:\/\/graziamagazine.com\/es\/wp-content\/uploads\/sites\/12\/2020\/03\/Captura-de-pantalla-2020-03-26-a-las-21.37.20.png?resize=240,300 240w, https:\/\/graziamagazine.com\/es\/wp-content\/uploads\/sites\/12\/2020\/03\/Captura-de-pantalla-2020-03-26-a-las-21.37.20.png?resize=155,194 155w\" sizes=\"(max-width: 576px) 100vw, 576px\" \/><\/div>\n<div><\/div>\n<div>Vestido de volantes plisado, <b class=\"\">Valentino<\/b><\/div>\n<div>\n<div class=\"\"><span class=\"\">Aretes, <b class=\"\">Queenie Cao<\/b><\/span><\/div>\n<div class=\"\"><span class=\"\">Zapatos con cordones, <b class=\"\">Camper<\/b><\/span><\/div>\n<div><\/div>\n<\/div>\n<div><img loading=\"lazy\" decoding=\"async\" class=\"aligncenter size-full wp-image-153578\" src=\"https:\/\/graziamagazine.com\/es\/wp-content\/uploads\/sites\/12\/2020\/03\/Captura-de-pantalla-2020-03-26-a-las-21.36.39.png\" alt=\"Unidos ganamos\" width=\"560\" height=\"724\" srcset=\"https:\/\/graziamagazine.com\/es\/wp-content\/uploads\/sites\/12\/2020\/03\/Captura-de-pantalla-2020-03-26-a-las-21.36.39.png 560w, https:\/\/graziamagazine.com\/es\/wp-content\/uploads\/sites\/12\/2020\/03\/Captura-de-pantalla-2020-03-26-a-las-21.36.39.png?resize=232,300 232w, https:\/\/graziamagazine.com\/es\/wp-content\/uploads\/sites\/12\/2020\/03\/Captura-de-pantalla-2020-03-26-a-las-21.36.39.png?resize=155,200 155w\" sizes=\"(max-width: 560px) 100vw, 560px\" \/><\/div>\n<div>\n<div><\/div>\n<div class=\"\"><span class=\"\">Modelo al frente: Vestido con escote cuadrado, <b class=\"\">Priscavera<\/b>; Medias <i class=\"\">vintage<\/i>;<i class=\"\"> <\/i>Mocasines multicolor, <b class=\"\">Camper<\/b><\/span><\/div>\n<div class=\"\"><span class=\"\">Modelo leyendo: Chaqueta y medias, <b class=\"\">Versace<\/b>; <i class=\"\">Top<\/i> y falda, <b class=\"\">Priscavera<\/b>; Escote, <b class=\"\">Coach<\/b><\/span><\/div>\n<div class=\"\"><span class=\"\">Modelo sentada en la mesa: Camisa y falda con estampado floral, y <i class=\"\">knife boots<\/i>; <b class=\"\">Balenciaga<\/b><\/span><\/div>\n<\/div>\n<div><\/div>\n<div><img loading=\"lazy\" decoding=\"async\" class=\"aligncenter size-full wp-image-153583\" src=\"https:\/\/graziamagazine.com\/es\/wp-content\/uploads\/sites\/12\/2020\/03\/Captura-de-pantalla-2020-03-26-a-las-21.37.44.png\" alt=\"Unidos ganamos\" width=\"595\" height=\"718\" srcset=\"https:\/\/graziamagazine.com\/es\/wp-content\/uploads\/sites\/12\/2020\/03\/Captura-de-pantalla-2020-03-26-a-las-21.37.44.png 595w, https:\/\/graziamagazine.com\/es\/wp-content\/uploads\/sites\/12\/2020\/03\/Captura-de-pantalla-2020-03-26-a-las-21.37.44.png?resize=249,300 249w, https:\/\/graziamagazine.com\/es\/wp-content\/uploads\/sites\/12\/2020\/03\/Captura-de-pantalla-2020-03-26-a-las-21.37.44.png?resize=155,187 155w\" sizes=\"(max-width: 595px) 100vw, 595px\" \/><\/div>\n<div><\/div>\n<div>\n<div class=\"\"><span class=\"\"><i class=\"\">Body<\/i>, <b class=\"\">Area<\/b><\/span><\/div>\n<div class=\"\"><span class=\"\">Arracadas, <b class=\"\">Panconesi<\/b><\/span><\/div>\n<div class=\"\"><span class=\"\">Medias <i class=\"\">vintage<\/i><\/span><\/div>\n<\/div>\n<div><\/div>\n<div><img loading=\"lazy\" decoding=\"async\" class=\"aligncenter size-full wp-image-153582\" src=\"https:\/\/graziamagazine.com\/es\/wp-content\/uploads\/sites\/12\/2020\/03\/Captura-de-pantalla-2020-03-26-a-las-21.37.32.png\" alt=\"Unidos ganamos\" width=\"575\" height=\"722\" srcset=\"https:\/\/graziamagazine.com\/es\/wp-content\/uploads\/sites\/12\/2020\/03\/Captura-de-pantalla-2020-03-26-a-las-21.37.32.png 575w, https:\/\/graziamagazine.com\/es\/wp-content\/uploads\/sites\/12\/2020\/03\/Captura-de-pantalla-2020-03-26-a-las-21.37.32.png?resize=239,300 239w, https:\/\/graziamagazine.com\/es\/wp-content\/uploads\/sites\/12\/2020\/03\/Captura-de-pantalla-2020-03-26-a-las-21.37.32.png?resize=155,195 155w\" sizes=\"(max-width: 575px) 100vw, 575px\" \/><\/div>\n<div>\n<div><\/div>\n<div class=\"\"><span class=\"\">Vestido de punto a rayas con cuello tipo polo, <b class=\"\">Iceberg<\/b><\/span><\/div>\n<div class=\"\"><span class=\"\">Medias <i class=\"\">vintage<\/i><\/span><\/div>\n<div class=\"\"><span class=\"\">Zapatos, <b class=\"\">Camper<\/b><\/span><\/div>\n<\/div>\n<div><\/div>\n<div><img loading=\"lazy\" decoding=\"async\" class=\"aligncenter size-full wp-image-153580\" src=\"https:\/\/graziamagazine.com\/es\/wp-content\/uploads\/sites\/12\/2020\/03\/Captura-de-pantalla-2020-03-26-a-las-21.37.09.png\" alt=\"Unidos ganamos\" width=\"568\" height=\"720\" srcset=\"https:\/\/graziamagazine.com\/es\/wp-content\/uploads\/sites\/12\/2020\/03\/Captura-de-pantalla-2020-03-26-a-las-21.37.09.png 568w, https:\/\/graziamagazine.com\/es\/wp-content\/uploads\/sites\/12\/2020\/03\/Captura-de-pantalla-2020-03-26-a-las-21.37.09.png?resize=237,300 237w, https:\/\/graziamagazine.com\/es\/wp-content\/uploads\/sites\/12\/2020\/03\/Captura-de-pantalla-2020-03-26-a-las-21.37.09.png?resize=155,196 155w\" sizes=\"(max-width: 568px) 100vw, 568px\" \/><\/div>\n<div><\/div>\n<div>\n<div class=\"\"><span class=\"\">Vestido lencero, <b class=\"\">Sies Marjan<\/b><\/span><\/div>\n<div class=\"\"><span class=\"\">Medias <i class=\"\">vintage<\/i><\/span><\/div>\n<div class=\"\"><span class=\"\">Sandalias, <b class=\"\">Pierre Hardy<\/b><\/span><\/div>\n<\/div>\n<div><\/div>\n<div><img loading=\"lazy\" decoding=\"async\" class=\"aligncenter size-full wp-image-153579\" src=\"https:\/\/graziamagazine.com\/es\/wp-content\/uploads\/sites\/12\/2020\/03\/Captura-de-pantalla-2020-03-26-a-las-21.36.52.png\" alt=\"Unidos ganamos\" width=\"570\" height=\"719\" srcset=\"https:\/\/graziamagazine.com\/es\/wp-content\/uploads\/sites\/12\/2020\/03\/Captura-de-pantalla-2020-03-26-a-las-21.36.52.png 570w, https:\/\/graziamagazine.com\/es\/wp-content\/uploads\/sites\/12\/2020\/03\/Captura-de-pantalla-2020-03-26-a-las-21.36.52.png?resize=238,300 238w, https:\/\/graziamagazine.com\/es\/wp-content\/uploads\/sites\/12\/2020\/03\/Captura-de-pantalla-2020-03-26-a-las-21.36.52.png?resize=155,196 155w\" sizes=\"(max-width: 570px) 100vw, 570px\" \/><\/div>\n<div><\/div>\n<div>\n<div class=\"\"><span class=\"\">Vestido mini en satin con mangas abombadas, <b class=\"\">Carolina Herrera<\/b><\/span><\/div>\n<\/div>\n<div><\/div>\n<div><img loading=\"lazy\" decoding=\"async\" class=\"aligncenter size-full wp-image-153584\" src=\"https:\/\/graziamagazine.com\/es\/wp-content\/uploads\/sites\/12\/2020\/03\/Captura-de-pantalla-2020-03-26-a-las-21.37.57.png\" alt=\"Unidos ganamos\" width=\"567\" height=\"709\" srcset=\"https:\/\/graziamagazine.com\/es\/wp-content\/uploads\/sites\/12\/2020\/03\/Captura-de-pantalla-2020-03-26-a-las-21.37.57.png 567w, https:\/\/graziamagazine.com\/es\/wp-content\/uploads\/sites\/12\/2020\/03\/Captura-de-pantalla-2020-03-26-a-las-21.37.57.png?resize=240,300 240w, https:\/\/graziamagazine.com\/es\/wp-content\/uploads\/sites\/12\/2020\/03\/Captura-de-pantalla-2020-03-26-a-las-21.37.57.png?resize=155,194 155w\" sizes=\"(max-width: 567px) 100vw, 567px\" \/><\/div>\n<div><\/div>\n<div>\n<div class=\"\"><span class=\"\">Modelo leyendo: Abrigo y <i class=\"\">leggings<\/i>, <b class=\"\">Junya Watanabe<\/b>; <i class=\"\">Sneakers<\/i>, <b class=\"\">Buffalo London x Junya Watanabe<\/b><\/span><\/div>\n<div class=\"\"><span class=\"\">Modelo al frente: Chaqueta, <b class=\"\">Tom Ford<\/b>; Vestido mini de punto, <b class=\"\">Boss<\/b>; Media <i class=\"\">vintage<\/i>; Sandalias, <b class=\"\">Pierre Hardy<\/b><\/span><\/div>\n<\/div>\n<div><\/div>\n<div>&#8212;<\/div>\n<div>*Cr\u00e9ditos:<\/div>\n<div>\n<div class=\"\"><span class=\"\"><strong><em>Direcci\u00f3n creativa<\/em> <\/strong>Katherine Cao<\/span><\/div>\n<div class=\"\"><span class=\"\"><strong><em>Fotograf\u00eda<\/em><\/strong> Shxpir<\/span><\/div>\n<div class=\"\"><span class=\"\"><strong><em>Estilismo de moda<\/em><\/strong> Scott Shapiro<\/span><\/div>\n<div class=\"\"><span class=\"\"><strong><em>Modelos<\/em><\/strong> Mong Chi Chio para System Agency, Dien para New York Model Management, Cat Carney para Nova Management, Nat Renelle para Unite-Unite, Lillian Charlotte para Muse Managemente<\/span><\/div>\n<div class=\"\"><span class=\"\"><strong><em>Maquillaje<\/em><\/strong> Akiko Owada<\/span><\/div>\n<div class=\"\"><span class=\"\"><strong><em>Pelo<\/em><\/strong> Leonardo Manetti<\/span><\/div>\n<div class=\"\"><span class=\"\"><strong><em>Producci\u00f3n<\/em><\/strong> Kenny Chen<\/span><\/div>\n<div class=\"\"><span class=\"\"><strong><em>Asistentes de fotograf\u00eda<\/em><\/strong> Andrew Laurence y Ed Singelton<\/span><\/div>\n<div class=\"\"><span class=\"\"><strong><em>Retoque<\/em><\/strong> Jun para Epstudio<\/span><\/div>\n<div class=\"\"><span class=\"\"><strong><em>Asistente de producci\u00f3n<\/em><\/strong> Harry Pang<\/span><\/div>\n<div class=\"\"><span class=\"\"><strong><em>Asistente de moda<\/em><\/strong> Tevin Consiglio<\/span><\/div>\n<div class=\"\"><span class=\"\"><strong><em>Asistente de maquillaje<\/em><\/strong> Shoko Sawatari<\/span><\/div>\n<div class=\"\"><span class=\"\"><strong><em>Asistente de pelo<\/em><\/strong> Miller Brackett<\/span><\/div>\n<div class=\"\"><span class=\"\"><strong><em>Casting<\/em><\/strong> Sheri Chiu<\/span><\/div>\n<\/div>\n","protected":false},"author":24470,"featured_media":153570,"template":"","format":"standard","categories":[2971,1],"acf":{"banner":null},"yoast_head":"<!-- This site is optimized with the Yoast SEO Premium plugin v18.5 (Yoast SEO v20.4) - https:\/\/yoast.com\/wordpress\/plugins\/seo\/ -->\n<title>El mensaje de Grazia China y Grazia Italia: \u00a1Unidos ganamos! | Grazia<\/title>\n<meta name=\"description\" content=\"Grazia Italia y Grazia China comparten esta historia de portada. Es un mensaje de uni\u00f3n y esperanza en los d\u00edas en que China renace y en Italia crece la esperanza por derrotar la epidemia. Porque solo haciendo un frente com\u00fan volveremos a abrazarnos.\" \/>\n<meta name=\"robots\" content=\"index, follow, max-snippet:-1, max-image-preview:large, max-video-preview:-1\" \/>\n<link rel=\"canonical\" href=\"https:\/\/graziamagazine.com\/es\/articles\/unidos-ganamos\/\" \/>\n<meta property=\"og:locale\" content=\"es_ES\" \/>\n<meta property=\"og:type\" content=\"article\" \/>\n<meta property=\"og:title\" content=\"El mensaje de Grazia China y Grazia Italia: \u00a1Unidos ganamos!\" \/>\n<meta property=\"og:description\" content=\"Grazia Italia y Grazia China comparten esta historia de portada. Es un mensaje de uni\u00f3n y esperanza en los d\u00edas en que China renace y en Italia crece la esperanza por derrotar la epidemia. Porque solo haciendo un frente com\u00fan volveremos a abrazarnos.\" \/>\n<meta property=\"og:url\" content=\"https:\/\/graziamagazine.com\/es\/articles\/unidos-ganamos\/\" \/>\n<meta property=\"og:site_name\" content=\"Grazia\" \/>\n<meta property=\"article:modified_time\" content=\"2020-03-27T09:00:27+00:00\" \/>\n<meta property=\"og:image\" content=\"https:\/\/graziamagazine.com\/es\/wp-content\/uploads\/sites\/12\/2020\/03\/GR-IT-14_20-p135-opening.jpg?fit=1500%2C1200\" \/>\n\t<meta property=\"og:image:width\" content=\"1500\" \/>\n\t<meta property=\"og:image:height\" content=\"1200\" \/>\n\t<meta property=\"og:image:type\" content=\"image\/jpeg\" \/>\n<meta name=\"twitter:card\" content=\"summary_large_image\" \/>\n<meta name=\"twitter:label1\" content=\"Est. reading time\" \/>\n\t<meta name=\"twitter:data1\" content=\"1 minuto\" \/>\n<script type=\"application\/ld+json\" class=\"yoast-schema-graph\">{\"@context\":\"https:\/\/schema.org\",\"@graph\":[{\"@type\":\"WebPage\",\"@id\":\"https:\/\/graziamagazine.com\/es\/articles\/unidos-ganamos\/\",\"url\":\"https:\/\/graziamagazine.com\/es\/articles\/unidos-ganamos\/\",\"name\":\"El mensaje de Grazia China y Grazia Italia: \u00a1Unidos ganamos! | Grazia\",\"isPartOf\":{\"@id\":\"https:\/\/graziamagazine.com\/es\/#website\"},\"datePublished\":\"2020-03-26T20:56:20+00:00\",\"dateModified\":\"2020-03-27T09:00:27+00:00\",\"description\":\"Grazia Italia y Grazia China comparten esta historia de portada. Es un mensaje de uni\u00f3n y esperanza en los d\u00edas en que China renace y en Italia crece la esperanza por derrotar la epidemia. Porque solo haciendo un frente com\u00fan volveremos a abrazarnos.\",\"breadcrumb\":{\"@id\":\"https:\/\/graziamagazine.com\/es\/articles\/unidos-ganamos\/#breadcrumb\"},\"inLanguage\":\"es\",\"potentialAction\":[{\"@type\":\"ReadAction\",\"target\":[\"https:\/\/graziamagazine.com\/es\/articles\/unidos-ganamos\/\"]}]},{\"@type\":\"BreadcrumbList\",\"@id\":\"https:\/\/graziamagazine.com\/es\/articles\/unidos-ganamos\/#breadcrumb\",\"itemListElement\":[{\"@type\":\"ListItem\",\"position\":1,\"name\":\"Portada\",\"item\":\"https:\/\/graziamagazine.com\/es\/\"},{\"@type\":\"ListItem\",\"position\":2,\"name\":\"El mensaje de Grazia China y Grazia Italia: \u00a1Unidos ganamos!\"}]},{\"@type\":\"WebSite\",\"@id\":\"https:\/\/graziamagazine.com\/es\/#website\",\"url\":\"https:\/\/graziamagazine.com\/es\/\",\"name\":\"Grazia\",\"description\":\"Moda, belleza, celebrities, estilo de vida...\",\"potentialAction\":[{\"@type\":\"SearchAction\",\"target\":{\"@type\":\"EntryPoint\",\"urlTemplate\":\"https:\/\/graziamagazine.com\/es\/?s={search_term_string}\"},\"query-input\":\"required name=search_term_string\"}],\"inLanguage\":\"es\"}]}<\/script>\n<!-- \/ Yoast SEO Premium plugin. -->","yoast_head_json":{"title":"El mensaje de Grazia China y Grazia Italia: \u00a1Unidos ganamos! | Grazia","description":"Grazia Italia y Grazia China comparten esta historia de portada. Es un mensaje de uni\u00f3n y esperanza en los d\u00edas en que China renace y en Italia crece la esperanza por derrotar la epidemia. Porque solo haciendo un frente com\u00fan volveremos a abrazarnos.","robots":{"index":"index","follow":"follow","max-snippet":"max-snippet:-1","max-image-preview":"max-image-preview:large","max-video-preview":"max-video-preview:-1"},"canonical":"https:\/\/graziamagazine.com\/es\/articles\/unidos-ganamos\/","og_locale":"es_ES","og_type":"article","og_title":"El mensaje de Grazia China y Grazia Italia: \u00a1Unidos ganamos!","og_description":"Grazia Italia y Grazia China comparten esta historia de portada. Es un mensaje de uni\u00f3n y esperanza en los d\u00edas en que China renace y en Italia crece la esperanza por derrotar la epidemia. Porque solo haciendo un frente com\u00fan volveremos a abrazarnos.","og_url":"https:\/\/graziamagazine.com\/es\/articles\/unidos-ganamos\/","og_site_name":"Grazia","article_modified_time":"2020-03-27T09:00:27+00:00","og_image":[{"width":1500,"height":1200,"url":"https:\/\/graziamagazine.com\/es\/wp-content\/uploads\/sites\/12\/2020\/03\/GR-IT-14_20-p135-opening.jpg?fit=1500%2C1200","type":"image\/jpeg"}],"twitter_card":"summary_large_image","twitter_misc":{"Est. reading time":"1 minuto"},"schema":{"@context":"https:\/\/schema.org","@graph":[{"@type":"WebPage","@id":"https:\/\/graziamagazine.com\/es\/articles\/unidos-ganamos\/","url":"https:\/\/graziamagazine.com\/es\/articles\/unidos-ganamos\/","name":"El mensaje de Grazia China y Grazia Italia: \u00a1Unidos ganamos! | Grazia","isPartOf":{"@id":"https:\/\/graziamagazine.com\/es\/#website"},"datePublished":"2020-03-26T20:56:20+00:00","dateModified":"2020-03-27T09:00:27+00:00","description":"Grazia Italia y Grazia China comparten esta historia de portada. Es un mensaje de uni\u00f3n y esperanza en los d\u00edas en que China renace y en Italia crece la esperanza por derrotar la epidemia. Porque solo haciendo un frente com\u00fan volveremos a abrazarnos.","breadcrumb":{"@id":"https:\/\/graziamagazine.com\/es\/articles\/unidos-ganamos\/#breadcrumb"},"inLanguage":"es","potentialAction":[{"@type":"ReadAction","target":["https:\/\/graziamagazine.com\/es\/articles\/unidos-ganamos\/"]}]},{"@type":"BreadcrumbList","@id":"https:\/\/graziamagazine.com\/es\/articles\/unidos-ganamos\/#breadcrumb","itemListElement":[{"@type":"ListItem","position":1,"name":"Portada","item":"https:\/\/graziamagazine.com\/es\/"},{"@type":"ListItem","position":2,"name":"El mensaje de Grazia China y Grazia Italia: \u00a1Unidos ganamos!"}]},{"@type":"WebSite","@id":"https:\/\/graziamagazine.com\/es\/#website","url":"https:\/\/graziamagazine.com\/es\/","name":"Grazia","description":"Moda, belleza, celebrities, estilo de vida...","potentialAction":[{"@type":"SearchAction","target":{"@type":"EntryPoint","urlTemplate":"https:\/\/graziamagazine.com\/es\/?s={search_term_string}"},"query-input":"required name=search_term_string"}],"inLanguage":"es"}]}},"jetpack_sharing_enabled":true,"distributor_meta":false,"distributor_terms":false,"distributor_media":false,"distributor_original_site_name":"Grazia","distributor_original_site_url":"https:\/\/graziamagazine.com\/es","push-errors":false,"_links":{"self":[{"href":"https:\/\/graziamagazine.com\/es\/wp-json\/wp\/v2\/articles\/153569"}],"collection":[{"href":"https:\/\/graziamagazine.com\/es\/wp-json\/wp\/v2\/articles"}],"about":[{"href":"https:\/\/graziamagazine.com\/es\/wp-json\/wp\/v2\/types\/articles"}],"author":[{"embeddable":true,"href":"https:\/\/graziamagazine.com\/es\/wp-json\/wp\/v2\/users\/24470"}],"wp:featuredmedia":[{"embeddable":true,"href":"https:\/\/graziamagazine.com\/es\/wp-json\/wp\/v2\/media\/153570"}],"wp:attachment":[{"href":"https:\/\/graziamagazine.com\/es\/wp-json\/wp\/v2\/media?parent=153569"}],"wp:term":[{"taxonomy":"category","embeddable":true,"href":"https:\/\/graziamagazine.com\/es\/wp-json\/wp\/v2\/categories?post=153569"}],"curies":[{"name":"wp","href":"https:\/\/api.w.org\/{rel}","templated":true}]}}