{"id":153262,"date":"2020-03-07T02:27:30","date_gmt":"2020-03-07T01:27:30","guid":{"rendered":"https:\/\/graziamagazine.com\/es\/?p=153262"},"modified":"2020-03-07T02:27:30","modified_gmt":"2020-03-07T01:27:30","slug":"twitter-se-convierte-este-8m-en-el-microfono-de-las-mujeres-para-contar-al-mundo-sus-diferentes-realidades","status":"publish","type":"articles","link":"https:\/\/graziamagazine.com\/es\/articles\/twitter-se-convierte-este-8m-en-el-microfono-de-las-mujeres-para-contar-al-mundo-sus-diferentes-realidades\/","title":{"rendered":"Twitter se convierte este #8M en el micr\u00f3fono de las mujeres para contar al mundo sus diferentes realidades"},"content":{"rendered":"<p>Con motivo del D\u00eda Internacional de la Mujer y el Mes de la Historia de la Mujer, Twitter pone en marcha <a href=\"https:\/\/twitter.com\/hashtag\/EveryWoman\" target=\"_blank\">#EveryWoman<\/a>, una campa\u00f1a para promover la inclusi\u00f3n intersectorial de las mujeres en Twitter, en el espacio tecnol\u00f3gico y en la comunidad femenina mundial.<\/p>\n<p><a href=\"https:\/\/twitter.com\/hashtag\/EveryWoman\" target=\"_blank\">#EveryWoman<\/a> tiene como fin destacar y celebrar las voces de mujeres an\u00f3nimas con diferentes realidades que han contado sus historias y sus logros personales con voces fuertes, valientes e inspiradoras, y con un poderoso mensaje de uni\u00f3n y de fuerza. Esta iniciativa destaca las diversas capas de nuestras identidades al tiempo que reconoce sus retos, pero tambi\u00e9n celebra la extraordinaria fortaleza que crean las capas intersectoriales.<\/p>\n<p>En el marco de esta iniciativa, una de las acciones que se han puesto en marcha desde Twitter Espa\u00f1a es la publicaci\u00f3n de los testimonios de tres mujeres an\u00f3nimas pero valientes, que han hecho o\u00edr su voz en Twitter y a trav\u00e9s de diversos hilos\/Tweets han contado al mundo sus excepcionales historias. Ahora Twitter Espa\u00f1a ha recogido sus testimonios en una serie de v\u00eddeos que se podr\u00e1n ver en Twitter bajo el hashtag <a href=\"https:\/\/twitter.com\/hashtag\/EveryWoman\" target=\"_blank\">#EveryWoman<\/a>. Estas son las protagonistas:<\/p>\n<ul>\n<li><a href=\"https:\/\/twitter.com\/noahladelbarrio\" target=\"_blank\">Bella Kal\u00ed<\/a>, una joven de Villaverde Alto que nunca ha dejado que otros le impusieran el que cre\u00edan que deb\u00eda ser su destino (vender en un mercadillo o ser cajera) y tras mucho sacrificio y esfuerzo est\u00e1 a punto de licenciarse. Hoy est\u00e1 orgullosa de poder elegir qui\u00e9n quiere ser.<\/li>\n<li><a href=\"https:\/\/twitter.com\/NegroClavel\" target=\"_blank\">Clavel Negro<\/a>, una joven de origen africano que sufri\u00f3 mutilaci\u00f3n genital cuando ten\u00eda cinco a\u00f1os y lo ha contado al mundo para visibilizar una situaci\u00f3n real para muchas mujeres a\u00fan.<\/li>\n<li><a href=\"https:\/\/twitter.com\/queenofquanta\" target=\"_blank\">La Juani<\/a>, una transexual y cient\u00edfica cu\u00e1ntica que lucha a diario para visibilizar dos mundos en los que por igual se necesitan referentes: las mujeres cient\u00edficas, y las mujeres trans.<\/li>\n<\/ul>\n<p>Con este movimiento, Twitter quiere servir de micr\u00f3fono a las voces de las mujeres, invit\u00e1ndoles a unirse a la conversaci\u00f3n global de<a href=\"https:\/\/twitter.com\/hashtag\/EveryWoman\" target=\"_blank\">#EveryWoman<\/a>. Estos Tweets y las conversaciones que se generen est\u00e1n destinados a inspirar y ayudar a conectar a las mujeres de todo el mundo, celebrar la voz femenina y reivindicar su importancia pues son voces necesarias para visibilizar diferentes realidades, y que sumadas todas, las hacen m\u00e1s fuertes.<\/p>\n<blockquote class=\"twitter-tweet\" data-width=\"500\" data-dnt=\"true\">\n<p lang=\"es\" dir=\"ltr\">Tu voz es necesaria.<\/p>\n<p>Todas nuestras voces suman y, juntas, nos hacen m\u00e1s fuertes.<\/p>\n<p>\u00a1Cu\u00e9ntanos tu historia!  <a href=\"https:\/\/twitter.com\/hashtag\/EveryWoman?src=hash&amp;ref_src=twsrc%5Etfw\" target=\"_blank\">#EveryWoman<\/a> <a href=\"https:\/\/twitter.com\/hashtag\/TodasLasMujeres?src=hash&amp;ref_src=twsrc%5Etfw\" target=\"_blank\">#TodasLasMujeres<\/a> <a href=\"https:\/\/twitter.com\/hashtag\/8M?src=hash&amp;ref_src=twsrc%5Etfw\" target=\"_blank\">#8M<\/a> <a href=\"https:\/\/t.co\/8pLR6w6cAG\" target=\"_blank\">pic.twitter.com\/8pLR6w6cAG<\/a><\/p>\n<p>&mdash; Twitter Espa\u00f1a (@TwitterEspana) <a href=\"https:\/\/twitter.com\/TwitterEspana\/status\/1235634181343936514?ref_src=twsrc%5Etfw\" target=\"_blank\">March 5, 2020<\/a><\/p><\/blockquote>\n<p><script async src=\"https:\/\/platform.twitter.com\/widgets.js\" charset=\"utf-8\"><\/script><\/p>\n<p><strong>Twitter, hogar de la conversaci\u00f3n sobre los derechos de las mujeres<\/strong><\/p>\n<p>Twitter cree que la voz de <a href=\"https:\/\/twitter.com\/hashtag\/EveryWoman\" target=\"_blank\">#TodasLasMujeres\/EveryWoman<\/a> deber\u00eda ser escuchada. De hecho, ya se est\u00e1n escuchando las voces de las mujeres en Twitter, y juntas est\u00e1n formando una conversaci\u00f3n social cre\u00edble y aut\u00e9ntica en torno a la intersectorialidad, feminismo e igualdad. En los \u00faltimos tres a\u00f1os, se han generado m\u00e1s de 125 millones de Tweets sobre feminismo e igualdad, con tres millones de Tweets que mencionan espec\u00edficamente la intersectorialidad durante dicho periodo.<\/p>\n<p>Estos fueron los picos de conversaci\u00f3n m\u00e1s altos sobre feminismo e igualdad en todo el mundo del a\u00f1o pasado:<\/p>\n<ol>\n<li>D\u00eda Internacional de la Mujer 2019 (8 de marzo)<\/li>\n<li>Manifestaciones en Espa\u00f1a en protesta por la violencia contra las mujeres con motivo del D\u00eda Internacional por la Eliminaci\u00f3n de las Violencias hacia las Mujeres (25 de noviembre de 2019)<\/li>\n<li>Discusi\u00f3n sobre feminismo entre dos concursantes de Gran Hermano Brasil (principios de febrero de 2020)<\/li>\n<li>El equipo nacional de f\u00fatbol femenino de EE. UU. (@USWNT) gana la Copa Mundial Femenina de la FIFA; se inici\u00f3 una conversaci\u00f3n sobre la igualdad salarial con el equipo nacional masculino (julio de 2019)<\/li>\n<li>Veredicto de culpabilidad en el caso Harvey Weinstein (24 de febrero de 2020)<\/li>\n<\/ol>\n<p>Durante el D\u00eda Internacional de la Mujer y el Mes de la Historia de la Mujer puedes animar la conversaci\u00f3n en Twitter con los emojis que se activar\u00e1n con los hashtags <a href=\"https:\/\/twitter.com\/hashtag\/TodasLasMujeres\" target=\"_blank\">#TodasLasMujeres<\/a>, <a href=\"https:\/\/twitter.com\/hashtag\/EveryWoman\" target=\"_blank\">#EveryWoman<\/a>, <a href=\"https:\/\/twitter.com\/hashtag\/IWD\" target=\"_blank\">#IWD<\/a>, #<a href=\"https:\/\/twitter.com\/hashtag\/DiaInternacionalDeLaMujer\" target=\"_blank\">DiaInternacionalDeLaMujer<\/a>, <a href=\"https:\/\/twitter.com\/hashtag\/8M\" target=\"_blank\">#8M<\/a>, <a href=\"https:\/\/twitter.com\/hashtag\/InternationalWomensDay\" target=\"_blank\">#InternationalWomensDay<\/a>,<a href=\"https:\/\/twitter.com\/hashtag\/TwitterTogether\" target=\"_blank\">#TwitterTogether<\/a> y <a href=\"https:\/\/twitter.com\/hashtag\/UntilWeAllBelong\" target=\"_blank\">#UntilWeAllBelong<\/a>.<\/p>\n<blockquote class=\"twitter-tweet\" data-width=\"500\" data-dnt=\"true\">\n<p lang=\"en\" dir=\"ltr\">Join <a href=\"https:\/\/twitter.com\/womenforwomenUK?ref_src=twsrc%5Etfw\" target=\"_blank\">@womenforwomenuk<\/a> in their global movement to mark International Women\u2019s Day with a small act of sisterhood that will have a big impact! \ud83d\udc8c<\/p>\n<p>Send a message of hope and support to a woman survivor of war: <a href=\"https:\/\/t.co\/YuCCBHwSUg\" target=\"_blank\">https:\/\/t.co\/YuCCBHwSUg<\/a>  <a href=\"https:\/\/twitter.com\/hashtag\/IWD2020?src=hash&amp;ref_src=twsrc%5Etfw\" target=\"_blank\">#IWD2020<\/a> <a href=\"https:\/\/twitter.com\/hashtag\/MessageToMySister?src=hash&amp;ref_src=twsrc%5Etfw\" target=\"_blank\">#MessageToMySister<\/a> <a href=\"https:\/\/t.co\/KDOZrKx9xs\" target=\"_blank\">https:\/\/t.co\/KDOZrKx9xs<\/a><\/p>\n<p>&mdash; Twitter Women (@TwitterWomen) <a href=\"https:\/\/twitter.com\/TwitterWomen\/status\/1236022580903059456?ref_src=twsrc%5Etfw\" target=\"_blank\">March 6, 2020<\/a><\/p><\/blockquote>\n<p><script async src=\"https:\/\/platform.twitter.com\/widgets.js\" charset=\"utf-8\"><\/script><\/p>\n<p>Adem\u00e1s, el equipo de Moments publicar\u00e1 una lista de las mujeres m\u00e1s influyentes a seguir, incluidas feministas, periodistas, asociaciones, medios de comunicaci\u00f3n\u2026; y <a href=\"https:\/\/twitter.com\/TwitterWomen\" target=\"_blank\">@TwitterWomen<\/a> tambi\u00e9n compilar\u00e1 una lista de mujeres influyentes a seguir y que est\u00e1n preparadas para sacudir el futuro, entre las que se encuentran Greta Thunberg (<a href=\"https:\/\/twitter.com\/GretaThunberg\" target=\"_blank\">@GretaThunberg<\/a>), Grace Vanderwaal (<a href=\"https:\/\/twitter.com\/GraceVanderWaal\" target=\"_blank\">@GraceVanderWaal<\/a>), Emma Gonz\u00e1lez (<a href=\"https:\/\/twitter.com\/Emma4Change\" target=\"_blank\">@Emma4Change<\/a>), Yara Shahidi (<a href=\"https:\/\/twitter.com\/YaraShahidi\" target=\"_blank\">@YaraShahidi<\/a>) o Marley Dias (<a href=\"https:\/\/twitter.com\/iammarleydias\" target=\"_blank\">@iammarleydias<\/a>) entre otras muchas.<\/p>\n<p>Twitter es el lugar para ver lo que est\u00e1 sucediendo y es una plataforma que representa todas las voces femeninas en su diversidad, impulsando las conversaciones que m\u00e1s nos importan y dando forma a la cultura.<\/p>\n","protected":false},"author":24470,"featured_media":153263,"template":"","format":"standard","categories":[2971,2999],"acf":{"banner":null},"yoast_head":"<!-- This site is optimized with the Yoast SEO Premium plugin v18.5 (Yoast SEO v20.4) - https:\/\/yoast.com\/wordpress\/plugins\/seo\/ -->\n<title>Twitter se convierte este #8M en el micr\u00f3fono de las mujeres para contar al mundo sus diferentes realidades | Grazia<\/title>\n<meta name=\"description\" content=\"La red social pone en marcha #EveryWoman para destacar y celebrar las voces de mujeres an\u00f3nimas con diferentes realidades que han contado sus historias y sus logros personales con voces fuertes, valientes e inspiradoras.\" \/>\n<meta name=\"robots\" content=\"index, follow, max-snippet:-1, max-image-preview:large, max-video-preview:-1\" \/>\n<link rel=\"canonical\" href=\"https:\/\/graziamagazine.com\/es\/articles\/twitter-se-convierte-este-8m-en-el-microfono-de-las-mujeres-para-contar-al-mundo-sus-diferentes-realidades\/\" \/>\n<meta property=\"og:locale\" content=\"es_ES\" \/>\n<meta property=\"og:type\" content=\"article\" \/>\n<meta property=\"og:title\" content=\"Twitter se convierte este #8M en el micr\u00f3fono de las mujeres para contar al mundo sus diferentes realidades\" \/>\n<meta property=\"og:description\" content=\"La red social pone en marcha #EveryWoman para destacar y celebrar las voces de mujeres an\u00f3nimas con diferentes realidades que han contado sus historias y sus logros personales con voces fuertes, valientes e inspiradoras.\" \/>\n<meta property=\"og:url\" content=\"https:\/\/graziamagazine.com\/es\/articles\/twitter-se-convierte-este-8m-en-el-microfono-de-las-mujeres-para-contar-al-mundo-sus-diferentes-realidades\/\" \/>\n<meta property=\"og:site_name\" content=\"Grazia\" \/>\n<meta property=\"og:image\" content=\"https:\/\/graziamagazine.com\/es\/wp-content\/uploads\/sites\/12\/2020\/03\/twitter-1.png?fit=1500%2C500\" \/>\n\t<meta property=\"og:image:width\" content=\"1500\" \/>\n\t<meta property=\"og:image:height\" content=\"500\" \/>\n\t<meta property=\"og:image:type\" content=\"image\/png\" \/>\n<meta name=\"twitter:card\" content=\"summary_large_image\" \/>\n<meta name=\"twitter:label1\" content=\"Est. reading time\" \/>\n\t<meta name=\"twitter:data1\" content=\"4 minutos\" \/>\n<script type=\"application\/ld+json\" class=\"yoast-schema-graph\">{\"@context\":\"https:\/\/schema.org\",\"@graph\":[{\"@type\":\"WebPage\",\"@id\":\"https:\/\/graziamagazine.com\/es\/articles\/twitter-se-convierte-este-8m-en-el-microfono-de-las-mujeres-para-contar-al-mundo-sus-diferentes-realidades\/\",\"url\":\"https:\/\/graziamagazine.com\/es\/articles\/twitter-se-convierte-este-8m-en-el-microfono-de-las-mujeres-para-contar-al-mundo-sus-diferentes-realidades\/\",\"name\":\"Twitter se convierte este #8M en el micr\u00f3fono de las mujeres para contar al mundo sus diferentes realidades | Grazia\",\"isPartOf\":{\"@id\":\"https:\/\/graziamagazine.com\/es\/#website\"},\"datePublished\":\"2020-03-07T01:27:30+00:00\",\"dateModified\":\"2020-03-07T01:27:30+00:00\",\"description\":\"La red social pone en marcha #EveryWoman para destacar y celebrar las voces de mujeres an\u00f3nimas con diferentes realidades que han contado sus historias y sus logros personales con voces fuertes, valientes e inspiradoras.\",\"breadcrumb\":{\"@id\":\"https:\/\/graziamagazine.com\/es\/articles\/twitter-se-convierte-este-8m-en-el-microfono-de-las-mujeres-para-contar-al-mundo-sus-diferentes-realidades\/#breadcrumb\"},\"inLanguage\":\"es\",\"potentialAction\":[{\"@type\":\"ReadAction\",\"target\":[\"https:\/\/graziamagazine.com\/es\/articles\/twitter-se-convierte-este-8m-en-el-microfono-de-las-mujeres-para-contar-al-mundo-sus-diferentes-realidades\/\"]}]},{\"@type\":\"BreadcrumbList\",\"@id\":\"https:\/\/graziamagazine.com\/es\/articles\/twitter-se-convierte-este-8m-en-el-microfono-de-las-mujeres-para-contar-al-mundo-sus-diferentes-realidades\/#breadcrumb\",\"itemListElement\":[{\"@type\":\"ListItem\",\"position\":1,\"name\":\"Portada\",\"item\":\"https:\/\/graziamagazine.com\/es\/\"},{\"@type\":\"ListItem\",\"position\":2,\"name\":\"Twitter se convierte este #8M en el micr\u00f3fono de las mujeres para contar al mundo sus diferentes realidades\"}]},{\"@type\":\"WebSite\",\"@id\":\"https:\/\/graziamagazine.com\/es\/#website\",\"url\":\"https:\/\/graziamagazine.com\/es\/\",\"name\":\"Grazia\",\"description\":\"Moda, belleza, celebrities, estilo de vida...\",\"potentialAction\":[{\"@type\":\"SearchAction\",\"target\":{\"@type\":\"EntryPoint\",\"urlTemplate\":\"https:\/\/graziamagazine.com\/es\/?s={search_term_string}\"},\"query-input\":\"required name=search_term_string\"}],\"inLanguage\":\"es\"}]}<\/script>\n<!-- \/ Yoast SEO Premium plugin. -->","yoast_head_json":{"title":"Twitter se convierte este #8M en el micr\u00f3fono de las mujeres para contar al mundo sus diferentes realidades | Grazia","description":"La red social pone en marcha #EveryWoman para destacar y celebrar las voces de mujeres an\u00f3nimas con diferentes realidades que han contado sus historias y sus logros personales con voces fuertes, valientes e inspiradoras.","robots":{"index":"index","follow":"follow","max-snippet":"max-snippet:-1","max-image-preview":"max-image-preview:large","max-video-preview":"max-video-preview:-1"},"canonical":"https:\/\/graziamagazine.com\/es\/articles\/twitter-se-convierte-este-8m-en-el-microfono-de-las-mujeres-para-contar-al-mundo-sus-diferentes-realidades\/","og_locale":"es_ES","og_type":"article","og_title":"Twitter se convierte este #8M en el micr\u00f3fono de las mujeres para contar al mundo sus diferentes realidades","og_description":"La red social pone en marcha #EveryWoman para destacar y celebrar las voces de mujeres an\u00f3nimas con diferentes realidades que han contado sus historias y sus logros personales con voces fuertes, valientes e inspiradoras.","og_url":"https:\/\/graziamagazine.com\/es\/articles\/twitter-se-convierte-este-8m-en-el-microfono-de-las-mujeres-para-contar-al-mundo-sus-diferentes-realidades\/","og_site_name":"Grazia","og_image":[{"width":1500,"height":500,"url":"https:\/\/graziamagazine.com\/es\/wp-content\/uploads\/sites\/12\/2020\/03\/twitter-1.png?fit=1500%2C500","type":"image\/png"}],"twitter_card":"summary_large_image","twitter_misc":{"Est. reading time":"4 minutos"},"schema":{"@context":"https:\/\/schema.org","@graph":[{"@type":"WebPage","@id":"https:\/\/graziamagazine.com\/es\/articles\/twitter-se-convierte-este-8m-en-el-microfono-de-las-mujeres-para-contar-al-mundo-sus-diferentes-realidades\/","url":"https:\/\/graziamagazine.com\/es\/articles\/twitter-se-convierte-este-8m-en-el-microfono-de-las-mujeres-para-contar-al-mundo-sus-diferentes-realidades\/","name":"Twitter se convierte este #8M en el micr\u00f3fono de las mujeres para contar al mundo sus diferentes realidades | Grazia","isPartOf":{"@id":"https:\/\/graziamagazine.com\/es\/#website"},"datePublished":"2020-03-07T01:27:30+00:00","dateModified":"2020-03-07T01:27:30+00:00","description":"La red social pone en marcha #EveryWoman para destacar y celebrar las voces de mujeres an\u00f3nimas con diferentes realidades que han contado sus historias y sus logros personales con voces fuertes, valientes e inspiradoras.","breadcrumb":{"@id":"https:\/\/graziamagazine.com\/es\/articles\/twitter-se-convierte-este-8m-en-el-microfono-de-las-mujeres-para-contar-al-mundo-sus-diferentes-realidades\/#breadcrumb"},"inLanguage":"es","potentialAction":[{"@type":"ReadAction","target":["https:\/\/graziamagazine.com\/es\/articles\/twitter-se-convierte-este-8m-en-el-microfono-de-las-mujeres-para-contar-al-mundo-sus-diferentes-realidades\/"]}]},{"@type":"BreadcrumbList","@id":"https:\/\/graziamagazine.com\/es\/articles\/twitter-se-convierte-este-8m-en-el-microfono-de-las-mujeres-para-contar-al-mundo-sus-diferentes-realidades\/#breadcrumb","itemListElement":[{"@type":"ListItem","position":1,"name":"Portada","item":"https:\/\/graziamagazine.com\/es\/"},{"@type":"ListItem","position":2,"name":"Twitter se convierte este #8M en el micr\u00f3fono de las mujeres para contar al mundo sus diferentes realidades"}]},{"@type":"WebSite","@id":"https:\/\/graziamagazine.com\/es\/#website","url":"https:\/\/graziamagazine.com\/es\/","name":"Grazia","description":"Moda, belleza, celebrities, estilo de vida...","potentialAction":[{"@type":"SearchAction","target":{"@type":"EntryPoint","urlTemplate":"https:\/\/graziamagazine.com\/es\/?s={search_term_string}"},"query-input":"required name=search_term_string"}],"inLanguage":"es"}]}},"jetpack_sharing_enabled":true,"distributor_meta":false,"distributor_terms":false,"distributor_media":false,"distributor_original_site_name":"Grazia","distributor_original_site_url":"https:\/\/graziamagazine.com\/es","push-errors":false,"_links":{"self":[{"href":"https:\/\/graziamagazine.com\/es\/wp-json\/wp\/v2\/articles\/153262"}],"collection":[{"href":"https:\/\/graziamagazine.com\/es\/wp-json\/wp\/v2\/articles"}],"about":[{"href":"https:\/\/graziamagazine.com\/es\/wp-json\/wp\/v2\/types\/articles"}],"author":[{"embeddable":true,"href":"https:\/\/graziamagazine.com\/es\/wp-json\/wp\/v2\/users\/24470"}],"wp:featuredmedia":[{"embeddable":true,"href":"https:\/\/graziamagazine.com\/es\/wp-json\/wp\/v2\/media\/153263"}],"wp:attachment":[{"href":"https:\/\/graziamagazine.com\/es\/wp-json\/wp\/v2\/media?parent=153262"}],"wp:term":[{"taxonomy":"category","embeddable":true,"href":"https:\/\/graziamagazine.com\/es\/wp-json\/wp\/v2\/categories?post=153262"}],"curies":[{"name":"wp","href":"https:\/\/api.w.org\/{rel}","templated":true}]}}