{"id":153090,"date":"2020-03-02T16:08:45","date_gmt":"2020-03-02T15:08:45","guid":{"rendered":"https:\/\/graziamagazine.com\/es\/?p=153090"},"modified":"2020-03-02T16:20:06","modified_gmt":"2020-03-02T15:20:06","slug":"loreal-paris-desarrolla-un-programa-internacional-de-formacion-contra-el-acoso-callejero","status":"publish","type":"articles","link":"https:\/\/graziamagazine.com\/es\/articles\/loreal-paris-desarrolla-un-programa-internacional-de-formacion-contra-el-acoso-callejero\/","title":{"rendered":"L&#8217;Or\u00e9al Paris desarrolla un programa internacional de formaci\u00f3n contra el acoso callejero"},"content":{"rendered":"<p><strong>Un a\u00f1o m\u00e1s llegamos a nuestro mes<\/strong>. Puede que suene \u00abmal\u00bb pero efectivamente el mes de marzo se ha convertido en el mes de las mujeres, y concretamente <strong>la primera semana que cierra con el 8 de marzo, D\u00eda Internacional de la Mujer<\/strong>. Son muchas las situaciones en las que las mujeres nos encontramos y nos enfrentamos, y entre algunas de ellas desafortunadamente <strong>el acoso callejero sigue ocupando un lugar demasiado importante<\/strong>.<\/p>\n<p>Para luchar contra ello y erradicarlo, <strong>L&#8217;Or\u00e9al Paris presentar\u00e1 en 5 pa\u00edses el pr\u00f3ximo d\u00eda 8 de marzo un nuevo programa que busca generar conciencia y hacer una llamada a la acci\u00f3n a nivel mundial. Se trata del programa STAND UP Contra el Acoso<\/strong>,\u00a0en asociaci\u00f3n con Hollaback!, una ONG internacional experta en formaciones contra el acoso, y con \u00e9l que han creado un programa internacional de formaci\u00f3n (presencial y online) para capacitar a un mill\u00f3n de personas en la intervenci\u00f3n para abordar el acoso callejero..<\/p>\n<blockquote><p>En Espa\u00f1a \u00a0el 82% de las mujeres encuestadas declararon haber experimentado acoso callejero<\/p><\/blockquote>\n<p><strong>L\u2019Or\u00e9al Paris encarg\u00f3 a IPSOS que investigara el alcance del acoso en espacios p\u00fablicos y su impacto desde dos puntos de vista: como testigos y como v\u00edctimas<\/strong>.\u00a0En Espa\u00f1a el <em>82% de las mujeres encuestadas declararon haber experimentado acoso callejero<\/em>, hecho que para un <em>36% de ellas tuvo un fuerte impacto en su confianza<\/em>. Por otro lado, \u00a0un <em>86% del total encuestados, hombres y mujeres, declar\u00f3 no saber\u00a0c\u00f3mo reaccionar<\/em> en caso de ser testigo o v\u00edctima de una situaci\u00f3n de acoso en lugares p\u00fablicos.<\/p>\n<p><img loading=\"lazy\" decoding=\"async\" class=\"aligncenter size-full wp-image-153092\" src=\"https:\/\/graziamagazine.com\/es\/wp-content\/uploads\/sites\/12\/2020\/03\/Captura-de-pantalla-2020-03-02-a-las-15.55.56-e1583161450350.png\" alt=\"L'Or\u00e9al Paris desarrolla un programa internacional de formaci\u00f3n contra el acoso callejero \" width=\"800\" height=\"507\" srcset=\"https:\/\/graziamagazine.com\/es\/wp-content\/uploads\/sites\/12\/2020\/03\/Captura-de-pantalla-2020-03-02-a-las-15.55.56-e1583161450350.png 800w, https:\/\/graziamagazine.com\/es\/wp-content\/uploads\/sites\/12\/2020\/03\/Captura-de-pantalla-2020-03-02-a-las-15.55.56-e1583161450350.png?resize=300,190 300w, https:\/\/graziamagazine.com\/es\/wp-content\/uploads\/sites\/12\/2020\/03\/Captura-de-pantalla-2020-03-02-a-las-15.55.56-e1583161450350.png?resize=768,487 768w, https:\/\/graziamagazine.com\/es\/wp-content\/uploads\/sites\/12\/2020\/03\/Captura-de-pantalla-2020-03-02-a-las-15.55.56-e1583161450350.png?resize=155,98 155w\" sizes=\"(max-width: 800px) 100vw, 800px\" \/><\/p>\n<div class=\"page\" title=\"Page 1\">\n<div class=\"section\">\n<div class=\"layoutArea\">\n<div class=\"column\">\n<p>Desde las escuelas hasta el transporte pu\u0301blico, festivales y a nivel digital, <strong>Stand Up hara\u0301 crecer una comunidad global de 1 millo\u0301n de personas, capacitadas en las 5D: Distraer, Delegar, Documentar, Dirigirse al acosador y Dar Asistencia, metodologi\u0301a probada y creada por Hollaback!<\/strong> La intervencio\u0301n del espectador es el te\u0301rmino para la accio\u0301n del testigo para desactivar situaciones y hacer que los espacios pu\u0301blicos sean ma\u0301s seguros. Para construir este movimiento global, Stand Up llevara\u0301 su capacitacio\u0301n al corazo\u0301n de las comunidades locales a trave\u0301s de alianzas con instituciones clave que trabajan por la igualdad de ge\u0301nero en cada pai\u0301s. <strong>Concretamente en Espa\u00f1a la implantaci\u00f3n del programa se llevar\u00e1 a cabo a trav\u00e9s de Fundaci\u00f3n Mujeres<\/strong>, esperando formar a 50.000 personas en dos a\u00f1os.<\/p>\n<p>Aqu\u00ed puedes conocer\u00a0 el <strong>manifiesto de Stand Up<\/strong><\/p>\n<p><iframe loading=\"lazy\" title=\"STAND UP CONTRA EL ACOSO CALLEJERO | L\u2019OR\u00c9AL PARIS\" width=\"500\" height=\"281\" src=\"https:\/\/www.youtube.com\/embed\/1lnNWxmKQ98?feature=oembed\" frameborder=\"0\" allow=\"accelerometer; autoplay; encrypted-media; gyroscope; picture-in-picture\" allowfullscreen><\/iframe><\/p>\n<\/div>\n<\/div>\n<\/div>\n<\/div>\n<p>Desde el comienzo, L\u2019Or\u00e9al Paris ha alentado y acompa\u00f1ado a las\u00a0 mujeres a vivir de acuerdo con sus propias reglas, valores y deseos y sentir confianza en ellas mismas. Nos proponemos derribar aquellas\u00a0barreras que impiden su realizaci\u00f3n personal, siendo el acoso callejero una de las primeras que de forma generalizada nos encontramos en la sociedad actual.<\/p>\n<blockquote><p>Nunca nos olvidemos de recordar el lema de la firma: \u00abTodas lo valemos\u00bb.<\/p><\/blockquote>\n<div class=\"page\" title=\"Page 2\">\n<div class=\"section\">\n<div class=\"layoutArea\">\n<div class=\"column\">\n<p>La formacio\u0301n online esta\u0301 disponible a trave\u0301s de la web <a href=\"http:\/\/www.standup-spain.com\" target=\"_blank\">www.standup-spain.com<\/a><\/p>\n<p><em>*Im\u00e1genes: Cortes\u00eda L&#8217;Or\u00e9al<\/em><\/p>\n<\/div>\n<\/div>\n<\/div>\n<\/div>\n<p>&nbsp;<\/p>\n<p>&nbsp;<\/p>\n<p>&nbsp;<\/p>\n<p>&nbsp;<\/p>\n","protected":false},"author":11653,"featured_media":153091,"template":"","format":"standard","categories":[2999],"acf":[],"yoast_head":"<!-- This site is optimized with the Yoast SEO Premium plugin v18.5 (Yoast SEO v20.4) - https:\/\/yoast.com\/wordpress\/plugins\/seo\/ -->\n<title>L&#039;Or\u00e9al Paris desarrolla un programa internacional de formaci\u00f3n contra el acoso callejero | Grazia<\/title>\n<meta name=\"description\" content=\"L&#039;Or\u00e9al se une a Hollaback! y Fundaci\u00f3n Mujeres creando el programa &#039;Stand Up contra el acoso callejero&#039;.\" \/>\n<meta name=\"robots\" content=\"index, follow, max-snippet:-1, max-image-preview:large, max-video-preview:-1\" \/>\n<link rel=\"canonical\" href=\"https:\/\/graziamagazine.com\/es\/articles\/loreal-paris-desarrolla-un-programa-internacional-de-formacion-contra-el-acoso-callejero\/\" \/>\n<meta property=\"og:locale\" content=\"es_ES\" \/>\n<meta property=\"og:type\" content=\"article\" \/>\n<meta property=\"og:title\" content=\"L&#039;Or\u00e9al Paris desarrolla un programa internacional de formaci\u00f3n contra el acoso callejero\" \/>\n<meta property=\"og:description\" content=\"L&#039;Or\u00e9al se une a Hollaback! y Fundaci\u00f3n Mujeres creando el programa &#039;Stand Up contra el acoso callejero&#039;.\" \/>\n<meta property=\"og:url\" content=\"https:\/\/graziamagazine.com\/es\/articles\/loreal-paris-desarrolla-un-programa-internacional-de-formacion-contra-el-acoso-callejero\/\" \/>\n<meta property=\"og:site_name\" content=\"Grazia\" \/>\n<meta property=\"article:modified_time\" content=\"2020-03-02T15:20:06+00:00\" \/>\n<meta property=\"og:image\" content=\"https:\/\/graziamagazine.com\/es\/wp-content\/uploads\/sites\/12\/2020\/03\/Captura-de-pantalla-2020-03-02-a-las-15.55.46.png?fit=800%2C533\" \/>\n\t<meta property=\"og:image:width\" content=\"800\" \/>\n\t<meta property=\"og:image:height\" content=\"533\" \/>\n\t<meta property=\"og:image:type\" content=\"image\/png\" \/>\n<meta name=\"twitter:card\" content=\"summary_large_image\" \/>\n<meta name=\"twitter:label1\" content=\"Est. reading time\" \/>\n\t<meta name=\"twitter:data1\" content=\"3 minutos\" \/>\n<script type=\"application\/ld+json\" class=\"yoast-schema-graph\">{\"@context\":\"https:\/\/schema.org\",\"@graph\":[{\"@type\":\"WebPage\",\"@id\":\"https:\/\/graziamagazine.com\/es\/articles\/loreal-paris-desarrolla-un-programa-internacional-de-formacion-contra-el-acoso-callejero\/\",\"url\":\"https:\/\/graziamagazine.com\/es\/articles\/loreal-paris-desarrolla-un-programa-internacional-de-formacion-contra-el-acoso-callejero\/\",\"name\":\"L'Or\u00e9al Paris desarrolla un programa internacional de formaci\u00f3n contra el acoso callejero | Grazia\",\"isPartOf\":{\"@id\":\"https:\/\/graziamagazine.com\/es\/#website\"},\"datePublished\":\"2020-03-02T15:08:45+00:00\",\"dateModified\":\"2020-03-02T15:20:06+00:00\",\"description\":\"L'Or\u00e9al se une a Hollaback! y Fundaci\u00f3n Mujeres creando el programa 'Stand Up contra el acoso callejero'.\",\"breadcrumb\":{\"@id\":\"https:\/\/graziamagazine.com\/es\/articles\/loreal-paris-desarrolla-un-programa-internacional-de-formacion-contra-el-acoso-callejero\/#breadcrumb\"},\"inLanguage\":\"es\",\"potentialAction\":[{\"@type\":\"ReadAction\",\"target\":[\"https:\/\/graziamagazine.com\/es\/articles\/loreal-paris-desarrolla-un-programa-internacional-de-formacion-contra-el-acoso-callejero\/\"]}]},{\"@type\":\"BreadcrumbList\",\"@id\":\"https:\/\/graziamagazine.com\/es\/articles\/loreal-paris-desarrolla-un-programa-internacional-de-formacion-contra-el-acoso-callejero\/#breadcrumb\",\"itemListElement\":[{\"@type\":\"ListItem\",\"position\":1,\"name\":\"Portada\",\"item\":\"https:\/\/graziamagazine.com\/es\/\"},{\"@type\":\"ListItem\",\"position\":2,\"name\":\"L&#8217;Or\u00e9al Paris desarrolla un programa internacional de formaci\u00f3n contra el acoso callejero\"}]},{\"@type\":\"WebSite\",\"@id\":\"https:\/\/graziamagazine.com\/es\/#website\",\"url\":\"https:\/\/graziamagazine.com\/es\/\",\"name\":\"Grazia\",\"description\":\"Moda, belleza, celebrities, estilo de vida...\",\"potentialAction\":[{\"@type\":\"SearchAction\",\"target\":{\"@type\":\"EntryPoint\",\"urlTemplate\":\"https:\/\/graziamagazine.com\/es\/?s={search_term_string}\"},\"query-input\":\"required name=search_term_string\"}],\"inLanguage\":\"es\"}]}<\/script>\n<!-- \/ Yoast SEO Premium plugin. -->","yoast_head_json":{"title":"L'Or\u00e9al Paris desarrolla un programa internacional de formaci\u00f3n contra el acoso callejero | Grazia","description":"L'Or\u00e9al se une a Hollaback! y Fundaci\u00f3n Mujeres creando el programa 'Stand Up contra el acoso callejero'.","robots":{"index":"index","follow":"follow","max-snippet":"max-snippet:-1","max-image-preview":"max-image-preview:large","max-video-preview":"max-video-preview:-1"},"canonical":"https:\/\/graziamagazine.com\/es\/articles\/loreal-paris-desarrolla-un-programa-internacional-de-formacion-contra-el-acoso-callejero\/","og_locale":"es_ES","og_type":"article","og_title":"L'Or\u00e9al Paris desarrolla un programa internacional de formaci\u00f3n contra el acoso callejero","og_description":"L'Or\u00e9al se une a Hollaback! y Fundaci\u00f3n Mujeres creando el programa 'Stand Up contra el acoso callejero'.","og_url":"https:\/\/graziamagazine.com\/es\/articles\/loreal-paris-desarrolla-un-programa-internacional-de-formacion-contra-el-acoso-callejero\/","og_site_name":"Grazia","article_modified_time":"2020-03-02T15:20:06+00:00","og_image":[{"width":800,"height":533,"url":"https:\/\/graziamagazine.com\/es\/wp-content\/uploads\/sites\/12\/2020\/03\/Captura-de-pantalla-2020-03-02-a-las-15.55.46.png?fit=800%2C533","type":"image\/png"}],"twitter_card":"summary_large_image","twitter_misc":{"Est. reading time":"3 minutos"},"schema":{"@context":"https:\/\/schema.org","@graph":[{"@type":"WebPage","@id":"https:\/\/graziamagazine.com\/es\/articles\/loreal-paris-desarrolla-un-programa-internacional-de-formacion-contra-el-acoso-callejero\/","url":"https:\/\/graziamagazine.com\/es\/articles\/loreal-paris-desarrolla-un-programa-internacional-de-formacion-contra-el-acoso-callejero\/","name":"L'Or\u00e9al Paris desarrolla un programa internacional de formaci\u00f3n contra el acoso callejero | Grazia","isPartOf":{"@id":"https:\/\/graziamagazine.com\/es\/#website"},"datePublished":"2020-03-02T15:08:45+00:00","dateModified":"2020-03-02T15:20:06+00:00","description":"L'Or\u00e9al se une a Hollaback! y Fundaci\u00f3n Mujeres creando el programa 'Stand Up contra el acoso callejero'.","breadcrumb":{"@id":"https:\/\/graziamagazine.com\/es\/articles\/loreal-paris-desarrolla-un-programa-internacional-de-formacion-contra-el-acoso-callejero\/#breadcrumb"},"inLanguage":"es","potentialAction":[{"@type":"ReadAction","target":["https:\/\/graziamagazine.com\/es\/articles\/loreal-paris-desarrolla-un-programa-internacional-de-formacion-contra-el-acoso-callejero\/"]}]},{"@type":"BreadcrumbList","@id":"https:\/\/graziamagazine.com\/es\/articles\/loreal-paris-desarrolla-un-programa-internacional-de-formacion-contra-el-acoso-callejero\/#breadcrumb","itemListElement":[{"@type":"ListItem","position":1,"name":"Portada","item":"https:\/\/graziamagazine.com\/es\/"},{"@type":"ListItem","position":2,"name":"L&#8217;Or\u00e9al Paris desarrolla un programa internacional de formaci\u00f3n contra el acoso callejero"}]},{"@type":"WebSite","@id":"https:\/\/graziamagazine.com\/es\/#website","url":"https:\/\/graziamagazine.com\/es\/","name":"Grazia","description":"Moda, belleza, celebrities, estilo de vida...","potentialAction":[{"@type":"SearchAction","target":{"@type":"EntryPoint","urlTemplate":"https:\/\/graziamagazine.com\/es\/?s={search_term_string}"},"query-input":"required name=search_term_string"}],"inLanguage":"es"}]}},"jetpack_sharing_enabled":true,"distributor_meta":false,"distributor_terms":false,"distributor_media":false,"distributor_original_site_name":"Grazia","distributor_original_site_url":"https:\/\/graziamagazine.com\/es","push-errors":false,"_links":{"self":[{"href":"https:\/\/graziamagazine.com\/es\/wp-json\/wp\/v2\/articles\/153090"}],"collection":[{"href":"https:\/\/graziamagazine.com\/es\/wp-json\/wp\/v2\/articles"}],"about":[{"href":"https:\/\/graziamagazine.com\/es\/wp-json\/wp\/v2\/types\/articles"}],"author":[{"embeddable":true,"href":"https:\/\/graziamagazine.com\/es\/wp-json\/wp\/v2\/users\/11653"}],"wp:featuredmedia":[{"embeddable":true,"href":"https:\/\/graziamagazine.com\/es\/wp-json\/wp\/v2\/media\/153091"}],"wp:attachment":[{"href":"https:\/\/graziamagazine.com\/es\/wp-json\/wp\/v2\/media?parent=153090"}],"wp:term":[{"taxonomy":"category","embeddable":true,"href":"https:\/\/graziamagazine.com\/es\/wp-json\/wp\/v2\/categories?post=153090"}],"curies":[{"name":"wp","href":"https:\/\/api.w.org\/{rel}","templated":true}]}}