{"id":153041,"date":"2020-02-28T17:33:10","date_gmt":"2020-02-28T16:33:10","guid":{"rendered":"https:\/\/graziamagazine.com\/es\/?p=153041"},"modified":"2020-02-28T17:36:14","modified_gmt":"2020-02-28T16:36:14","slug":"la-reina-letizia-visita-galicia-y-le-da-la-vuelta-al-traje-sastre-con-mensaje","status":"publish","type":"articles","link":"https:\/\/graziamagazine.com\/es\/articles\/la-reina-letizia-visita-galicia-y-le-da-la-vuelta-al-traje-sastre-con-mensaje\/","title":{"rendered":"La reina Letizia visita Galicia y le da la vuelta al traje sastre con mensaje"},"content":{"rendered":"<p><strong><a href=\"http:\/\/bit.ly\/2Vt7ujm\" target=\"_blank\">Ayer pasaba por ARCO dej\u00e1ndonos un gran look de estreno (y de rebajas) en rojo y negro<\/a><\/strong>, <strong>y hoy la reina Letizia ha viajado a Galicia<\/strong> para presidir el acto de proclamaci\u00f3n del ganador del Premio Fundaci\u00f3n Princesa de Girona 2020 en la categor\u00eda &#8216;Social&#8217;. Lo ha hecho acompa\u00f1ada por primera vez de Pablo Iglesias,\u00a0 Vicepresidente Segundo del Gobierno y Ministro de Derechos Sociales y Agenda 2030, algo que todav\u00eda le ha dado m\u00e1s eco al momento, ya que ser\u00eda la primera vez que ambos coincidan desde la creaci\u00f3n del nuevo gobierno de coalici\u00f3n.<\/p>\n<p><img loading=\"lazy\" decoding=\"async\" class=\"aligncenter size-full wp-image-153044\" src=\"https:\/\/graziamagazine.com\/es\/wp-content\/uploads\/sites\/12\/2020\/02\/verde-3.jpg\" alt=\"La reina Letizia visita Galicia y le da la vuelta al traje sastre con mensaje\" width=\"630\" height=\"390\" srcset=\"https:\/\/graziamagazine.com\/es\/wp-content\/uploads\/sites\/12\/2020\/02\/verde-3.jpg 630w, https:\/\/graziamagazine.com\/es\/wp-content\/uploads\/sites\/12\/2020\/02\/verde-3-500x310.jpg 500w, https:\/\/graziamagazine.com\/es\/wp-content\/uploads\/sites\/12\/2020\/02\/verde-3-120x74.jpg 120w, https:\/\/graziamagazine.com\/es\/wp-content\/uploads\/sites\/12\/2020\/02\/verde-3-626x388.jpg 626w, https:\/\/graziamagazine.com\/es\/wp-content\/uploads\/sites\/12\/2020\/02\/verde-3-360x223.jpg 360w\" sizes=\"(max-width: 630px) 100vw, 630px\" \/><\/p>\n<p>El galard\u00f3n en cuesti\u00f3n premia a los j\u00f3venes que por su liderazgo y compromiso personal, hayan logrado \u00e9xitos en la creaci\u00f3n y el impulso de proyectos sociales con visiones nuevas y logros tangibles, en el marco de entidades o empresas sociales. En esta edici\u00f3n ha reca\u00eddo en el profesor de la Universidad Pontificia de Comillas, Guillermo Mart\u00ednez, por su proyecto de realizar pr\u00f3tesis en 3D.<\/p>\n<p><img loading=\"lazy\" decoding=\"async\" class=\"aligncenter size-full wp-image-153043\" src=\"https:\/\/graziamagazine.com\/es\/wp-content\/uploads\/sites\/12\/2020\/02\/verde-2.jpg\" alt=\"La reina Letizia visita Galicia y le da la vuelta al traje sastre con mensaje\" width=\"1400\" height=\"933\" srcset=\"https:\/\/graziamagazine.com\/es\/wp-content\/uploads\/sites\/12\/2020\/02\/verde-2.jpg 1400w, https:\/\/graziamagazine.com\/es\/wp-content\/uploads\/sites\/12\/2020\/02\/verde-2-500x333.jpg 500w, https:\/\/graziamagazine.com\/es\/wp-content\/uploads\/sites\/12\/2020\/02\/verde-2-768x512.jpg 768w, https:\/\/graziamagazine.com\/es\/wp-content\/uploads\/sites\/12\/2020\/02\/verde-2-900x600.jpg 900w, https:\/\/graziamagazine.com\/es\/wp-content\/uploads\/sites\/12\/2020\/02\/verde-2-1100x733.jpg 1100w, https:\/\/graziamagazine.com\/es\/wp-content\/uploads\/sites\/12\/2020\/02\/verde-2-120x80.jpg 120w, https:\/\/graziamagazine.com\/es\/wp-content\/uploads\/sites\/12\/2020\/02\/verde-2-720x480.jpg 720w, https:\/\/graziamagazine.com\/es\/wp-content\/uploads\/sites\/12\/2020\/02\/verde-2-1200x800.jpg 1200w, https:\/\/graziamagazine.com\/es\/wp-content\/uploads\/sites\/12\/2020\/02\/verde-2-626x417.jpg 626w, https:\/\/graziamagazine.com\/es\/wp-content\/uploads\/sites\/12\/2020\/02\/verde-2-360x240.jpg 360w\" sizes=\"(max-width: 1400px) 100vw, 1400px\" \/><\/p>\n<p>Para este d\u00eda,\u00a0 do\u00f1a Letizia ha optado por un total look verde -el color de la monarqu\u00eda seg\u00fan los expertos- en un traje sastre de dos piezas. Ya sabemos que este tipo de prendas le gustan mucho a la reina, <strong><a href=\"http:\/\/bit.ly\/3btNm6x\" target=\"_blank\">de hecho hace apenas unos d\u00edas repet\u00eda su traje rosa de Hugo Boss<\/a><\/strong>. Precisamente la misma marca es la que firma esta combinaci\u00f3n de blazer y pantal\u00f3n en verde azulado, a juego con unos salones de Magrit. El toque diferente lo pon\u00eda una blusa satinada en verde agua claro, creando contraste en este look monocrom\u00e1tico.<\/p>\n<p><img loading=\"lazy\" decoding=\"async\" class=\"aligncenter size-full wp-image-153046\" src=\"https:\/\/graziamagazine.com\/es\/wp-content\/uploads\/sites\/12\/2020\/02\/verde-4.jpg\" alt=\"La reina Letizia visita Galicia y le da la vuelta al traje sastre con mensaje\" width=\"640\" height=\"900\" srcset=\"https:\/\/graziamagazine.com\/es\/wp-content\/uploads\/sites\/12\/2020\/02\/verde-4.jpg 640w, https:\/\/graziamagazine.com\/es\/wp-content\/uploads\/sites\/12\/2020\/02\/verde-4-500x703.jpg 500w, https:\/\/graziamagazine.com\/es\/wp-content\/uploads\/sites\/12\/2020\/02\/verde-4-120x169.jpg 120w, https:\/\/graziamagazine.com\/es\/wp-content\/uploads\/sites\/12\/2020\/02\/verde-4-626x880.jpg 626w, https:\/\/graziamagazine.com\/es\/wp-content\/uploads\/sites\/12\/2020\/02\/verde-4-360x506.jpg 360w\" sizes=\"(max-width: 640px) 100vw, 640px\" \/><\/p>\n<p>Finalmente joyas discretas: su inseparable anillo Karen Hallam y los pendientes de Gold &amp; Roses, el modelo Doble Daga (alrededor de los 2.300\u20ac) que tanto le hemos visto \u00faltimamente.<\/p>\n<p><img loading=\"lazy\" decoding=\"async\" class=\"aligncenter size-full wp-image-153048\" src=\"https:\/\/graziamagazine.com\/es\/wp-content\/uploads\/sites\/12\/2020\/02\/verde-5.jpg\" alt=\"La reina Letizia visita Galicia y le da la vuelta al traje sastre con mensaje\" width=\"854\" height=\"640\" srcset=\"https:\/\/graziamagazine.com\/es\/wp-content\/uploads\/sites\/12\/2020\/02\/verde-5.jpg 854w, https:\/\/graziamagazine.com\/es\/wp-content\/uploads\/sites\/12\/2020\/02\/verde-5-500x375.jpg 500w, https:\/\/graziamagazine.com\/es\/wp-content\/uploads\/sites\/12\/2020\/02\/verde-5-768x576.jpg 768w, https:\/\/graziamagazine.com\/es\/wp-content\/uploads\/sites\/12\/2020\/02\/verde-5-120x90.jpg 120w, https:\/\/graziamagazine.com\/es\/wp-content\/uploads\/sites\/12\/2020\/02\/verde-5-720x540.jpg 720w, https:\/\/graziamagazine.com\/es\/wp-content\/uploads\/sites\/12\/2020\/02\/verde-5-626x469.jpg 626w, https:\/\/graziamagazine.com\/es\/wp-content\/uploads\/sites\/12\/2020\/02\/verde-5-360x270.jpg 360w\" sizes=\"(max-width: 854px) 100vw, 854px\" \/><\/p>\n<p><em>*Im\u00e1genes: Casa Real\u00a0<\/em><\/p>\n<p>&nbsp;<\/p>\n","protected":false},"author":11653,"featured_media":153045,"template":"","format":"standard","categories":[2147],"acf":[],"yoast_head":"<!-- This site is optimized with the Yoast SEO Premium plugin v18.5 (Yoast SEO v20.4) - https:\/\/yoast.com\/wordpress\/plugins\/seo\/ -->\n<title>La reina Letizia visita Galicia y le da la vuelta al traje sastre con mensaje | Grazia<\/title>\n<meta name=\"description\" content=\"Ha apostado por un look monocromo, zapatos incluidos,\" \/>\n<meta name=\"robots\" content=\"index, follow, max-snippet:-1, max-image-preview:large, max-video-preview:-1\" \/>\n<link rel=\"canonical\" href=\"https:\/\/graziamagazine.com\/es\/articles\/la-reina-letizia-visita-galicia-y-le-da-la-vuelta-al-traje-sastre-con-mensaje\/\" \/>\n<meta property=\"og:locale\" content=\"es_ES\" \/>\n<meta property=\"og:type\" content=\"article\" \/>\n<meta property=\"og:title\" content=\"La reina Letizia visita Galicia y le da la vuelta al traje sastre con mensaje\" \/>\n<meta property=\"og:description\" content=\"Ha apostado por un look monocromo, zapatos incluidos,\" \/>\n<meta property=\"og:url\" content=\"https:\/\/graziamagazine.com\/es\/articles\/la-reina-letizia-visita-galicia-y-le-da-la-vuelta-al-traje-sastre-con-mensaje\/\" \/>\n<meta property=\"og:site_name\" content=\"Grazia\" \/>\n<meta property=\"article:modified_time\" content=\"2020-02-28T16:36:14+00:00\" \/>\n<meta property=\"og:image\" content=\"https:\/\/graziamagazine.com\/es\/wp-content\/uploads\/sites\/12\/2020\/02\/verde-1.jpg?fit=1400%2C935\" \/>\n\t<meta property=\"og:image:width\" content=\"1400\" \/>\n\t<meta property=\"og:image:height\" content=\"935\" \/>\n\t<meta property=\"og:image:type\" content=\"image\/jpeg\" \/>\n<meta name=\"twitter:card\" content=\"summary_large_image\" \/>\n<meta name=\"twitter:label1\" content=\"Est. reading time\" \/>\n\t<meta name=\"twitter:data1\" content=\"2 minutos\" \/>\n<script type=\"application\/ld+json\" class=\"yoast-schema-graph\">{\"@context\":\"https:\/\/schema.org\",\"@graph\":[{\"@type\":\"WebPage\",\"@id\":\"https:\/\/graziamagazine.com\/es\/articles\/la-reina-letizia-visita-galicia-y-le-da-la-vuelta-al-traje-sastre-con-mensaje\/\",\"url\":\"https:\/\/graziamagazine.com\/es\/articles\/la-reina-letizia-visita-galicia-y-le-da-la-vuelta-al-traje-sastre-con-mensaje\/\",\"name\":\"La reina Letizia visita Galicia y le da la vuelta al traje sastre con mensaje | Grazia\",\"isPartOf\":{\"@id\":\"https:\/\/graziamagazine.com\/es\/#website\"},\"datePublished\":\"2020-02-28T16:33:10+00:00\",\"dateModified\":\"2020-02-28T16:36:14+00:00\",\"description\":\"Ha apostado por un look monocromo, zapatos incluidos,\",\"breadcrumb\":{\"@id\":\"https:\/\/graziamagazine.com\/es\/articles\/la-reina-letizia-visita-galicia-y-le-da-la-vuelta-al-traje-sastre-con-mensaje\/#breadcrumb\"},\"inLanguage\":\"es\",\"potentialAction\":[{\"@type\":\"ReadAction\",\"target\":[\"https:\/\/graziamagazine.com\/es\/articles\/la-reina-letizia-visita-galicia-y-le-da-la-vuelta-al-traje-sastre-con-mensaje\/\"]}]},{\"@type\":\"BreadcrumbList\",\"@id\":\"https:\/\/graziamagazine.com\/es\/articles\/la-reina-letizia-visita-galicia-y-le-da-la-vuelta-al-traje-sastre-con-mensaje\/#breadcrumb\",\"itemListElement\":[{\"@type\":\"ListItem\",\"position\":1,\"name\":\"Portada\",\"item\":\"https:\/\/graziamagazine.com\/es\/\"},{\"@type\":\"ListItem\",\"position\":2,\"name\":\"La reina Letizia visita Galicia y le da la vuelta al traje sastre con mensaje\"}]},{\"@type\":\"WebSite\",\"@id\":\"https:\/\/graziamagazine.com\/es\/#website\",\"url\":\"https:\/\/graziamagazine.com\/es\/\",\"name\":\"Grazia\",\"description\":\"Moda, belleza, celebrities, estilo de vida...\",\"potentialAction\":[{\"@type\":\"SearchAction\",\"target\":{\"@type\":\"EntryPoint\",\"urlTemplate\":\"https:\/\/graziamagazine.com\/es\/?s={search_term_string}\"},\"query-input\":\"required name=search_term_string\"}],\"inLanguage\":\"es\"}]}<\/script>\n<!-- \/ Yoast SEO Premium plugin. -->","yoast_head_json":{"title":"La reina Letizia visita Galicia y le da la vuelta al traje sastre con mensaje | Grazia","description":"Ha apostado por un look monocromo, zapatos incluidos,","robots":{"index":"index","follow":"follow","max-snippet":"max-snippet:-1","max-image-preview":"max-image-preview:large","max-video-preview":"max-video-preview:-1"},"canonical":"https:\/\/graziamagazine.com\/es\/articles\/la-reina-letizia-visita-galicia-y-le-da-la-vuelta-al-traje-sastre-con-mensaje\/","og_locale":"es_ES","og_type":"article","og_title":"La reina Letizia visita Galicia y le da la vuelta al traje sastre con mensaje","og_description":"Ha apostado por un look monocromo, zapatos incluidos,","og_url":"https:\/\/graziamagazine.com\/es\/articles\/la-reina-letizia-visita-galicia-y-le-da-la-vuelta-al-traje-sastre-con-mensaje\/","og_site_name":"Grazia","article_modified_time":"2020-02-28T16:36:14+00:00","og_image":[{"width":1400,"height":935,"url":"https:\/\/graziamagazine.com\/es\/wp-content\/uploads\/sites\/12\/2020\/02\/verde-1.jpg?fit=1400%2C935","type":"image\/jpeg"}],"twitter_card":"summary_large_image","twitter_misc":{"Est. reading time":"2 minutos"},"schema":{"@context":"https:\/\/schema.org","@graph":[{"@type":"WebPage","@id":"https:\/\/graziamagazine.com\/es\/articles\/la-reina-letizia-visita-galicia-y-le-da-la-vuelta-al-traje-sastre-con-mensaje\/","url":"https:\/\/graziamagazine.com\/es\/articles\/la-reina-letizia-visita-galicia-y-le-da-la-vuelta-al-traje-sastre-con-mensaje\/","name":"La reina Letizia visita Galicia y le da la vuelta al traje sastre con mensaje | Grazia","isPartOf":{"@id":"https:\/\/graziamagazine.com\/es\/#website"},"datePublished":"2020-02-28T16:33:10+00:00","dateModified":"2020-02-28T16:36:14+00:00","description":"Ha apostado por un look monocromo, zapatos incluidos,","breadcrumb":{"@id":"https:\/\/graziamagazine.com\/es\/articles\/la-reina-letizia-visita-galicia-y-le-da-la-vuelta-al-traje-sastre-con-mensaje\/#breadcrumb"},"inLanguage":"es","potentialAction":[{"@type":"ReadAction","target":["https:\/\/graziamagazine.com\/es\/articles\/la-reina-letizia-visita-galicia-y-le-da-la-vuelta-al-traje-sastre-con-mensaje\/"]}]},{"@type":"BreadcrumbList","@id":"https:\/\/graziamagazine.com\/es\/articles\/la-reina-letizia-visita-galicia-y-le-da-la-vuelta-al-traje-sastre-con-mensaje\/#breadcrumb","itemListElement":[{"@type":"ListItem","position":1,"name":"Portada","item":"https:\/\/graziamagazine.com\/es\/"},{"@type":"ListItem","position":2,"name":"La reina Letizia visita Galicia y le da la vuelta al traje sastre con mensaje"}]},{"@type":"WebSite","@id":"https:\/\/graziamagazine.com\/es\/#website","url":"https:\/\/graziamagazine.com\/es\/","name":"Grazia","description":"Moda, belleza, celebrities, estilo de vida...","potentialAction":[{"@type":"SearchAction","target":{"@type":"EntryPoint","urlTemplate":"https:\/\/graziamagazine.com\/es\/?s={search_term_string}"},"query-input":"required name=search_term_string"}],"inLanguage":"es"}]}},"jetpack_sharing_enabled":true,"distributor_meta":false,"distributor_terms":false,"distributor_media":false,"distributor_original_site_name":"Grazia","distributor_original_site_url":"https:\/\/graziamagazine.com\/es","push-errors":false,"_links":{"self":[{"href":"https:\/\/graziamagazine.com\/es\/wp-json\/wp\/v2\/articles\/153041"}],"collection":[{"href":"https:\/\/graziamagazine.com\/es\/wp-json\/wp\/v2\/articles"}],"about":[{"href":"https:\/\/graziamagazine.com\/es\/wp-json\/wp\/v2\/types\/articles"}],"author":[{"embeddable":true,"href":"https:\/\/graziamagazine.com\/es\/wp-json\/wp\/v2\/users\/11653"}],"wp:featuredmedia":[{"embeddable":true,"href":"https:\/\/graziamagazine.com\/es\/wp-json\/wp\/v2\/media\/153045"}],"wp:attachment":[{"href":"https:\/\/graziamagazine.com\/es\/wp-json\/wp\/v2\/media?parent=153041"}],"wp:term":[{"taxonomy":"category","embeddable":true,"href":"https:\/\/graziamagazine.com\/es\/wp-json\/wp\/v2\/categories?post=153041"}],"curies":[{"name":"wp","href":"https:\/\/api.w.org\/{rel}","templated":true}]}}