{"id":153018,"date":"2020-02-28T11:16:56","date_gmt":"2020-02-28T10:16:56","guid":{"rendered":"https:\/\/graziamagazine.com\/es\/?p=153018"},"modified":"2020-02-28T11:16:56","modified_gmt":"2020-02-28T10:16:56","slug":"tiembla-kim-zara-lanza-su-primera-e-historica-coleccion-de-fajas-reductoras","status":"publish","type":"articles","link":"https:\/\/graziamagazine.com\/es\/articles\/tiembla-kim-zara-lanza-su-primera-e-historica-coleccion-de-fajas-reductoras\/","title":{"rendered":"\u00a1Tiembla Kim! Zara lanza su primera (e hist\u00f3rica) colecci\u00f3n de fajas reductoras"},"content":{"rendered":"<p>Parece que lo que antes era un poco tab\u00fa, y no podemos negar que as\u00ed era, se ha convertido ahora en algo s\u00faper natural y de tendencia. Kim Kardashian lo supo y se lanz\u00f3 al mundo de la ropa interior reductora -por decirlo de una manera m\u00e1s mona- y, <a href=\"http:\/\/bit.ly\/3468xHP\" target=\"_blank\">a pesar de los problemas que tuvo en un primer momento con la elecci\u00f3n del nombre<\/a>, es todo un \u00e9xito.<\/p>\n<p>Ahora <strong>Zara no ha querido quedarse atr\u00e1s y acaba de lanzar su propia colecci\u00f3n<\/strong> que estamos seguras se va a convertir en un nuevo b\u00e1sico de tu fondo de armario, como todo lo que toca la marca insignia de Inditex. Pero, <strong>\u00bfpor qu\u00e9 te decimos que es una decisi\u00f3n hist\u00f3rica? Porque Zara no tiene ropa interior entre sus colecciones<\/strong>, hasta el momento, ya que \u00e9sta la encontramos en otras marcas del grupo como Oysho, por ejemplo.<\/p>\n<p>La colecci\u00f3n de prendas tipo faja, que lleva por nombre &#8216;<em>Shape Control Effec<\/em>t&#8217; de momento se compone de tres piezas -leggings, top y vestido- que va a ayudar a que cualquier prenda que nos pongamos encima nos sienten como un guante.<\/p>\n<h3>Vestido shape control effect (19,95\u20ac)<\/h3>\n<p>Se trata de un vestido confeccionado en tejido moldeador que define y estiliza sin que impida los movimientos normales. Actualmente las tallas van de la S a al XL.<\/p>\n<header><\/header>\n<p><img loading=\"lazy\" decoding=\"async\" class=\"aligncenter size-full wp-image-153021\" src=\"https:\/\/graziamagazine.com\/es\/wp-content\/uploads\/sites\/12\/2020\/02\/fajas-3.jpg\" alt=\"\u00a1Tiembla Kim! Zara lanza su primera (e hist\u00f3rica) colecci\u00f3n de fajas reductoras\" width=\"768\" height=\"1152\" srcset=\"https:\/\/graziamagazine.com\/es\/wp-content\/uploads\/sites\/12\/2020\/02\/fajas-3.jpg 768w, https:\/\/graziamagazine.com\/es\/wp-content\/uploads\/sites\/12\/2020\/02\/fajas-3.jpg?resize=200,300 200w, https:\/\/graziamagazine.com\/es\/wp-content\/uploads\/sites\/12\/2020\/02\/fajas-3.jpg?resize=683,1024 683w, https:\/\/graziamagazine.com\/es\/wp-content\/uploads\/sites\/12\/2020\/02\/fajas-3.jpg?resize=143,215 143w\" sizes=\"(max-width: 768px) 100vw, 768px\" \/><\/p>\n<h3>Top shape control effect (12.95\u20ac)<\/h3>\n<p>De escote recto y tirantes, este top te va a ayudar a moldear tu silueta. Lo encuentras en las tallas S-M-L.<\/p>\n<p><img loading=\"lazy\" decoding=\"async\" class=\"aligncenter size-full wp-image-153022\" src=\"https:\/\/graziamagazine.com\/es\/wp-content\/uploads\/sites\/12\/2020\/02\/fajas-2.jpg\" alt=\"\u00a1Tiembla Kim! Zara lanza su primera (e hist\u00f3rica) colecci\u00f3n de fajas reductoras\" width=\"768\" height=\"1152\" srcset=\"https:\/\/graziamagazine.com\/es\/wp-content\/uploads\/sites\/12\/2020\/02\/fajas-2.jpg 768w, https:\/\/graziamagazine.com\/es\/wp-content\/uploads\/sites\/12\/2020\/02\/fajas-2.jpg?resize=200,300 200w, https:\/\/graziamagazine.com\/es\/wp-content\/uploads\/sites\/12\/2020\/02\/fajas-2.jpg?resize=683,1024 683w, https:\/\/graziamagazine.com\/es\/wp-content\/uploads\/sites\/12\/2020\/02\/fajas-2.jpg?resize=143,215 143w\" sizes=\"(max-width: 768px) 100vw, 768px\" \/><\/p>\n<h3>Legging shape control effect (17,95\u20ac)<\/h3>\n<p><span class=\"_colorName\">Tambi\u00e9n en negro, este legging cropped define la figura y cuenta con acabados combinados en el mismo tono. Las tallas van desde la S a la XL.\u00a0<\/span><\/p>\n<p><img loading=\"lazy\" decoding=\"async\" class=\"aligncenter size-full wp-image-153023\" src=\"https:\/\/graziamagazine.com\/es\/wp-content\/uploads\/sites\/12\/2020\/02\/fajas-1.jpg\" alt=\"\u00a1Tiembla Kim! Zara lanza su primera (e hist\u00f3rica) colecci\u00f3n de fajas reductoras\" width=\"768\" height=\"1152\" srcset=\"https:\/\/graziamagazine.com\/es\/wp-content\/uploads\/sites\/12\/2020\/02\/fajas-1.jpg 768w, https:\/\/graziamagazine.com\/es\/wp-content\/uploads\/sites\/12\/2020\/02\/fajas-1.jpg?resize=200,300 200w, https:\/\/graziamagazine.com\/es\/wp-content\/uploads\/sites\/12\/2020\/02\/fajas-1.jpg?resize=683,1024 683w, https:\/\/graziamagazine.com\/es\/wp-content\/uploads\/sites\/12\/2020\/02\/fajas-1.jpg?resize=143,215 143w\" sizes=\"(max-width: 768px) 100vw, 768px\" \/><\/p>\n<div class=\"product-info-wrapper _product-info\">\u00bfYa tienes prenda favorita de esta colecci\u00f3n? Lo que est\u00e1 claro que Zara contraataca y comienza a hacerlo a lo grande. Veremos qu\u00e9 viene despu\u00e9s.<\/div>\n<div><\/div>\n<div>*Im\u00e1genes: Cortes\u00eda de Zara<\/div>\n","protected":false},"author":11653,"featured_media":153020,"template":"","format":"standard","categories":[1],"acf":[],"yoast_head":"<!-- This site is optimized with the Yoast SEO Premium plugin v18.5 (Yoast SEO v20.4) - https:\/\/yoast.com\/wordpress\/plugins\/seo\/ -->\n<title>\u00a1Tiembla Kim! Zara lanza su primera (e hist\u00f3rica) colecci\u00f3n de fajas reductoras | Grazia<\/title>\n<meta name=\"description\" content=\"Lo que nadie pens\u00f3 que pasar\u00eda ha ocurrido y que sea la marca de Inditex quien lo haga marca un nuevo precedente.\" \/>\n<meta name=\"robots\" content=\"index, follow, max-snippet:-1, max-image-preview:large, max-video-preview:-1\" \/>\n<link rel=\"canonical\" href=\"https:\/\/graziamagazine.com\/es\/articles\/tiembla-kim-zara-lanza-su-primera-e-historica-coleccion-de-fajas-reductoras\/\" \/>\n<meta property=\"og:locale\" content=\"es_ES\" \/>\n<meta property=\"og:type\" content=\"article\" \/>\n<meta property=\"og:title\" content=\"\u00a1Tiembla Kim! Zara lanza su primera (e hist\u00f3rica) colecci\u00f3n de fajas reductoras\" \/>\n<meta property=\"og:description\" content=\"Lo que nadie pens\u00f3 que pasar\u00eda ha ocurrido y que sea la marca de Inditex quien lo haga marca un nuevo precedente.\" \/>\n<meta property=\"og:url\" content=\"https:\/\/graziamagazine.com\/es\/articles\/tiembla-kim-zara-lanza-su-primera-e-historica-coleccion-de-fajas-reductoras\/\" \/>\n<meta property=\"og:site_name\" content=\"Grazia\" \/>\n<meta property=\"og:image\" content=\"https:\/\/graziamagazine.com\/es\/wp-content\/uploads\/sites\/12\/2020\/02\/fajas-4.jpg?fit=600%2C500\" \/>\n\t<meta property=\"og:image:width\" content=\"600\" \/>\n\t<meta property=\"og:image:height\" content=\"500\" \/>\n\t<meta property=\"og:image:type\" content=\"image\/jpeg\" \/>\n<meta name=\"twitter:card\" content=\"summary_large_image\" \/>\n<meta name=\"twitter:label1\" content=\"Est. reading time\" \/>\n\t<meta name=\"twitter:data1\" content=\"2 minutos\" \/>\n<script type=\"application\/ld+json\" class=\"yoast-schema-graph\">{\"@context\":\"https:\/\/schema.org\",\"@graph\":[{\"@type\":\"WebPage\",\"@id\":\"https:\/\/graziamagazine.com\/es\/articles\/tiembla-kim-zara-lanza-su-primera-e-historica-coleccion-de-fajas-reductoras\/\",\"url\":\"https:\/\/graziamagazine.com\/es\/articles\/tiembla-kim-zara-lanza-su-primera-e-historica-coleccion-de-fajas-reductoras\/\",\"name\":\"\u00a1Tiembla Kim! Zara lanza su primera (e hist\u00f3rica) colecci\u00f3n de fajas reductoras | Grazia\",\"isPartOf\":{\"@id\":\"https:\/\/graziamagazine.com\/es\/#website\"},\"datePublished\":\"2020-02-28T10:16:56+00:00\",\"dateModified\":\"2020-02-28T10:16:56+00:00\",\"description\":\"Lo que nadie pens\u00f3 que pasar\u00eda ha ocurrido y que sea la marca de Inditex quien lo haga marca un nuevo precedente.\",\"breadcrumb\":{\"@id\":\"https:\/\/graziamagazine.com\/es\/articles\/tiembla-kim-zara-lanza-su-primera-e-historica-coleccion-de-fajas-reductoras\/#breadcrumb\"},\"inLanguage\":\"es\",\"potentialAction\":[{\"@type\":\"ReadAction\",\"target\":[\"https:\/\/graziamagazine.com\/es\/articles\/tiembla-kim-zara-lanza-su-primera-e-historica-coleccion-de-fajas-reductoras\/\"]}]},{\"@type\":\"BreadcrumbList\",\"@id\":\"https:\/\/graziamagazine.com\/es\/articles\/tiembla-kim-zara-lanza-su-primera-e-historica-coleccion-de-fajas-reductoras\/#breadcrumb\",\"itemListElement\":[{\"@type\":\"ListItem\",\"position\":1,\"name\":\"Portada\",\"item\":\"https:\/\/graziamagazine.com\/es\/\"},{\"@type\":\"ListItem\",\"position\":2,\"name\":\"\u00a1Tiembla Kim! Zara lanza su primera (e hist\u00f3rica) colecci\u00f3n de fajas reductoras\"}]},{\"@type\":\"WebSite\",\"@id\":\"https:\/\/graziamagazine.com\/es\/#website\",\"url\":\"https:\/\/graziamagazine.com\/es\/\",\"name\":\"Grazia\",\"description\":\"Moda, belleza, celebrities, estilo de vida...\",\"potentialAction\":[{\"@type\":\"SearchAction\",\"target\":{\"@type\":\"EntryPoint\",\"urlTemplate\":\"https:\/\/graziamagazine.com\/es\/?s={search_term_string}\"},\"query-input\":\"required name=search_term_string\"}],\"inLanguage\":\"es\"}]}<\/script>\n<!-- \/ Yoast SEO Premium plugin. -->","yoast_head_json":{"title":"\u00a1Tiembla Kim! Zara lanza su primera (e hist\u00f3rica) colecci\u00f3n de fajas reductoras | Grazia","description":"Lo que nadie pens\u00f3 que pasar\u00eda ha ocurrido y que sea la marca de Inditex quien lo haga marca un nuevo precedente.","robots":{"index":"index","follow":"follow","max-snippet":"max-snippet:-1","max-image-preview":"max-image-preview:large","max-video-preview":"max-video-preview:-1"},"canonical":"https:\/\/graziamagazine.com\/es\/articles\/tiembla-kim-zara-lanza-su-primera-e-historica-coleccion-de-fajas-reductoras\/","og_locale":"es_ES","og_type":"article","og_title":"\u00a1Tiembla Kim! Zara lanza su primera (e hist\u00f3rica) colecci\u00f3n de fajas reductoras","og_description":"Lo que nadie pens\u00f3 que pasar\u00eda ha ocurrido y que sea la marca de Inditex quien lo haga marca un nuevo precedente.","og_url":"https:\/\/graziamagazine.com\/es\/articles\/tiembla-kim-zara-lanza-su-primera-e-historica-coleccion-de-fajas-reductoras\/","og_site_name":"Grazia","og_image":[{"width":600,"height":500,"url":"https:\/\/graziamagazine.com\/es\/wp-content\/uploads\/sites\/12\/2020\/02\/fajas-4.jpg?fit=600%2C500","type":"image\/jpeg"}],"twitter_card":"summary_large_image","twitter_misc":{"Est. reading time":"2 minutos"},"schema":{"@context":"https:\/\/schema.org","@graph":[{"@type":"WebPage","@id":"https:\/\/graziamagazine.com\/es\/articles\/tiembla-kim-zara-lanza-su-primera-e-historica-coleccion-de-fajas-reductoras\/","url":"https:\/\/graziamagazine.com\/es\/articles\/tiembla-kim-zara-lanza-su-primera-e-historica-coleccion-de-fajas-reductoras\/","name":"\u00a1Tiembla Kim! Zara lanza su primera (e hist\u00f3rica) colecci\u00f3n de fajas reductoras | Grazia","isPartOf":{"@id":"https:\/\/graziamagazine.com\/es\/#website"},"datePublished":"2020-02-28T10:16:56+00:00","dateModified":"2020-02-28T10:16:56+00:00","description":"Lo que nadie pens\u00f3 que pasar\u00eda ha ocurrido y que sea la marca de Inditex quien lo haga marca un nuevo precedente.","breadcrumb":{"@id":"https:\/\/graziamagazine.com\/es\/articles\/tiembla-kim-zara-lanza-su-primera-e-historica-coleccion-de-fajas-reductoras\/#breadcrumb"},"inLanguage":"es","potentialAction":[{"@type":"ReadAction","target":["https:\/\/graziamagazine.com\/es\/articles\/tiembla-kim-zara-lanza-su-primera-e-historica-coleccion-de-fajas-reductoras\/"]}]},{"@type":"BreadcrumbList","@id":"https:\/\/graziamagazine.com\/es\/articles\/tiembla-kim-zara-lanza-su-primera-e-historica-coleccion-de-fajas-reductoras\/#breadcrumb","itemListElement":[{"@type":"ListItem","position":1,"name":"Portada","item":"https:\/\/graziamagazine.com\/es\/"},{"@type":"ListItem","position":2,"name":"\u00a1Tiembla Kim! Zara lanza su primera (e hist\u00f3rica) colecci\u00f3n de fajas reductoras"}]},{"@type":"WebSite","@id":"https:\/\/graziamagazine.com\/es\/#website","url":"https:\/\/graziamagazine.com\/es\/","name":"Grazia","description":"Moda, belleza, celebrities, estilo de vida...","potentialAction":[{"@type":"SearchAction","target":{"@type":"EntryPoint","urlTemplate":"https:\/\/graziamagazine.com\/es\/?s={search_term_string}"},"query-input":"required name=search_term_string"}],"inLanguage":"es"}]}},"jetpack_sharing_enabled":true,"distributor_meta":false,"distributor_terms":false,"distributor_media":false,"distributor_original_site_name":"Grazia","distributor_original_site_url":"https:\/\/graziamagazine.com\/es","push-errors":false,"_links":{"self":[{"href":"https:\/\/graziamagazine.com\/es\/wp-json\/wp\/v2\/articles\/153018"}],"collection":[{"href":"https:\/\/graziamagazine.com\/es\/wp-json\/wp\/v2\/articles"}],"about":[{"href":"https:\/\/graziamagazine.com\/es\/wp-json\/wp\/v2\/types\/articles"}],"author":[{"embeddable":true,"href":"https:\/\/graziamagazine.com\/es\/wp-json\/wp\/v2\/users\/11653"}],"wp:featuredmedia":[{"embeddable":true,"href":"https:\/\/graziamagazine.com\/es\/wp-json\/wp\/v2\/media\/153020"}],"wp:attachment":[{"href":"https:\/\/graziamagazine.com\/es\/wp-json\/wp\/v2\/media?parent=153018"}],"wp:term":[{"taxonomy":"category","embeddable":true,"href":"https:\/\/graziamagazine.com\/es\/wp-json\/wp\/v2\/categories?post=153018"}],"curies":[{"name":"wp","href":"https:\/\/api.w.org\/{rel}","templated":true}]}}