{"id":152769,"date":"2020-02-24T19:26:15","date_gmt":"2020-02-24T18:26:15","guid":{"rendered":"https:\/\/graziamagazine.com\/es\/?p=152769"},"modified":"2020-02-24T19:26:40","modified_gmt":"2020-02-24T18:26:40","slug":"aitana-y-miguel-bernardeu-a-juego-en-el-front-row-de-la-semana-de-la-moda-de-milan","status":"publish","type":"articles","link":"https:\/\/graziamagazine.com\/es\/articles\/aitana-y-miguel-bernardeu-a-juego-en-el-front-row-de-la-semana-de-la-moda-de-milan\/","title":{"rendered":"Aitana y Miguel Bernardeu, a juego, en el &#8216;front row&#8217; de la Semana de la Moda de Mil\u00e1n"},"content":{"rendered":"<p>Est\u00e1 claro que esta Milan Fashion Week va a ser recordada por muchas cosas. El regreso de Maria Antonieta de la mano de Moschino, el <a href=\"http:\/\/bit.ly\/2uuYf7q\" target=\"_blank\">anuncio de la incorporaci\u00f3n de Raf Simons a Prada<\/a>, el <a href=\"http:\/\/bit.ly\/32sltYf\" target=\"_blank\">cierre a puerta cerrada del desfile de Giorgio Armani<\/a>&#8230; y para nosotros tambi\u00e9n <strong>la aparici\u00f3n como pareja de dos guapos: Aitana y Miguel Bernardeu<\/strong>.<\/p>\n<p>Ya sabemos que nos les gusta mucho prodigarse en p\u00fablico, y mucho menos hacer declaraciones cuando est\u00e1n juntos, as\u00ed que <strong>estas im\u00e1genes de la mano llegando al desfile de Hugo Boss en Mil\u00e1n son todo un acontecimiento<\/strong>. Miguel es embajador de la firma, por lo que era de esperar que asistiera, pero no imaginamos que lo har\u00eda, as\u00ed de guapo acompa\u00f1ado de una Aitana s\u00faper elegante.<\/p>\n<p><img loading=\"lazy\" decoding=\"async\" class=\"aligncenter size-full wp-image-152772\" src=\"https:\/\/graziamagazine.com\/es\/wp-content\/uploads\/sites\/12\/2020\/02\/aitana-11.jpg\" alt=\" Aitana y Miguel Bernardeu, a juego, en el 'front row' de la Semana de la Moda de Mil\u00e1n \" width=\"476\" height=\"714\" srcset=\"https:\/\/graziamagazine.com\/es\/wp-content\/uploads\/sites\/12\/2020\/02\/aitana-11.jpg 476w, https:\/\/graziamagazine.com\/es\/wp-content\/uploads\/sites\/12\/2020\/02\/aitana-11.jpg?resize=200,300 200w, https:\/\/graziamagazine.com\/es\/wp-content\/uploads\/sites\/12\/2020\/02\/aitana-11.jpg?resize=143,215 143w\" sizes=\"(max-width: 476px) 100vw, 476px\" \/><\/p>\n<p>La pareja <strong>se visti\u00f3 a juego, haciendo eso que ahora llaman &#8216;twinning&#8217;, ambos con traje dos piezas<\/strong>, \u00e9l en beige y ella eligiendo el color del 2020, el azul. Su outfit se compon\u00eda de un <strong>blazer cruzado y un pantal\u00f3n estrecho, ambos de Hugo Boss, que acompa\u00f1\u00f3 con unas sandalias de tira fina y un abrigo azul marino que le sentaba francamente bien<\/strong>.<\/p>\n<p><img loading=\"lazy\" decoding=\"async\" class=\"aligncenter size-full wp-image-152770\" src=\"https:\/\/graziamagazine.com\/es\/wp-content\/uploads\/sites\/12\/2020\/02\/aitana-2.jpg\" alt=\" Aitana y Miguel Bernardeu, a juego, en el 'front row' de la Semana de la Moda de Mil\u00e1n \" width=\"476\" height=\"714\" srcset=\"https:\/\/graziamagazine.com\/es\/wp-content\/uploads\/sites\/12\/2020\/02\/aitana-2.jpg 476w, https:\/\/graziamagazine.com\/es\/wp-content\/uploads\/sites\/12\/2020\/02\/aitana-2.jpg?resize=200,300 200w, https:\/\/graziamagazine.com\/es\/wp-content\/uploads\/sites\/12\/2020\/02\/aitana-2.jpg?resize=143,215 143w\" sizes=\"(max-width: 476px) 100vw, 476px\" \/><\/p>\n<p>Aitana volvi\u00f3 a apostar un <em>beauty look<\/em> que ya hemos visto en ella de manera constante: melena ondulada, flequillo, maquillaje glow natural pero resaltando la mirada y los labios. \u00a1La verdad que vaya pareja de guapos representando a Espa\u00f1a!<\/p>\n<p><img loading=\"lazy\" decoding=\"async\" class=\"aligncenter size-full wp-image-152773\" src=\"https:\/\/graziamagazine.com\/es\/wp-content\/uploads\/sites\/12\/2020\/02\/aitana-3.jpg\" alt=\" Aitana y Miguel Bernardeu, a juego, en el 'front row' de la Semana de la Moda de Mil\u00e1n \" width=\"642\" height=\"483\" srcset=\"https:\/\/graziamagazine.com\/es\/wp-content\/uploads\/sites\/12\/2020\/02\/aitana-3.jpg 642w, https:\/\/graziamagazine.com\/es\/wp-content\/uploads\/sites\/12\/2020\/02\/aitana-3.jpg?resize=300,226 300w, https:\/\/graziamagazine.com\/es\/wp-content\/uploads\/sites\/12\/2020\/02\/aitana-3.jpg?resize=155,117 155w\" sizes=\"(max-width: 642px) 100vw, 642px\" \/><\/p>\n<p><em>*Im\u00e1genes: Getty Images y cortes\u00eda<\/em><\/p>\n<p>&nbsp;<\/p>\n","protected":false},"author":11653,"featured_media":152774,"template":"","format":"standard","categories":[13],"acf":[],"yoast_head":"<!-- This site is optimized with the Yoast SEO Premium plugin v18.5 (Yoast SEO v20.4) - https:\/\/yoast.com\/wordpress\/plugins\/seo\/ -->\n<title>Aitana y Miguel Bernardeu, a juego, en el &#039;front row&#039; de la Semana de la Moda de Mil\u00e1n | Grazia<\/title>\n<meta name=\"description\" content=\"La pareja ha asistido como invitada al desfile de Hugo Boss en Mil\u00e1n con un look s\u00faper coordinado de pareja perfecta. \u00a1Guap\u00edsimos!\" \/>\n<meta name=\"robots\" content=\"index, follow, max-snippet:-1, max-image-preview:large, max-video-preview:-1\" \/>\n<link rel=\"canonical\" href=\"https:\/\/graziamagazine.com\/es\/articles\/aitana-y-miguel-bernardeu-a-juego-en-el-front-row-de-la-semana-de-la-moda-de-milan\/\" \/>\n<meta property=\"og:locale\" content=\"es_ES\" \/>\n<meta property=\"og:type\" content=\"article\" \/>\n<meta property=\"og:title\" content=\"Aitana y Miguel Bernardeu, a juego, en el &#039;front row&#039; de la Semana de la Moda de Mil\u00e1n\" \/>\n<meta property=\"og:description\" content=\"La pareja ha asistido como invitada al desfile de Hugo Boss en Mil\u00e1n con un look s\u00faper coordinado de pareja perfecta. \u00a1Guap\u00edsimos!\" \/>\n<meta property=\"og:url\" content=\"https:\/\/graziamagazine.com\/es\/articles\/aitana-y-miguel-bernardeu-a-juego-en-el-front-row-de-la-semana-de-la-moda-de-milan\/\" \/>\n<meta property=\"og:site_name\" content=\"Grazia\" \/>\n<meta property=\"article:modified_time\" content=\"2020-02-24T18:26:40+00:00\" \/>\n<meta property=\"og:image\" content=\"https:\/\/graziamagazine.com\/es\/wp-content\/uploads\/sites\/12\/2020\/02\/aitana-4.jpg?fit=980%2C554\" \/>\n\t<meta property=\"og:image:width\" content=\"980\" \/>\n\t<meta property=\"og:image:height\" content=\"554\" \/>\n\t<meta property=\"og:image:type\" content=\"image\/jpeg\" \/>\n<meta name=\"twitter:card\" content=\"summary_large_image\" \/>\n<meta name=\"twitter:label1\" content=\"Est. reading time\" \/>\n\t<meta name=\"twitter:data1\" content=\"1 minuto\" \/>\n<script type=\"application\/ld+json\" class=\"yoast-schema-graph\">{\"@context\":\"https:\/\/schema.org\",\"@graph\":[{\"@type\":\"WebPage\",\"@id\":\"https:\/\/graziamagazine.com\/es\/articles\/aitana-y-miguel-bernardeu-a-juego-en-el-front-row-de-la-semana-de-la-moda-de-milan\/\",\"url\":\"https:\/\/graziamagazine.com\/es\/articles\/aitana-y-miguel-bernardeu-a-juego-en-el-front-row-de-la-semana-de-la-moda-de-milan\/\",\"name\":\"Aitana y Miguel Bernardeu, a juego, en el 'front row' de la Semana de la Moda de Mil\u00e1n | Grazia\",\"isPartOf\":{\"@id\":\"https:\/\/graziamagazine.com\/es\/#website\"},\"datePublished\":\"2020-02-24T18:26:15+00:00\",\"dateModified\":\"2020-02-24T18:26:40+00:00\",\"description\":\"La pareja ha asistido como invitada al desfile de Hugo Boss en Mil\u00e1n con un look s\u00faper coordinado de pareja perfecta. \u00a1Guap\u00edsimos!\",\"breadcrumb\":{\"@id\":\"https:\/\/graziamagazine.com\/es\/articles\/aitana-y-miguel-bernardeu-a-juego-en-el-front-row-de-la-semana-de-la-moda-de-milan\/#breadcrumb\"},\"inLanguage\":\"es\",\"potentialAction\":[{\"@type\":\"ReadAction\",\"target\":[\"https:\/\/graziamagazine.com\/es\/articles\/aitana-y-miguel-bernardeu-a-juego-en-el-front-row-de-la-semana-de-la-moda-de-milan\/\"]}]},{\"@type\":\"BreadcrumbList\",\"@id\":\"https:\/\/graziamagazine.com\/es\/articles\/aitana-y-miguel-bernardeu-a-juego-en-el-front-row-de-la-semana-de-la-moda-de-milan\/#breadcrumb\",\"itemListElement\":[{\"@type\":\"ListItem\",\"position\":1,\"name\":\"Portada\",\"item\":\"https:\/\/graziamagazine.com\/es\/\"},{\"@type\":\"ListItem\",\"position\":2,\"name\":\"Aitana y Miguel Bernardeu, a juego, en el &#8216;front row&#8217; de la Semana de la Moda de Mil\u00e1n\"}]},{\"@type\":\"WebSite\",\"@id\":\"https:\/\/graziamagazine.com\/es\/#website\",\"url\":\"https:\/\/graziamagazine.com\/es\/\",\"name\":\"Grazia\",\"description\":\"Moda, belleza, celebrities, estilo de vida...\",\"potentialAction\":[{\"@type\":\"SearchAction\",\"target\":{\"@type\":\"EntryPoint\",\"urlTemplate\":\"https:\/\/graziamagazine.com\/es\/?s={search_term_string}\"},\"query-input\":\"required name=search_term_string\"}],\"inLanguage\":\"es\"}]}<\/script>\n<!-- \/ Yoast SEO Premium plugin. -->","yoast_head_json":{"title":"Aitana y Miguel Bernardeu, a juego, en el 'front row' de la Semana de la Moda de Mil\u00e1n | Grazia","description":"La pareja ha asistido como invitada al desfile de Hugo Boss en Mil\u00e1n con un look s\u00faper coordinado de pareja perfecta. \u00a1Guap\u00edsimos!","robots":{"index":"index","follow":"follow","max-snippet":"max-snippet:-1","max-image-preview":"max-image-preview:large","max-video-preview":"max-video-preview:-1"},"canonical":"https:\/\/graziamagazine.com\/es\/articles\/aitana-y-miguel-bernardeu-a-juego-en-el-front-row-de-la-semana-de-la-moda-de-milan\/","og_locale":"es_ES","og_type":"article","og_title":"Aitana y Miguel Bernardeu, a juego, en el 'front row' de la Semana de la Moda de Mil\u00e1n","og_description":"La pareja ha asistido como invitada al desfile de Hugo Boss en Mil\u00e1n con un look s\u00faper coordinado de pareja perfecta. \u00a1Guap\u00edsimos!","og_url":"https:\/\/graziamagazine.com\/es\/articles\/aitana-y-miguel-bernardeu-a-juego-en-el-front-row-de-la-semana-de-la-moda-de-milan\/","og_site_name":"Grazia","article_modified_time":"2020-02-24T18:26:40+00:00","og_image":[{"width":980,"height":554,"url":"https:\/\/graziamagazine.com\/es\/wp-content\/uploads\/sites\/12\/2020\/02\/aitana-4.jpg?fit=980%2C554","type":"image\/jpeg"}],"twitter_card":"summary_large_image","twitter_misc":{"Est. reading time":"1 minuto"},"schema":{"@context":"https:\/\/schema.org","@graph":[{"@type":"WebPage","@id":"https:\/\/graziamagazine.com\/es\/articles\/aitana-y-miguel-bernardeu-a-juego-en-el-front-row-de-la-semana-de-la-moda-de-milan\/","url":"https:\/\/graziamagazine.com\/es\/articles\/aitana-y-miguel-bernardeu-a-juego-en-el-front-row-de-la-semana-de-la-moda-de-milan\/","name":"Aitana y Miguel Bernardeu, a juego, en el 'front row' de la Semana de la Moda de Mil\u00e1n | Grazia","isPartOf":{"@id":"https:\/\/graziamagazine.com\/es\/#website"},"datePublished":"2020-02-24T18:26:15+00:00","dateModified":"2020-02-24T18:26:40+00:00","description":"La pareja ha asistido como invitada al desfile de Hugo Boss en Mil\u00e1n con un look s\u00faper coordinado de pareja perfecta. \u00a1Guap\u00edsimos!","breadcrumb":{"@id":"https:\/\/graziamagazine.com\/es\/articles\/aitana-y-miguel-bernardeu-a-juego-en-el-front-row-de-la-semana-de-la-moda-de-milan\/#breadcrumb"},"inLanguage":"es","potentialAction":[{"@type":"ReadAction","target":["https:\/\/graziamagazine.com\/es\/articles\/aitana-y-miguel-bernardeu-a-juego-en-el-front-row-de-la-semana-de-la-moda-de-milan\/"]}]},{"@type":"BreadcrumbList","@id":"https:\/\/graziamagazine.com\/es\/articles\/aitana-y-miguel-bernardeu-a-juego-en-el-front-row-de-la-semana-de-la-moda-de-milan\/#breadcrumb","itemListElement":[{"@type":"ListItem","position":1,"name":"Portada","item":"https:\/\/graziamagazine.com\/es\/"},{"@type":"ListItem","position":2,"name":"Aitana y Miguel Bernardeu, a juego, en el &#8216;front row&#8217; de la Semana de la Moda de Mil\u00e1n"}]},{"@type":"WebSite","@id":"https:\/\/graziamagazine.com\/es\/#website","url":"https:\/\/graziamagazine.com\/es\/","name":"Grazia","description":"Moda, belleza, celebrities, estilo de vida...","potentialAction":[{"@type":"SearchAction","target":{"@type":"EntryPoint","urlTemplate":"https:\/\/graziamagazine.com\/es\/?s={search_term_string}"},"query-input":"required name=search_term_string"}],"inLanguage":"es"}]}},"jetpack_sharing_enabled":true,"distributor_meta":false,"distributor_terms":false,"distributor_media":false,"distributor_original_site_name":"Grazia","distributor_original_site_url":"https:\/\/graziamagazine.com\/es","push-errors":false,"_links":{"self":[{"href":"https:\/\/graziamagazine.com\/es\/wp-json\/wp\/v2\/articles\/152769"}],"collection":[{"href":"https:\/\/graziamagazine.com\/es\/wp-json\/wp\/v2\/articles"}],"about":[{"href":"https:\/\/graziamagazine.com\/es\/wp-json\/wp\/v2\/types\/articles"}],"author":[{"embeddable":true,"href":"https:\/\/graziamagazine.com\/es\/wp-json\/wp\/v2\/users\/11653"}],"wp:featuredmedia":[{"embeddable":true,"href":"https:\/\/graziamagazine.com\/es\/wp-json\/wp\/v2\/media\/152774"}],"wp:attachment":[{"href":"https:\/\/graziamagazine.com\/es\/wp-json\/wp\/v2\/media?parent=152769"}],"wp:term":[{"taxonomy":"category","embeddable":true,"href":"https:\/\/graziamagazine.com\/es\/wp-json\/wp\/v2\/categories?post=152769"}],"curies":[{"name":"wp","href":"https:\/\/api.w.org\/{rel}","templated":true}]}}