{"id":152746,"date":"2020-02-24T11:46:45","date_gmt":"2020-02-24T10:46:45","guid":{"rendered":"https:\/\/graziamagazine.com\/es\/?p=152746"},"modified":"2020-02-24T11:46:45","modified_gmt":"2020-02-24T10:46:45","slug":"prada-da-la-sorpresa-en-mfw-raf-simons-se-suma-como-co-director-creativo-junto-a-miuccia-prada","status":"publish","type":"articles","link":"https:\/\/graziamagazine.com\/es\/articles\/prada-da-la-sorpresa-en-mfw-raf-simons-se-suma-como-co-director-creativo-junto-a-miuccia-prada\/","title":{"rendered":"Prada da la sorpresa en MFW: Raf Simons se suma como co-director creativo junto a Miuccia Prada"},"content":{"rendered":"<p>La Semana de la Moda de Mil\u00e1n no ha estado libre de sorpresas y noticias. Si Giorgio Armani anunciaba que su desfile ser\u00eda a puerta cerrada, por el avance del coronavirus en Italia, la casa Prada hizo un anuncio sorpresa que dej\u00f3 a todo el mundo con la boca abierta y con muchas ganas de ver lo que viene.<\/p>\n<p>A partir del 2 de abril de 2020, el dise\u00f1ador Raf Simons se unir\u00e1 a la marca Prada como co-director creativo, trabajando en asociaci\u00f3n con Miuccia Prada con las mismas responsabilidades, tanto en la aportaci\u00f3n creativa como en la toma de decisiones.\u00a0Esta asociaci\u00f3n, que abarca todas las facetas creativas de la etiqueta Prada, <strong>nace de un profundo respeto rec\u00edproco y de una conversaci\u00f3n abierta: es una decisi\u00f3n mutua, propuesta y determinada por ambas partes<\/strong>. Una decisi\u00f3n hist\u00f3rica en el mundo de la moda, que adem\u00e1s abre un nuevo di\u00e1logo, entre dise\u00f1adores ampliamente reconocidos como dos de los m\u00e1s importantes e influyentes de la actualidad. De hecho,\u00a0Raf Simons no es nuevo en el Grupo Prada, ya que fue el dise\u00f1ador de Jil Sander, antes de pasar por Dior y Calvin Klein<\/p>\n<p>Conceptualmente, <strong>tambi\u00e9n es un nuevo enfoque de la definici\u00f3n misma de direcci\u00f3n creativa para una marca de moda: un fuerte desaf\u00edo a la idea de la singularidad de la autor\u00eda creativa<\/strong>, a la vez que un refuerzo audaz de la importancia y el poder de la creatividad en un panorama cultural cambiante.<strong> A medida que cambian los tiempos, tambi\u00e9n deber\u00eda cambiar la creatividad<\/strong>. La sinergia de esta asociaci\u00f3n es de gran alcance. Es una reacci\u00f3n a la era en la que vivimos, una \u00e9poca con nuevas posibilidades, que permite un punto de vista y enfoque diferente a las metodolog\u00edas establecidas.<\/p>\n<p>Si pensabas que \u00edbamos a tardar mucho en ver el resultado, te equivocas, solo habr\u00e1 que esperar unos meses porque la primera colecci\u00f3n de Prada dise\u00f1ada por Miuccia Prada y Raf Simons ser\u00e1 la de Primavera \/ Verano 2021, que se presentar\u00e1 en la pr\u00f3xima Milan Fashion Week el pr\u00f3ximo mes de septiembre de 2020.<\/p>\n<p><em>Imagen:\u00a0Brigitte Lacombe y Willy Vanderperre para Prada<\/em><\/p>\n","protected":false},"author":11653,"featured_media":152747,"template":"","format":"standard","categories":[2424],"acf":[],"yoast_head":"<!-- This site is optimized with the Yoast SEO Premium plugin v18.5 (Yoast SEO v20.4) - https:\/\/yoast.com\/wordpress\/plugins\/seo\/ -->\n<title>Prada da la sorpresa en MFW: Raf Simons se suma como co-director creativo junto a Miuccia Prada | Grazia<\/title>\n<meta name=\"description\" content=\"El dise\u00f1ador se une a la firma italiana al mismo nivel que Miuccia Prada y veremos sus creaciones en la pr\u00f3xima Semana de la Moda de Mil\u00e1n.\" \/>\n<meta name=\"robots\" content=\"index, follow, max-snippet:-1, max-image-preview:large, max-video-preview:-1\" \/>\n<link rel=\"canonical\" href=\"https:\/\/graziamagazine.com\/es\/articles\/prada-da-la-sorpresa-en-mfw-raf-simons-se-suma-como-co-director-creativo-junto-a-miuccia-prada\/\" \/>\n<meta property=\"og:locale\" content=\"es_ES\" \/>\n<meta property=\"og:type\" content=\"article\" \/>\n<meta property=\"og:title\" content=\"Prada da la sorpresa en MFW: Raf Simons se suma como co-director creativo junto a Miuccia Prada\" \/>\n<meta property=\"og:description\" content=\"El dise\u00f1ador se une a la firma italiana al mismo nivel que Miuccia Prada y veremos sus creaciones en la pr\u00f3xima Semana de la Moda de Mil\u00e1n.\" \/>\n<meta property=\"og:url\" content=\"https:\/\/graziamagazine.com\/es\/articles\/prada-da-la-sorpresa-en-mfw-raf-simons-se-suma-como-co-director-creativo-junto-a-miuccia-prada\/\" \/>\n<meta property=\"og:site_name\" content=\"Grazia\" \/>\n<meta property=\"og:image\" content=\"https:\/\/graziamagazine.com\/es\/wp-content\/uploads\/sites\/12\/2020\/02\/prada.jpeg?fit=1080%2C607\" \/>\n\t<meta property=\"og:image:width\" content=\"1080\" \/>\n\t<meta property=\"og:image:height\" content=\"607\" \/>\n\t<meta property=\"og:image:type\" content=\"image\/jpeg\" \/>\n<meta name=\"twitter:card\" content=\"summary_large_image\" \/>\n<meta name=\"twitter:label1\" content=\"Est. reading time\" \/>\n\t<meta name=\"twitter:data1\" content=\"2 minutos\" \/>\n<script type=\"application\/ld+json\" class=\"yoast-schema-graph\">{\"@context\":\"https:\/\/schema.org\",\"@graph\":[{\"@type\":\"WebPage\",\"@id\":\"https:\/\/graziamagazine.com\/es\/articles\/prada-da-la-sorpresa-en-mfw-raf-simons-se-suma-como-co-director-creativo-junto-a-miuccia-prada\/\",\"url\":\"https:\/\/graziamagazine.com\/es\/articles\/prada-da-la-sorpresa-en-mfw-raf-simons-se-suma-como-co-director-creativo-junto-a-miuccia-prada\/\",\"name\":\"Prada da la sorpresa en MFW: Raf Simons se suma como co-director creativo junto a Miuccia Prada | Grazia\",\"isPartOf\":{\"@id\":\"https:\/\/graziamagazine.com\/es\/#website\"},\"datePublished\":\"2020-02-24T10:46:45+00:00\",\"dateModified\":\"2020-02-24T10:46:45+00:00\",\"description\":\"El dise\u00f1ador se une a la firma italiana al mismo nivel que Miuccia Prada y veremos sus creaciones en la pr\u00f3xima Semana de la Moda de Mil\u00e1n.\",\"breadcrumb\":{\"@id\":\"https:\/\/graziamagazine.com\/es\/articles\/prada-da-la-sorpresa-en-mfw-raf-simons-se-suma-como-co-director-creativo-junto-a-miuccia-prada\/#breadcrumb\"},\"inLanguage\":\"es\",\"potentialAction\":[{\"@type\":\"ReadAction\",\"target\":[\"https:\/\/graziamagazine.com\/es\/articles\/prada-da-la-sorpresa-en-mfw-raf-simons-se-suma-como-co-director-creativo-junto-a-miuccia-prada\/\"]}]},{\"@type\":\"BreadcrumbList\",\"@id\":\"https:\/\/graziamagazine.com\/es\/articles\/prada-da-la-sorpresa-en-mfw-raf-simons-se-suma-como-co-director-creativo-junto-a-miuccia-prada\/#breadcrumb\",\"itemListElement\":[{\"@type\":\"ListItem\",\"position\":1,\"name\":\"Portada\",\"item\":\"https:\/\/graziamagazine.com\/es\/\"},{\"@type\":\"ListItem\",\"position\":2,\"name\":\"Prada da la sorpresa en MFW: Raf Simons se suma como co-director creativo junto a Miuccia Prada\"}]},{\"@type\":\"WebSite\",\"@id\":\"https:\/\/graziamagazine.com\/es\/#website\",\"url\":\"https:\/\/graziamagazine.com\/es\/\",\"name\":\"Grazia\",\"description\":\"Moda, belleza, celebrities, estilo de vida...\",\"potentialAction\":[{\"@type\":\"SearchAction\",\"target\":{\"@type\":\"EntryPoint\",\"urlTemplate\":\"https:\/\/graziamagazine.com\/es\/?s={search_term_string}\"},\"query-input\":\"required name=search_term_string\"}],\"inLanguage\":\"es\"}]}<\/script>\n<!-- \/ Yoast SEO Premium plugin. -->","yoast_head_json":{"title":"Prada da la sorpresa en MFW: Raf Simons se suma como co-director creativo junto a Miuccia Prada | Grazia","description":"El dise\u00f1ador se une a la firma italiana al mismo nivel que Miuccia Prada y veremos sus creaciones en la pr\u00f3xima Semana de la Moda de Mil\u00e1n.","robots":{"index":"index","follow":"follow","max-snippet":"max-snippet:-1","max-image-preview":"max-image-preview:large","max-video-preview":"max-video-preview:-1"},"canonical":"https:\/\/graziamagazine.com\/es\/articles\/prada-da-la-sorpresa-en-mfw-raf-simons-se-suma-como-co-director-creativo-junto-a-miuccia-prada\/","og_locale":"es_ES","og_type":"article","og_title":"Prada da la sorpresa en MFW: Raf Simons se suma como co-director creativo junto a Miuccia Prada","og_description":"El dise\u00f1ador se une a la firma italiana al mismo nivel que Miuccia Prada y veremos sus creaciones en la pr\u00f3xima Semana de la Moda de Mil\u00e1n.","og_url":"https:\/\/graziamagazine.com\/es\/articles\/prada-da-la-sorpresa-en-mfw-raf-simons-se-suma-como-co-director-creativo-junto-a-miuccia-prada\/","og_site_name":"Grazia","og_image":[{"width":1080,"height":607,"url":"https:\/\/graziamagazine.com\/es\/wp-content\/uploads\/sites\/12\/2020\/02\/prada.jpeg?fit=1080%2C607","type":"image\/jpeg"}],"twitter_card":"summary_large_image","twitter_misc":{"Est. reading time":"2 minutos"},"schema":{"@context":"https:\/\/schema.org","@graph":[{"@type":"WebPage","@id":"https:\/\/graziamagazine.com\/es\/articles\/prada-da-la-sorpresa-en-mfw-raf-simons-se-suma-como-co-director-creativo-junto-a-miuccia-prada\/","url":"https:\/\/graziamagazine.com\/es\/articles\/prada-da-la-sorpresa-en-mfw-raf-simons-se-suma-como-co-director-creativo-junto-a-miuccia-prada\/","name":"Prada da la sorpresa en MFW: Raf Simons se suma como co-director creativo junto a Miuccia Prada | Grazia","isPartOf":{"@id":"https:\/\/graziamagazine.com\/es\/#website"},"datePublished":"2020-02-24T10:46:45+00:00","dateModified":"2020-02-24T10:46:45+00:00","description":"El dise\u00f1ador se une a la firma italiana al mismo nivel que Miuccia Prada y veremos sus creaciones en la pr\u00f3xima Semana de la Moda de Mil\u00e1n.","breadcrumb":{"@id":"https:\/\/graziamagazine.com\/es\/articles\/prada-da-la-sorpresa-en-mfw-raf-simons-se-suma-como-co-director-creativo-junto-a-miuccia-prada\/#breadcrumb"},"inLanguage":"es","potentialAction":[{"@type":"ReadAction","target":["https:\/\/graziamagazine.com\/es\/articles\/prada-da-la-sorpresa-en-mfw-raf-simons-se-suma-como-co-director-creativo-junto-a-miuccia-prada\/"]}]},{"@type":"BreadcrumbList","@id":"https:\/\/graziamagazine.com\/es\/articles\/prada-da-la-sorpresa-en-mfw-raf-simons-se-suma-como-co-director-creativo-junto-a-miuccia-prada\/#breadcrumb","itemListElement":[{"@type":"ListItem","position":1,"name":"Portada","item":"https:\/\/graziamagazine.com\/es\/"},{"@type":"ListItem","position":2,"name":"Prada da la sorpresa en MFW: Raf Simons se suma como co-director creativo junto a Miuccia Prada"}]},{"@type":"WebSite","@id":"https:\/\/graziamagazine.com\/es\/#website","url":"https:\/\/graziamagazine.com\/es\/","name":"Grazia","description":"Moda, belleza, celebrities, estilo de vida...","potentialAction":[{"@type":"SearchAction","target":{"@type":"EntryPoint","urlTemplate":"https:\/\/graziamagazine.com\/es\/?s={search_term_string}"},"query-input":"required name=search_term_string"}],"inLanguage":"es"}]}},"jetpack_sharing_enabled":true,"distributor_meta":false,"distributor_terms":false,"distributor_media":false,"distributor_original_site_name":"Grazia","distributor_original_site_url":"https:\/\/graziamagazine.com\/es","push-errors":false,"_links":{"self":[{"href":"https:\/\/graziamagazine.com\/es\/wp-json\/wp\/v2\/articles\/152746"}],"collection":[{"href":"https:\/\/graziamagazine.com\/es\/wp-json\/wp\/v2\/articles"}],"about":[{"href":"https:\/\/graziamagazine.com\/es\/wp-json\/wp\/v2\/types\/articles"}],"author":[{"embeddable":true,"href":"https:\/\/graziamagazine.com\/es\/wp-json\/wp\/v2\/users\/11653"}],"wp:featuredmedia":[{"embeddable":true,"href":"https:\/\/graziamagazine.com\/es\/wp-json\/wp\/v2\/media\/152747"}],"wp:attachment":[{"href":"https:\/\/graziamagazine.com\/es\/wp-json\/wp\/v2\/media?parent=152746"}],"wp:term":[{"taxonomy":"category","embeddable":true,"href":"https:\/\/graziamagazine.com\/es\/wp-json\/wp\/v2\/categories?post=152746"}],"curies":[{"name":"wp","href":"https:\/\/api.w.org\/{rel}","templated":true}]}}