{"id":152743,"date":"2020-02-24T11:06:40","date_gmt":"2020-02-24T10:06:40","guid":{"rendered":"https:\/\/graziamagazine.com\/es\/?p=152743"},"modified":"2020-02-24T11:06:40","modified_gmt":"2020-02-24T10:06:40","slug":"asi-sera-la-agenda-de-meghan-y-harry-en-reino-unido-antes-de-su-salida-total-de-la-corona","status":"publish","type":"articles","link":"https:\/\/graziamagazine.com\/es\/articles\/asi-sera-la-agenda-de-meghan-y-harry-en-reino-unido-antes-de-su-salida-total-de-la-corona\/","title":{"rendered":"As\u00ed ser\u00e1 la agenda de Meghan y Harry en Reino Unido antes de su salida total de la Corona"},"content":{"rendered":"<p><strong>El pr\u00edncipe Harry<\/strong>\u00a0y\u00a0<strong>Meghan Markle<\/strong>\u00a0est\u00e1n a punto de cerrar el cap\u00edtulo de sus vidas que tanto los ha atormentado: el de formar parte de la Familia Real Brit\u00e1nica. Finalmente podr\u00e1n vivir su deseada vida en Canad\u00e1, alejados de la prensa del Reino Unido, pero antes de que esto sea posible en su totalidad, la pareja debe volver al viejo continente a cumplir con los eventos con los que se comprometieron y que fueron parte del acuerdo con <strong>Isabel\u00a0II<\/strong>.<\/p>\n<p>Su agenda estar\u00e1 ocupada en seis eventos en los que s\u00ed ejercer\u00e1n como duques de Sussex, en representaci\u00f3n de la reina, pero no como realeza, por raro que eso suene. De esta manera, <a href=\"http:\/\/bit.ly\/2Pc9mJp\" target=\"_blank\"><strong>quedar\u00e1n totalmente liberados de compromisos con la corona, el 31 de marzo.\u00a0<\/strong><\/a><\/p>\n<p class=\"linkAfter\">La agenda comienza este mes, el <strong>28 de febrero<\/strong>, cuando Harry visitar\u00e1 al coro de<i>\u00a0Invictus Games<\/i>\u00a0en los estudios Abbey Road para grabar un disco. El coro est\u00e1 integrado por veteranos y personal de servicio del Ej\u00e9rcito brit\u00e1nico y las ganancias por las ventas del disco ir\u00e1n a la fundaci\u00f3n que apoya los Invictus Games, un evento deportivo para veteranos enfermos y heridos, y una de las causas favoritas del hijo menor de Lady Diana. O al menos as\u00ed era. En esta reuni\u00f3n tambi\u00e9n estar\u00e1 presente el cantante Jon Bon Jovi, con quien han protagonizado uno de los posteos m\u00e1s divertidos de su cuenta de Instagram.<\/p>\n<blockquote class=\"instagram-media\" data-instgrm-captioned data-instgrm-permalink=\"https:\/\/www.instagram.com\/p\/B8y1n80p13j\/?utm_source=ig_embed&amp;utm_campaign=loading\" data-instgrm-version=\"12\" style=\" background:#FFF; border:0; border-radius:3px; box-shadow:0 0 1px 0 rgba(0,0,0,0.5),0 1px 10px 0 rgba(0,0,0,0.15); margin: 1px; max-width:500px; min-width:326px; padding:0; width:99.375%; width:-webkit-calc(100% - 2px); width:calc(100% - 2px);\">\n<div style=\"padding:16px;\"> <a href=\"https:\/\/www.instagram.com\/p\/B8y1n80p13j\/?utm_source=ig_embed&amp;utm_campaign=loading\" style=\" background:#FFFFFF; line-height:0; padding:0 0; text-align:center; text-decoration:none; width:100%;\" target=\"_blank\"> <\/p>\n<div style=\" display: flex; flex-direction: row; align-items: center;\">\n<div style=\"background-color: #F4F4F4; border-radius: 50%; flex-grow: 0; height: 40px; margin-right: 14px; width: 40px;\"><\/div>\n<div style=\"display: flex; flex-direction: column; flex-grow: 1; justify-content: center;\">\n<div style=\" background-color: #F4F4F4; border-radius: 4px; flex-grow: 0; height: 14px; margin-bottom: 6px; width: 100px;\"><\/div>\n<div style=\" background-color: #F4F4F4; border-radius: 4px; flex-grow: 0; height: 14px; width: 60px;\"><\/div>\n<\/div>\n<\/div>\n<div style=\"padding: 19% 0;\"><\/div>\n<div style=\"display:block; height:50px; margin:0 auto 12px; width:50px;\"><svg width=\"50px\" height=\"50px\" viewBox=\"0 0 60 60\" version=\"1.1\" xmlns=\"https:\/\/www.w3.org\/2000\/svg\" xmlns:xlink=\"https:\/\/www.w3.org\/1999\/xlink\"><g stroke=\"none\" stroke-width=\"1\" fill=\"none\" fill-rule=\"evenodd\"><g transform=\"translate(-511.000000, -20.000000)\" fill=\"#000000\"><g><path d=\"M556.869,30.41 C554.814,30.41 553.148,32.076 553.148,34.131 C553.148,36.186 554.814,37.852 556.869,37.852 C558.924,37.852 560.59,36.186 560.59,34.131 C560.59,32.076 558.924,30.41 556.869,30.41 M541,60.657 C535.114,60.657 530.342,55.887 530.342,50 C530.342,44.114 535.114,39.342 541,39.342 C546.887,39.342 551.658,44.114 551.658,50 C551.658,55.887 546.887,60.657 541,60.657 M541,33.886 C532.1,33.886 524.886,41.1 524.886,50 C524.886,58.899 532.1,66.113 541,66.113 C549.9,66.113 557.115,58.899 557.115,50 C557.115,41.1 549.9,33.886 541,33.886 M565.378,62.101 C565.244,65.022 564.756,66.606 564.346,67.663 C563.803,69.06 563.154,70.057 562.106,71.106 C561.058,72.155 560.06,72.803 558.662,73.347 C557.607,73.757 556.021,74.244 553.102,74.378 C549.944,74.521 548.997,74.552 541,74.552 C533.003,74.552 532.056,74.521 528.898,74.378 C525.979,74.244 524.393,73.757 523.338,73.347 C521.94,72.803 520.942,72.155 519.894,71.106 C518.846,70.057 518.197,69.06 517.654,67.663 C517.244,66.606 516.755,65.022 516.623,62.101 C516.479,58.943 516.448,57.996 516.448,50 C516.448,42.003 516.479,41.056 516.623,37.899 C516.755,34.978 517.244,33.391 517.654,32.338 C518.197,30.938 518.846,29.942 519.894,28.894 C520.942,27.846 521.94,27.196 523.338,26.654 C524.393,26.244 525.979,25.756 528.898,25.623 C532.057,25.479 533.004,25.448 541,25.448 C548.997,25.448 549.943,25.479 553.102,25.623 C556.021,25.756 557.607,26.244 558.662,26.654 C560.06,27.196 561.058,27.846 562.106,28.894 C563.154,29.942 563.803,30.938 564.346,32.338 C564.756,33.391 565.244,34.978 565.378,37.899 C565.522,41.056 565.552,42.003 565.552,50 C565.552,57.996 565.522,58.943 565.378,62.101 M570.82,37.631 C570.674,34.438 570.167,32.258 569.425,30.349 C568.659,28.377 567.633,26.702 565.965,25.035 C564.297,23.368 562.623,22.342 560.652,21.575 C558.743,20.834 556.562,20.326 553.369,20.18 C550.169,20.033 549.148,20 541,20 C532.853,20 531.831,20.033 528.631,20.18 C525.438,20.326 523.257,20.834 521.349,21.575 C519.376,22.342 517.703,23.368 516.035,25.035 C514.368,26.702 513.342,28.377 512.574,30.349 C511.834,32.258 511.326,34.438 511.181,37.631 C511.035,40.831 511,41.851 511,50 C511,58.147 511.035,59.17 511.181,62.369 C511.326,65.562 511.834,67.743 512.574,69.651 C513.342,71.625 514.368,73.296 516.035,74.965 C517.703,76.634 519.376,77.658 521.349,78.425 C523.257,79.167 525.438,79.673 528.631,79.82 C531.831,79.965 532.853,80.001 541,80.001 C549.148,80.001 550.169,79.965 553.369,79.82 C556.562,79.673 558.743,79.167 560.652,78.425 C562.623,77.658 564.297,76.634 565.965,74.965 C567.633,73.296 568.659,71.625 569.425,69.651 C570.167,67.743 570.674,65.562 570.82,62.369 C570.966,59.17 571,58.147 571,50 C571,41.851 570.966,40.831 570.82,37.631\"><\/path><\/g><\/g><\/g><\/svg><\/div>\n<div style=\"padding-top: 8px;\">\n<div style=\" color:#3897f0; font-family:Arial,sans-serif; font-size:14px; font-style:normal; font-weight:550; line-height:18px;\"> View this post on Instagram<\/div>\n<\/div>\n<div style=\"padding: 12.5% 0;\"><\/div>\n<div style=\"display: flex; flex-direction: row; margin-bottom: 14px; align-items: center;\">\n<div>\n<div style=\"background-color: #F4F4F4; border-radius: 50%; height: 12.5px; width: 12.5px; transform: translateX(0px) translateY(7px);\"><\/div>\n<div style=\"background-color: #F4F4F4; height: 12.5px; transform: rotate(-45deg) translateX(3px) translateY(1px); width: 12.5px; flex-grow: 0; margin-right: 14px; margin-left: 2px;\"><\/div>\n<div style=\"background-color: #F4F4F4; border-radius: 50%; height: 12.5px; width: 12.5px; transform: translateX(9px) translateY(-18px);\"><\/div>\n<\/div>\n<div style=\"margin-left: 8px;\">\n<div style=\" background-color: #F4F4F4; border-radius: 50%; flex-grow: 0; height: 20px; width: 20px;\"><\/div>\n<div style=\" width: 0; height: 0; border-top: 2px solid transparent; border-left: 6px solid #f4f4f4; border-bottom: 2px solid transparent; transform: translateX(16px) translateY(-4px) rotate(30deg)\"><\/div>\n<\/div>\n<div style=\"margin-left: auto;\">\n<div style=\" width: 0px; border-top: 8px solid #F4F4F4; border-right: 8px solid transparent; transform: translateY(16px);\"><\/div>\n<div style=\" background-color: #F4F4F4; flex-grow: 0; height: 12px; width: 16px; transform: translateY(-4px);\"><\/div>\n<div style=\" width: 0; height: 0; border-top: 8px solid #F4F4F4; border-left: 8px solid transparent; transform: translateY(-4px) translateX(8px);\"><\/div>\n<\/div>\n<\/div>\n<p><\/a> <\/p>\n<p style=\" margin:8px 0 0 0; padding:0 4px;\"> <a href=\"https:\/\/www.instagram.com\/p\/B8y1n80p13j\/?utm_source=ig_embed&amp;utm_campaign=loading\" style=\" color:#000; font-family:Arial,sans-serif; font-size:14px; font-style:normal; font-weight:normal; line-height:17px; text-decoration:none; word-wrap:break-word;\" target=\"_blank\" target=\"_blank\">Coming soon&#8230; #WeAreInvictus \u2022 *Disclaimer &#8211; this is not a real text conversation*<\/a><\/p>\n<p style=\" color:#c9c8cd; font-family:Arial,sans-serif; font-size:14px; line-height:17px; margin-bottom:0; margin-top:8px; overflow:hidden; padding:8px 0 7px; text-align:center; text-overflow:ellipsis; white-space:nowrap;\">A post shared by <a href=\"https:\/\/www.instagram.com\/sussexroyal\/?utm_source=ig_embed&amp;utm_campaign=loading\" style=\" color:#c9c8cd; font-family:Arial,sans-serif; font-size:14px; font-style:normal; font-weight:normal; line-height:17px;\" target=\"_blank\" target=\"_blank\"> The Duke and Duchess of Sussex<\/a> (@sussexroyal) on <time style=\" font-family:Arial,sans-serif; font-size:14px; line-height:17px;\" datetime=\"2020-02-20T16:10:21+00:00\">Feb 20, 2020 at 8:10am PST<\/time><\/p>\n<\/div>\n<\/blockquote>\n<p><script async src=\"\/\/www.instagram.com\/embed.js\"><\/script><\/p>\n<p>Despu\u00e9s, el<strong> 5 de marzo<\/strong>, Harry y Meghan asistir\u00e1n a los\u00a0<i>Endeavour Foundation Awards<\/i>, y al d\u00eda siguiente, el <strong>6 de marz<\/strong>o, \u00e9l se unir\u00e1 al piloto de F1 Lewis Hamilton, para la inauguraci\u00f3n oficial de\u00a0<i>Silverstone Experience<\/i>, un museo interactivo sobre este deporte.<\/p>\n<p class=\"linkAfter\">El <strong>7 de marzo<\/strong> la pareja asistir\u00e1 al Festival de M\u00fasica Mountbatten en el Royal Albert Hall, el <strong>8 de marzo<\/strong> Meghan har\u00e1 una aparici\u00f3n p\u00fablica con motivo del D\u00eda Internacional de la Mujer, y finalmente, el <strong>9 de marzo<\/strong>, los duques de Sussex asistir\u00e1n al evento por del D\u00eda de la\u00a0<i>Commonwealth\u00a0<\/i>en la Abad\u00eda de Westminster, junto a la reina, el pr\u00edncipe Charles, Camilla Parker, el pr\u00edncipe Guillermo y Kate Middleton, para conmemorar los v\u00ednculos de Reino Unido con los 53 pa\u00edses que integran la mancomunidad de naciones.<\/p>\n<p>Y despu\u00e9s de esto, podr\u00e1n regresar a Canad\u00e1 a continuar apoyando las causas que les apasionan. \u201c<em><a href=\"http:\/\/bit.ly\/2UXp0Mv\" target=\"_blank\">Las prioridades del duque siguen siendo apoyar el bienestar de los militares<\/a> y las mujeres, el deporte para el desarrollo social, el VIH y\u00a0Travalyst, que trabaja para movilizar la industria del turismo y los viajes por el bien social. Para La duquesa, su enfoque sigue siendo el empoderamiento de las mujeres, la igualdad de g\u00e9nero y la educaci\u00f3n<\/em>\u201d, dijo una fuente cercana a la pareja a\u00a0<a href=\"https:\/\/www.townandcountrymag.com\/society\/tradition\/a31019252\/meghan-markle-prince-harry-final-engagements-schedule\/\" target=\"_blank\" rel=\"noopener\" target=\"_blank\">un medio ingl\u00e9s<\/a>.<\/p>\n<p>Falta poco m\u00e1s de un mes para que los duques de Sussex puedan vivir su sue\u00f1o, a menos de que\u00a0otro castigo\u00a0de la reina se interponga en su camino.<\/p>\n<p><em>*Imagen: Getty Images<\/em><\/p>\n","protected":false},"author":24470,"featured_media":152744,"template":"","format":"standard","categories":[2147],"acf":[],"yoast_head":"<!-- This site is optimized with the Yoast SEO Premium plugin v18.5 (Yoast SEO v20.4) - https:\/\/yoast.com\/wordpress\/plugins\/seo\/ -->\n<title>As\u00ed ser\u00e1 la agenda de Meghan y Harry en Reino Unido antes de su salida total de la Corona | Grazia<\/title>\n<meta name=\"description\" content=\"A Meghan y Harry les esperan unos d\u00edas dif\u00edciles de regreso al Reino Unido. Te dejamos la lista completa de la agenda que deben cumplir.\" \/>\n<meta name=\"robots\" content=\"index, follow, max-snippet:-1, max-image-preview:large, max-video-preview:-1\" \/>\n<link rel=\"canonical\" href=\"https:\/\/graziamagazine.com\/es\/articles\/asi-sera-la-agenda-de-meghan-y-harry-en-reino-unido-antes-de-su-salida-total-de-la-corona\/\" \/>\n<meta property=\"og:locale\" content=\"es_ES\" \/>\n<meta property=\"og:type\" content=\"article\" \/>\n<meta property=\"og:title\" content=\"As\u00ed ser\u00e1 la agenda de Meghan y Harry en Reino Unido antes de su salida total de la Corona\" \/>\n<meta property=\"og:description\" content=\"A Meghan y Harry les esperan unos d\u00edas dif\u00edciles de regreso al Reino Unido. Te dejamos la lista completa de la agenda que deben cumplir.\" \/>\n<meta property=\"og:url\" content=\"https:\/\/graziamagazine.com\/es\/articles\/asi-sera-la-agenda-de-meghan-y-harry-en-reino-unido-antes-de-su-salida-total-de-la-corona\/\" \/>\n<meta property=\"og:site_name\" content=\"Grazia\" \/>\n<meta property=\"og:image\" content=\"https:\/\/graziamagazine.com\/es\/wp-content\/uploads\/sites\/12\/2020\/02\/harry-meghan-getty-t.jpg?fit=1025%2C515\" \/>\n\t<meta property=\"og:image:width\" content=\"1025\" \/>\n\t<meta property=\"og:image:height\" content=\"515\" \/>\n\t<meta property=\"og:image:type\" content=\"image\/jpeg\" \/>\n<meta name=\"twitter:card\" content=\"summary_large_image\" \/>\n<meta name=\"twitter:label1\" content=\"Est. reading time\" \/>\n\t<meta name=\"twitter:data1\" content=\"3 minutos\" \/>\n<script type=\"application\/ld+json\" class=\"yoast-schema-graph\">{\"@context\":\"https:\/\/schema.org\",\"@graph\":[{\"@type\":\"WebPage\",\"@id\":\"https:\/\/graziamagazine.com\/es\/articles\/asi-sera-la-agenda-de-meghan-y-harry-en-reino-unido-antes-de-su-salida-total-de-la-corona\/\",\"url\":\"https:\/\/graziamagazine.com\/es\/articles\/asi-sera-la-agenda-de-meghan-y-harry-en-reino-unido-antes-de-su-salida-total-de-la-corona\/\",\"name\":\"As\u00ed ser\u00e1 la agenda de Meghan y Harry en Reino Unido antes de su salida total de la Corona | Grazia\",\"isPartOf\":{\"@id\":\"https:\/\/graziamagazine.com\/es\/#website\"},\"datePublished\":\"2020-02-24T10:06:40+00:00\",\"dateModified\":\"2020-02-24T10:06:40+00:00\",\"description\":\"A Meghan y Harry les esperan unos d\u00edas dif\u00edciles de regreso al Reino Unido. Te dejamos la lista completa de la agenda que deben cumplir.\",\"breadcrumb\":{\"@id\":\"https:\/\/graziamagazine.com\/es\/articles\/asi-sera-la-agenda-de-meghan-y-harry-en-reino-unido-antes-de-su-salida-total-de-la-corona\/#breadcrumb\"},\"inLanguage\":\"es\",\"potentialAction\":[{\"@type\":\"ReadAction\",\"target\":[\"https:\/\/graziamagazine.com\/es\/articles\/asi-sera-la-agenda-de-meghan-y-harry-en-reino-unido-antes-de-su-salida-total-de-la-corona\/\"]}]},{\"@type\":\"BreadcrumbList\",\"@id\":\"https:\/\/graziamagazine.com\/es\/articles\/asi-sera-la-agenda-de-meghan-y-harry-en-reino-unido-antes-de-su-salida-total-de-la-corona\/#breadcrumb\",\"itemListElement\":[{\"@type\":\"ListItem\",\"position\":1,\"name\":\"Portada\",\"item\":\"https:\/\/graziamagazine.com\/es\/\"},{\"@type\":\"ListItem\",\"position\":2,\"name\":\"As\u00ed ser\u00e1 la agenda de Meghan y Harry en Reino Unido antes de su salida total de la Corona\"}]},{\"@type\":\"WebSite\",\"@id\":\"https:\/\/graziamagazine.com\/es\/#website\",\"url\":\"https:\/\/graziamagazine.com\/es\/\",\"name\":\"Grazia\",\"description\":\"Moda, belleza, celebrities, estilo de vida...\",\"potentialAction\":[{\"@type\":\"SearchAction\",\"target\":{\"@type\":\"EntryPoint\",\"urlTemplate\":\"https:\/\/graziamagazine.com\/es\/?s={search_term_string}\"},\"query-input\":\"required name=search_term_string\"}],\"inLanguage\":\"es\"}]}<\/script>\n<!-- \/ Yoast SEO Premium plugin. -->","yoast_head_json":{"title":"As\u00ed ser\u00e1 la agenda de Meghan y Harry en Reino Unido antes de su salida total de la Corona | Grazia","description":"A Meghan y Harry les esperan unos d\u00edas dif\u00edciles de regreso al Reino Unido. Te dejamos la lista completa de la agenda que deben cumplir.","robots":{"index":"index","follow":"follow","max-snippet":"max-snippet:-1","max-image-preview":"max-image-preview:large","max-video-preview":"max-video-preview:-1"},"canonical":"https:\/\/graziamagazine.com\/es\/articles\/asi-sera-la-agenda-de-meghan-y-harry-en-reino-unido-antes-de-su-salida-total-de-la-corona\/","og_locale":"es_ES","og_type":"article","og_title":"As\u00ed ser\u00e1 la agenda de Meghan y Harry en Reino Unido antes de su salida total de la Corona","og_description":"A Meghan y Harry les esperan unos d\u00edas dif\u00edciles de regreso al Reino Unido. Te dejamos la lista completa de la agenda que deben cumplir.","og_url":"https:\/\/graziamagazine.com\/es\/articles\/asi-sera-la-agenda-de-meghan-y-harry-en-reino-unido-antes-de-su-salida-total-de-la-corona\/","og_site_name":"Grazia","og_image":[{"width":1025,"height":515,"url":"https:\/\/graziamagazine.com\/es\/wp-content\/uploads\/sites\/12\/2020\/02\/harry-meghan-getty-t.jpg?fit=1025%2C515","type":"image\/jpeg"}],"twitter_card":"summary_large_image","twitter_misc":{"Est. reading time":"3 minutos"},"schema":{"@context":"https:\/\/schema.org","@graph":[{"@type":"WebPage","@id":"https:\/\/graziamagazine.com\/es\/articles\/asi-sera-la-agenda-de-meghan-y-harry-en-reino-unido-antes-de-su-salida-total-de-la-corona\/","url":"https:\/\/graziamagazine.com\/es\/articles\/asi-sera-la-agenda-de-meghan-y-harry-en-reino-unido-antes-de-su-salida-total-de-la-corona\/","name":"As\u00ed ser\u00e1 la agenda de Meghan y Harry en Reino Unido antes de su salida total de la Corona | Grazia","isPartOf":{"@id":"https:\/\/graziamagazine.com\/es\/#website"},"datePublished":"2020-02-24T10:06:40+00:00","dateModified":"2020-02-24T10:06:40+00:00","description":"A Meghan y Harry les esperan unos d\u00edas dif\u00edciles de regreso al Reino Unido. Te dejamos la lista completa de la agenda que deben cumplir.","breadcrumb":{"@id":"https:\/\/graziamagazine.com\/es\/articles\/asi-sera-la-agenda-de-meghan-y-harry-en-reino-unido-antes-de-su-salida-total-de-la-corona\/#breadcrumb"},"inLanguage":"es","potentialAction":[{"@type":"ReadAction","target":["https:\/\/graziamagazine.com\/es\/articles\/asi-sera-la-agenda-de-meghan-y-harry-en-reino-unido-antes-de-su-salida-total-de-la-corona\/"]}]},{"@type":"BreadcrumbList","@id":"https:\/\/graziamagazine.com\/es\/articles\/asi-sera-la-agenda-de-meghan-y-harry-en-reino-unido-antes-de-su-salida-total-de-la-corona\/#breadcrumb","itemListElement":[{"@type":"ListItem","position":1,"name":"Portada","item":"https:\/\/graziamagazine.com\/es\/"},{"@type":"ListItem","position":2,"name":"As\u00ed ser\u00e1 la agenda de Meghan y Harry en Reino Unido antes de su salida total de la Corona"}]},{"@type":"WebSite","@id":"https:\/\/graziamagazine.com\/es\/#website","url":"https:\/\/graziamagazine.com\/es\/","name":"Grazia","description":"Moda, belleza, celebrities, estilo de vida...","potentialAction":[{"@type":"SearchAction","target":{"@type":"EntryPoint","urlTemplate":"https:\/\/graziamagazine.com\/es\/?s={search_term_string}"},"query-input":"required name=search_term_string"}],"inLanguage":"es"}]}},"jetpack_sharing_enabled":true,"distributor_meta":false,"distributor_terms":false,"distributor_media":false,"distributor_original_site_name":"Grazia","distributor_original_site_url":"https:\/\/graziamagazine.com\/es","push-errors":false,"_links":{"self":[{"href":"https:\/\/graziamagazine.com\/es\/wp-json\/wp\/v2\/articles\/152743"}],"collection":[{"href":"https:\/\/graziamagazine.com\/es\/wp-json\/wp\/v2\/articles"}],"about":[{"href":"https:\/\/graziamagazine.com\/es\/wp-json\/wp\/v2\/types\/articles"}],"author":[{"embeddable":true,"href":"https:\/\/graziamagazine.com\/es\/wp-json\/wp\/v2\/users\/24470"}],"wp:featuredmedia":[{"embeddable":true,"href":"https:\/\/graziamagazine.com\/es\/wp-json\/wp\/v2\/media\/152744"}],"wp:attachment":[{"href":"https:\/\/graziamagazine.com\/es\/wp-json\/wp\/v2\/media?parent=152743"}],"wp:term":[{"taxonomy":"category","embeddable":true,"href":"https:\/\/graziamagazine.com\/es\/wp-json\/wp\/v2\/categories?post=152743"}],"curies":[{"name":"wp","href":"https:\/\/api.w.org\/{rel}","templated":true}]}}