{"id":152709,"date":"2020-02-21T09:38:26","date_gmt":"2020-02-21T08:38:26","guid":{"rendered":"https:\/\/graziamagazine.com\/es\/?p=152709"},"modified":"2020-02-21T09:38:26","modified_gmt":"2020-02-21T08:38:26","slug":"mfw-la-coleccion-otono-invierno-202021-de-prada-en-6-prendas-que-marcaran-la-tendencia","status":"publish","type":"articles","link":"https:\/\/graziamagazine.com\/es\/articles\/mfw-la-coleccion-otono-invierno-202021-de-prada-en-6-prendas-que-marcaran-la-tendencia\/","title":{"rendered":"MFW: la colecci\u00f3n oto\u00f1o-invierno 2020\/21 de Prada en 6 prendas que marcar\u00e1n la tendencia"},"content":{"rendered":"<p><strong>Miuccia Prada<\/strong>\u00a0conoce bien a su cliente. Pero tambi\u00e9n sabe que su concepto lo vuelve loco. Sin embargo,\u00a0<strong>Prada oto\u00f1o-invierno 2020<\/strong>\u00a0indaga en el poder de la mujer como influencia. La celebraci\u00f3n viene acompa\u00f1ada de prendas glamurosas que mantienen ciertos principios cl\u00e1sicos, como los trajes sastre. Y como si se tratara de entretejer una especie de modernismo, la italiana lo hace a trav\u00e9s de cazadoras de cuero y bolsos en colores neutros.<\/p>\n<p>Los 54\u00a0<em>looks<\/em>\u00a0que componen la colecci\u00f3n, reflejan a la mujer Prada en todo su esplendor. Y por supuesto todas queremos ser parte del mundo ideado por la dise\u00f1adora. Por ello te presentamos seis piezas que deber\u00edas agregar a tu\u00a0<em>wishlist<\/em>\u00a0a partir de ahora.<\/p>\n<h3>Faldas<\/h3>\n<p class=\"linkAfter\">La firma italiana opta por representar un estilo moderno y femenino a trav\u00e9s de faldas en \u2018A\u2019 y en l\u00e1piz, y algunas con flecos. Llevadas con blazers y abrigos, esta prenda contin\u00faa siendo trascendental.<\/p>\n<p><img loading=\"lazy\" decoding=\"async\" class=\"aligncenter size-full wp-image-152710\" src=\"https:\/\/graziamagazine.com\/es\/wp-content\/uploads\/sites\/12\/2020\/02\/falda-3.jpg\" alt=\"MFW: la colecci\u00f3n oto\u00f1o-invierno 2020\/21 de Prada en 6 prendas que marcar\u00e1n la tendencia\" width=\"720\" height=\"1080\" srcset=\"https:\/\/graziamagazine.com\/es\/wp-content\/uploads\/sites\/12\/2020\/02\/falda-3.jpg 720w, https:\/\/graziamagazine.com\/es\/wp-content\/uploads\/sites\/12\/2020\/02\/falda-3.jpg?resize=200,300 200w, https:\/\/graziamagazine.com\/es\/wp-content\/uploads\/sites\/12\/2020\/02\/falda-3.jpg?resize=683,1024 683w, https:\/\/graziamagazine.com\/es\/wp-content\/uploads\/sites\/12\/2020\/02\/falda-3.jpg?resize=143,215 143w\" sizes=\"(max-width: 720px) 100vw, 720px\" \/><\/p>\n<p><img loading=\"lazy\" decoding=\"async\" class=\"aligncenter size-full wp-image-152711\" src=\"https:\/\/graziamagazine.com\/es\/wp-content\/uploads\/sites\/12\/2020\/02\/falda-2.jpg\" alt=\"MFW: la colecci\u00f3n oto\u00f1o-invierno 2020\/21 de Prada en 6 prendas que marcar\u00e1n la tendencia\" width=\"720\" height=\"1080\" srcset=\"https:\/\/graziamagazine.com\/es\/wp-content\/uploads\/sites\/12\/2020\/02\/falda-2.jpg 720w, https:\/\/graziamagazine.com\/es\/wp-content\/uploads\/sites\/12\/2020\/02\/falda-2.jpg?resize=200,300 200w, https:\/\/graziamagazine.com\/es\/wp-content\/uploads\/sites\/12\/2020\/02\/falda-2.jpg?resize=683,1024 683w, https:\/\/graziamagazine.com\/es\/wp-content\/uploads\/sites\/12\/2020\/02\/falda-2.jpg?resize=143,215 143w\" sizes=\"(max-width: 720px) 100vw, 720px\" \/><\/p>\n<p><img loading=\"lazy\" decoding=\"async\" class=\"aligncenter size-full wp-image-152712\" src=\"https:\/\/graziamagazine.com\/es\/wp-content\/uploads\/sites\/12\/2020\/02\/falda-1.jpg\" alt=\"MFW: la colecci\u00f3n oto\u00f1o-invierno 2020\/21 de Prada en 6 prendas que marcar\u00e1n la tendencia\" width=\"720\" height=\"1080\" srcset=\"https:\/\/graziamagazine.com\/es\/wp-content\/uploads\/sites\/12\/2020\/02\/falda-1.jpg 720w, https:\/\/graziamagazine.com\/es\/wp-content\/uploads\/sites\/12\/2020\/02\/falda-1.jpg?resize=200,300 200w, https:\/\/graziamagazine.com\/es\/wp-content\/uploads\/sites\/12\/2020\/02\/falda-1.jpg?resize=683,1024 683w, https:\/\/graziamagazine.com\/es\/wp-content\/uploads\/sites\/12\/2020\/02\/falda-1.jpg?resize=143,215 143w\" sizes=\"(max-width: 720px) 100vw, 720px\" \/><\/p>\n<h3>Blazers acolchados<\/h3>\n<p class=\"linkAfter\">Hablemos de las chaquetas\u00a0<em>oversized<\/em>\u00a0en cuero acolchado, por favor. Un gran remplazo al cl\u00e1sico abrigo largo que no dejamos de utilizar. Si hay algo que encanta de Miuccia Prada y la firma, es la creatividad para innovar hasta en las prendas m\u00e1s tradicionales. Ahora llevaremos estos\u00a0<em>blazers<\/em>\u00a0<em>XXL<\/em>\u00a0con jeans y botas.<\/p>\n<p><img loading=\"lazy\" decoding=\"async\" class=\"aligncenter size-full wp-image-152714\" src=\"https:\/\/graziamagazine.com\/es\/wp-content\/uploads\/sites\/12\/2020\/02\/blazer-1.jpg\" alt=\"MFW: la colecci\u00f3n oto\u00f1o-invierno 2020\/21 de Prada en 6 prendas que marcar\u00e1n la tendencia\" width=\"720\" height=\"1080\" srcset=\"https:\/\/graziamagazine.com\/es\/wp-content\/uploads\/sites\/12\/2020\/02\/blazer-1.jpg 720w, https:\/\/graziamagazine.com\/es\/wp-content\/uploads\/sites\/12\/2020\/02\/blazer-1.jpg?resize=200,300 200w, https:\/\/graziamagazine.com\/es\/wp-content\/uploads\/sites\/12\/2020\/02\/blazer-1.jpg?resize=683,1024 683w, https:\/\/graziamagazine.com\/es\/wp-content\/uploads\/sites\/12\/2020\/02\/blazer-1.jpg?resize=143,215 143w\" sizes=\"(max-width: 720px) 100vw, 720px\" \/><\/p>\n<p><img loading=\"lazy\" decoding=\"async\" class=\"aligncenter size-full wp-image-152713\" src=\"https:\/\/graziamagazine.com\/es\/wp-content\/uploads\/sites\/12\/2020\/02\/blazer-2.jpg\" alt=\"MFW: la colecci\u00f3n oto\u00f1o-invierno 2020\/21 de Prada en 6 prendas que marcar\u00e1n la tendencia\" width=\"720\" height=\"1080\" srcset=\"https:\/\/graziamagazine.com\/es\/wp-content\/uploads\/sites\/12\/2020\/02\/blazer-2.jpg 720w, https:\/\/graziamagazine.com\/es\/wp-content\/uploads\/sites\/12\/2020\/02\/blazer-2.jpg?resize=200,300 200w, https:\/\/graziamagazine.com\/es\/wp-content\/uploads\/sites\/12\/2020\/02\/blazer-2.jpg?resize=683,1024 683w, https:\/\/graziamagazine.com\/es\/wp-content\/uploads\/sites\/12\/2020\/02\/blazer-2.jpg?resize=143,215 143w\" sizes=\"(max-width: 720px) 100vw, 720px\" \/><\/p>\n<h3>Chaleco\u00a0<em>oversized<\/em>\u00a0de cuero<\/h3>\n<p class=\"linkAfter\">Con ese sentido andr\u00f3gino que ya es caracter\u00edstico de Prada, esta temporada vienen los chalecos\u00a0<em>oversized<\/em>\u00a0con\u00a0<em>shearling<\/em>\u00a0incluido.\u00a0Como si se tratara de un abrigo para ellos, la dise\u00f1adora remueve las mangas para hacerlo m\u00e1s femenino. Nos urge uno en nuestro cl\u00f3set.<\/p>\n<p><img loading=\"lazy\" decoding=\"async\" class=\"aligncenter size-full wp-image-152715\" src=\"https:\/\/graziamagazine.com\/es\/wp-content\/uploads\/sites\/12\/2020\/02\/chaleco-2.jpg\" alt=\"MFW: la colecci\u00f3n oto\u00f1o-invierno 2020\/21 de Prada en 6 prendas que marcar\u00e1n la tendencia\" width=\"720\" height=\"1080\" srcset=\"https:\/\/graziamagazine.com\/es\/wp-content\/uploads\/sites\/12\/2020\/02\/chaleco-2.jpg 720w, https:\/\/graziamagazine.com\/es\/wp-content\/uploads\/sites\/12\/2020\/02\/chaleco-2.jpg?resize=200,300 200w, https:\/\/graziamagazine.com\/es\/wp-content\/uploads\/sites\/12\/2020\/02\/chaleco-2.jpg?resize=683,1024 683w, https:\/\/graziamagazine.com\/es\/wp-content\/uploads\/sites\/12\/2020\/02\/chaleco-2.jpg?resize=143,215 143w\" sizes=\"(max-width: 720px) 100vw, 720px\" \/><\/p>\n<p><img loading=\"lazy\" decoding=\"async\" class=\"aligncenter size-full wp-image-152716\" src=\"https:\/\/graziamagazine.com\/es\/wp-content\/uploads\/sites\/12\/2020\/02\/chaleco-1.jpg\" alt=\"MFW: la colecci\u00f3n oto\u00f1o-invierno 2020\/21 de Prada en 6 prendas que marcar\u00e1n la tendencia\" width=\"720\" height=\"1080\" srcset=\"https:\/\/graziamagazine.com\/es\/wp-content\/uploads\/sites\/12\/2020\/02\/chaleco-1.jpg 720w, https:\/\/graziamagazine.com\/es\/wp-content\/uploads\/sites\/12\/2020\/02\/chaleco-1.jpg?resize=200,300 200w, https:\/\/graziamagazine.com\/es\/wp-content\/uploads\/sites\/12\/2020\/02\/chaleco-1.jpg?resize=683,1024 683w, https:\/\/graziamagazine.com\/es\/wp-content\/uploads\/sites\/12\/2020\/02\/chaleco-1.jpg?resize=143,215 143w\" sizes=\"(max-width: 720px) 100vw, 720px\" \/><\/p>\n<h3>Vestido trasl\u00facidos<\/h3>\n<p class=\"linkAfter\">Estos no son en realidad para usar sin complementos\u00a0\u2014m\u00e1s bien, Prada los propone como un accesorio para elevar tu\u00a0<em>outfit<\/em>. Nos encanta c\u00f3mo en la pasarela lucen con medias\u00a0en tonos alusivos a los ochenta,\u00a0<em>crop top<\/em>\u00a0y sandalias altas. Un\u00a0<em>look<\/em>\u00a0que bien podr\u00eda pasar como el uniforme de aerobics de Jane Fonda\u2026 Prada, claro est\u00e1.<\/p>\n<p><img loading=\"lazy\" decoding=\"async\" class=\"aligncenter size-full wp-image-152718\" src=\"https:\/\/graziamagazine.com\/es\/wp-content\/uploads\/sites\/12\/2020\/02\/vestido-1.jpg\" alt=\"MFW: la colecci\u00f3n oto\u00f1o-invierno 2020\/21 de Prada en 6 prendas que marcar\u00e1n la tendencia\" width=\"720\" height=\"1080\" srcset=\"https:\/\/graziamagazine.com\/es\/wp-content\/uploads\/sites\/12\/2020\/02\/vestido-1.jpg 720w, https:\/\/graziamagazine.com\/es\/wp-content\/uploads\/sites\/12\/2020\/02\/vestido-1-500x750.jpg 500w, https:\/\/graziamagazine.com\/es\/wp-content\/uploads\/sites\/12\/2020\/02\/vestido-1-120x180.jpg 120w, https:\/\/graziamagazine.com\/es\/wp-content\/uploads\/sites\/12\/2020\/02\/vestido-1-100x150.jpg 100w, https:\/\/graziamagazine.com\/es\/wp-content\/uploads\/sites\/12\/2020\/02\/vestido-1-151x227.jpg 151w, https:\/\/graziamagazine.com\/es\/wp-content\/uploads\/sites\/12\/2020\/02\/vestido-1-626x939.jpg 626w, https:\/\/graziamagazine.com\/es\/wp-content\/uploads\/sites\/12\/2020\/02\/vestido-1-157x236.jpg 157w, https:\/\/graziamagazine.com\/es\/wp-content\/uploads\/sites\/12\/2020\/02\/vestido-1-360x540.jpg 360w, https:\/\/graziamagazine.com\/es\/wp-content\/uploads\/sites\/12\/2020\/02\/vestido-1-298x448.jpg 298w, https:\/\/graziamagazine.com\/es\/wp-content\/uploads\/sites\/12\/2020\/02\/vestido-1-128x192.jpg 128w, https:\/\/graziamagazine.com\/es\/wp-content\/uploads\/sites\/12\/2020\/02\/vestido-1-364x546.jpg 364w, https:\/\/graziamagazine.com\/es\/wp-content\/uploads\/sites\/12\/2020\/02\/vestido-1-220x330.jpg 220w\" sizes=\"(max-width: 720px) 100vw, 720px\" \/><\/p>\n<p><img loading=\"lazy\" decoding=\"async\" class=\"aligncenter size-full wp-image-152717\" src=\"https:\/\/graziamagazine.com\/es\/wp-content\/uploads\/sites\/12\/2020\/02\/vestido-2.jpg\" alt=\"MFW: la colecci\u00f3n oto\u00f1o-invierno 2020\/21 de Prada en 6 prendas que marcar\u00e1n la tendencia\" width=\"720\" height=\"1080\" srcset=\"https:\/\/graziamagazine.com\/es\/wp-content\/uploads\/sites\/12\/2020\/02\/vestido-2.jpg 720w, https:\/\/graziamagazine.com\/es\/wp-content\/uploads\/sites\/12\/2020\/02\/vestido-2-500x750.jpg 500w, https:\/\/graziamagazine.com\/es\/wp-content\/uploads\/sites\/12\/2020\/02\/vestido-2-120x180.jpg 120w, https:\/\/graziamagazine.com\/es\/wp-content\/uploads\/sites\/12\/2020\/02\/vestido-2-100x150.jpg 100w, https:\/\/graziamagazine.com\/es\/wp-content\/uploads\/sites\/12\/2020\/02\/vestido-2-151x227.jpg 151w, https:\/\/graziamagazine.com\/es\/wp-content\/uploads\/sites\/12\/2020\/02\/vestido-2-626x939.jpg 626w, https:\/\/graziamagazine.com\/es\/wp-content\/uploads\/sites\/12\/2020\/02\/vestido-2-157x236.jpg 157w, https:\/\/graziamagazine.com\/es\/wp-content\/uploads\/sites\/12\/2020\/02\/vestido-2-360x540.jpg 360w, https:\/\/graziamagazine.com\/es\/wp-content\/uploads\/sites\/12\/2020\/02\/vestido-2-298x448.jpg 298w, https:\/\/graziamagazine.com\/es\/wp-content\/uploads\/sites\/12\/2020\/02\/vestido-2-128x192.jpg 128w, https:\/\/graziamagazine.com\/es\/wp-content\/uploads\/sites\/12\/2020\/02\/vestido-2-364x546.jpg 364w, https:\/\/graziamagazine.com\/es\/wp-content\/uploads\/sites\/12\/2020\/02\/vestido-2-220x330.jpg 220w\" sizes=\"(max-width: 720px) 100vw, 720px\" \/><\/p>\n<h3><em>Pumps<\/em><\/h3>\n<p class=\"linkAfter\">Al igual que los bolsos, los zapatos inspiran obsesi\u00f3n y Prada sabe que todas siempre est\u00e1n en busca\u00a0del modelo de la temporada. Oto\u00f1o-invierno 2020 no decepcion\u00f3, trayendo nuevos\u00a0<em>pumps<\/em>\u00a0para fascinarnos\u00a0\u2014como esos de pulsera con flecos, \u00a1los necesitamos ahora!<\/p>\n<p><img loading=\"lazy\" decoding=\"async\" class=\"aligncenter size-full wp-image-152721\" src=\"https:\/\/graziamagazine.com\/es\/wp-content\/uploads\/sites\/12\/2020\/02\/zapato-1.jpg\" alt=\"MFW: la colecci\u00f3n oto\u00f1o-invierno 2020\/21 de Prada en 6 prendas que marcar\u00e1n la tendencia\" width=\"720\" height=\"1080\" srcset=\"https:\/\/graziamagazine.com\/es\/wp-content\/uploads\/sites\/12\/2020\/02\/zapato-1.jpg 720w, https:\/\/graziamagazine.com\/es\/wp-content\/uploads\/sites\/12\/2020\/02\/zapato-1-500x750.jpg 500w, https:\/\/graziamagazine.com\/es\/wp-content\/uploads\/sites\/12\/2020\/02\/zapato-1-120x180.jpg 120w, https:\/\/graziamagazine.com\/es\/wp-content\/uploads\/sites\/12\/2020\/02\/zapato-1-100x150.jpg 100w, https:\/\/graziamagazine.com\/es\/wp-content\/uploads\/sites\/12\/2020\/02\/zapato-1-151x227.jpg 151w, https:\/\/graziamagazine.com\/es\/wp-content\/uploads\/sites\/12\/2020\/02\/zapato-1-626x939.jpg 626w, https:\/\/graziamagazine.com\/es\/wp-content\/uploads\/sites\/12\/2020\/02\/zapato-1-157x236.jpg 157w, https:\/\/graziamagazine.com\/es\/wp-content\/uploads\/sites\/12\/2020\/02\/zapato-1-360x540.jpg 360w, https:\/\/graziamagazine.com\/es\/wp-content\/uploads\/sites\/12\/2020\/02\/zapato-1-298x448.jpg 298w, https:\/\/graziamagazine.com\/es\/wp-content\/uploads\/sites\/12\/2020\/02\/zapato-1-128x192.jpg 128w, https:\/\/graziamagazine.com\/es\/wp-content\/uploads\/sites\/12\/2020\/02\/zapato-1-364x546.jpg 364w, https:\/\/graziamagazine.com\/es\/wp-content\/uploads\/sites\/12\/2020\/02\/zapato-1-220x330.jpg 220w\" sizes=\"(max-width: 720px) 100vw, 720px\" \/><\/p>\n<p><img loading=\"lazy\" decoding=\"async\" class=\"aligncenter size-full wp-image-152720\" src=\"https:\/\/graziamagazine.com\/es\/wp-content\/uploads\/sites\/12\/2020\/02\/zapato-2.jpg\" alt=\"MFW: la colecci\u00f3n oto\u00f1o-invierno 2020\/21 de Prada en 6 prendas que marcar\u00e1n la tendencia\" width=\"720\" height=\"1080\" srcset=\"https:\/\/graziamagazine.com\/es\/wp-content\/uploads\/sites\/12\/2020\/02\/zapato-2.jpg 720w, https:\/\/graziamagazine.com\/es\/wp-content\/uploads\/sites\/12\/2020\/02\/zapato-2-500x750.jpg 500w, https:\/\/graziamagazine.com\/es\/wp-content\/uploads\/sites\/12\/2020\/02\/zapato-2-120x180.jpg 120w, https:\/\/graziamagazine.com\/es\/wp-content\/uploads\/sites\/12\/2020\/02\/zapato-2-100x150.jpg 100w, https:\/\/graziamagazine.com\/es\/wp-content\/uploads\/sites\/12\/2020\/02\/zapato-2-151x227.jpg 151w, https:\/\/graziamagazine.com\/es\/wp-content\/uploads\/sites\/12\/2020\/02\/zapato-2-626x939.jpg 626w, https:\/\/graziamagazine.com\/es\/wp-content\/uploads\/sites\/12\/2020\/02\/zapato-2-157x236.jpg 157w, https:\/\/graziamagazine.com\/es\/wp-content\/uploads\/sites\/12\/2020\/02\/zapato-2-360x540.jpg 360w, https:\/\/graziamagazine.com\/es\/wp-content\/uploads\/sites\/12\/2020\/02\/zapato-2-298x448.jpg 298w, https:\/\/graziamagazine.com\/es\/wp-content\/uploads\/sites\/12\/2020\/02\/zapato-2-128x192.jpg 128w, https:\/\/graziamagazine.com\/es\/wp-content\/uploads\/sites\/12\/2020\/02\/zapato-2-364x546.jpg 364w, https:\/\/graziamagazine.com\/es\/wp-content\/uploads\/sites\/12\/2020\/02\/zapato-2-220x330.jpg 220w\" sizes=\"(max-width: 720px) 100vw, 720px\" \/><\/p>\n<p><img loading=\"lazy\" decoding=\"async\" class=\"aligncenter size-full wp-image-152719\" src=\"https:\/\/graziamagazine.com\/es\/wp-content\/uploads\/sites\/12\/2020\/02\/zapato-3.jpg\" alt=\"MFW: la colecci\u00f3n oto\u00f1o-invierno 2020\/21 de Prada en 6 prendas que marcar\u00e1n la tendencia\" width=\"720\" height=\"1080\" srcset=\"https:\/\/graziamagazine.com\/es\/wp-content\/uploads\/sites\/12\/2020\/02\/zapato-3.jpg 720w, https:\/\/graziamagazine.com\/es\/wp-content\/uploads\/sites\/12\/2020\/02\/zapato-3-500x750.jpg 500w, https:\/\/graziamagazine.com\/es\/wp-content\/uploads\/sites\/12\/2020\/02\/zapato-3-120x180.jpg 120w, https:\/\/graziamagazine.com\/es\/wp-content\/uploads\/sites\/12\/2020\/02\/zapato-3-100x150.jpg 100w, https:\/\/graziamagazine.com\/es\/wp-content\/uploads\/sites\/12\/2020\/02\/zapato-3-151x227.jpg 151w, https:\/\/graziamagazine.com\/es\/wp-content\/uploads\/sites\/12\/2020\/02\/zapato-3-626x939.jpg 626w, https:\/\/graziamagazine.com\/es\/wp-content\/uploads\/sites\/12\/2020\/02\/zapato-3-157x236.jpg 157w, https:\/\/graziamagazine.com\/es\/wp-content\/uploads\/sites\/12\/2020\/02\/zapato-3-360x540.jpg 360w, https:\/\/graziamagazine.com\/es\/wp-content\/uploads\/sites\/12\/2020\/02\/zapato-3-298x448.jpg 298w, https:\/\/graziamagazine.com\/es\/wp-content\/uploads\/sites\/12\/2020\/02\/zapato-3-128x192.jpg 128w, https:\/\/graziamagazine.com\/es\/wp-content\/uploads\/sites\/12\/2020\/02\/zapato-3-364x546.jpg 364w, https:\/\/graziamagazine.com\/es\/wp-content\/uploads\/sites\/12\/2020\/02\/zapato-3-220x330.jpg 220w\" sizes=\"(max-width: 720px) 100vw, 720px\" \/><\/p>\n<h3>Accesorios<\/h3>\n<p class=\"linkAfter\"><span lang=\"ES\">Los bolso Prada son un cl\u00e1sico y una inversi\u00f3n asegurada. Sin embargo esta temporada los modelos tradicionales vienen acompa\u00f1ados de monederos en pulsera. Si la fiebre por las\u00a0<em>fanny packs<\/em>\u00a0ya acabo, ahora Miuccia Prada est\u00e1 proponiendo llevar tus esenciales a la mano, literalmente.<\/span><\/p>\n<p><img loading=\"lazy\" decoding=\"async\" class=\"aligncenter size-full wp-image-152722\" src=\"https:\/\/graziamagazine.com\/es\/wp-content\/uploads\/sites\/12\/2020\/02\/pulsera.jpg\" alt=\"MFW: la colecci\u00f3n oto\u00f1o-invierno 2020\/21 de Prada en 6 prendas que marcar\u00e1n la tendencia\" width=\"720\" height=\"1080\" srcset=\"https:\/\/graziamagazine.com\/es\/wp-content\/uploads\/sites\/12\/2020\/02\/pulsera.jpg 720w, https:\/\/graziamagazine.com\/es\/wp-content\/uploads\/sites\/12\/2020\/02\/pulsera-500x750.jpg 500w, https:\/\/graziamagazine.com\/es\/wp-content\/uploads\/sites\/12\/2020\/02\/pulsera-120x180.jpg 120w, https:\/\/graziamagazine.com\/es\/wp-content\/uploads\/sites\/12\/2020\/02\/pulsera-100x150.jpg 100w, https:\/\/graziamagazine.com\/es\/wp-content\/uploads\/sites\/12\/2020\/02\/pulsera-151x227.jpg 151w, https:\/\/graziamagazine.com\/es\/wp-content\/uploads\/sites\/12\/2020\/02\/pulsera-626x939.jpg 626w, https:\/\/graziamagazine.com\/es\/wp-content\/uploads\/sites\/12\/2020\/02\/pulsera-157x236.jpg 157w, https:\/\/graziamagazine.com\/es\/wp-content\/uploads\/sites\/12\/2020\/02\/pulsera-360x540.jpg 360w, https:\/\/graziamagazine.com\/es\/wp-content\/uploads\/sites\/12\/2020\/02\/pulsera-298x448.jpg 298w, https:\/\/graziamagazine.com\/es\/wp-content\/uploads\/sites\/12\/2020\/02\/pulsera-128x192.jpg 128w, https:\/\/graziamagazine.com\/es\/wp-content\/uploads\/sites\/12\/2020\/02\/pulsera-364x546.jpg 364w, https:\/\/graziamagazine.com\/es\/wp-content\/uploads\/sites\/12\/2020\/02\/pulsera-220x330.jpg 220w\" sizes=\"(max-width: 720px) 100vw, 720px\" \/><\/p>\n<p><img loading=\"lazy\" decoding=\"async\" class=\"aligncenter size-full wp-image-152723\" src=\"https:\/\/graziamagazine.com\/es\/wp-content\/uploads\/sites\/12\/2020\/02\/cartera.jpg\" alt=\"\" width=\"720\" height=\"1080\" srcset=\"https:\/\/graziamagazine.com\/es\/wp-content\/uploads\/sites\/12\/2020\/02\/cartera.jpg 720w, https:\/\/graziamagazine.com\/es\/wp-content\/uploads\/sites\/12\/2020\/02\/cartera.jpg?resize=200,300 200w, https:\/\/graziamagazine.com\/es\/wp-content\/uploads\/sites\/12\/2020\/02\/cartera.jpg?resize=683,1024 683w, https:\/\/graziamagazine.com\/es\/wp-content\/uploads\/sites\/12\/2020\/02\/cartera.jpg?resize=143,215 143w\" sizes=\"(max-width: 720px) 100vw, 720px\" \/><\/p>\n<p><img loading=\"lazy\" decoding=\"async\" class=\"aligncenter size-full wp-image-152724\" src=\"https:\/\/graziamagazine.com\/es\/wp-content\/uploads\/sites\/12\/2020\/02\/bolso.jpg\" alt=\"\" width=\"720\" height=\"1080\" srcset=\"https:\/\/graziamagazine.com\/es\/wp-content\/uploads\/sites\/12\/2020\/02\/bolso.jpg 720w, https:\/\/graziamagazine.com\/es\/wp-content\/uploads\/sites\/12\/2020\/02\/bolso.jpg?resize=200,300 200w, https:\/\/graziamagazine.com\/es\/wp-content\/uploads\/sites\/12\/2020\/02\/bolso.jpg?resize=683,1024 683w, https:\/\/graziamagazine.com\/es\/wp-content\/uploads\/sites\/12\/2020\/02\/bolso.jpg?resize=143,215 143w\" sizes=\"(max-width: 720px) 100vw, 720px\" \/><\/p>\n<p><img loading=\"lazy\" decoding=\"async\" class=\"aligncenter size-full wp-image-152725\" src=\"https:\/\/graziamagazine.com\/es\/wp-content\/uploads\/sites\/12\/2020\/02\/cinturon.jpg\" alt=\"\" width=\"720\" height=\"1080\" srcset=\"https:\/\/graziamagazine.com\/es\/wp-content\/uploads\/sites\/12\/2020\/02\/cinturon.jpg 720w, https:\/\/graziamagazine.com\/es\/wp-content\/uploads\/sites\/12\/2020\/02\/cinturon.jpg?resize=200,300 200w, https:\/\/graziamagazine.com\/es\/wp-content\/uploads\/sites\/12\/2020\/02\/cinturon.jpg?resize=683,1024 683w, https:\/\/graziamagazine.com\/es\/wp-content\/uploads\/sites\/12\/2020\/02\/cinturon.jpg?resize=143,215 143w\" sizes=\"(max-width: 720px) 100vw, 720px\" \/><\/p>\n<p><em>*Im\u00e1genes: Camera Moda y Getty Images<\/em><\/p>\n","protected":false},"author":11653,"featured_media":152726,"template":"","format":"standard","categories":[2301],"acf":[],"yoast_head":"<!-- This site is optimized with the Yoast SEO Premium plugin v18.5 (Yoast SEO v20.4) - https:\/\/yoast.com\/wordpress\/plugins\/seo\/ -->\n<title>MFW: la colecci\u00f3n oto\u00f1o-invierno 2020\/21 de Prada en 6 prendas que marcar\u00e1n la tendencia | Grazia<\/title>\n<meta name=\"description\" content=\"Miuccia Prada presenta su nueva colecci\u00f3n oto\u00f1o-invierno 2020 para Prada y est\u00e1 llena de piezas que ya queremos tener. Te presentamos seis.\" \/>\n<meta name=\"robots\" content=\"index, follow, max-snippet:-1, max-image-preview:large, max-video-preview:-1\" \/>\n<link rel=\"canonical\" href=\"https:\/\/graziamagazine.com\/es\/articles\/mfw-la-coleccion-otono-invierno-202021-de-prada-en-6-prendas-que-marcaran-la-tendencia\/\" \/>\n<meta property=\"og:locale\" content=\"es_ES\" \/>\n<meta property=\"og:type\" content=\"article\" \/>\n<meta property=\"og:title\" content=\"MFW: la colecci\u00f3n oto\u00f1o-invierno 2020\/21 de Prada en 6 prendas que marcar\u00e1n la tendencia\" \/>\n<meta property=\"og:description\" content=\"Miuccia Prada presenta su nueva colecci\u00f3n oto\u00f1o-invierno 2020 para Prada y est\u00e1 llena de piezas que ya queremos tener. Te presentamos seis.\" \/>\n<meta property=\"og:url\" content=\"https:\/\/graziamagazine.com\/es\/articles\/mfw-la-coleccion-otono-invierno-202021-de-prada-en-6-prendas-que-marcaran-la-tendencia\/\" \/>\n<meta property=\"og:site_name\" content=\"Grazia\" \/>\n<meta property=\"og:image\" content=\"https:\/\/graziamagazine.com\/es\/wp-content\/uploads\/sites\/12\/2020\/02\/GettyImages-1207543967.jpg?fit=1024%2C683\" \/>\n\t<meta property=\"og:image:width\" content=\"1024\" \/>\n\t<meta property=\"og:image:height\" content=\"683\" \/>\n\t<meta property=\"og:image:type\" content=\"image\/jpeg\" \/>\n<meta name=\"twitter:card\" content=\"summary_large_image\" \/>\n<meta name=\"twitter:label1\" content=\"Est. reading time\" \/>\n\t<meta name=\"twitter:data1\" content=\"2 minutos\" \/>\n<script type=\"application\/ld+json\" class=\"yoast-schema-graph\">{\"@context\":\"https:\/\/schema.org\",\"@graph\":[{\"@type\":\"WebPage\",\"@id\":\"https:\/\/graziamagazine.com\/es\/articles\/mfw-la-coleccion-otono-invierno-202021-de-prada-en-6-prendas-que-marcaran-la-tendencia\/\",\"url\":\"https:\/\/graziamagazine.com\/es\/articles\/mfw-la-coleccion-otono-invierno-202021-de-prada-en-6-prendas-que-marcaran-la-tendencia\/\",\"name\":\"MFW: la colecci\u00f3n oto\u00f1o-invierno 2020\/21 de Prada en 6 prendas que marcar\u00e1n la tendencia | Grazia\",\"isPartOf\":{\"@id\":\"https:\/\/graziamagazine.com\/es\/#website\"},\"datePublished\":\"2020-02-21T08:38:26+00:00\",\"dateModified\":\"2020-02-21T08:38:26+00:00\",\"description\":\"Miuccia Prada presenta su nueva colecci\u00f3n oto\u00f1o-invierno 2020 para Prada y est\u00e1 llena de piezas que ya queremos tener. Te presentamos seis.\",\"breadcrumb\":{\"@id\":\"https:\/\/graziamagazine.com\/es\/articles\/mfw-la-coleccion-otono-invierno-202021-de-prada-en-6-prendas-que-marcaran-la-tendencia\/#breadcrumb\"},\"inLanguage\":\"es\",\"potentialAction\":[{\"@type\":\"ReadAction\",\"target\":[\"https:\/\/graziamagazine.com\/es\/articles\/mfw-la-coleccion-otono-invierno-202021-de-prada-en-6-prendas-que-marcaran-la-tendencia\/\"]}]},{\"@type\":\"BreadcrumbList\",\"@id\":\"https:\/\/graziamagazine.com\/es\/articles\/mfw-la-coleccion-otono-invierno-202021-de-prada-en-6-prendas-que-marcaran-la-tendencia\/#breadcrumb\",\"itemListElement\":[{\"@type\":\"ListItem\",\"position\":1,\"name\":\"Portada\",\"item\":\"https:\/\/graziamagazine.com\/es\/\"},{\"@type\":\"ListItem\",\"position\":2,\"name\":\"MFW: la colecci\u00f3n oto\u00f1o-invierno 2020\/21 de Prada en 6 prendas que marcar\u00e1n la tendencia\"}]},{\"@type\":\"WebSite\",\"@id\":\"https:\/\/graziamagazine.com\/es\/#website\",\"url\":\"https:\/\/graziamagazine.com\/es\/\",\"name\":\"Grazia\",\"description\":\"Moda, belleza, celebrities, estilo de vida...\",\"potentialAction\":[{\"@type\":\"SearchAction\",\"target\":{\"@type\":\"EntryPoint\",\"urlTemplate\":\"https:\/\/graziamagazine.com\/es\/?s={search_term_string}\"},\"query-input\":\"required name=search_term_string\"}],\"inLanguage\":\"es\"}]}<\/script>\n<!-- \/ Yoast SEO Premium plugin. -->","yoast_head_json":{"title":"MFW: la colecci\u00f3n oto\u00f1o-invierno 2020\/21 de Prada en 6 prendas que marcar\u00e1n la tendencia | Grazia","description":"Miuccia Prada presenta su nueva colecci\u00f3n oto\u00f1o-invierno 2020 para Prada y est\u00e1 llena de piezas que ya queremos tener. Te presentamos seis.","robots":{"index":"index","follow":"follow","max-snippet":"max-snippet:-1","max-image-preview":"max-image-preview:large","max-video-preview":"max-video-preview:-1"},"canonical":"https:\/\/graziamagazine.com\/es\/articles\/mfw-la-coleccion-otono-invierno-202021-de-prada-en-6-prendas-que-marcaran-la-tendencia\/","og_locale":"es_ES","og_type":"article","og_title":"MFW: la colecci\u00f3n oto\u00f1o-invierno 2020\/21 de Prada en 6 prendas que marcar\u00e1n la tendencia","og_description":"Miuccia Prada presenta su nueva colecci\u00f3n oto\u00f1o-invierno 2020 para Prada y est\u00e1 llena de piezas que ya queremos tener. Te presentamos seis.","og_url":"https:\/\/graziamagazine.com\/es\/articles\/mfw-la-coleccion-otono-invierno-202021-de-prada-en-6-prendas-que-marcaran-la-tendencia\/","og_site_name":"Grazia","og_image":[{"width":1024,"height":683,"url":"https:\/\/graziamagazine.com\/es\/wp-content\/uploads\/sites\/12\/2020\/02\/GettyImages-1207543967.jpg?fit=1024%2C683","type":"image\/jpeg"}],"twitter_card":"summary_large_image","twitter_misc":{"Est. reading time":"2 minutos"},"schema":{"@context":"https:\/\/schema.org","@graph":[{"@type":"WebPage","@id":"https:\/\/graziamagazine.com\/es\/articles\/mfw-la-coleccion-otono-invierno-202021-de-prada-en-6-prendas-que-marcaran-la-tendencia\/","url":"https:\/\/graziamagazine.com\/es\/articles\/mfw-la-coleccion-otono-invierno-202021-de-prada-en-6-prendas-que-marcaran-la-tendencia\/","name":"MFW: la colecci\u00f3n oto\u00f1o-invierno 2020\/21 de Prada en 6 prendas que marcar\u00e1n la tendencia | Grazia","isPartOf":{"@id":"https:\/\/graziamagazine.com\/es\/#website"},"datePublished":"2020-02-21T08:38:26+00:00","dateModified":"2020-02-21T08:38:26+00:00","description":"Miuccia Prada presenta su nueva colecci\u00f3n oto\u00f1o-invierno 2020 para Prada y est\u00e1 llena de piezas que ya queremos tener. Te presentamos seis.","breadcrumb":{"@id":"https:\/\/graziamagazine.com\/es\/articles\/mfw-la-coleccion-otono-invierno-202021-de-prada-en-6-prendas-que-marcaran-la-tendencia\/#breadcrumb"},"inLanguage":"es","potentialAction":[{"@type":"ReadAction","target":["https:\/\/graziamagazine.com\/es\/articles\/mfw-la-coleccion-otono-invierno-202021-de-prada-en-6-prendas-que-marcaran-la-tendencia\/"]}]},{"@type":"BreadcrumbList","@id":"https:\/\/graziamagazine.com\/es\/articles\/mfw-la-coleccion-otono-invierno-202021-de-prada-en-6-prendas-que-marcaran-la-tendencia\/#breadcrumb","itemListElement":[{"@type":"ListItem","position":1,"name":"Portada","item":"https:\/\/graziamagazine.com\/es\/"},{"@type":"ListItem","position":2,"name":"MFW: la colecci\u00f3n oto\u00f1o-invierno 2020\/21 de Prada en 6 prendas que marcar\u00e1n la tendencia"}]},{"@type":"WebSite","@id":"https:\/\/graziamagazine.com\/es\/#website","url":"https:\/\/graziamagazine.com\/es\/","name":"Grazia","description":"Moda, belleza, celebrities, estilo de vida...","potentialAction":[{"@type":"SearchAction","target":{"@type":"EntryPoint","urlTemplate":"https:\/\/graziamagazine.com\/es\/?s={search_term_string}"},"query-input":"required name=search_term_string"}],"inLanguage":"es"}]}},"jetpack_sharing_enabled":true,"distributor_meta":false,"distributor_terms":false,"distributor_media":false,"distributor_original_site_name":"Grazia","distributor_original_site_url":"https:\/\/graziamagazine.com\/es","push-errors":false,"_links":{"self":[{"href":"https:\/\/graziamagazine.com\/es\/wp-json\/wp\/v2\/articles\/152709"}],"collection":[{"href":"https:\/\/graziamagazine.com\/es\/wp-json\/wp\/v2\/articles"}],"about":[{"href":"https:\/\/graziamagazine.com\/es\/wp-json\/wp\/v2\/types\/articles"}],"author":[{"embeddable":true,"href":"https:\/\/graziamagazine.com\/es\/wp-json\/wp\/v2\/users\/11653"}],"wp:featuredmedia":[{"embeddable":true,"href":"https:\/\/graziamagazine.com\/es\/wp-json\/wp\/v2\/media\/152726"}],"wp:attachment":[{"href":"https:\/\/graziamagazine.com\/es\/wp-json\/wp\/v2\/media?parent=152709"}],"wp:term":[{"taxonomy":"category","embeddable":true,"href":"https:\/\/graziamagazine.com\/es\/wp-json\/wp\/v2\/categories?post=152709"}],"curies":[{"name":"wp","href":"https:\/\/api.w.org\/{rel}","templated":true}]}}