{"id":152638,"date":"2020-02-19T20:14:20","date_gmt":"2020-02-19T19:14:20","guid":{"rendered":"https:\/\/graziamagazine.com\/es\/?p=152638"},"modified":"2020-02-19T20:14:20","modified_gmt":"2020-02-19T19:14:20","slug":"la-exposicion-que-recuerda-el-legado-de-david-delfin-llega-a-madrid","status":"publish","type":"articles","link":"https:\/\/graziamagazine.com\/es\/articles\/la-exposicion-que-recuerda-el-legado-de-david-delfin-llega-a-madrid\/","title":{"rendered":"La exposici\u00f3n que recuerda el legado de David Delf\u00edn llega a Madrid"},"content":{"rendered":"<p>En junio de 2017 uno de los dise\u00f1adores m\u00e1s transgresores de la moda espa\u00f1ola mor\u00eda despu\u00e9s de una larga enfermedad. <strong>Las luces de David Delf\u00edn se apagaban<\/strong> por \u00faltima vez y con \u00e9l se iba tambi\u00e9n una \u00e9poca de la moda espa\u00f1ola completamente diferente a lo actualmente visto dentro y fuera de las pasarelas.<\/p>\n<p>Desde ese momento, <strong>gran parte de su legado lo custodiaba Gorka Postigo<\/strong>, amigo, compa\u00f1ero y fot\u00f3grafo que ahora ha decidido ceder parte de esa obra en custodia a la Comunidad de Madrid para que todos los amantes de la moda y el arte puedan disfrutarla de manera gratuita. La <strong>Sala de Exposiciones Canal de Isabel II<\/strong> es el espacio elegido para volver a ver las creaciones del dise\u00f1ador malague\u00f1o, recorrer sus colecciones pero tambi\u00e9n su vida a trav\u00e9s de poes\u00edas, dibujos, v\u00eddeos y fotograf\u00edas en las que tambi\u00e9n aparece su gran musa: Bimba Bos\u00e9.<\/p>\n<p><img loading=\"lazy\" decoding=\"async\" class=\"aligncenter size-full wp-image-152648\" src=\"https:\/\/graziamagazine.com\/es\/wp-content\/uploads\/sites\/12\/2020\/02\/IMG_4330-2-e1582138988779.jpg\" alt=\"La exposici\u00f3n que recuerda el legado de David Delf\u00edn llega a Madrid\" width=\"1000\" height=\"1333\" srcset=\"https:\/\/graziamagazine.com\/es\/wp-content\/uploads\/sites\/12\/2020\/02\/IMG_4330-2-e1582138988779.jpg 1000w, https:\/\/graziamagazine.com\/es\/wp-content\/uploads\/sites\/12\/2020\/02\/IMG_4330-2-e1582138988779.jpg?resize=225,300 225w, https:\/\/graziamagazine.com\/es\/wp-content\/uploads\/sites\/12\/2020\/02\/IMG_4330-2-e1582138988779.jpg?resize=768,1024 768w, https:\/\/graziamagazine.com\/es\/wp-content\/uploads\/sites\/12\/2020\/02\/IMG_4330-2-e1582138988779.jpg?resize=155,207 155w\" sizes=\"(max-width: 1000px) 100vw, 1000px\" \/><\/p>\n<p>La muestra, que <strong>abre sus puertas ma\u00f1ana d\u00eda 20 de febrero estar\u00e1 activa hasta el pr\u00f3ximo 10 de mayo<\/strong>, es una apuesta de la Comunidad de Madrid por la moda y los creadores que representan en el talento espa\u00f1ol. El propio vicepresidente de la Comunidad as\u00ed lo afirma:<\/p>\n<blockquote><p>Rendimos as\u00ed homenaje a uno de los principales creadores espa\u00f1oles de los \u00faltimos tiempos, que este a\u00f1o cumplir\u00eda 50 a\u00f1os de vida y 20 a\u00f1os en activo como dise\u00f1ador<\/p><\/blockquote>\n<p><img loading=\"lazy\" decoding=\"async\" class=\"aligncenter size-full wp-image-152641\" src=\"https:\/\/graziamagazine.com\/es\/wp-content\/uploads\/sites\/12\/2020\/02\/IMG_4328-e1582138673968.jpg\" alt=\"La exposici\u00f3n que recuerda el legado de David Delf\u00edn llega a Madrid\" width=\"750\" height=\"1000\" srcset=\"https:\/\/graziamagazine.com\/es\/wp-content\/uploads\/sites\/12\/2020\/02\/IMG_4328-e1582138673968.jpg 750w, https:\/\/graziamagazine.com\/es\/wp-content\/uploads\/sites\/12\/2020\/02\/IMG_4328-e1582138673968.jpg?resize=225,300 225w, https:\/\/graziamagazine.com\/es\/wp-content\/uploads\/sites\/12\/2020\/02\/IMG_4328-e1582138673968.jpg?resize=155,207 155w\" sizes=\"(max-width: 750px) 100vw, 750px\" \/><\/p>\n<p>Diego David Dom\u00ednguez Gonz\u00e1lez (Ronda, 1970 \u2013 Madrid, 2017), m\u00e1s conocido como <strong>David Delf\u00edn, represent\u00f3 como ning\u00fan otro el surgir de una nueva generaci\u00f3n de j\u00f3venes creadores que llegaron con la entrada del milenio<\/strong>, y que concibieron la moda de una manera interdisciplinar. David hizo de su proyecto DAVIDELFIN \u2013fundado junto a los hermanos Gorka, Diego y Deborah Postigo, y su musa y amiga Bimba Bos\u00e9- una plataforma colectiva en la que convivieron diferentes formas de expresi\u00f3n art\u00edstica, como la fotograf\u00eda, la <em>performance<\/em>, el v\u00eddeo, la m\u00fasica y la moda.<\/p>\n<p><img loading=\"lazy\" decoding=\"async\" class=\"aligncenter size-full wp-image-152647\" src=\"https:\/\/graziamagazine.com\/es\/wp-content\/uploads\/sites\/12\/2020\/02\/IMG_4343-e1582138892797.jpg\" alt=\"La exposici\u00f3n que recuerda el legado de David Delf\u00edn llega a Madrid\" width=\"750\" height=\"1000\" srcset=\"https:\/\/graziamagazine.com\/es\/wp-content\/uploads\/sites\/12\/2020\/02\/IMG_4343-e1582138892797.jpg 750w, https:\/\/graziamagazine.com\/es\/wp-content\/uploads\/sites\/12\/2020\/02\/IMG_4343-e1582138892797.jpg?resize=225,300 225w, https:\/\/graziamagazine.com\/es\/wp-content\/uploads\/sites\/12\/2020\/02\/IMG_4343-e1582138892797.jpg?resize=155,207 155w\" sizes=\"(max-width: 750px) 100vw, 750px\" \/><\/p>\n<p>Este a\u00f1o David <strong>hubiera cumplido 50 a\u00f1os y qu\u00e9 mejor homenaje a este creador cuya vocaci\u00f3n iba m\u00e1s all\u00e1 de la que ser dise\u00f1ador<\/strong>, para \u00e9l la moda era solo una herramienta para expresar ideas y emociones:\u00a0<em>\u00abUnas creaciones que surg\u00edan como respuesta a un concepto previo, que en algunas ocasiones nac\u00eda del arte y en otras de pensamientos m\u00e1s profundos\u00a0y transcendentales, propios de la reflexi\u00f3n sobre el ser humano\u00bb<\/em>, explican desde la Comunidad de Madrid.<\/p>\n<p><img loading=\"lazy\" decoding=\"async\" class=\"aligncenter size-full wp-image-152640\" src=\"https:\/\/graziamagazine.com\/es\/wp-content\/uploads\/sites\/12\/2020\/02\/IMG_4319-e1582138697179.jpg\" alt=\"La exposici\u00f3n que recuerda el legado de David Delf\u00edn llega a Madrid\" width=\"750\" height=\"1000\" srcset=\"https:\/\/graziamagazine.com\/es\/wp-content\/uploads\/sites\/12\/2020\/02\/IMG_4319-e1582138697179.jpg 750w, https:\/\/graziamagazine.com\/es\/wp-content\/uploads\/sites\/12\/2020\/02\/IMG_4319-e1582138697179.jpg?resize=225,300 225w, https:\/\/graziamagazine.com\/es\/wp-content\/uploads\/sites\/12\/2020\/02\/IMG_4319-e1582138697179.jpg?resize=155,207 155w\" sizes=\"(max-width: 750px) 100vw, 750px\" \/><\/p>\n<p>En el interior de la Sala de Exposiciones Canal de II recorremos la trayectoria del creador a trav\u00e9s de <strong>60 piezas ic\u00f3nicas en su carrera<\/strong>:\u00a0nos perdemos entre el blanco y el negro, dos de los colores que representaron muchos de sus dise\u00f1os, pero tambi\u00e9n vemos prendas de su primera colecci\u00f3n &#8216;Sans Titre&#8217; (1999) o de su controvertida colecci\u00f3n &#8216;Cours des Miracles&#8217; (PV 2003), para recordar aquellos espect\u00e1culos que temporada tras temporada nos ofrec\u00eda sobre la pasarela de la Mercedes Benz Fashion Week Madrid.<\/p>\n<p><img loading=\"lazy\" decoding=\"async\" class=\"aligncenter size-full wp-image-152643\" src=\"https:\/\/graziamagazine.com\/es\/wp-content\/uploads\/sites\/12\/2020\/02\/IMG_4342-e1582138586774.jpg\" alt=\"La exposici\u00f3n que recuerda el legado de David Delf\u00edn llega a Madrid\" width=\"750\" height=\"1000\" srcset=\"https:\/\/graziamagazine.com\/es\/wp-content\/uploads\/sites\/12\/2020\/02\/IMG_4342-e1582138586774.jpg 750w, https:\/\/graziamagazine.com\/es\/wp-content\/uploads\/sites\/12\/2020\/02\/IMG_4342-e1582138586774.jpg?resize=225,300 225w, https:\/\/graziamagazine.com\/es\/wp-content\/uploads\/sites\/12\/2020\/02\/IMG_4342-e1582138586774.jpg?resize=155,207 155w\" sizes=\"(max-width: 750px) 100vw, 750px\" \/><\/p>\n<p>Adem\u00e1s <strong>la muestra est\u00e1 acompa\u00f1ada de un cat\u00e1logo<\/strong> que incluye textos de Ra\u00fal Marina, comisario; Fernando Castro Fl\u00f3rez, fil\u00f3sofo y cr\u00edtico de arte; Esperanza Garc\u00eda Claver, comisaria independiente y especialista en moda y Dani Pannullo, core\u00f3grafo. Asimismo, la Sala Canal de Isabel II ofrece visitas guiadas y encuentros con el comisario como actividades paralelas a la exposici\u00f3n.<\/p>\n<p><img loading=\"lazy\" decoding=\"async\" class=\"aligncenter size-full wp-image-152642\" src=\"https:\/\/graziamagazine.com\/es\/wp-content\/uploads\/sites\/12\/2020\/02\/IMG_4333-e1582138639267.jpg\" alt=\"La exposici\u00f3n que recuerda el legado de David Delf\u00edn llega a Madrid\" width=\"750\" height=\"1000\" srcset=\"https:\/\/graziamagazine.com\/es\/wp-content\/uploads\/sites\/12\/2020\/02\/IMG_4333-e1582138639267.jpg 750w, https:\/\/graziamagazine.com\/es\/wp-content\/uploads\/sites\/12\/2020\/02\/IMG_4333-e1582138639267.jpg?resize=225,300 225w, https:\/\/graziamagazine.com\/es\/wp-content\/uploads\/sites\/12\/2020\/02\/IMG_4333-e1582138639267.jpg?resize=155,207 155w\" sizes=\"(max-width: 750px) 100vw, 750px\" \/><\/p>\n<p>La exposici\u00f3n es gratuita y si quieres saber m\u00e1s, puedes consultarlo aqu\u00ed:\u00a0<a href=\"http:\/\/www.comunidad.madrid\/actividades\/2020\/exposicion-david-delfin\" target=\"_blank\">www.comunidad.madrid\/actividades\/2020\/exposicion-david-delfin<\/a>.<\/p>\n<p><em>*Im\u00e1genes: Ruth Mart\u00edn y Guillermo Gumiel.\u00a0<\/em><\/p>\n","protected":false},"author":11653,"featured_media":152639,"template":"","format":"standard","categories":[1],"acf":[],"yoast_head":"<!-- This site is optimized with the Yoast SEO Premium plugin v18.5 (Yoast SEO v20.4) - https:\/\/yoast.com\/wordpress\/plugins\/seo\/ -->\n<title>La exposici\u00f3n que recuerda el legado de David Delf\u00edn llega a Madrid | Grazia<\/title>\n<meta name=\"description\" content=\"La Sala de Exposiciones Canal de Isabel II alberga una antolog\u00eda del dise\u00f1ador que recorre su obra, sus pensamientos, sus palabras hasta el pr\u00f3ximo mes de mayo.\" \/>\n<meta name=\"robots\" content=\"index, follow, max-snippet:-1, max-image-preview:large, max-video-preview:-1\" \/>\n<link rel=\"canonical\" href=\"https:\/\/graziamagazine.com\/es\/articles\/la-exposicion-que-recuerda-el-legado-de-david-delfin-llega-a-madrid\/\" \/>\n<meta property=\"og:locale\" content=\"es_ES\" \/>\n<meta property=\"og:type\" content=\"article\" \/>\n<meta property=\"og:title\" content=\"La exposici\u00f3n que recuerda el legado de David Delf\u00edn llega a Madrid\" \/>\n<meta property=\"og:description\" content=\"La Sala de Exposiciones Canal de Isabel II alberga una antolog\u00eda del dise\u00f1ador que recorre su obra, sus pensamientos, sus palabras hasta el pr\u00f3ximo mes de mayo.\" \/>\n<meta property=\"og:url\" content=\"https:\/\/graziamagazine.com\/es\/articles\/la-exposicion-que-recuerda-el-legado-de-david-delfin-llega-a-madrid\/\" \/>\n<meta property=\"og:site_name\" content=\"Grazia\" \/>\n<meta property=\"og:image\" content=\"https:\/\/graziamagazine.com\/es\/wp-content\/uploads\/sites\/12\/2020\/02\/WEB_Prensa_Canal_OK_017_.jpg?fit=1024%2C683\" \/>\n\t<meta property=\"og:image:width\" content=\"1024\" \/>\n\t<meta property=\"og:image:height\" content=\"683\" \/>\n\t<meta property=\"og:image:type\" content=\"image\/jpeg\" \/>\n<meta name=\"twitter:card\" content=\"summary_large_image\" \/>\n<meta name=\"twitter:label1\" content=\"Est. reading time\" \/>\n\t<meta name=\"twitter:data1\" content=\"3 minutos\" \/>\n<script type=\"application\/ld+json\" class=\"yoast-schema-graph\">{\"@context\":\"https:\/\/schema.org\",\"@graph\":[{\"@type\":\"WebPage\",\"@id\":\"https:\/\/graziamagazine.com\/es\/articles\/la-exposicion-que-recuerda-el-legado-de-david-delfin-llega-a-madrid\/\",\"url\":\"https:\/\/graziamagazine.com\/es\/articles\/la-exposicion-que-recuerda-el-legado-de-david-delfin-llega-a-madrid\/\",\"name\":\"La exposici\u00f3n que recuerda el legado de David Delf\u00edn llega a Madrid | Grazia\",\"isPartOf\":{\"@id\":\"https:\/\/graziamagazine.com\/es\/#website\"},\"datePublished\":\"2020-02-19T19:14:20+00:00\",\"dateModified\":\"2020-02-19T19:14:20+00:00\",\"description\":\"La Sala de Exposiciones Canal de Isabel II alberga una antolog\u00eda del dise\u00f1ador que recorre su obra, sus pensamientos, sus palabras hasta el pr\u00f3ximo mes de mayo.\",\"breadcrumb\":{\"@id\":\"https:\/\/graziamagazine.com\/es\/articles\/la-exposicion-que-recuerda-el-legado-de-david-delfin-llega-a-madrid\/#breadcrumb\"},\"inLanguage\":\"es\",\"potentialAction\":[{\"@type\":\"ReadAction\",\"target\":[\"https:\/\/graziamagazine.com\/es\/articles\/la-exposicion-que-recuerda-el-legado-de-david-delfin-llega-a-madrid\/\"]}]},{\"@type\":\"BreadcrumbList\",\"@id\":\"https:\/\/graziamagazine.com\/es\/articles\/la-exposicion-que-recuerda-el-legado-de-david-delfin-llega-a-madrid\/#breadcrumb\",\"itemListElement\":[{\"@type\":\"ListItem\",\"position\":1,\"name\":\"Portada\",\"item\":\"https:\/\/graziamagazine.com\/es\/\"},{\"@type\":\"ListItem\",\"position\":2,\"name\":\"La exposici\u00f3n que recuerda el legado de David Delf\u00edn llega a Madrid\"}]},{\"@type\":\"WebSite\",\"@id\":\"https:\/\/graziamagazine.com\/es\/#website\",\"url\":\"https:\/\/graziamagazine.com\/es\/\",\"name\":\"Grazia\",\"description\":\"Moda, belleza, celebrities, estilo de vida...\",\"potentialAction\":[{\"@type\":\"SearchAction\",\"target\":{\"@type\":\"EntryPoint\",\"urlTemplate\":\"https:\/\/graziamagazine.com\/es\/?s={search_term_string}\"},\"query-input\":\"required name=search_term_string\"}],\"inLanguage\":\"es\"}]}<\/script>\n<!-- \/ Yoast SEO Premium plugin. -->","yoast_head_json":{"title":"La exposici\u00f3n que recuerda el legado de David Delf\u00edn llega a Madrid | Grazia","description":"La Sala de Exposiciones Canal de Isabel II alberga una antolog\u00eda del dise\u00f1ador que recorre su obra, sus pensamientos, sus palabras hasta el pr\u00f3ximo mes de mayo.","robots":{"index":"index","follow":"follow","max-snippet":"max-snippet:-1","max-image-preview":"max-image-preview:large","max-video-preview":"max-video-preview:-1"},"canonical":"https:\/\/graziamagazine.com\/es\/articles\/la-exposicion-que-recuerda-el-legado-de-david-delfin-llega-a-madrid\/","og_locale":"es_ES","og_type":"article","og_title":"La exposici\u00f3n que recuerda el legado de David Delf\u00edn llega a Madrid","og_description":"La Sala de Exposiciones Canal de Isabel II alberga una antolog\u00eda del dise\u00f1ador que recorre su obra, sus pensamientos, sus palabras hasta el pr\u00f3ximo mes de mayo.","og_url":"https:\/\/graziamagazine.com\/es\/articles\/la-exposicion-que-recuerda-el-legado-de-david-delfin-llega-a-madrid\/","og_site_name":"Grazia","og_image":[{"width":1024,"height":683,"url":"https:\/\/graziamagazine.com\/es\/wp-content\/uploads\/sites\/12\/2020\/02\/WEB_Prensa_Canal_OK_017_.jpg?fit=1024%2C683","type":"image\/jpeg"}],"twitter_card":"summary_large_image","twitter_misc":{"Est. reading time":"3 minutos"},"schema":{"@context":"https:\/\/schema.org","@graph":[{"@type":"WebPage","@id":"https:\/\/graziamagazine.com\/es\/articles\/la-exposicion-que-recuerda-el-legado-de-david-delfin-llega-a-madrid\/","url":"https:\/\/graziamagazine.com\/es\/articles\/la-exposicion-que-recuerda-el-legado-de-david-delfin-llega-a-madrid\/","name":"La exposici\u00f3n que recuerda el legado de David Delf\u00edn llega a Madrid | Grazia","isPartOf":{"@id":"https:\/\/graziamagazine.com\/es\/#website"},"datePublished":"2020-02-19T19:14:20+00:00","dateModified":"2020-02-19T19:14:20+00:00","description":"La Sala de Exposiciones Canal de Isabel II alberga una antolog\u00eda del dise\u00f1ador que recorre su obra, sus pensamientos, sus palabras hasta el pr\u00f3ximo mes de mayo.","breadcrumb":{"@id":"https:\/\/graziamagazine.com\/es\/articles\/la-exposicion-que-recuerda-el-legado-de-david-delfin-llega-a-madrid\/#breadcrumb"},"inLanguage":"es","potentialAction":[{"@type":"ReadAction","target":["https:\/\/graziamagazine.com\/es\/articles\/la-exposicion-que-recuerda-el-legado-de-david-delfin-llega-a-madrid\/"]}]},{"@type":"BreadcrumbList","@id":"https:\/\/graziamagazine.com\/es\/articles\/la-exposicion-que-recuerda-el-legado-de-david-delfin-llega-a-madrid\/#breadcrumb","itemListElement":[{"@type":"ListItem","position":1,"name":"Portada","item":"https:\/\/graziamagazine.com\/es\/"},{"@type":"ListItem","position":2,"name":"La exposici\u00f3n que recuerda el legado de David Delf\u00edn llega a Madrid"}]},{"@type":"WebSite","@id":"https:\/\/graziamagazine.com\/es\/#website","url":"https:\/\/graziamagazine.com\/es\/","name":"Grazia","description":"Moda, belleza, celebrities, estilo de vida...","potentialAction":[{"@type":"SearchAction","target":{"@type":"EntryPoint","urlTemplate":"https:\/\/graziamagazine.com\/es\/?s={search_term_string}"},"query-input":"required name=search_term_string"}],"inLanguage":"es"}]}},"jetpack_sharing_enabled":true,"distributor_meta":false,"distributor_terms":false,"distributor_media":false,"distributor_original_site_name":"Grazia","distributor_original_site_url":"https:\/\/graziamagazine.com\/es","push-errors":false,"_links":{"self":[{"href":"https:\/\/graziamagazine.com\/es\/wp-json\/wp\/v2\/articles\/152638"}],"collection":[{"href":"https:\/\/graziamagazine.com\/es\/wp-json\/wp\/v2\/articles"}],"about":[{"href":"https:\/\/graziamagazine.com\/es\/wp-json\/wp\/v2\/types\/articles"}],"author":[{"embeddable":true,"href":"https:\/\/graziamagazine.com\/es\/wp-json\/wp\/v2\/users\/11653"}],"wp:featuredmedia":[{"embeddable":true,"href":"https:\/\/graziamagazine.com\/es\/wp-json\/wp\/v2\/media\/152639"}],"wp:attachment":[{"href":"https:\/\/graziamagazine.com\/es\/wp-json\/wp\/v2\/media?parent=152638"}],"wp:term":[{"taxonomy":"category","embeddable":true,"href":"https:\/\/graziamagazine.com\/es\/wp-json\/wp\/v2\/categories?post=152638"}],"curies":[{"name":"wp","href":"https:\/\/api.w.org\/{rel}","templated":true}]}}