{"id":152633,"date":"2020-02-19T19:09:56","date_gmt":"2020-02-19T18:09:56","guid":{"rendered":"https:\/\/graziamagazine.com\/es\/?p=152633"},"modified":"2020-02-19T19:09:56","modified_gmt":"2020-02-19T18:09:56","slug":"la-reina-letizia-vuelve-a-demostrar-que-las-capas-son-su-abrigo-ideal","status":"publish","type":"articles","link":"https:\/\/graziamagazine.com\/es\/articles\/la-reina-letizia-vuelve-a-demostrar-que-las-capas-son-su-abrigo-ideal\/","title":{"rendered":"La reina Letizia vuelve a demostrar que las capas son su abrigo ideal"},"content":{"rendered":"<p>La agenda de los Reyes sigue adelante esta semana y la reina Letizia ha vuelto a aparecer para mantener una reuni\u00f3n de trabajo con UNICEF, con el objetivo tratar temas de alimentaci\u00f3n y nutrici\u00f3n en el mundo y Espa\u00f1a, con la presentaci\u00f3n del informe<em>\u00a0\u201cEl Estado Mundial de la Infancia (EMIJ 2019: \u00a0Ni\u00f1os, alimentos y nutrici\u00f3n. Crecer bien en un mundo en \u00a0transformaci\u00f3n\u201d<\/em>.<\/p>\n<p>Para combatir el fr\u00edo del invierno en la capital, la reina ha apostado por un estilo muy <em>working girl<\/em>, que tan bien le sienta y ha sacado del armario su <strong>traje sastre <em>oversize<\/em> de cuadros de Hugo Boss<\/strong> que luci\u00f3 a principios de este a\u00f1o en una reuni\u00f3n de la Cruz Roja. El <strong>detalle especial<\/strong> del d\u00eda lo ha puesto una prenda de estreno, una <strong>capa-abrigo negra firmada por Carolina Herrera<\/strong>, con mangas anchas, largo por encima de la rodilla y detalle de botones grandes redondos.<\/p>\n<p><img loading=\"lazy\" decoding=\"async\" class=\"aligncenter size-full wp-image-152635\" src=\"https:\/\/graziamagazine.com\/es\/wp-content\/uploads\/sites\/12\/2020\/02\/traje-2.jpeg\" alt=\"La reina Letizia vuelve a demostrar que las capas son su abrigo ideal\" width=\"1366\" height=\"1403\" srcset=\"https:\/\/graziamagazine.com\/es\/wp-content\/uploads\/sites\/12\/2020\/02\/traje-2.jpeg 1366w, https:\/\/graziamagazine.com\/es\/wp-content\/uploads\/sites\/12\/2020\/02\/traje-2-500x514.jpeg 500w, https:\/\/graziamagazine.com\/es\/wp-content\/uploads\/sites\/12\/2020\/02\/traje-2-768x789.jpeg 768w, https:\/\/graziamagazine.com\/es\/wp-content\/uploads\/sites\/12\/2020\/02\/traje-2-900x924.jpeg 900w, https:\/\/graziamagazine.com\/es\/wp-content\/uploads\/sites\/12\/2020\/02\/traje-2-1100x1130.jpeg 1100w, https:\/\/graziamagazine.com\/es\/wp-content\/uploads\/sites\/12\/2020\/02\/traje-2-120x123.jpeg 120w, https:\/\/graziamagazine.com\/es\/wp-content\/uploads\/sites\/12\/2020\/02\/traje-2-720x740.jpeg 720w, https:\/\/graziamagazine.com\/es\/wp-content\/uploads\/sites\/12\/2020\/02\/traje-2-1200x1233.jpeg 1200w, https:\/\/graziamagazine.com\/es\/wp-content\/uploads\/sites\/12\/2020\/02\/traje-2-626x643.jpeg 626w, https:\/\/graziamagazine.com\/es\/wp-content\/uploads\/sites\/12\/2020\/02\/traje-2-360x370.jpeg 360w\" sizes=\"(max-width: 1366px) 100vw, 1366px\" \/><\/p>\n<p>Para acompa\u00f1ar el look la reina usado una bufanda negra, algo extra\u00f1o en ella, y lo ha combinado con sus <strong>salones negros Magrit<\/strong>, una <strong>cartera<\/strong> de mano de tambi\u00e9n de Hugo Boss, concretamente el modelo Fanila, y como <strong>joyas<\/strong> sus anillos de aro dorado y su inseparable anillo Karen Hallam.<\/p>\n<p><img loading=\"lazy\" decoding=\"async\" class=\"aligncenter size-full wp-image-152634\" src=\"https:\/\/graziamagazine.com\/es\/wp-content\/uploads\/sites\/12\/2020\/02\/traje.jpg\" alt=\"La reina Letizia vuelve a demostrar que las capas son su abrigo ideal\" width=\"1075\" height=\"1400\" srcset=\"https:\/\/graziamagazine.com\/es\/wp-content\/uploads\/sites\/12\/2020\/02\/traje.jpg 1075w, https:\/\/graziamagazine.com\/es\/wp-content\/uploads\/sites\/12\/2020\/02\/traje-500x651.jpg 500w, https:\/\/graziamagazine.com\/es\/wp-content\/uploads\/sites\/12\/2020\/02\/traje-768x1000.jpg 768w, https:\/\/graziamagazine.com\/es\/wp-content\/uploads\/sites\/12\/2020\/02\/traje-900x1172.jpg 900w, https:\/\/graziamagazine.com\/es\/wp-content\/uploads\/sites\/12\/2020\/02\/traje-120x156.jpg 120w, https:\/\/graziamagazine.com\/es\/wp-content\/uploads\/sites\/12\/2020\/02\/traje-720x938.jpg 720w, https:\/\/graziamagazine.com\/es\/wp-content\/uploads\/sites\/12\/2020\/02\/traje-626x815.jpg 626w, https:\/\/graziamagazine.com\/es\/wp-content\/uploads\/sites\/12\/2020\/02\/traje-360x469.jpg 360w\" sizes=\"(max-width: 1075px) 100vw, 1075px\" \/><\/p>\n<div id=\"news-body-center\" class=\"news-body-center cms-format \">\n<p><em>*Im\u00e1genes: Casa Real y Getty Images<\/em><\/p>\n<div class=\"articlephoto news-width-text\"><\/div>\n<div class=\"articlephoto news-body-fig\"><\/div>\n<p>&nbsp;<\/p>\n<\/div>\n","protected":false},"author":11653,"featured_media":152636,"template":"","format":"standard","categories":[2147],"acf":[],"yoast_head":"<!-- This site is optimized with the Yoast SEO Premium plugin v18.5 (Yoast SEO v20.4) - https:\/\/yoast.com\/wordpress\/plugins\/seo\/ -->\n<title>La reina Letizia vuelve a demostrar que las capas son su abrigo ideal | Grazia<\/title>\n<meta name=\"description\" content=\"Do\u00f1a Letizia ha estrenado una nueva pieza a mitad de camino entre la capa y el abrigo ideal para combatir el fr\u00edo de Madrid.\" \/>\n<meta name=\"robots\" content=\"index, follow, max-snippet:-1, max-image-preview:large, max-video-preview:-1\" \/>\n<link rel=\"canonical\" href=\"https:\/\/graziamagazine.com\/es\/articles\/la-reina-letizia-vuelve-a-demostrar-que-las-capas-son-su-abrigo-ideal\/\" \/>\n<meta property=\"og:locale\" content=\"es_ES\" \/>\n<meta property=\"og:type\" content=\"article\" \/>\n<meta property=\"og:title\" content=\"La reina Letizia vuelve a demostrar que las capas son su abrigo ideal\" \/>\n<meta property=\"og:description\" content=\"Do\u00f1a Letizia ha estrenado una nueva pieza a mitad de camino entre la capa y el abrigo ideal para combatir el fr\u00edo de Madrid.\" \/>\n<meta property=\"og:url\" content=\"https:\/\/graziamagazine.com\/es\/articles\/la-reina-letizia-vuelve-a-demostrar-que-las-capas-son-su-abrigo-ideal\/\" \/>\n<meta property=\"og:site_name\" content=\"Grazia\" \/>\n<meta property=\"og:image\" content=\"https:\/\/graziamagazine.com\/es\/wp-content\/uploads\/sites\/12\/2020\/02\/traje-3.jpeg?fit=2048%2C1364\" \/>\n\t<meta property=\"og:image:width\" content=\"2048\" \/>\n\t<meta property=\"og:image:height\" content=\"1364\" \/>\n\t<meta property=\"og:image:type\" content=\"image\/jpeg\" \/>\n<meta name=\"twitter:card\" content=\"summary_large_image\" \/>\n<meta name=\"twitter:label1\" content=\"Est. reading time\" \/>\n\t<meta name=\"twitter:data1\" content=\"1 minuto\" \/>\n<script type=\"application\/ld+json\" class=\"yoast-schema-graph\">{\"@context\":\"https:\/\/schema.org\",\"@graph\":[{\"@type\":\"WebPage\",\"@id\":\"https:\/\/graziamagazine.com\/es\/articles\/la-reina-letizia-vuelve-a-demostrar-que-las-capas-son-su-abrigo-ideal\/\",\"url\":\"https:\/\/graziamagazine.com\/es\/articles\/la-reina-letizia-vuelve-a-demostrar-que-las-capas-son-su-abrigo-ideal\/\",\"name\":\"La reina Letizia vuelve a demostrar que las capas son su abrigo ideal | Grazia\",\"isPartOf\":{\"@id\":\"https:\/\/graziamagazine.com\/es\/#website\"},\"datePublished\":\"2020-02-19T18:09:56+00:00\",\"dateModified\":\"2020-02-19T18:09:56+00:00\",\"description\":\"Do\u00f1a Letizia ha estrenado una nueva pieza a mitad de camino entre la capa y el abrigo ideal para combatir el fr\u00edo de Madrid.\",\"breadcrumb\":{\"@id\":\"https:\/\/graziamagazine.com\/es\/articles\/la-reina-letizia-vuelve-a-demostrar-que-las-capas-son-su-abrigo-ideal\/#breadcrumb\"},\"inLanguage\":\"es\",\"potentialAction\":[{\"@type\":\"ReadAction\",\"target\":[\"https:\/\/graziamagazine.com\/es\/articles\/la-reina-letizia-vuelve-a-demostrar-que-las-capas-son-su-abrigo-ideal\/\"]}]},{\"@type\":\"BreadcrumbList\",\"@id\":\"https:\/\/graziamagazine.com\/es\/articles\/la-reina-letizia-vuelve-a-demostrar-que-las-capas-son-su-abrigo-ideal\/#breadcrumb\",\"itemListElement\":[{\"@type\":\"ListItem\",\"position\":1,\"name\":\"Portada\",\"item\":\"https:\/\/graziamagazine.com\/es\/\"},{\"@type\":\"ListItem\",\"position\":2,\"name\":\"La reina Letizia vuelve a demostrar que las capas son su abrigo ideal\"}]},{\"@type\":\"WebSite\",\"@id\":\"https:\/\/graziamagazine.com\/es\/#website\",\"url\":\"https:\/\/graziamagazine.com\/es\/\",\"name\":\"Grazia\",\"description\":\"Moda, belleza, celebrities, estilo de vida...\",\"potentialAction\":[{\"@type\":\"SearchAction\",\"target\":{\"@type\":\"EntryPoint\",\"urlTemplate\":\"https:\/\/graziamagazine.com\/es\/?s={search_term_string}\"},\"query-input\":\"required name=search_term_string\"}],\"inLanguage\":\"es\"}]}<\/script>\n<!-- \/ Yoast SEO Premium plugin. -->","yoast_head_json":{"title":"La reina Letizia vuelve a demostrar que las capas son su abrigo ideal | Grazia","description":"Do\u00f1a Letizia ha estrenado una nueva pieza a mitad de camino entre la capa y el abrigo ideal para combatir el fr\u00edo de Madrid.","robots":{"index":"index","follow":"follow","max-snippet":"max-snippet:-1","max-image-preview":"max-image-preview:large","max-video-preview":"max-video-preview:-1"},"canonical":"https:\/\/graziamagazine.com\/es\/articles\/la-reina-letizia-vuelve-a-demostrar-que-las-capas-son-su-abrigo-ideal\/","og_locale":"es_ES","og_type":"article","og_title":"La reina Letizia vuelve a demostrar que las capas son su abrigo ideal","og_description":"Do\u00f1a Letizia ha estrenado una nueva pieza a mitad de camino entre la capa y el abrigo ideal para combatir el fr\u00edo de Madrid.","og_url":"https:\/\/graziamagazine.com\/es\/articles\/la-reina-letizia-vuelve-a-demostrar-que-las-capas-son-su-abrigo-ideal\/","og_site_name":"Grazia","og_image":[{"width":2048,"height":1364,"url":"https:\/\/graziamagazine.com\/es\/wp-content\/uploads\/sites\/12\/2020\/02\/traje-3.jpeg?fit=2048%2C1364","type":"image\/jpeg"}],"twitter_card":"summary_large_image","twitter_misc":{"Est. reading time":"1 minuto"},"schema":{"@context":"https:\/\/schema.org","@graph":[{"@type":"WebPage","@id":"https:\/\/graziamagazine.com\/es\/articles\/la-reina-letizia-vuelve-a-demostrar-que-las-capas-son-su-abrigo-ideal\/","url":"https:\/\/graziamagazine.com\/es\/articles\/la-reina-letizia-vuelve-a-demostrar-que-las-capas-son-su-abrigo-ideal\/","name":"La reina Letizia vuelve a demostrar que las capas son su abrigo ideal | Grazia","isPartOf":{"@id":"https:\/\/graziamagazine.com\/es\/#website"},"datePublished":"2020-02-19T18:09:56+00:00","dateModified":"2020-02-19T18:09:56+00:00","description":"Do\u00f1a Letizia ha estrenado una nueva pieza a mitad de camino entre la capa y el abrigo ideal para combatir el fr\u00edo de Madrid.","breadcrumb":{"@id":"https:\/\/graziamagazine.com\/es\/articles\/la-reina-letizia-vuelve-a-demostrar-que-las-capas-son-su-abrigo-ideal\/#breadcrumb"},"inLanguage":"es","potentialAction":[{"@type":"ReadAction","target":["https:\/\/graziamagazine.com\/es\/articles\/la-reina-letizia-vuelve-a-demostrar-que-las-capas-son-su-abrigo-ideal\/"]}]},{"@type":"BreadcrumbList","@id":"https:\/\/graziamagazine.com\/es\/articles\/la-reina-letizia-vuelve-a-demostrar-que-las-capas-son-su-abrigo-ideal\/#breadcrumb","itemListElement":[{"@type":"ListItem","position":1,"name":"Portada","item":"https:\/\/graziamagazine.com\/es\/"},{"@type":"ListItem","position":2,"name":"La reina Letizia vuelve a demostrar que las capas son su abrigo ideal"}]},{"@type":"WebSite","@id":"https:\/\/graziamagazine.com\/es\/#website","url":"https:\/\/graziamagazine.com\/es\/","name":"Grazia","description":"Moda, belleza, celebrities, estilo de vida...","potentialAction":[{"@type":"SearchAction","target":{"@type":"EntryPoint","urlTemplate":"https:\/\/graziamagazine.com\/es\/?s={search_term_string}"},"query-input":"required name=search_term_string"}],"inLanguage":"es"}]}},"jetpack_sharing_enabled":true,"distributor_meta":false,"distributor_terms":false,"distributor_media":false,"distributor_original_site_name":"Grazia","distributor_original_site_url":"https:\/\/graziamagazine.com\/es","push-errors":false,"_links":{"self":[{"href":"https:\/\/graziamagazine.com\/es\/wp-json\/wp\/v2\/articles\/152633"}],"collection":[{"href":"https:\/\/graziamagazine.com\/es\/wp-json\/wp\/v2\/articles"}],"about":[{"href":"https:\/\/graziamagazine.com\/es\/wp-json\/wp\/v2\/types\/articles"}],"author":[{"embeddable":true,"href":"https:\/\/graziamagazine.com\/es\/wp-json\/wp\/v2\/users\/11653"}],"wp:featuredmedia":[{"embeddable":true,"href":"https:\/\/graziamagazine.com\/es\/wp-json\/wp\/v2\/media\/152636"}],"wp:attachment":[{"href":"https:\/\/graziamagazine.com\/es\/wp-json\/wp\/v2\/media?parent=152633"}],"wp:term":[{"taxonomy":"category","embeddable":true,"href":"https:\/\/graziamagazine.com\/es\/wp-json\/wp\/v2\/categories?post=152633"}],"curies":[{"name":"wp","href":"https:\/\/api.w.org\/{rel}","templated":true}]}}