{"id":152492,"date":"2020-02-14T16:53:27","date_gmt":"2020-02-14T15:53:27","guid":{"rendered":"https:\/\/graziamagazine.com\/es\/?p=152492"},"modified":"2020-02-14T16:59:07","modified_gmt":"2020-02-14T15:59:07","slug":"la-reina-letizia-celebra-san-valentin-vestida-de-lunares-en-huelva","status":"publish","type":"articles","link":"https:\/\/graziamagazine.com\/es\/articles\/la-reina-letizia-celebra-san-valentin-vestida-de-lunares-en-huelva\/","title":{"rendered":"La reina Letizia celebra San Valent\u00edn vestida de lunares en Huelva"},"content":{"rendered":"<p>Los Reyes han tenido que trabajar, como muchos de nosotros, en este D\u00eda de San Valent\u00edn y<strong> han viajado a Andaluc\u00eda para presidir el Congreso Cient\u00edfico de clausura de la conmemoraci\u00f3n del 50 aniversario del Parque Nacional de Do\u00f1ana<\/strong>. Adem\u00e1s de clausurar el congreso, tambi\u00e9n han tenido tiempo de recorrer el parque y visitar en Almonte, Huelva, la Parroquia de Nuestra Asunci\u00f3n, con motivo del A\u00f1o Jubilar Mariano del Roc\u00edo.<\/p>\n<p><img loading=\"lazy\" decoding=\"async\" class=\"aligncenter size-full wp-image-152496\" src=\"https:\/\/graziamagazine.com\/es\/wp-content\/uploads\/sites\/12\/2020\/02\/letizia-vestido-2.jpeg\" alt=\"La reina Letizia celebra San Valent\u00edn vestida de lunares en Huelva\" width=\"1280\" height=\"853\" srcset=\"https:\/\/graziamagazine.com\/es\/wp-content\/uploads\/sites\/12\/2020\/02\/letizia-vestido-2.jpeg 1280w, https:\/\/graziamagazine.com\/es\/wp-content\/uploads\/sites\/12\/2020\/02\/letizia-vestido-2-500x333.jpeg 500w, https:\/\/graziamagazine.com\/es\/wp-content\/uploads\/sites\/12\/2020\/02\/letizia-vestido-2-768x512.jpeg 768w, https:\/\/graziamagazine.com\/es\/wp-content\/uploads\/sites\/12\/2020\/02\/letizia-vestido-2-900x600.jpeg 900w, https:\/\/graziamagazine.com\/es\/wp-content\/uploads\/sites\/12\/2020\/02\/letizia-vestido-2-1100x733.jpeg 1100w, https:\/\/graziamagazine.com\/es\/wp-content\/uploads\/sites\/12\/2020\/02\/letizia-vestido-2-120x80.jpeg 120w, https:\/\/graziamagazine.com\/es\/wp-content\/uploads\/sites\/12\/2020\/02\/letizia-vestido-2-720x480.jpeg 720w, https:\/\/graziamagazine.com\/es\/wp-content\/uploads\/sites\/12\/2020\/02\/letizia-vestido-2-1200x800.jpeg 1200w, https:\/\/graziamagazine.com\/es\/wp-content\/uploads\/sites\/12\/2020\/02\/letizia-vestido-2-626x417.jpeg 626w, https:\/\/graziamagazine.com\/es\/wp-content\/uploads\/sites\/12\/2020\/02\/letizia-vestido-2-360x240.jpeg 360w\" sizes=\"(max-width: 1280px) 100vw, 1280px\" \/><\/p>\n<p>Para la ocasi\u00f3n do\u00f1a Letizia se ha puesto muy flamenca y <strong>ha recurrido a uno de los estampados que m\u00e1s le gustan y favorecen, los lunares.<\/strong> Ha sido de nuevo la combinaci\u00f3n vestido blanco y lunares negros la que ha elegido para visitar Andaluc\u00eda, de<strong> largo midi, falda plisada y media manga con volante<\/strong> s\u00faper favorecedor.<\/p>\n<p><img loading=\"lazy\" decoding=\"async\" class=\"aligncenter size-full wp-image-152495\" src=\"https:\/\/graziamagazine.com\/es\/wp-content\/uploads\/sites\/12\/2020\/02\/letizia-vestido-1.jpeg\" alt=\"La reina Letizia celebra San Valent\u00edn vestida de lunares en Huelva\" width=\"453\" height=\"680\" srcset=\"https:\/\/graziamagazine.com\/es\/wp-content\/uploads\/sites\/12\/2020\/02\/letizia-vestido-1.jpeg 453w, https:\/\/graziamagazine.com\/es\/wp-content\/uploads\/sites\/12\/2020\/02\/letizia-vestido-1-120x180.jpeg 120w, https:\/\/graziamagazine.com\/es\/wp-content\/uploads\/sites\/12\/2020\/02\/letizia-vestido-1-100x150.jpeg 100w, https:\/\/graziamagazine.com\/es\/wp-content\/uploads\/sites\/12\/2020\/02\/letizia-vestido-1-151x227.jpeg 151w, https:\/\/graziamagazine.com\/es\/wp-content\/uploads\/sites\/12\/2020\/02\/letizia-vestido-1-157x236.jpeg 157w, https:\/\/graziamagazine.com\/es\/wp-content\/uploads\/sites\/12\/2020\/02\/letizia-vestido-1-360x540.jpeg 360w, https:\/\/graziamagazine.com\/es\/wp-content\/uploads\/sites\/12\/2020\/02\/letizia-vestido-1-298x448.jpeg 298w, https:\/\/graziamagazine.com\/es\/wp-content\/uploads\/sites\/12\/2020\/02\/letizia-vestido-1-128x192.jpeg 128w, https:\/\/graziamagazine.com\/es\/wp-content\/uploads\/sites\/12\/2020\/02\/letizia-vestido-1-364x546.jpeg 364w, https:\/\/graziamagazine.com\/es\/wp-content\/uploads\/sites\/12\/2020\/02\/letizia-vestido-1-220x330.jpeg 220w\" sizes=\"(max-width: 453px) 100vw, 453px\" \/><\/p>\n<p><strong>Es una creaci\u00f3n de Emporio Armani<\/strong> y lo ha acompa\u00f1ado con un cintur\u00f3n negro fino y sus ya cl\u00e1sicos salones destalonados negros de Carolina Herrera, que tiene en una gran variedad de colores.<\/p>\n<p><img loading=\"lazy\" decoding=\"async\" class=\"aligncenter size-full wp-image-152498\" src=\"https:\/\/graziamagazine.com\/es\/wp-content\/uploads\/sites\/12\/2020\/02\/letizia-vestido1.jpeg\" alt=\"La reina Letizia celebra San Valent\u00edn vestida de lunares en Huelva\" width=\"1366\" height=\"1922\" srcset=\"https:\/\/graziamagazine.com\/es\/wp-content\/uploads\/sites\/12\/2020\/02\/letizia-vestido1.jpeg 1366w, https:\/\/graziamagazine.com\/es\/wp-content\/uploads\/sites\/12\/2020\/02\/letizia-vestido1-500x704.jpeg 500w, https:\/\/graziamagazine.com\/es\/wp-content\/uploads\/sites\/12\/2020\/02\/letizia-vestido1-768x1081.jpeg 768w, https:\/\/graziamagazine.com\/es\/wp-content\/uploads\/sites\/12\/2020\/02\/letizia-vestido1-900x1266.jpeg 900w, https:\/\/graziamagazine.com\/es\/wp-content\/uploads\/sites\/12\/2020\/02\/letizia-vestido1-1100x1548.jpeg 1100w, https:\/\/graziamagazine.com\/es\/wp-content\/uploads\/sites\/12\/2020\/02\/letizia-vestido1-120x169.jpeg 120w, https:\/\/graziamagazine.com\/es\/wp-content\/uploads\/sites\/12\/2020\/02\/letizia-vestido1-720x1013.jpeg 720w, https:\/\/graziamagazine.com\/es\/wp-content\/uploads\/sites\/12\/2020\/02\/letizia-vestido1-1200x1688.jpeg 1200w, https:\/\/graziamagazine.com\/es\/wp-content\/uploads\/sites\/12\/2020\/02\/letizia-vestido1-626x881.jpeg 626w, https:\/\/graziamagazine.com\/es\/wp-content\/uploads\/sites\/12\/2020\/02\/letizia-vestido1-360x507.jpeg 360w\" sizes=\"(max-width: 1366px) 100vw, 1366px\" \/><\/p>\n<p>Por suerte, este vestido no es de los agotados (de momento) y <strong><a href=\"https:\/\/www.armani.com\/es\/armanicom\/emporio-armani\/vestido-largo-de-crespon-con-motivo-de-jacquard-a-lunares_cod34991471hm.html\" target=\"_blank\">puedes encontrarlo por un precio de 380 euros<\/a><\/strong>.<\/p>\n<p><em>*Im\u00e1genes: Casa Real\u00a0<\/em><\/p>\n","protected":false},"author":11653,"featured_media":152494,"template":"","format":"standard","categories":[2147],"acf":[],"yoast_head":"<!-- This site is optimized with the Yoast SEO Premium plugin v18.5 (Yoast SEO v20.4) - https:\/\/yoast.com\/wordpress\/plugins\/seo\/ -->\n<title>La reina Letizia celebra San Valent\u00edn vestida de lunares en Huelva | Grazia<\/title>\n<meta name=\"description\" content=\"Do\u00f1a Letizia ha recurrido a uno de sus estampados favoritos con un vestido que nos va a inspirar en nuestros looks de primavera.\" \/>\n<meta name=\"robots\" content=\"index, follow, max-snippet:-1, max-image-preview:large, max-video-preview:-1\" \/>\n<link rel=\"canonical\" href=\"https:\/\/graziamagazine.com\/es\/articles\/la-reina-letizia-celebra-san-valentin-vestida-de-lunares-en-huelva\/\" \/>\n<meta property=\"og:locale\" content=\"es_ES\" \/>\n<meta property=\"og:type\" content=\"article\" \/>\n<meta property=\"og:title\" content=\"La reina Letizia celebra San Valent\u00edn vestida de lunares en Huelva\" \/>\n<meta property=\"og:description\" content=\"Do\u00f1a Letizia ha recurrido a uno de sus estampados favoritos con un vestido que nos va a inspirar en nuestros looks de primavera.\" \/>\n<meta property=\"og:url\" content=\"https:\/\/graziamagazine.com\/es\/articles\/la-reina-letizia-celebra-san-valentin-vestida-de-lunares-en-huelva\/\" \/>\n<meta property=\"og:site_name\" content=\"Grazia\" \/>\n<meta property=\"article:modified_time\" content=\"2020-02-14T15:59:07+00:00\" \/>\n<meta property=\"og:image\" content=\"https:\/\/graziamagazine.com\/es\/wp-content\/uploads\/sites\/12\/2020\/02\/letizia-vestido.jpeg?fit=1366%2C911\" \/>\n\t<meta property=\"og:image:width\" content=\"1366\" \/>\n\t<meta property=\"og:image:height\" content=\"911\" \/>\n\t<meta property=\"og:image:type\" content=\"image\/jpeg\" \/>\n<meta name=\"twitter:card\" content=\"summary_large_image\" \/>\n<meta name=\"twitter:label1\" content=\"Est. reading time\" \/>\n\t<meta name=\"twitter:data1\" content=\"1 minuto\" \/>\n<script type=\"application\/ld+json\" class=\"yoast-schema-graph\">{\"@context\":\"https:\/\/schema.org\",\"@graph\":[{\"@type\":\"WebPage\",\"@id\":\"https:\/\/graziamagazine.com\/es\/articles\/la-reina-letizia-celebra-san-valentin-vestida-de-lunares-en-huelva\/\",\"url\":\"https:\/\/graziamagazine.com\/es\/articles\/la-reina-letizia-celebra-san-valentin-vestida-de-lunares-en-huelva\/\",\"name\":\"La reina Letizia celebra San Valent\u00edn vestida de lunares en Huelva | Grazia\",\"isPartOf\":{\"@id\":\"https:\/\/graziamagazine.com\/es\/#website\"},\"datePublished\":\"2020-02-14T15:53:27+00:00\",\"dateModified\":\"2020-02-14T15:59:07+00:00\",\"description\":\"Do\u00f1a Letizia ha recurrido a uno de sus estampados favoritos con un vestido que nos va a inspirar en nuestros looks de primavera.\",\"breadcrumb\":{\"@id\":\"https:\/\/graziamagazine.com\/es\/articles\/la-reina-letizia-celebra-san-valentin-vestida-de-lunares-en-huelva\/#breadcrumb\"},\"inLanguage\":\"es\",\"potentialAction\":[{\"@type\":\"ReadAction\",\"target\":[\"https:\/\/graziamagazine.com\/es\/articles\/la-reina-letizia-celebra-san-valentin-vestida-de-lunares-en-huelva\/\"]}]},{\"@type\":\"BreadcrumbList\",\"@id\":\"https:\/\/graziamagazine.com\/es\/articles\/la-reina-letizia-celebra-san-valentin-vestida-de-lunares-en-huelva\/#breadcrumb\",\"itemListElement\":[{\"@type\":\"ListItem\",\"position\":1,\"name\":\"Portada\",\"item\":\"https:\/\/graziamagazine.com\/es\/\"},{\"@type\":\"ListItem\",\"position\":2,\"name\":\"La reina Letizia celebra San Valent\u00edn vestida de lunares en Huelva\"}]},{\"@type\":\"WebSite\",\"@id\":\"https:\/\/graziamagazine.com\/es\/#website\",\"url\":\"https:\/\/graziamagazine.com\/es\/\",\"name\":\"Grazia\",\"description\":\"Moda, belleza, celebrities, estilo de vida...\",\"potentialAction\":[{\"@type\":\"SearchAction\",\"target\":{\"@type\":\"EntryPoint\",\"urlTemplate\":\"https:\/\/graziamagazine.com\/es\/?s={search_term_string}\"},\"query-input\":\"required name=search_term_string\"}],\"inLanguage\":\"es\"}]}<\/script>\n<!-- \/ Yoast SEO Premium plugin. -->","yoast_head_json":{"title":"La reina Letizia celebra San Valent\u00edn vestida de lunares en Huelva | Grazia","description":"Do\u00f1a Letizia ha recurrido a uno de sus estampados favoritos con un vestido que nos va a inspirar en nuestros looks de primavera.","robots":{"index":"index","follow":"follow","max-snippet":"max-snippet:-1","max-image-preview":"max-image-preview:large","max-video-preview":"max-video-preview:-1"},"canonical":"https:\/\/graziamagazine.com\/es\/articles\/la-reina-letizia-celebra-san-valentin-vestida-de-lunares-en-huelva\/","og_locale":"es_ES","og_type":"article","og_title":"La reina Letizia celebra San Valent\u00edn vestida de lunares en Huelva","og_description":"Do\u00f1a Letizia ha recurrido a uno de sus estampados favoritos con un vestido que nos va a inspirar en nuestros looks de primavera.","og_url":"https:\/\/graziamagazine.com\/es\/articles\/la-reina-letizia-celebra-san-valentin-vestida-de-lunares-en-huelva\/","og_site_name":"Grazia","article_modified_time":"2020-02-14T15:59:07+00:00","og_image":[{"width":1366,"height":911,"url":"https:\/\/graziamagazine.com\/es\/wp-content\/uploads\/sites\/12\/2020\/02\/letizia-vestido.jpeg?fit=1366%2C911","type":"image\/jpeg"}],"twitter_card":"summary_large_image","twitter_misc":{"Est. reading time":"1 minuto"},"schema":{"@context":"https:\/\/schema.org","@graph":[{"@type":"WebPage","@id":"https:\/\/graziamagazine.com\/es\/articles\/la-reina-letizia-celebra-san-valentin-vestida-de-lunares-en-huelva\/","url":"https:\/\/graziamagazine.com\/es\/articles\/la-reina-letizia-celebra-san-valentin-vestida-de-lunares-en-huelva\/","name":"La reina Letizia celebra San Valent\u00edn vestida de lunares en Huelva | Grazia","isPartOf":{"@id":"https:\/\/graziamagazine.com\/es\/#website"},"datePublished":"2020-02-14T15:53:27+00:00","dateModified":"2020-02-14T15:59:07+00:00","description":"Do\u00f1a Letizia ha recurrido a uno de sus estampados favoritos con un vestido que nos va a inspirar en nuestros looks de primavera.","breadcrumb":{"@id":"https:\/\/graziamagazine.com\/es\/articles\/la-reina-letizia-celebra-san-valentin-vestida-de-lunares-en-huelva\/#breadcrumb"},"inLanguage":"es","potentialAction":[{"@type":"ReadAction","target":["https:\/\/graziamagazine.com\/es\/articles\/la-reina-letizia-celebra-san-valentin-vestida-de-lunares-en-huelva\/"]}]},{"@type":"BreadcrumbList","@id":"https:\/\/graziamagazine.com\/es\/articles\/la-reina-letizia-celebra-san-valentin-vestida-de-lunares-en-huelva\/#breadcrumb","itemListElement":[{"@type":"ListItem","position":1,"name":"Portada","item":"https:\/\/graziamagazine.com\/es\/"},{"@type":"ListItem","position":2,"name":"La reina Letizia celebra San Valent\u00edn vestida de lunares en Huelva"}]},{"@type":"WebSite","@id":"https:\/\/graziamagazine.com\/es\/#website","url":"https:\/\/graziamagazine.com\/es\/","name":"Grazia","description":"Moda, belleza, celebrities, estilo de vida...","potentialAction":[{"@type":"SearchAction","target":{"@type":"EntryPoint","urlTemplate":"https:\/\/graziamagazine.com\/es\/?s={search_term_string}"},"query-input":"required name=search_term_string"}],"inLanguage":"es"}]}},"jetpack_sharing_enabled":true,"distributor_meta":false,"distributor_terms":false,"distributor_media":false,"distributor_original_site_name":"Grazia","distributor_original_site_url":"https:\/\/graziamagazine.com\/es","push-errors":false,"_links":{"self":[{"href":"https:\/\/graziamagazine.com\/es\/wp-json\/wp\/v2\/articles\/152492"}],"collection":[{"href":"https:\/\/graziamagazine.com\/es\/wp-json\/wp\/v2\/articles"}],"about":[{"href":"https:\/\/graziamagazine.com\/es\/wp-json\/wp\/v2\/types\/articles"}],"author":[{"embeddable":true,"href":"https:\/\/graziamagazine.com\/es\/wp-json\/wp\/v2\/users\/11653"}],"wp:featuredmedia":[{"embeddable":true,"href":"https:\/\/graziamagazine.com\/es\/wp-json\/wp\/v2\/media\/152494"}],"wp:attachment":[{"href":"https:\/\/graziamagazine.com\/es\/wp-json\/wp\/v2\/media?parent=152492"}],"wp:term":[{"taxonomy":"category","embeddable":true,"href":"https:\/\/graziamagazine.com\/es\/wp-json\/wp\/v2\/categories?post=152492"}],"curies":[{"name":"wp","href":"https:\/\/api.w.org\/{rel}","templated":true}]}}