{"id":152089,"date":"2020-02-05T09:31:35","date_gmt":"2020-02-05T08:31:35","guid":{"rendered":"https:\/\/graziamagazine.com\/es\/?p=152089"},"modified":"2020-02-05T23:45:03","modified_gmt":"2020-02-05T22:45:03","slug":"natura-bisse-encargada-de-embellecer-a-las-estrellas-de-los-oscars-2020-un-ano-mas","status":"publish","type":"articles","link":"https:\/\/graziamagazine.com\/es\/articles\/natura-bisse-encargada-de-embellecer-a-las-estrellas-de-los-oscars-2020-un-ano-mas\/","title":{"rendered":"Natura Biss\u00e9 encargada de embellecer a las estrellas de los Oscars 2020 un a\u00f1o m\u00e1s"},"content":{"rendered":"<p>Se acerca una de las noches m\u00e1s esperadas para el cine y una de las alfombras rojas m\u00e1s vistas en todo el mundo. Apenas quedan unos d\u00edas para la Gala de los Oscars y una de nuestras firmas cosm\u00e9ticas m\u00e1s internacionales vuelve a Hollywood un a\u00f1o m\u00e1s para poner todav\u00eda m\u00e1s guapas a las actrices del celuloide.<\/p>\n<p>Natura Biss\u00e9 lleva 15 a\u00f1os mimando la piel de de las actrices antes del evento cinematogr\u00e1fico del a\u00f1o y en esta edici\u00f3n de nuevo <strong>el Hotel Beverly Hills ha sido el lugar el elegido para instalar la Beauty Suite y recibir a las celebrities y embellecerlas con el nuevo ritual Inhibit V-Neck<\/strong>, el primer programa global para cuello y escote.<\/p>\n<p><img loading=\"lazy\" decoding=\"async\" class=\"aligncenter wp-image-152090 size-full\" title=\"Natura Biss\u00e9 encargada de embellecer a las estrellas de los Oscars 2020 un a\u00f1o m\u00e1s\" src=\"https:\/\/graziamagazine.com\/es\/wp-content\/uploads\/sites\/12\/2020\/02\/026_NATURA-BISSe\u0302-ELIGE-SU-NUEVO-TRATAMIENTO-INHIBIT-V-NECK-e1580891264670.jpg\" alt=\"Natura Biss\u00e9 vuelve a mimar la piel de las estrellas de Hollywood para los Oscars 2020\" width=\"1000\" height=\"667\" srcset=\"https:\/\/graziamagazine.com\/es\/wp-content\/uploads\/sites\/12\/2020\/02\/026_NATURA-BISSe\u0302-ELIGE-SU-NUEVO-TRATAMIENTO-INHIBIT-V-NECK-e1580891264670.jpg 1000w, https:\/\/graziamagazine.com\/es\/wp-content\/uploads\/sites\/12\/2020\/02\/026_NATURA-BISSe\u0302-ELIGE-SU-NUEVO-TRATAMIENTO-INHIBIT-V-NECK-e1580891264670.jpg?resize=300,200 300w, https:\/\/graziamagazine.com\/es\/wp-content\/uploads\/sites\/12\/2020\/02\/026_NATURA-BISSe\u0302-ELIGE-SU-NUEVO-TRATAMIENTO-INHIBIT-V-NECK-e1580891264670.jpg?resize=768,512 768w, https:\/\/graziamagazine.com\/es\/wp-content\/uploads\/sites\/12\/2020\/02\/026_NATURA-BISSe\u0302-ELIGE-SU-NUEVO-TRATAMIENTO-INHIBIT-V-NECK-e1580891264670.jpg?resize=155,103 155w\" sizes=\"(max-width: 1000px) 100vw, 1000px\" \/><\/p>\n<div><\/div>\n<div>\n<p>Tras un intenso proceso de an\u00e1lisis e investigaci\u00f3n, Natura Biss\u00e9 ha creado <strong>Inhibit V-Neck<\/strong>, un \u201cplan maestro\u201d para cuello y escote; un programa global flexible y el mejor complemento o alternativa a los procedimientos m\u00e9dico-est\u00e9ticos. Por un lado, incluye un revolucionario concepto:\u00a0<strong>Inhibit V-Neck \u00c0 La Carte<\/strong>, un men\u00fa de tratamientos de cabina personalizados, dise\u00f1ados por las esteticistas de la firma para solucionar las distintas preocupaciones de esta zona.<\/p>\n<p><img loading=\"lazy\" decoding=\"async\" class=\"aligncenter wp-image-152092 size-full\" title=\"Natura Biss\u00e9 encargada de embellecer a las estrellas de los Oscars 2020 un a\u00f1o m\u00e1s\" src=\"https:\/\/graziamagazine.com\/es\/wp-content\/uploads\/sites\/12\/2020\/02\/025_NATURA-BISSe\u0302-ELIGE-SU-NUEVO-TRATAMIENTO-INHIBIT-V-NECK.jpg\" alt=\"Natura Biss\u00e9 vuelve a mimar la piel de las estrellas de Hollywood para los Oscars 2020\" width=\"3000\" height=\"2000\" srcset=\"https:\/\/graziamagazine.com\/es\/wp-content\/uploads\/sites\/12\/2020\/02\/025_NATURA-BISSe\u0302-ELIGE-SU-NUEVO-TRATAMIENTO-INHIBIT-V-NECK.jpg 3000w, https:\/\/graziamagazine.com\/es\/wp-content\/uploads\/sites\/12\/2020\/02\/025_NATURA-BISSe\u0302-ELIGE-SU-NUEVO-TRATAMIENTO-INHIBIT-V-NECK.jpg?resize=300,200 300w, https:\/\/graziamagazine.com\/es\/wp-content\/uploads\/sites\/12\/2020\/02\/025_NATURA-BISSe\u0302-ELIGE-SU-NUEVO-TRATAMIENTO-INHIBIT-V-NECK.jpg?resize=768,512 768w, https:\/\/graziamagazine.com\/es\/wp-content\/uploads\/sites\/12\/2020\/02\/025_NATURA-BISSe\u0302-ELIGE-SU-NUEVO-TRATAMIENTO-INHIBIT-V-NECK.jpg?resize=1024,683 1024w, https:\/\/graziamagazine.com\/es\/wp-content\/uploads\/sites\/12\/2020\/02\/025_NATURA-BISSe\u0302-ELIGE-SU-NUEVO-TRATAMIENTO-INHIBIT-V-NECK.jpg?resize=1536,1024 1536w, https:\/\/graziamagazine.com\/es\/wp-content\/uploads\/sites\/12\/2020\/02\/025_NATURA-BISSe\u0302-ELIGE-SU-NUEVO-TRATAMIENTO-INHIBIT-V-NECK.jpg?resize=2048,1365 2048w, https:\/\/graziamagazine.com\/es\/wp-content\/uploads\/sites\/12\/2020\/02\/025_NATURA-BISSe\u0302-ELIGE-SU-NUEVO-TRATAMIENTO-INHIBIT-V-NECK.jpg?resize=155,103 155w\" sizes=\"(max-width: 3000px) 100vw, 3000px\" \/><\/p>\n<\/div>\n<div>\n<div>\n<p>Cada piel y cada persona tienen unas necesidades distintas, y ese ha sido el punto de partida de la casa espa\u00f1ola para c<strong>rear un men\u00fa de tratamientos personalizados para que cada cliente encuentre su opci\u00f3n:<\/strong> desde un\u00a0lifting de cabina definitivo para rostro, cuello y escote (<strong>Inhibit Face &amp; Neck-Lift<\/strong>) o un\u00a0lifting de cabina espec\u00edfico para cuello y escote (<strong>Inhibit Neck-Lift<\/strong>), a redefinir los \u00e1ngulos del ment\u00f3n en tiempo r\u00e9cord (<strong>Ment\u00f3n definido<\/strong>), reafirmar el cuello con un tratamiento tensor y reafirmante concentrado <strong>(Cuello firme<\/strong>) y conseguir una explosi\u00f3n luminosa en el escote (<strong>Escote radiante<\/strong>).<\/p>\n<p><img loading=\"lazy\" decoding=\"async\" class=\"aligncenter wp-image-152091 size-full\" title=\"Natura Biss\u00e9 encargada de embellecer a las estrellas de los Oscars 2020 un a\u00f1o m\u00e1s\" src=\"https:\/\/graziamagazine.com\/es\/wp-content\/uploads\/sites\/12\/2020\/02\/018_NATURA-BISSe\u0302-ELIGE-SU-NUEVO-TRATAMIENTO-INHIBIT-V-NECK.jpg\" alt=\"Natura Biss\u00e9 vuelve a mimar la piel de las estrellas de Hollywood para los Oscars 2020\" width=\"3000\" height=\"2000\" srcset=\"https:\/\/graziamagazine.com\/es\/wp-content\/uploads\/sites\/12\/2020\/02\/018_NATURA-BISSe\u0302-ELIGE-SU-NUEVO-TRATAMIENTO-INHIBIT-V-NECK.jpg 3000w, https:\/\/graziamagazine.com\/es\/wp-content\/uploads\/sites\/12\/2020\/02\/018_NATURA-BISSe\u0302-ELIGE-SU-NUEVO-TRATAMIENTO-INHIBIT-V-NECK.jpg?resize=300,200 300w, https:\/\/graziamagazine.com\/es\/wp-content\/uploads\/sites\/12\/2020\/02\/018_NATURA-BISSe\u0302-ELIGE-SU-NUEVO-TRATAMIENTO-INHIBIT-V-NECK.jpg?resize=768,512 768w, https:\/\/graziamagazine.com\/es\/wp-content\/uploads\/sites\/12\/2020\/02\/018_NATURA-BISSe\u0302-ELIGE-SU-NUEVO-TRATAMIENTO-INHIBIT-V-NECK.jpg?resize=1024,683 1024w, https:\/\/graziamagazine.com\/es\/wp-content\/uploads\/sites\/12\/2020\/02\/018_NATURA-BISSe\u0302-ELIGE-SU-NUEVO-TRATAMIENTO-INHIBIT-V-NECK.jpg?resize=1536,1024 1536w, https:\/\/graziamagazine.com\/es\/wp-content\/uploads\/sites\/12\/2020\/02\/018_NATURA-BISSe\u0302-ELIGE-SU-NUEVO-TRATAMIENTO-INHIBIT-V-NECK.jpg?resize=2048,1365 2048w, https:\/\/graziamagazine.com\/es\/wp-content\/uploads\/sites\/12\/2020\/02\/018_NATURA-BISSe\u0302-ELIGE-SU-NUEVO-TRATAMIENTO-INHIBIT-V-NECK.jpg?resize=155,103 155w\" sizes=\"(max-width: 3000px) 100vw, 3000px\" \/><\/p>\n<\/div>\n<\/div>\n<div>\n<p>Sea cual sea la piel, cada uno de estos rituales incluye\u00a0avanzadas maniobras de masaje, cosm\u00e9ticos de \u00faltima generaci\u00f3n y el exclusivo <strong>V-Neck Definition System<\/strong>, un dispositivo multifuncional que combina terapia de luz LED, microvibraciones, rayos infrarrojos y electroterapia galv\u00e1nica para estimular la piel y mejorar la absorci\u00f3n de ingredientes activos de nuestros productos.<\/p>\n<p><img loading=\"lazy\" decoding=\"async\" class=\"aligncenter wp-image-152094 size-full\" title=\"Natura Biss\u00e9 encargada de embellecer a las estrellas de los Oscars 2020 un a\u00f1o m\u00e1s\" src=\"https:\/\/graziamagazine.com\/es\/wp-content\/uploads\/sites\/12\/2020\/02\/022_NATURA-BISSe\u0302-ELIGE-SU-NUEVO-TRATAMIENTO-INHIBIT-V-NECK.jpg\" alt=\"Natura Biss\u00e9 vuelve a mimar la piel de las estrellas de Hollywood para los Oscars 2020\" width=\"3000\" height=\"2000\" srcset=\"https:\/\/graziamagazine.com\/es\/wp-content\/uploads\/sites\/12\/2020\/02\/022_NATURA-BISSe\u0302-ELIGE-SU-NUEVO-TRATAMIENTO-INHIBIT-V-NECK.jpg 3000w, https:\/\/graziamagazine.com\/es\/wp-content\/uploads\/sites\/12\/2020\/02\/022_NATURA-BISSe\u0302-ELIGE-SU-NUEVO-TRATAMIENTO-INHIBIT-V-NECK.jpg?resize=300,200 300w, https:\/\/graziamagazine.com\/es\/wp-content\/uploads\/sites\/12\/2020\/02\/022_NATURA-BISSe\u0302-ELIGE-SU-NUEVO-TRATAMIENTO-INHIBIT-V-NECK.jpg?resize=768,512 768w, https:\/\/graziamagazine.com\/es\/wp-content\/uploads\/sites\/12\/2020\/02\/022_NATURA-BISSe\u0302-ELIGE-SU-NUEVO-TRATAMIENTO-INHIBIT-V-NECK.jpg?resize=1024,683 1024w, https:\/\/graziamagazine.com\/es\/wp-content\/uploads\/sites\/12\/2020\/02\/022_NATURA-BISSe\u0302-ELIGE-SU-NUEVO-TRATAMIENTO-INHIBIT-V-NECK.jpg?resize=1536,1024 1536w, https:\/\/graziamagazine.com\/es\/wp-content\/uploads\/sites\/12\/2020\/02\/022_NATURA-BISSe\u0302-ELIGE-SU-NUEVO-TRATAMIENTO-INHIBIT-V-NECK.jpg?resize=2048,1365 2048w, https:\/\/graziamagazine.com\/es\/wp-content\/uploads\/sites\/12\/2020\/02\/022_NATURA-BISSe\u0302-ELIGE-SU-NUEVO-TRATAMIENTO-INHIBIT-V-NECK.jpg?resize=155,103 155w\" sizes=\"(max-width: 3000px) 100vw, 3000px\" \/><\/p>\n<p>Y si las estrellas de Hollywood quieren continuar el tratamiento en casa, podr\u00e1n hacerlo con dos productos:\u00a0<strong>Inhibit Tensolift Neck Serum<\/strong>, que tensa y esculpe produciendo un efecto lifting y la mascarilla <strong>Inhibit Tensolift Neck Mask<\/strong>, que transforma la apariencia de la piel en tan solo una aplicaci\u00f3n: las arrugas se difuminan, la piel se reafirma y gana consistencia, la textura cut\u00e1nea se suaviza y el tono de la piel se unifica.<\/p>\n<\/div>\n<div><\/div>\n<div><\/div>\n<div><\/div>\n","protected":false},"author":11653,"featured_media":152093,"template":"","format":"standard","categories":[2920],"acf":[],"yoast_head":"<!-- This site is optimized with the Yoast SEO Premium plugin v18.5 (Yoast SEO v20.4) - https:\/\/yoast.com\/wordpress\/plugins\/seo\/ -->\n<title>Natura Biss\u00e9 encargada de embellecer a las estrellas de los Oscars 2020 un a\u00f1o m\u00e1s | Grazia<\/title>\n<meta name=\"description\" content=\"Su nuevo tratamiento Inhibit V-Neck para cuello y escote se instala en el m\u00edtico hotel The Beverly Hills para cuidar la piel de las actrices en la gran noche del cine en Hollywood.\" \/>\n<meta name=\"robots\" content=\"index, follow, max-snippet:-1, max-image-preview:large, max-video-preview:-1\" \/>\n<link rel=\"canonical\" href=\"https:\/\/graziamagazine.com\/es\/articles\/natura-bisse-encargada-de-embellecer-a-las-estrellas-de-los-oscars-2020-un-ano-mas\/\" \/>\n<meta property=\"og:locale\" content=\"es_ES\" \/>\n<meta property=\"og:type\" content=\"article\" \/>\n<meta property=\"og:title\" content=\"Natura Biss\u00e9 encargada de embellecer a las estrellas de los Oscars 2020 un a\u00f1o m\u00e1s\" \/>\n<meta property=\"og:description\" content=\"Su nuevo tratamiento Inhibit V-Neck para cuello y escote se instala en el m\u00edtico hotel The Beverly Hills para cuidar la piel de las actrices en la gran noche del cine en Hollywood.\" \/>\n<meta property=\"og:url\" content=\"https:\/\/graziamagazine.com\/es\/articles\/natura-bisse-encargada-de-embellecer-a-las-estrellas-de-los-oscars-2020-un-ano-mas\/\" \/>\n<meta property=\"og:site_name\" content=\"Grazia\" \/>\n<meta property=\"article:modified_time\" content=\"2020-02-05T22:45:03+00:00\" \/>\n<meta property=\"og:image\" content=\"https:\/\/graziamagazine.com\/es\/wp-content\/uploads\/sites\/12\/2020\/02\/021_NATURA-BISSe\u0302-ELIGE-SU-NUEVO-TRATAMIENTO-INHIBIT-V-NECK.jpg?fit=1000%2C667\" \/>\n\t<meta property=\"og:image:width\" content=\"1000\" \/>\n\t<meta property=\"og:image:height\" content=\"667\" \/>\n\t<meta property=\"og:image:type\" content=\"image\/jpeg\" \/>\n<meta name=\"twitter:card\" content=\"summary_large_image\" \/>\n<meta name=\"twitter:label1\" content=\"Est. reading time\" \/>\n\t<meta name=\"twitter:data1\" content=\"2 minutos\" \/>\n<script type=\"application\/ld+json\" class=\"yoast-schema-graph\">{\"@context\":\"https:\/\/schema.org\",\"@graph\":[{\"@type\":\"WebPage\",\"@id\":\"https:\/\/graziamagazine.com\/es\/articles\/natura-bisse-encargada-de-embellecer-a-las-estrellas-de-los-oscars-2020-un-ano-mas\/\",\"url\":\"https:\/\/graziamagazine.com\/es\/articles\/natura-bisse-encargada-de-embellecer-a-las-estrellas-de-los-oscars-2020-un-ano-mas\/\",\"name\":\"Natura Biss\u00e9 encargada de embellecer a las estrellas de los Oscars 2020 un a\u00f1o m\u00e1s | Grazia\",\"isPartOf\":{\"@id\":\"https:\/\/graziamagazine.com\/es\/#website\"},\"datePublished\":\"2020-02-05T08:31:35+00:00\",\"dateModified\":\"2020-02-05T22:45:03+00:00\",\"description\":\"Su nuevo tratamiento Inhibit V-Neck para cuello y escote se instala en el m\u00edtico hotel The Beverly Hills para cuidar la piel de las actrices en la gran noche del cine en Hollywood.\",\"breadcrumb\":{\"@id\":\"https:\/\/graziamagazine.com\/es\/articles\/natura-bisse-encargada-de-embellecer-a-las-estrellas-de-los-oscars-2020-un-ano-mas\/#breadcrumb\"},\"inLanguage\":\"es\",\"potentialAction\":[{\"@type\":\"ReadAction\",\"target\":[\"https:\/\/graziamagazine.com\/es\/articles\/natura-bisse-encargada-de-embellecer-a-las-estrellas-de-los-oscars-2020-un-ano-mas\/\"]}]},{\"@type\":\"BreadcrumbList\",\"@id\":\"https:\/\/graziamagazine.com\/es\/articles\/natura-bisse-encargada-de-embellecer-a-las-estrellas-de-los-oscars-2020-un-ano-mas\/#breadcrumb\",\"itemListElement\":[{\"@type\":\"ListItem\",\"position\":1,\"name\":\"Portada\",\"item\":\"https:\/\/graziamagazine.com\/es\/\"},{\"@type\":\"ListItem\",\"position\":2,\"name\":\"Natura Biss\u00e9 encargada de embellecer a las estrellas de los Oscars 2020 un a\u00f1o m\u00e1s\"}]},{\"@type\":\"WebSite\",\"@id\":\"https:\/\/graziamagazine.com\/es\/#website\",\"url\":\"https:\/\/graziamagazine.com\/es\/\",\"name\":\"Grazia\",\"description\":\"Moda, belleza, celebrities, estilo de vida...\",\"potentialAction\":[{\"@type\":\"SearchAction\",\"target\":{\"@type\":\"EntryPoint\",\"urlTemplate\":\"https:\/\/graziamagazine.com\/es\/?s={search_term_string}\"},\"query-input\":\"required name=search_term_string\"}],\"inLanguage\":\"es\"}]}<\/script>\n<!-- \/ Yoast SEO Premium plugin. -->","yoast_head_json":{"title":"Natura Biss\u00e9 encargada de embellecer a las estrellas de los Oscars 2020 un a\u00f1o m\u00e1s | Grazia","description":"Su nuevo tratamiento Inhibit V-Neck para cuello y escote se instala en el m\u00edtico hotel The Beverly Hills para cuidar la piel de las actrices en la gran noche del cine en Hollywood.","robots":{"index":"index","follow":"follow","max-snippet":"max-snippet:-1","max-image-preview":"max-image-preview:large","max-video-preview":"max-video-preview:-1"},"canonical":"https:\/\/graziamagazine.com\/es\/articles\/natura-bisse-encargada-de-embellecer-a-las-estrellas-de-los-oscars-2020-un-ano-mas\/","og_locale":"es_ES","og_type":"article","og_title":"Natura Biss\u00e9 encargada de embellecer a las estrellas de los Oscars 2020 un a\u00f1o m\u00e1s","og_description":"Su nuevo tratamiento Inhibit V-Neck para cuello y escote se instala en el m\u00edtico hotel The Beverly Hills para cuidar la piel de las actrices en la gran noche del cine en Hollywood.","og_url":"https:\/\/graziamagazine.com\/es\/articles\/natura-bisse-encargada-de-embellecer-a-las-estrellas-de-los-oscars-2020-un-ano-mas\/","og_site_name":"Grazia","article_modified_time":"2020-02-05T22:45:03+00:00","og_image":[{"width":1000,"height":667,"url":"https:\/\/graziamagazine.com\/es\/wp-content\/uploads\/sites\/12\/2020\/02\/021_NATURA-BISSe\u0302-ELIGE-SU-NUEVO-TRATAMIENTO-INHIBIT-V-NECK.jpg?fit=1000%2C667","type":"image\/jpeg"}],"twitter_card":"summary_large_image","twitter_misc":{"Est. reading time":"2 minutos"},"schema":{"@context":"https:\/\/schema.org","@graph":[{"@type":"WebPage","@id":"https:\/\/graziamagazine.com\/es\/articles\/natura-bisse-encargada-de-embellecer-a-las-estrellas-de-los-oscars-2020-un-ano-mas\/","url":"https:\/\/graziamagazine.com\/es\/articles\/natura-bisse-encargada-de-embellecer-a-las-estrellas-de-los-oscars-2020-un-ano-mas\/","name":"Natura Biss\u00e9 encargada de embellecer a las estrellas de los Oscars 2020 un a\u00f1o m\u00e1s | Grazia","isPartOf":{"@id":"https:\/\/graziamagazine.com\/es\/#website"},"datePublished":"2020-02-05T08:31:35+00:00","dateModified":"2020-02-05T22:45:03+00:00","description":"Su nuevo tratamiento Inhibit V-Neck para cuello y escote se instala en el m\u00edtico hotel The Beverly Hills para cuidar la piel de las actrices en la gran noche del cine en Hollywood.","breadcrumb":{"@id":"https:\/\/graziamagazine.com\/es\/articles\/natura-bisse-encargada-de-embellecer-a-las-estrellas-de-los-oscars-2020-un-ano-mas\/#breadcrumb"},"inLanguage":"es","potentialAction":[{"@type":"ReadAction","target":["https:\/\/graziamagazine.com\/es\/articles\/natura-bisse-encargada-de-embellecer-a-las-estrellas-de-los-oscars-2020-un-ano-mas\/"]}]},{"@type":"BreadcrumbList","@id":"https:\/\/graziamagazine.com\/es\/articles\/natura-bisse-encargada-de-embellecer-a-las-estrellas-de-los-oscars-2020-un-ano-mas\/#breadcrumb","itemListElement":[{"@type":"ListItem","position":1,"name":"Portada","item":"https:\/\/graziamagazine.com\/es\/"},{"@type":"ListItem","position":2,"name":"Natura Biss\u00e9 encargada de embellecer a las estrellas de los Oscars 2020 un a\u00f1o m\u00e1s"}]},{"@type":"WebSite","@id":"https:\/\/graziamagazine.com\/es\/#website","url":"https:\/\/graziamagazine.com\/es\/","name":"Grazia","description":"Moda, belleza, celebrities, estilo de vida...","potentialAction":[{"@type":"SearchAction","target":{"@type":"EntryPoint","urlTemplate":"https:\/\/graziamagazine.com\/es\/?s={search_term_string}"},"query-input":"required name=search_term_string"}],"inLanguage":"es"}]}},"jetpack_sharing_enabled":true,"distributor_meta":false,"distributor_terms":false,"distributor_media":false,"distributor_original_site_name":"Grazia","distributor_original_site_url":"https:\/\/graziamagazine.com\/es","push-errors":false,"_links":{"self":[{"href":"https:\/\/graziamagazine.com\/es\/wp-json\/wp\/v2\/articles\/152089"}],"collection":[{"href":"https:\/\/graziamagazine.com\/es\/wp-json\/wp\/v2\/articles"}],"about":[{"href":"https:\/\/graziamagazine.com\/es\/wp-json\/wp\/v2\/types\/articles"}],"author":[{"embeddable":true,"href":"https:\/\/graziamagazine.com\/es\/wp-json\/wp\/v2\/users\/11653"}],"wp:featuredmedia":[{"embeddable":true,"href":"https:\/\/graziamagazine.com\/es\/wp-json\/wp\/v2\/media\/152093"}],"wp:attachment":[{"href":"https:\/\/graziamagazine.com\/es\/wp-json\/wp\/v2\/media?parent=152089"}],"wp:term":[{"taxonomy":"category","embeddable":true,"href":"https:\/\/graziamagazine.com\/es\/wp-json\/wp\/v2\/categories?post=152089"}],"curies":[{"name":"wp","href":"https:\/\/api.w.org\/{rel}","templated":true}]}}