{"id":151740,"date":"2020-01-26T09:31:25","date_gmt":"2020-01-26T08:31:25","guid":{"rendered":"https:\/\/graziamagazine.com\/es\/?p=151740"},"modified":"2020-02-06T20:49:01","modified_gmt":"2020-02-06T19:49:01","slug":"greta-fernandez-apuesta-por-las-perlas-en-su-beauty-look-de-los-goyas-2020","status":"publish","type":"articles","link":"https:\/\/graziamagazine.com\/es\/articles\/greta-fernandez-apuesta-por-las-perlas-en-su-beauty-look-de-los-goyas-2020\/","title":{"rendered":"Greta Fern\u00e1ndez apuesta por las perlas en su beauty look de los Goyas 2020"},"content":{"rendered":"<p>La <a href=\"http:\/\/bit.ly\/30QIG5J\" target=\"_blank\"><strong>alfombra roja de la edici\u00f3n n\u00famero 34 de los Premios Goya nos ha dejado un gran n\u00famero de estupendos looks<\/strong><\/a>, que nuestras actrices han paseado por M\u00e1laga. Pero adem\u00e1s de saber qui\u00e9n firma los dise\u00f1os,<strong> cada vez m\u00e1s el maquillaje elegido capta todas las miradas<\/strong>.<\/p>\n<p><strong>As\u00ed ha sido el de Greta Fern\u00e1ndez<\/strong>, nominada como Mejor Actriz por su papel en &#8216;<em>La hija de un drag\u00f3n<\/em>&#8216;,<strong> creado por uno de los beauty artist de Chanel, David Bello<\/strong>. Ambos <strong>han creado el maquillaje m\u00e1s atrevido y m\u00e1s llamativo de la noche, y todo gracias a unas perlas que enmarcaban el rostro de Greta<\/strong>.<\/p>\n<p>Para crearlo David se ha inspirado en la belleza de Audrey Hepburn, consiguiendo unas <strong>texturas transl\u00facidas<\/strong> para darle un acabado muy natural. Para conseguirlo <strong>David ha aplicado sobre la piel<\/strong> el <em>Teint Ultra Velvet<\/em> en el tono claro, dejando la piel como un lienzo perfecto. Sobre ella tambi\u00e9n ha aplicado el nuevo iluminador Eclat Du Desert en los puntos m\u00e1s importantes del rostro:\u00a0la parte superior del p\u00f3mulo, el arco de cupido y la zona central del rostro.<\/p>\n<p><img loading=\"lazy\" decoding=\"async\" class=\"aligncenter wp-image-151761 size-full\" title=\"Greta Fern\u00e1ndez apuesta por las perlas en su beauty look de los Goyas 2020\" src=\"https:\/\/graziamagazine.com\/es\/wp-content\/uploads\/sites\/12\/2020\/01\/MA2019_01_0077_CMYK-4-e1580027246822.jpg\" alt=\"As\u00ed ha sido el maquillaje de Chanel de Greta Fern\u00e1ndez en los Goya 2020\" width=\"1599\" height=\"1178\" srcset=\"https:\/\/graziamagazine.com\/es\/wp-content\/uploads\/sites\/12\/2020\/01\/MA2019_01_0077_CMYK-4-e1580027246822.jpg 1599w, https:\/\/graziamagazine.com\/es\/wp-content\/uploads\/sites\/12\/2020\/01\/MA2019_01_0077_CMYK-4-e1580027246822-500x368.jpg 500w, https:\/\/graziamagazine.com\/es\/wp-content\/uploads\/sites\/12\/2020\/01\/MA2019_01_0077_CMYK-4-e1580027246822-768x566.jpg 768w, https:\/\/graziamagazine.com\/es\/wp-content\/uploads\/sites\/12\/2020\/01\/MA2019_01_0077_CMYK-4-e1580027246822-900x663.jpg 900w, https:\/\/graziamagazine.com\/es\/wp-content\/uploads\/sites\/12\/2020\/01\/MA2019_01_0077_CMYK-4-e1580027246822-1100x810.jpg 1100w, https:\/\/graziamagazine.com\/es\/wp-content\/uploads\/sites\/12\/2020\/01\/MA2019_01_0077_CMYK-4-e1580027246822-120x88.jpg 120w, https:\/\/graziamagazine.com\/es\/wp-content\/uploads\/sites\/12\/2020\/01\/MA2019_01_0077_CMYK-4-e1580027246822-720x530.jpg 720w, https:\/\/graziamagazine.com\/es\/wp-content\/uploads\/sites\/12\/2020\/01\/MA2019_01_0077_CMYK-4-e1580027246822-1200x884.jpg 1200w, https:\/\/graziamagazine.com\/es\/wp-content\/uploads\/sites\/12\/2020\/01\/MA2019_01_0077_CMYK-4-e1580027246822-626x461.jpg 626w, https:\/\/graziamagazine.com\/es\/wp-content\/uploads\/sites\/12\/2020\/01\/MA2019_01_0077_CMYK-4-e1580027246822-360x265.jpg 360w\" sizes=\"(max-width: 1599px) 100vw, 1599px\" \/><\/p>\n<p><strong>La mirada<\/strong> no ha estado tan marcado de color, por ello David ha optado por los tonos marrones y tierra de la nueva paleta de primavera <em>Les 4 Ombres &#8216;Elemental&#8217;<\/em>, los ha aplicado por todo el p\u00e1rpado (superior y m\u00f3vil) y ha reforzado la mirada con la m\u00e1scara <em>Inimitable<\/em>, que adem\u00e1s ayuda a alargar las pesta\u00f1as.<\/p>\n<p><img loading=\"lazy\" decoding=\"async\" class=\"aligncenter wp-image-151760 size-full\" title=\"Greta Fern\u00e1ndez apuesta por las perlas en su beauty look de los Goyas 2020\" src=\"https:\/\/graziamagazine.com\/es\/wp-content\/uploads\/sites\/12\/2020\/01\/MA2017_13_1012_3_CMYK_352-Elemental-e1580027279728.jpg\" alt=\"As\u00ed ha sido el maquillaje de Chanel de Greta Fern\u00e1ndez en los Goya 2020\" width=\"1351\" height=\"837\" srcset=\"https:\/\/graziamagazine.com\/es\/wp-content\/uploads\/sites\/12\/2020\/01\/MA2017_13_1012_3_CMYK_352-Elemental-e1580027279728.jpg 1351w, https:\/\/graziamagazine.com\/es\/wp-content\/uploads\/sites\/12\/2020\/01\/MA2017_13_1012_3_CMYK_352-Elemental-e1580027279728-500x310.jpg 500w, https:\/\/graziamagazine.com\/es\/wp-content\/uploads\/sites\/12\/2020\/01\/MA2017_13_1012_3_CMYK_352-Elemental-e1580027279728-768x476.jpg 768w, https:\/\/graziamagazine.com\/es\/wp-content\/uploads\/sites\/12\/2020\/01\/MA2017_13_1012_3_CMYK_352-Elemental-e1580027279728-900x558.jpg 900w, https:\/\/graziamagazine.com\/es\/wp-content\/uploads\/sites\/12\/2020\/01\/MA2017_13_1012_3_CMYK_352-Elemental-e1580027279728-1100x681.jpg 1100w, https:\/\/graziamagazine.com\/es\/wp-content\/uploads\/sites\/12\/2020\/01\/MA2017_13_1012_3_CMYK_352-Elemental-e1580027279728-120x74.jpg 120w, https:\/\/graziamagazine.com\/es\/wp-content\/uploads\/sites\/12\/2020\/01\/MA2017_13_1012_3_CMYK_352-Elemental-e1580027279728-720x446.jpg 720w, https:\/\/graziamagazine.com\/es\/wp-content\/uploads\/sites\/12\/2020\/01\/MA2017_13_1012_3_CMYK_352-Elemental-e1580027279728-1200x743.jpg 1200w, https:\/\/graziamagazine.com\/es\/wp-content\/uploads\/sites\/12\/2020\/01\/MA2017_13_1012_3_CMYK_352-Elemental-e1580027279728-626x388.jpg 626w, https:\/\/graziamagazine.com\/es\/wp-content\/uploads\/sites\/12\/2020\/01\/MA2017_13_1012_3_CMYK_352-Elemental-e1580027279728-360x223.jpg 360w\" sizes=\"(max-width: 1351px) 100vw, 1351px\" \/><\/p>\n<p>Por \u00faltimo, el efecto labio mordido se ha conseguido dando un ligero toque con <em>Le Crayon L\u00e8vres<\/em> en el tono <em>&#8216;Bois de Rose&#8217;<\/em>, un nude rosado natural, pero que da una imagen jugosa.<\/p>\n<p><img loading=\"lazy\" decoding=\"async\" class=\"aligncenter wp-image-151762 size-full\" title=\"Greta Fern\u00e1ndez apuesta por las perlas en su beauty look de los Goyas 2020\" src=\"https:\/\/graziamagazine.com\/es\/wp-content\/uploads\/sites\/12\/2020\/01\/MA2019_18_0017_12_bois_de_rose_CMYK-e1580027420813.jpg\" alt=\"As\u00ed ha sido el maquillaje de Chanel de Greta Fern\u00e1ndez en los Goya 2020\" width=\"855\" height=\"1364\" srcset=\"https:\/\/graziamagazine.com\/es\/wp-content\/uploads\/sites\/12\/2020\/01\/MA2019_18_0017_12_bois_de_rose_CMYK-e1580027420813.jpg 855w, https:\/\/graziamagazine.com\/es\/wp-content\/uploads\/sites\/12\/2020\/01\/MA2019_18_0017_12_bois_de_rose_CMYK-e1580027420813-500x798.jpg 500w, https:\/\/graziamagazine.com\/es\/wp-content\/uploads\/sites\/12\/2020\/01\/MA2019_18_0017_12_bois_de_rose_CMYK-e1580027420813-768x1225.jpg 768w, https:\/\/graziamagazine.com\/es\/wp-content\/uploads\/sites\/12\/2020\/01\/MA2019_18_0017_12_bois_de_rose_CMYK-e1580027420813-120x191.jpg 120w, https:\/\/graziamagazine.com\/es\/wp-content\/uploads\/sites\/12\/2020\/01\/MA2019_18_0017_12_bois_de_rose_CMYK-e1580027420813-720x1149.jpg 720w, https:\/\/graziamagazine.com\/es\/wp-content\/uploads\/sites\/12\/2020\/01\/MA2019_18_0017_12_bois_de_rose_CMYK-e1580027420813-626x999.jpg 626w, https:\/\/graziamagazine.com\/es\/wp-content\/uploads\/sites\/12\/2020\/01\/MA2019_18_0017_12_bois_de_rose_CMYK-e1580027420813-360x574.jpg 360w\" sizes=\"(max-width: 855px) 100vw, 855px\" \/><\/p>\n<p><em>*Im\u00e1genes: Getty Images y Chanel Beuty<\/em><\/p>\n","protected":false},"author":11653,"featured_media":151759,"template":"","format":"standard","categories":[7],"acf":[],"yoast_head":"<!-- This site is optimized with the Yoast SEO Premium plugin v18.5 (Yoast SEO v20.4) - https:\/\/yoast.com\/wordpress\/plugins\/seo\/ -->\n<title>Greta Fern\u00e1ndez apuesta por las perlas en su beauty look de los Goyas 2020 | Grazia<\/title>\n<meta name=\"description\" content=\"La actriz ha lucido uno de los beauty looks m\u00e1s atrevidos de la alfombra roja en manos de David Bello para Chanel.\" \/>\n<meta name=\"robots\" content=\"index, follow, max-snippet:-1, max-image-preview:large, max-video-preview:-1\" \/>\n<link rel=\"canonical\" href=\"https:\/\/graziamagazine.com\/es\/articles\/greta-fernandez-apuesta-por-las-perlas-en-su-beauty-look-de-los-goyas-2020\/\" \/>\n<meta property=\"og:locale\" content=\"es_ES\" \/>\n<meta property=\"og:type\" content=\"article\" \/>\n<meta property=\"og:title\" content=\"Greta Fern\u00e1ndez apuesta por las perlas en su beauty look de los Goyas 2020\" \/>\n<meta property=\"og:description\" content=\"La actriz ha lucido uno de los beauty looks m\u00e1s atrevidos de la alfombra roja en manos de David Bello para Chanel.\" \/>\n<meta property=\"og:url\" content=\"https:\/\/graziamagazine.com\/es\/articles\/greta-fernandez-apuesta-por-las-perlas-en-su-beauty-look-de-los-goyas-2020\/\" \/>\n<meta property=\"og:site_name\" content=\"Grazia\" \/>\n<meta property=\"article:modified_time\" content=\"2020-02-06T19:49:01+00:00\" \/>\n<meta property=\"og:image\" content=\"https:\/\/graziamagazine.com\/es\/wp-content\/uploads\/sites\/12\/2020\/01\/GRAZIA-alfombra-roja-goya-2020-chanel-greta.jpg?fit=812%2C542\" \/>\n\t<meta property=\"og:image:width\" content=\"812\" \/>\n\t<meta property=\"og:image:height\" content=\"542\" \/>\n\t<meta property=\"og:image:type\" content=\"image\/jpeg\" \/>\n<meta name=\"twitter:card\" content=\"summary_large_image\" \/>\n<meta name=\"twitter:label1\" content=\"Est. reading time\" \/>\n\t<meta name=\"twitter:data1\" content=\"1 minuto\" \/>\n<script type=\"application\/ld+json\" class=\"yoast-schema-graph\">{\"@context\":\"https:\/\/schema.org\",\"@graph\":[{\"@type\":\"WebPage\",\"@id\":\"https:\/\/graziamagazine.com\/es\/articles\/greta-fernandez-apuesta-por-las-perlas-en-su-beauty-look-de-los-goyas-2020\/\",\"url\":\"https:\/\/graziamagazine.com\/es\/articles\/greta-fernandez-apuesta-por-las-perlas-en-su-beauty-look-de-los-goyas-2020\/\",\"name\":\"Greta Fern\u00e1ndez apuesta por las perlas en su beauty look de los Goyas 2020 | Grazia\",\"isPartOf\":{\"@id\":\"https:\/\/graziamagazine.com\/es\/#website\"},\"datePublished\":\"2020-01-26T08:31:25+00:00\",\"dateModified\":\"2020-02-06T19:49:01+00:00\",\"description\":\"La actriz ha lucido uno de los beauty looks m\u00e1s atrevidos de la alfombra roja en manos de David Bello para Chanel.\",\"breadcrumb\":{\"@id\":\"https:\/\/graziamagazine.com\/es\/articles\/greta-fernandez-apuesta-por-las-perlas-en-su-beauty-look-de-los-goyas-2020\/#breadcrumb\"},\"inLanguage\":\"es\",\"potentialAction\":[{\"@type\":\"ReadAction\",\"target\":[\"https:\/\/graziamagazine.com\/es\/articles\/greta-fernandez-apuesta-por-las-perlas-en-su-beauty-look-de-los-goyas-2020\/\"]}]},{\"@type\":\"BreadcrumbList\",\"@id\":\"https:\/\/graziamagazine.com\/es\/articles\/greta-fernandez-apuesta-por-las-perlas-en-su-beauty-look-de-los-goyas-2020\/#breadcrumb\",\"itemListElement\":[{\"@type\":\"ListItem\",\"position\":1,\"name\":\"Portada\",\"item\":\"https:\/\/graziamagazine.com\/es\/\"},{\"@type\":\"ListItem\",\"position\":2,\"name\":\"Greta Fern\u00e1ndez apuesta por las perlas en su beauty look de los Goyas 2020\"}]},{\"@type\":\"WebSite\",\"@id\":\"https:\/\/graziamagazine.com\/es\/#website\",\"url\":\"https:\/\/graziamagazine.com\/es\/\",\"name\":\"Grazia\",\"description\":\"Moda, belleza, celebrities, estilo de vida...\",\"potentialAction\":[{\"@type\":\"SearchAction\",\"target\":{\"@type\":\"EntryPoint\",\"urlTemplate\":\"https:\/\/graziamagazine.com\/es\/?s={search_term_string}\"},\"query-input\":\"required name=search_term_string\"}],\"inLanguage\":\"es\"}]}<\/script>\n<!-- \/ Yoast SEO Premium plugin. -->","yoast_head_json":{"title":"Greta Fern\u00e1ndez apuesta por las perlas en su beauty look de los Goyas 2020 | Grazia","description":"La actriz ha lucido uno de los beauty looks m\u00e1s atrevidos de la alfombra roja en manos de David Bello para Chanel.","robots":{"index":"index","follow":"follow","max-snippet":"max-snippet:-1","max-image-preview":"max-image-preview:large","max-video-preview":"max-video-preview:-1"},"canonical":"https:\/\/graziamagazine.com\/es\/articles\/greta-fernandez-apuesta-por-las-perlas-en-su-beauty-look-de-los-goyas-2020\/","og_locale":"es_ES","og_type":"article","og_title":"Greta Fern\u00e1ndez apuesta por las perlas en su beauty look de los Goyas 2020","og_description":"La actriz ha lucido uno de los beauty looks m\u00e1s atrevidos de la alfombra roja en manos de David Bello para Chanel.","og_url":"https:\/\/graziamagazine.com\/es\/articles\/greta-fernandez-apuesta-por-las-perlas-en-su-beauty-look-de-los-goyas-2020\/","og_site_name":"Grazia","article_modified_time":"2020-02-06T19:49:01+00:00","og_image":[{"width":812,"height":542,"url":"https:\/\/graziamagazine.com\/es\/wp-content\/uploads\/sites\/12\/2020\/01\/GRAZIA-alfombra-roja-goya-2020-chanel-greta.jpg?fit=812%2C542","type":"image\/jpeg"}],"twitter_card":"summary_large_image","twitter_misc":{"Est. reading time":"1 minuto"},"schema":{"@context":"https:\/\/schema.org","@graph":[{"@type":"WebPage","@id":"https:\/\/graziamagazine.com\/es\/articles\/greta-fernandez-apuesta-por-las-perlas-en-su-beauty-look-de-los-goyas-2020\/","url":"https:\/\/graziamagazine.com\/es\/articles\/greta-fernandez-apuesta-por-las-perlas-en-su-beauty-look-de-los-goyas-2020\/","name":"Greta Fern\u00e1ndez apuesta por las perlas en su beauty look de los Goyas 2020 | Grazia","isPartOf":{"@id":"https:\/\/graziamagazine.com\/es\/#website"},"datePublished":"2020-01-26T08:31:25+00:00","dateModified":"2020-02-06T19:49:01+00:00","description":"La actriz ha lucido uno de los beauty looks m\u00e1s atrevidos de la alfombra roja en manos de David Bello para Chanel.","breadcrumb":{"@id":"https:\/\/graziamagazine.com\/es\/articles\/greta-fernandez-apuesta-por-las-perlas-en-su-beauty-look-de-los-goyas-2020\/#breadcrumb"},"inLanguage":"es","potentialAction":[{"@type":"ReadAction","target":["https:\/\/graziamagazine.com\/es\/articles\/greta-fernandez-apuesta-por-las-perlas-en-su-beauty-look-de-los-goyas-2020\/"]}]},{"@type":"BreadcrumbList","@id":"https:\/\/graziamagazine.com\/es\/articles\/greta-fernandez-apuesta-por-las-perlas-en-su-beauty-look-de-los-goyas-2020\/#breadcrumb","itemListElement":[{"@type":"ListItem","position":1,"name":"Portada","item":"https:\/\/graziamagazine.com\/es\/"},{"@type":"ListItem","position":2,"name":"Greta Fern\u00e1ndez apuesta por las perlas en su beauty look de los Goyas 2020"}]},{"@type":"WebSite","@id":"https:\/\/graziamagazine.com\/es\/#website","url":"https:\/\/graziamagazine.com\/es\/","name":"Grazia","description":"Moda, belleza, celebrities, estilo de vida...","potentialAction":[{"@type":"SearchAction","target":{"@type":"EntryPoint","urlTemplate":"https:\/\/graziamagazine.com\/es\/?s={search_term_string}"},"query-input":"required name=search_term_string"}],"inLanguage":"es"}]}},"jetpack_sharing_enabled":true,"distributor_meta":false,"distributor_terms":false,"distributor_media":false,"distributor_original_site_name":"Grazia","distributor_original_site_url":"https:\/\/graziamagazine.com\/es","push-errors":false,"_links":{"self":[{"href":"https:\/\/graziamagazine.com\/es\/wp-json\/wp\/v2\/articles\/151740"}],"collection":[{"href":"https:\/\/graziamagazine.com\/es\/wp-json\/wp\/v2\/articles"}],"about":[{"href":"https:\/\/graziamagazine.com\/es\/wp-json\/wp\/v2\/types\/articles"}],"author":[{"embeddable":true,"href":"https:\/\/graziamagazine.com\/es\/wp-json\/wp\/v2\/users\/11653"}],"wp:featuredmedia":[{"embeddable":true,"href":"https:\/\/graziamagazine.com\/es\/wp-json\/wp\/v2\/media\/151759"}],"wp:attachment":[{"href":"https:\/\/graziamagazine.com\/es\/wp-json\/wp\/v2\/media?parent=151740"}],"wp:term":[{"taxonomy":"category","embeddable":true,"href":"https:\/\/graziamagazine.com\/es\/wp-json\/wp\/v2\/categories?post=151740"}],"curies":[{"name":"wp","href":"https:\/\/api.w.org\/{rel}","templated":true}]}}