{"id":151593,"date":"2020-01-22T23:55:02","date_gmt":"2020-01-22T22:55:02","guid":{"rendered":"https:\/\/graziamagazine.com\/es\/?p=151593"},"modified":"2020-01-23T09:56:06","modified_gmt":"2020-01-23T08:56:06","slug":"el-adios-de-jean-paul-gaultier-50-anos-de-moda-y-una-ultima-pasarela-repleta-de-amigos-y-sonrisas","status":"publish","type":"articles","link":"https:\/\/graziamagazine.com\/es\/articles\/el-adios-de-jean-paul-gaultier-50-anos-de-moda-y-una-ultima-pasarela-repleta-de-amigos-y-sonrisas\/","title":{"rendered":"El adi\u00f3s de Jean Paul Gaultier: 50 a\u00f1os de moda y una \u00faltima pasarela repleta de amigos y sonrisas"},"content":{"rendered":"<p>Sin duda hoy fue uno de los d\u00edas m\u00e1s emotivos para la industria de la moda.\u00a0<strong>Jean Paul Gaultier<\/strong>\u00a0acaba de regalarnos uno de los momentos inolvidables, que van a pasar a la historia despidi\u00e9ndose para siempre de las pasarelas con un\u00a0<em>show<\/em>\u00a0espectacular en retrospectiva a sus cincuenta a\u00f1os de trayectoria.<\/p>\n<p>Ya lo hab\u00eda anunciado el dise\u00f1ador:<\/p>\n<blockquote><p>Ser\u00e1 una gran fiesta, con muchos de mis amigos. Nos vamos a divertir mucho y<strong>\u00a0<\/strong>creo que se va a terminar muy tarde<\/p><\/blockquote>\n<p>&nbsp;<\/p>\n<p>El desfile se convirti\u00f3 en un espect\u00e1culo conmovedor, rodeado de sus musas como\u00a0<strong>Rossy de Palma<\/strong>,\u00a0<strong>Coco Rocha<\/strong>,\u00a0<strong>Dita Von Teese<\/strong>,<strong>\u00a0Irina Shayk\u00a0<\/strong>y\u00a0<strong>Amanda Lear<\/strong>, acompa\u00f1adas de las hermanas<strong>\u00a0Hadid, Issa Lish\u00a0<\/strong>y\u00a0<strong>Winnie Harlow<\/strong>, todos al ritmo de las melod\u00edas de\u00a0<strong>Boy George<\/strong>.<\/p>\n<p><img loading=\"lazy\" decoding=\"async\" class=\"aligncenter size-full wp-image-151595\" src=\"https:\/\/graziamagazine.com\/es\/wp-content\/uploads\/sites\/12\/2020\/01\/GRAZIA-asi-se-despidio-de-las-pasarelas-jean-paul-gaultier-4-450x675.jpg\" alt=\"Jean Paul Gaultier se despide de la moda 50 a\u00f1os \" width=\"450\" height=\"675\" srcset=\"https:\/\/graziamagazine.com\/es\/wp-content\/uploads\/sites\/12\/2020\/01\/GRAZIA-asi-se-despidio-de-las-pasarelas-jean-paul-gaultier-4-450x675.jpg 450w, https:\/\/graziamagazine.com\/es\/wp-content\/uploads\/sites\/12\/2020\/01\/GRAZIA-asi-se-despidio-de-las-pasarelas-jean-paul-gaultier-4-450x675-120x180.jpg 120w, https:\/\/graziamagazine.com\/es\/wp-content\/uploads\/sites\/12\/2020\/01\/GRAZIA-asi-se-despidio-de-las-pasarelas-jean-paul-gaultier-4-450x675-100x150.jpg 100w, https:\/\/graziamagazine.com\/es\/wp-content\/uploads\/sites\/12\/2020\/01\/GRAZIA-asi-se-despidio-de-las-pasarelas-jean-paul-gaultier-4-450x675-151x227.jpg 151w, https:\/\/graziamagazine.com\/es\/wp-content\/uploads\/sites\/12\/2020\/01\/GRAZIA-asi-se-despidio-de-las-pasarelas-jean-paul-gaultier-4-450x675-157x236.jpg 157w, https:\/\/graziamagazine.com\/es\/wp-content\/uploads\/sites\/12\/2020\/01\/GRAZIA-asi-se-despidio-de-las-pasarelas-jean-paul-gaultier-4-450x675-360x540.jpg 360w, https:\/\/graziamagazine.com\/es\/wp-content\/uploads\/sites\/12\/2020\/01\/GRAZIA-asi-se-despidio-de-las-pasarelas-jean-paul-gaultier-4-450x675-298x448.jpg 298w, https:\/\/graziamagazine.com\/es\/wp-content\/uploads\/sites\/12\/2020\/01\/GRAZIA-asi-se-despidio-de-las-pasarelas-jean-paul-gaultier-4-450x675-128x192.jpg 128w, https:\/\/graziamagazine.com\/es\/wp-content\/uploads\/sites\/12\/2020\/01\/GRAZIA-asi-se-despidio-de-las-pasarelas-jean-paul-gaultier-4-450x675-364x546.jpg 364w, https:\/\/graziamagazine.com\/es\/wp-content\/uploads\/sites\/12\/2020\/01\/GRAZIA-asi-se-despidio-de-las-pasarelas-jean-paul-gaultier-4-450x675-220x330.jpg 220w\" sizes=\"(max-width: 450px) 100vw, 450px\" \/><\/p>\n<p>Gaultier comenz\u00f3 su carrera en el mundo de la moda de la mano de Pierre Cardin, quien lo contrat\u00f3 como asistente en 1970, y en 1974 ya cre\u00f3 su propia marca con una idea clara: revolucionar el mundo de la moda y lo consigui\u00f3. El cors\u00e9 volvi\u00f3 a tomar protagonismo y los hombres llevaron falda. \u00bfEl mundo al rev\u00e9s? No,\u00a0<strong>el dise\u00f1ador impuso desde el principio una nueva era que rompi\u00f3 los estereotipos e ideas de belleza convencionales<\/strong>, d\u00e1ndole un lugar especial a modelos poco conocidas y que dictaban una tendencia fuera de lo com\u00fan.<\/p>\n<p><img loading=\"lazy\" decoding=\"async\" class=\"aligncenter size-full wp-image-151597\" src=\"https:\/\/graziamagazine.com\/es\/wp-content\/uploads\/sites\/12\/2020\/01\/GRAZIA-asi-se-despidio-de-las-pasarelas-jean-paul-gaultier-2-450x675.jpg\" alt=\"Jean Paul Gaultier se despide de la moda 50 a\u00f1os \" width=\"450\" height=\"675\" srcset=\"https:\/\/graziamagazine.com\/es\/wp-content\/uploads\/sites\/12\/2020\/01\/GRAZIA-asi-se-despidio-de-las-pasarelas-jean-paul-gaultier-2-450x675.jpg 450w, https:\/\/graziamagazine.com\/es\/wp-content\/uploads\/sites\/12\/2020\/01\/GRAZIA-asi-se-despidio-de-las-pasarelas-jean-paul-gaultier-2-450x675-120x180.jpg 120w, https:\/\/graziamagazine.com\/es\/wp-content\/uploads\/sites\/12\/2020\/01\/GRAZIA-asi-se-despidio-de-las-pasarelas-jean-paul-gaultier-2-450x675-100x150.jpg 100w, https:\/\/graziamagazine.com\/es\/wp-content\/uploads\/sites\/12\/2020\/01\/GRAZIA-asi-se-despidio-de-las-pasarelas-jean-paul-gaultier-2-450x675-151x227.jpg 151w, https:\/\/graziamagazine.com\/es\/wp-content\/uploads\/sites\/12\/2020\/01\/GRAZIA-asi-se-despidio-de-las-pasarelas-jean-paul-gaultier-2-450x675-157x236.jpg 157w, https:\/\/graziamagazine.com\/es\/wp-content\/uploads\/sites\/12\/2020\/01\/GRAZIA-asi-se-despidio-de-las-pasarelas-jean-paul-gaultier-2-450x675-360x540.jpg 360w, https:\/\/graziamagazine.com\/es\/wp-content\/uploads\/sites\/12\/2020\/01\/GRAZIA-asi-se-despidio-de-las-pasarelas-jean-paul-gaultier-2-450x675-298x448.jpg 298w, https:\/\/graziamagazine.com\/es\/wp-content\/uploads\/sites\/12\/2020\/01\/GRAZIA-asi-se-despidio-de-las-pasarelas-jean-paul-gaultier-2-450x675-128x192.jpg 128w, https:\/\/graziamagazine.com\/es\/wp-content\/uploads\/sites\/12\/2020\/01\/GRAZIA-asi-se-despidio-de-las-pasarelas-jean-paul-gaultier-2-450x675-364x546.jpg 364w, https:\/\/graziamagazine.com\/es\/wp-content\/uploads\/sites\/12\/2020\/01\/GRAZIA-asi-se-despidio-de-las-pasarelas-jean-paul-gaultier-2-450x675-220x330.jpg 220w\" sizes=\"(max-width: 450px) 100vw, 450px\" \/><\/p>\n<p>En este \u00faltimo desfile todo lo que vimos fue rescatado de su archivo, <strong>m\u00e1s de 250 looks<\/strong>, recreando momentos ic\u00f3nicos que definen la trayectoria de Gaultier como uno de los dise\u00f1adores m\u00e1s revolucionarios. El\u00a0<em>cone bra\u00a0<\/em>que\u00a0<strong>Madonna<\/strong>\u00a0populariz\u00f3 y ese\u00a0<em>look<\/em>\u00a0con el que\u00a0<strong>Naomi Campbell<\/strong>\u00a0deslumbr\u00f3 en 2003 fueron protagonistas junto a esos vestidos repletos de cinturones XXL que conforman una de sus siluetas m\u00e1s representativas.<\/p>\n<p><img loading=\"lazy\" decoding=\"async\" class=\"aligncenter size-full wp-image-151596\" src=\"https:\/\/graziamagazine.com\/es\/wp-content\/uploads\/sites\/12\/2020\/01\/GRAZIA-asi-se-despidio-de-las-pasarelas-jean-paul-gaultier-3-450x675.jpg\" alt=\"Jean Paul Gaultier se despide de la moda 50 a\u00f1os \" width=\"450\" height=\"675\" srcset=\"https:\/\/graziamagazine.com\/es\/wp-content\/uploads\/sites\/12\/2020\/01\/GRAZIA-asi-se-despidio-de-las-pasarelas-jean-paul-gaultier-3-450x675.jpg 450w, https:\/\/graziamagazine.com\/es\/wp-content\/uploads\/sites\/12\/2020\/01\/GRAZIA-asi-se-despidio-de-las-pasarelas-jean-paul-gaultier-3-450x675-120x180.jpg 120w, https:\/\/graziamagazine.com\/es\/wp-content\/uploads\/sites\/12\/2020\/01\/GRAZIA-asi-se-despidio-de-las-pasarelas-jean-paul-gaultier-3-450x675-100x150.jpg 100w, https:\/\/graziamagazine.com\/es\/wp-content\/uploads\/sites\/12\/2020\/01\/GRAZIA-asi-se-despidio-de-las-pasarelas-jean-paul-gaultier-3-450x675-151x227.jpg 151w, https:\/\/graziamagazine.com\/es\/wp-content\/uploads\/sites\/12\/2020\/01\/GRAZIA-asi-se-despidio-de-las-pasarelas-jean-paul-gaultier-3-450x675-157x236.jpg 157w, https:\/\/graziamagazine.com\/es\/wp-content\/uploads\/sites\/12\/2020\/01\/GRAZIA-asi-se-despidio-de-las-pasarelas-jean-paul-gaultier-3-450x675-360x540.jpg 360w, https:\/\/graziamagazine.com\/es\/wp-content\/uploads\/sites\/12\/2020\/01\/GRAZIA-asi-se-despidio-de-las-pasarelas-jean-paul-gaultier-3-450x675-298x448.jpg 298w, https:\/\/graziamagazine.com\/es\/wp-content\/uploads\/sites\/12\/2020\/01\/GRAZIA-asi-se-despidio-de-las-pasarelas-jean-paul-gaultier-3-450x675-128x192.jpg 128w, https:\/\/graziamagazine.com\/es\/wp-content\/uploads\/sites\/12\/2020\/01\/GRAZIA-asi-se-despidio-de-las-pasarelas-jean-paul-gaultier-3-450x675-364x546.jpg 364w, https:\/\/graziamagazine.com\/es\/wp-content\/uploads\/sites\/12\/2020\/01\/GRAZIA-asi-se-despidio-de-las-pasarelas-jean-paul-gaultier-3-450x675-220x330.jpg 220w\" sizes=\"(max-width: 450px) 100vw, 450px\" \/><\/p>\n<p>Su legado es uno que sin duda dej\u00f3 huella, y algo que siempre le reconoceremos, es que siempre se mantuvo fiel a esa est\u00e9tica extravagante con la que todos lo identificamos. El franc\u00e9s siempre ha sido fuente de inspiraci\u00f3n en t\u00e9rminos de dise\u00f1o para dise\u00f1adores emergentes, con esas estructuras inigualables y piezas como un sello que lo representa.<\/p>\n<blockquote class=\"instagram-media\" data-instgrm-captioned data-instgrm-permalink=\"https:\/\/www.instagram.com\/tv\/B7o1Uehhiyc\/?utm_source=ig_embed&amp;utm_campaign=loading\" data-instgrm-version=\"12\" style=\" background:#FFF; border:0; border-radius:3px; box-shadow:0 0 1px 0 rgba(0,0,0,0.5),0 1px 10px 0 rgba(0,0,0,0.15); margin: 1px; max-width:500px; min-width:326px; padding:0; width:99.375%; width:-webkit-calc(100% - 2px); width:calc(100% - 2px);\">\n<div style=\"padding:16px;\"> <a href=\"https:\/\/www.instagram.com\/tv\/B7o1Uehhiyc\/?utm_source=ig_embed&amp;utm_campaign=loading\" style=\" background:#FFFFFF; line-height:0; padding:0 0; text-align:center; text-decoration:none; width:100%;\" target=\"_blank\"> <\/p>\n<div style=\" display: flex; flex-direction: row; align-items: center;\">\n<div style=\"background-color: #F4F4F4; border-radius: 50%; flex-grow: 0; height: 40px; margin-right: 14px; width: 40px;\"><\/div>\n<div style=\"display: flex; flex-direction: column; flex-grow: 1; justify-content: center;\">\n<div style=\" background-color: #F4F4F4; border-radius: 4px; flex-grow: 0; height: 14px; margin-bottom: 6px; width: 100px;\"><\/div>\n<div style=\" background-color: #F4F4F4; border-radius: 4px; flex-grow: 0; height: 14px; width: 60px;\"><\/div>\n<\/div>\n<\/div>\n<div style=\"padding: 19% 0;\"><\/div>\n<div style=\"display:block; height:50px; margin:0 auto 12px; width:50px;\"><svg width=\"50px\" height=\"50px\" viewBox=\"0 0 60 60\" version=\"1.1\" xmlns=\"https:\/\/www.w3.org\/2000\/svg\" xmlns:xlink=\"https:\/\/www.w3.org\/1999\/xlink\"><g stroke=\"none\" stroke-width=\"1\" fill=\"none\" fill-rule=\"evenodd\"><g transform=\"translate(-511.000000, -20.000000)\" fill=\"#000000\"><g><path d=\"M556.869,30.41 C554.814,30.41 553.148,32.076 553.148,34.131 C553.148,36.186 554.814,37.852 556.869,37.852 C558.924,37.852 560.59,36.186 560.59,34.131 C560.59,32.076 558.924,30.41 556.869,30.41 M541,60.657 C535.114,60.657 530.342,55.887 530.342,50 C530.342,44.114 535.114,39.342 541,39.342 C546.887,39.342 551.658,44.114 551.658,50 C551.658,55.887 546.887,60.657 541,60.657 M541,33.886 C532.1,33.886 524.886,41.1 524.886,50 C524.886,58.899 532.1,66.113 541,66.113 C549.9,66.113 557.115,58.899 557.115,50 C557.115,41.1 549.9,33.886 541,33.886 M565.378,62.101 C565.244,65.022 564.756,66.606 564.346,67.663 C563.803,69.06 563.154,70.057 562.106,71.106 C561.058,72.155 560.06,72.803 558.662,73.347 C557.607,73.757 556.021,74.244 553.102,74.378 C549.944,74.521 548.997,74.552 541,74.552 C533.003,74.552 532.056,74.521 528.898,74.378 C525.979,74.244 524.393,73.757 523.338,73.347 C521.94,72.803 520.942,72.155 519.894,71.106 C518.846,70.057 518.197,69.06 517.654,67.663 C517.244,66.606 516.755,65.022 516.623,62.101 C516.479,58.943 516.448,57.996 516.448,50 C516.448,42.003 516.479,41.056 516.623,37.899 C516.755,34.978 517.244,33.391 517.654,32.338 C518.197,30.938 518.846,29.942 519.894,28.894 C520.942,27.846 521.94,27.196 523.338,26.654 C524.393,26.244 525.979,25.756 528.898,25.623 C532.057,25.479 533.004,25.448 541,25.448 C548.997,25.448 549.943,25.479 553.102,25.623 C556.021,25.756 557.607,26.244 558.662,26.654 C560.06,27.196 561.058,27.846 562.106,28.894 C563.154,29.942 563.803,30.938 564.346,32.338 C564.756,33.391 565.244,34.978 565.378,37.899 C565.522,41.056 565.552,42.003 565.552,50 C565.552,57.996 565.522,58.943 565.378,62.101 M570.82,37.631 C570.674,34.438 570.167,32.258 569.425,30.349 C568.659,28.377 567.633,26.702 565.965,25.035 C564.297,23.368 562.623,22.342 560.652,21.575 C558.743,20.834 556.562,20.326 553.369,20.18 C550.169,20.033 549.148,20 541,20 C532.853,20 531.831,20.033 528.631,20.18 C525.438,20.326 523.257,20.834 521.349,21.575 C519.376,22.342 517.703,23.368 516.035,25.035 C514.368,26.702 513.342,28.377 512.574,30.349 C511.834,32.258 511.326,34.438 511.181,37.631 C511.035,40.831 511,41.851 511,50 C511,58.147 511.035,59.17 511.181,62.369 C511.326,65.562 511.834,67.743 512.574,69.651 C513.342,71.625 514.368,73.296 516.035,74.965 C517.703,76.634 519.376,77.658 521.349,78.425 C523.257,79.167 525.438,79.673 528.631,79.82 C531.831,79.965 532.853,80.001 541,80.001 C549.148,80.001 550.169,79.965 553.369,79.82 C556.562,79.673 558.743,79.167 560.652,78.425 C562.623,77.658 564.297,76.634 565.965,74.965 C567.633,73.296 568.659,71.625 569.425,69.651 C570.167,67.743 570.674,65.562 570.82,62.369 C570.966,59.17 571,58.147 571,50 C571,41.851 570.966,40.831 570.82,37.631\"><\/path><\/g><\/g><\/g><\/svg><\/div>\n<div style=\"padding-top: 8px;\">\n<div style=\" color:#3897f0; font-family:Arial,sans-serif; font-size:14px; font-style:normal; font-weight:550; line-height:18px;\"> View this post on Instagram<\/div>\n<\/div>\n<div style=\"padding: 12.5% 0;\"><\/div>\n<div style=\"display: flex; flex-direction: row; margin-bottom: 14px; align-items: center;\">\n<div>\n<div style=\"background-color: #F4F4F4; border-radius: 50%; height: 12.5px; width: 12.5px; transform: translateX(0px) translateY(7px);\"><\/div>\n<div style=\"background-color: #F4F4F4; height: 12.5px; transform: rotate(-45deg) translateX(3px) translateY(1px); width: 12.5px; flex-grow: 0; margin-right: 14px; margin-left: 2px;\"><\/div>\n<div style=\"background-color: #F4F4F4; border-radius: 50%; height: 12.5px; width: 12.5px; transform: translateX(9px) translateY(-18px);\"><\/div>\n<\/div>\n<div style=\"margin-left: 8px;\">\n<div style=\" background-color: #F4F4F4; border-radius: 50%; flex-grow: 0; height: 20px; width: 20px;\"><\/div>\n<div style=\" width: 0; height: 0; border-top: 2px solid transparent; border-left: 6px solid #f4f4f4; border-bottom: 2px solid transparent; transform: translateX(16px) translateY(-4px) rotate(30deg)\"><\/div>\n<\/div>\n<div style=\"margin-left: auto;\">\n<div style=\" width: 0px; border-top: 8px solid #F4F4F4; border-right: 8px solid transparent; transform: translateY(16px);\"><\/div>\n<div style=\" background-color: #F4F4F4; flex-grow: 0; height: 12px; width: 16px; transform: translateY(-4px);\"><\/div>\n<div style=\" width: 0; height: 0; border-top: 8px solid #F4F4F4; border-left: 8px solid transparent; transform: translateY(-4px) translateX(8px);\"><\/div>\n<\/div>\n<\/div>\n<p><\/a> <\/p>\n<p style=\" margin:8px 0 0 0; padding:0 4px;\"> <a href=\"https:\/\/www.instagram.com\/tv\/B7o1Uehhiyc\/?utm_source=ig_embed&amp;utm_campaign=loading\" style=\" color:#000; font-family:Arial,sans-serif; font-size:14px; font-style:normal; font-weight:normal; line-height:17px; text-decoration:none; word-wrap:break-word;\" target=\"_blank\" target=\"_blank\">\u2800 \u2800\u2800\u2800\u2800#FTMRunway \/ Video by: @maximsap x @fashiontomax #JeanPaulGaultier #fashionweek #hautecouture #couture #pfw #ss20 #parisfashionweek #streetstyle #runway #style #model #beauty<\/a><\/p>\n<p style=\" color:#c9c8cd; font-family:Arial,sans-serif; font-size:14px; line-height:17px; margin-bottom:0; margin-top:8px; overflow:hidden; padding:8px 0 7px; text-align:center; text-overflow:ellipsis; white-space:nowrap;\">A post shared by <a href=\"https:\/\/www.instagram.com\/fashiontomax\/?utm_source=ig_embed&amp;utm_campaign=loading\" style=\" color:#c9c8cd; font-family:Arial,sans-serif; font-size:14px; font-style:normal; font-weight:normal; line-height:17px;\" target=\"_blank\" target=\"_blank\"> FASHION TO MAX<\/a> (@fashiontomax) on <time style=\" font-family:Arial,sans-serif; font-size:14px; line-height:17px;\" datetime=\"2020-01-22T22:06:09+00:00\">Jan 22, 2020 at 2:06pm PST<\/time><\/p>\n<\/div>\n<\/blockquote>\n<p><script async src=\"\/\/www.instagram.com\/embed.js\"><\/script><\/p>\n<p>D\u00edas antes tambi\u00e9n hab\u00eda confesado:<\/p>\n<blockquote><p>Va a ser<strong>\u00a0<\/strong>mi \u00faltimo desfile de alta costura. No te lo puedes perder. Pero te garantizo que Gaultier Par\u00eds continuar<strong>\u00e1, la\u00a0alta costura continuar\u00e1,<\/strong> tengo un nuevo concepto. Ya te hablar\u00e9 de ello m\u00e1s adelante<\/p><\/blockquote>\n<p>Aunque, de momento, Jean Paul Gaultier dijo adi\u00f3s con una sonrisa y el p\u00fablico no pod\u00eda dejar de aplaudir a 50 a\u00f1os de trabajo en la moda.<\/p>\n<p><em>*Im\u00e1genes: Getty Images<\/em><\/p>\n","protected":false},"author":24470,"featured_media":151599,"template":"","format":"standard","categories":[2862,1],"acf":[],"yoast_head":"<!-- This site is optimized with the Yoast SEO Premium plugin v18.5 (Yoast SEO v20.4) - https:\/\/yoast.com\/wordpress\/plugins\/seo\/ -->\n<title>El adi\u00f3s de Jean Paul Gaultier: 50 a\u00f1os de moda y una \u00faltima pasarela repleta de amigos y sonrisas | Grazia<\/title>\n<meta name=\"description\" content=\"Par\u00eds acaba de vivir una de las noches m\u00e1s emotivas de la industria de la moda con la despedida del dise\u00f1ador, que organiz\u00f3 su propio y divertido funeral sobre la pasarela.\" \/>\n<meta name=\"robots\" content=\"index, follow, max-snippet:-1, max-image-preview:large, max-video-preview:-1\" \/>\n<link rel=\"canonical\" href=\"https:\/\/graziamagazine.com\/es\/articles\/el-adios-de-jean-paul-gaultier-50-anos-de-moda-y-una-ultima-pasarela-repleta-de-amigos-y-sonrisas\/\" \/>\n<meta property=\"og:locale\" content=\"es_ES\" \/>\n<meta property=\"og:type\" content=\"article\" \/>\n<meta property=\"og:title\" content=\"El adi\u00f3s de Jean Paul Gaultier: 50 a\u00f1os de moda y una \u00faltima pasarela repleta de amigos y sonrisas\" \/>\n<meta property=\"og:description\" content=\"Par\u00eds acaba de vivir una de las noches m\u00e1s emotivas de la industria de la moda con la despedida del dise\u00f1ador, que organiz\u00f3 su propio y divertido funeral sobre la pasarela.\" \/>\n<meta property=\"og:url\" content=\"https:\/\/graziamagazine.com\/es\/articles\/el-adios-de-jean-paul-gaultier-50-anos-de-moda-y-una-ultima-pasarela-repleta-de-amigos-y-sonrisas\/\" \/>\n<meta property=\"og:site_name\" content=\"Grazia\" \/>\n<meta property=\"article:modified_time\" content=\"2020-01-23T08:56:06+00:00\" \/>\n<meta property=\"og:image\" content=\"https:\/\/graziamagazine.com\/es\/wp-content\/uploads\/sites\/12\/2020\/01\/GRAZIA-asi-se-despidio-de-las-pasarelas-jean-paul-gaultier-destacada1.jpg?fit=1200%2C725\" \/>\n\t<meta property=\"og:image:width\" content=\"1200\" \/>\n\t<meta property=\"og:image:height\" content=\"725\" \/>\n\t<meta property=\"og:image:type\" content=\"image\/jpeg\" \/>\n<meta name=\"twitter:card\" content=\"summary_large_image\" \/>\n<meta name=\"twitter:label1\" content=\"Est. reading time\" \/>\n\t<meta name=\"twitter:data1\" content=\"2 minutos\" \/>\n<script type=\"application\/ld+json\" class=\"yoast-schema-graph\">{\"@context\":\"https:\/\/schema.org\",\"@graph\":[{\"@type\":\"WebPage\",\"@id\":\"https:\/\/graziamagazine.com\/es\/articles\/el-adios-de-jean-paul-gaultier-50-anos-de-moda-y-una-ultima-pasarela-repleta-de-amigos-y-sonrisas\/\",\"url\":\"https:\/\/graziamagazine.com\/es\/articles\/el-adios-de-jean-paul-gaultier-50-anos-de-moda-y-una-ultima-pasarela-repleta-de-amigos-y-sonrisas\/\",\"name\":\"El adi\u00f3s de Jean Paul Gaultier: 50 a\u00f1os de moda y una \u00faltima pasarela repleta de amigos y sonrisas | Grazia\",\"isPartOf\":{\"@id\":\"https:\/\/graziamagazine.com\/es\/#website\"},\"datePublished\":\"2020-01-22T22:55:02+00:00\",\"dateModified\":\"2020-01-23T08:56:06+00:00\",\"description\":\"Par\u00eds acaba de vivir una de las noches m\u00e1s emotivas de la industria de la moda con la despedida del dise\u00f1ador, que organiz\u00f3 su propio y divertido funeral sobre la pasarela.\",\"breadcrumb\":{\"@id\":\"https:\/\/graziamagazine.com\/es\/articles\/el-adios-de-jean-paul-gaultier-50-anos-de-moda-y-una-ultima-pasarela-repleta-de-amigos-y-sonrisas\/#breadcrumb\"},\"inLanguage\":\"es\",\"potentialAction\":[{\"@type\":\"ReadAction\",\"target\":[\"https:\/\/graziamagazine.com\/es\/articles\/el-adios-de-jean-paul-gaultier-50-anos-de-moda-y-una-ultima-pasarela-repleta-de-amigos-y-sonrisas\/\"]}]},{\"@type\":\"BreadcrumbList\",\"@id\":\"https:\/\/graziamagazine.com\/es\/articles\/el-adios-de-jean-paul-gaultier-50-anos-de-moda-y-una-ultima-pasarela-repleta-de-amigos-y-sonrisas\/#breadcrumb\",\"itemListElement\":[{\"@type\":\"ListItem\",\"position\":1,\"name\":\"Portada\",\"item\":\"https:\/\/graziamagazine.com\/es\/\"},{\"@type\":\"ListItem\",\"position\":2,\"name\":\"El adi\u00f3s de Jean Paul Gaultier: 50 a\u00f1os de moda y una \u00faltima pasarela repleta de amigos y sonrisas\"}]},{\"@type\":\"WebSite\",\"@id\":\"https:\/\/graziamagazine.com\/es\/#website\",\"url\":\"https:\/\/graziamagazine.com\/es\/\",\"name\":\"Grazia\",\"description\":\"Moda, belleza, celebrities, estilo de vida...\",\"potentialAction\":[{\"@type\":\"SearchAction\",\"target\":{\"@type\":\"EntryPoint\",\"urlTemplate\":\"https:\/\/graziamagazine.com\/es\/?s={search_term_string}\"},\"query-input\":\"required name=search_term_string\"}],\"inLanguage\":\"es\"}]}<\/script>\n<!-- \/ Yoast SEO Premium plugin. -->","yoast_head_json":{"title":"El adi\u00f3s de Jean Paul Gaultier: 50 a\u00f1os de moda y una \u00faltima pasarela repleta de amigos y sonrisas | Grazia","description":"Par\u00eds acaba de vivir una de las noches m\u00e1s emotivas de la industria de la moda con la despedida del dise\u00f1ador, que organiz\u00f3 su propio y divertido funeral sobre la pasarela.","robots":{"index":"index","follow":"follow","max-snippet":"max-snippet:-1","max-image-preview":"max-image-preview:large","max-video-preview":"max-video-preview:-1"},"canonical":"https:\/\/graziamagazine.com\/es\/articles\/el-adios-de-jean-paul-gaultier-50-anos-de-moda-y-una-ultima-pasarela-repleta-de-amigos-y-sonrisas\/","og_locale":"es_ES","og_type":"article","og_title":"El adi\u00f3s de Jean Paul Gaultier: 50 a\u00f1os de moda y una \u00faltima pasarela repleta de amigos y sonrisas","og_description":"Par\u00eds acaba de vivir una de las noches m\u00e1s emotivas de la industria de la moda con la despedida del dise\u00f1ador, que organiz\u00f3 su propio y divertido funeral sobre la pasarela.","og_url":"https:\/\/graziamagazine.com\/es\/articles\/el-adios-de-jean-paul-gaultier-50-anos-de-moda-y-una-ultima-pasarela-repleta-de-amigos-y-sonrisas\/","og_site_name":"Grazia","article_modified_time":"2020-01-23T08:56:06+00:00","og_image":[{"width":1200,"height":725,"url":"https:\/\/graziamagazine.com\/es\/wp-content\/uploads\/sites\/12\/2020\/01\/GRAZIA-asi-se-despidio-de-las-pasarelas-jean-paul-gaultier-destacada1.jpg?fit=1200%2C725","type":"image\/jpeg"}],"twitter_card":"summary_large_image","twitter_misc":{"Est. reading time":"2 minutos"},"schema":{"@context":"https:\/\/schema.org","@graph":[{"@type":"WebPage","@id":"https:\/\/graziamagazine.com\/es\/articles\/el-adios-de-jean-paul-gaultier-50-anos-de-moda-y-una-ultima-pasarela-repleta-de-amigos-y-sonrisas\/","url":"https:\/\/graziamagazine.com\/es\/articles\/el-adios-de-jean-paul-gaultier-50-anos-de-moda-y-una-ultima-pasarela-repleta-de-amigos-y-sonrisas\/","name":"El adi\u00f3s de Jean Paul Gaultier: 50 a\u00f1os de moda y una \u00faltima pasarela repleta de amigos y sonrisas | Grazia","isPartOf":{"@id":"https:\/\/graziamagazine.com\/es\/#website"},"datePublished":"2020-01-22T22:55:02+00:00","dateModified":"2020-01-23T08:56:06+00:00","description":"Par\u00eds acaba de vivir una de las noches m\u00e1s emotivas de la industria de la moda con la despedida del dise\u00f1ador, que organiz\u00f3 su propio y divertido funeral sobre la pasarela.","breadcrumb":{"@id":"https:\/\/graziamagazine.com\/es\/articles\/el-adios-de-jean-paul-gaultier-50-anos-de-moda-y-una-ultima-pasarela-repleta-de-amigos-y-sonrisas\/#breadcrumb"},"inLanguage":"es","potentialAction":[{"@type":"ReadAction","target":["https:\/\/graziamagazine.com\/es\/articles\/el-adios-de-jean-paul-gaultier-50-anos-de-moda-y-una-ultima-pasarela-repleta-de-amigos-y-sonrisas\/"]}]},{"@type":"BreadcrumbList","@id":"https:\/\/graziamagazine.com\/es\/articles\/el-adios-de-jean-paul-gaultier-50-anos-de-moda-y-una-ultima-pasarela-repleta-de-amigos-y-sonrisas\/#breadcrumb","itemListElement":[{"@type":"ListItem","position":1,"name":"Portada","item":"https:\/\/graziamagazine.com\/es\/"},{"@type":"ListItem","position":2,"name":"El adi\u00f3s de Jean Paul Gaultier: 50 a\u00f1os de moda y una \u00faltima pasarela repleta de amigos y sonrisas"}]},{"@type":"WebSite","@id":"https:\/\/graziamagazine.com\/es\/#website","url":"https:\/\/graziamagazine.com\/es\/","name":"Grazia","description":"Moda, belleza, celebrities, estilo de vida...","potentialAction":[{"@type":"SearchAction","target":{"@type":"EntryPoint","urlTemplate":"https:\/\/graziamagazine.com\/es\/?s={search_term_string}"},"query-input":"required name=search_term_string"}],"inLanguage":"es"}]}},"jetpack_sharing_enabled":true,"distributor_meta":false,"distributor_terms":false,"distributor_media":false,"distributor_original_site_name":"Grazia","distributor_original_site_url":"https:\/\/graziamagazine.com\/es","push-errors":false,"_links":{"self":[{"href":"https:\/\/graziamagazine.com\/es\/wp-json\/wp\/v2\/articles\/151593"}],"collection":[{"href":"https:\/\/graziamagazine.com\/es\/wp-json\/wp\/v2\/articles"}],"about":[{"href":"https:\/\/graziamagazine.com\/es\/wp-json\/wp\/v2\/types\/articles"}],"author":[{"embeddable":true,"href":"https:\/\/graziamagazine.com\/es\/wp-json\/wp\/v2\/users\/24470"}],"wp:featuredmedia":[{"embeddable":true,"href":"https:\/\/graziamagazine.com\/es\/wp-json\/wp\/v2\/media\/151599"}],"wp:attachment":[{"href":"https:\/\/graziamagazine.com\/es\/wp-json\/wp\/v2\/media?parent=151593"}],"wp:term":[{"taxonomy":"category","embeddable":true,"href":"https:\/\/graziamagazine.com\/es\/wp-json\/wp\/v2\/categories?post=151593"}],"curies":[{"name":"wp","href":"https:\/\/api.w.org\/{rel}","templated":true}]}}