{"id":151559,"date":"2020-01-22T15:04:10","date_gmt":"2020-01-22T14:04:10","guid":{"rendered":"https:\/\/graziamagazine.com\/es\/?p=151559"},"modified":"2020-01-22T16:51:51","modified_gmt":"2020-01-22T15:51:51","slug":"la-reina-letizia-inaugura-fitur-2020-con-un-total-look-de-marcas-espanolas","status":"publish","type":"articles","link":"https:\/\/graziamagazine.com\/es\/articles\/la-reina-letizia-inaugura-fitur-2020-con-un-total-look-de-marcas-espanolas\/","title":{"rendered":"La reina Letizia inaugura FITUR 2020 con un total look de marcas espa\u00f1olas"},"content":{"rendered":"<p><strong>Este a\u00f1o se celebran los 40 a\u00f1os de que viera la luz la Feria Internacional de Turismo, FITUR<\/strong>, y con tal motivo hasta IFEMA se ha trasladado la reina Leticia para inaugurar una nueva edici\u00f3n. <strong>Por primera vez do\u00f1a Letizia acude en solitario<\/strong>, ya que el rey Felipe VI ten\u00eda compromisos de agenda imposibles de evadir, por lo que la reina ha ejercido de maestra de ceremonias.<\/p>\n<p>En esta ocasi\u00f3n FITUR crece y aumenta su superficie y presencia internacional, y desde hoy hasta el pr\u00f3ximo domingo 26 de enero, se dar\u00e1n cita 165 pa\u00edses y regiones y m\u00e1s de 11.000 empresas, para mostrar lo mejor de la oferta tur\u00edstica nacional en internacional para los viajeros empedernidos.<\/p>\n<p><img loading=\"lazy\" decoding=\"async\" class=\"aligncenter size-full wp-image-151576\" src=\"https:\/\/graziamagazine.com\/es\/wp-content\/uploads\/sites\/12\/2020\/01\/GRAZIA-reina-letizia-fitur-2020.jpeg\" alt=\"La reina Letizia inaugura la edici\u00f3n 40 de Fitur 2020 con un vestido de Massimo Dutti\" width=\"2048\" height=\"1220\" srcset=\"https:\/\/graziamagazine.com\/es\/wp-content\/uploads\/sites\/12\/2020\/01\/GRAZIA-reina-letizia-fitur-2020.jpeg 2048w, https:\/\/graziamagazine.com\/es\/wp-content\/uploads\/sites\/12\/2020\/01\/GRAZIA-reina-letizia-fitur-2020-500x298.jpeg 500w, https:\/\/graziamagazine.com\/es\/wp-content\/uploads\/sites\/12\/2020\/01\/GRAZIA-reina-letizia-fitur-2020-768x458.jpeg 768w, https:\/\/graziamagazine.com\/es\/wp-content\/uploads\/sites\/12\/2020\/01\/GRAZIA-reina-letizia-fitur-2020-900x536.jpeg 900w, https:\/\/graziamagazine.com\/es\/wp-content\/uploads\/sites\/12\/2020\/01\/GRAZIA-reina-letizia-fitur-2020-1100x655.jpeg 1100w, https:\/\/graziamagazine.com\/es\/wp-content\/uploads\/sites\/12\/2020\/01\/GRAZIA-reina-letizia-fitur-2020-120x71.jpeg 120w, https:\/\/graziamagazine.com\/es\/wp-content\/uploads\/sites\/12\/2020\/01\/GRAZIA-reina-letizia-fitur-2020-720x429.jpeg 720w, https:\/\/graziamagazine.com\/es\/wp-content\/uploads\/sites\/12\/2020\/01\/GRAZIA-reina-letizia-fitur-2020-1200x715.jpeg 1200w, https:\/\/graziamagazine.com\/es\/wp-content\/uploads\/sites\/12\/2020\/01\/GRAZIA-reina-letizia-fitur-2020-626x373.jpeg 626w, https:\/\/graziamagazine.com\/es\/wp-content\/uploads\/sites\/12\/2020\/01\/GRAZIA-reina-letizia-fitur-2020-360x214.jpeg 360w\" sizes=\"(max-width: 2048px) 100vw, 2048px\" \/><\/p>\n<p>&nbsp;<\/p>\n<p>Para tal cita,<strong> la reina ha recuperado uno de sus vestidos m\u00e1s bonitos y comentados firmados por Massimo Dutti<\/strong>, que <a href=\"http:\/\/bit.ly\/2odoYC7\" target=\"_blank\">estren\u00f3 hace unos meses en su viaje oficial a Corea del Sur<\/a>.\u00a0 Se trata de su\u00a0<strong>vestido camisero midi<\/strong>\u00a0en fondo azul con estampados de topos rojos, rosas, blancos y mangas semi transparentes, un vestido \u201cconfetti\u201d como en la web de\u00a0<strong>Massimo Dutti\u00a0<\/strong>lo denominan, y que costaba\u00a0<strong>99 euros, porque ya no est\u00e1 disponible.\u00a0<\/strong><\/p>\n<p><img loading=\"lazy\" decoding=\"async\" class=\"aligncenter size-full wp-image-151575\" src=\"https:\/\/graziamagazine.com\/es\/wp-content\/uploads\/sites\/12\/2020\/01\/GRAZIA-reina-letizia-fitur-2020-2.jpeg\" alt=\"La reina Letizia inaugura la edici\u00f3n 40 de Fitur 2020 con un vestido de Massimo Dutti\" width=\"1280\" height=\"853\" srcset=\"https:\/\/graziamagazine.com\/es\/wp-content\/uploads\/sites\/12\/2020\/01\/GRAZIA-reina-letizia-fitur-2020-2.jpeg 1280w, https:\/\/graziamagazine.com\/es\/wp-content\/uploads\/sites\/12\/2020\/01\/GRAZIA-reina-letizia-fitur-2020-2-500x333.jpeg 500w, https:\/\/graziamagazine.com\/es\/wp-content\/uploads\/sites\/12\/2020\/01\/GRAZIA-reina-letizia-fitur-2020-2-768x512.jpeg 768w, https:\/\/graziamagazine.com\/es\/wp-content\/uploads\/sites\/12\/2020\/01\/GRAZIA-reina-letizia-fitur-2020-2-900x600.jpeg 900w, https:\/\/graziamagazine.com\/es\/wp-content\/uploads\/sites\/12\/2020\/01\/GRAZIA-reina-letizia-fitur-2020-2-1100x733.jpeg 1100w, https:\/\/graziamagazine.com\/es\/wp-content\/uploads\/sites\/12\/2020\/01\/GRAZIA-reina-letizia-fitur-2020-2-120x80.jpeg 120w, https:\/\/graziamagazine.com\/es\/wp-content\/uploads\/sites\/12\/2020\/01\/GRAZIA-reina-letizia-fitur-2020-2-720x480.jpeg 720w, https:\/\/graziamagazine.com\/es\/wp-content\/uploads\/sites\/12\/2020\/01\/GRAZIA-reina-letizia-fitur-2020-2-1200x800.jpeg 1200w, https:\/\/graziamagazine.com\/es\/wp-content\/uploads\/sites\/12\/2020\/01\/GRAZIA-reina-letizia-fitur-2020-2-626x417.jpeg 626w, https:\/\/graziamagazine.com\/es\/wp-content\/uploads\/sites\/12\/2020\/01\/GRAZIA-reina-letizia-fitur-2020-2-360x240.jpeg 360w\" sizes=\"(max-width: 1280px) 100vw, 1280px\" \/><\/p>\n<p>&nbsp;<\/p>\n<p>Lo ha combinado con unos<strong> salones tambi\u00e9n <em>made in Spain<\/em>, firmados por Magrit<\/strong>, una de sus firmas de cabecera en color rojo teja y ha completado el look con unos <strong>pendientes mini de chatones<\/strong>, discretos y perfectos para la ocasi\u00f3n.<\/p>\n<p><img loading=\"lazy\" decoding=\"async\" class=\"aligncenter size-full wp-image-151572\" src=\"https:\/\/graziamagazine.com\/es\/wp-content\/uploads\/sites\/12\/2020\/01\/GRAZIA-reina-letizia-fitur-2020-5.jpeg\" alt=\"La reina Letizia inaugura la edici\u00f3n 40 de Fitur 2020 con un vestido de Massimo Dutti\" width=\"1366\" height=\"2049\" srcset=\"https:\/\/graziamagazine.com\/es\/wp-content\/uploads\/sites\/12\/2020\/01\/GRAZIA-reina-letizia-fitur-2020-5.jpeg 1366w, https:\/\/graziamagazine.com\/es\/wp-content\/uploads\/sites\/12\/2020\/01\/GRAZIA-reina-letizia-fitur-2020-5-500x750.jpeg 500w, https:\/\/graziamagazine.com\/es\/wp-content\/uploads\/sites\/12\/2020\/01\/GRAZIA-reina-letizia-fitur-2020-5-768x1152.jpeg 768w, https:\/\/graziamagazine.com\/es\/wp-content\/uploads\/sites\/12\/2020\/01\/GRAZIA-reina-letizia-fitur-2020-5-900x1350.jpeg 900w, https:\/\/graziamagazine.com\/es\/wp-content\/uploads\/sites\/12\/2020\/01\/GRAZIA-reina-letizia-fitur-2020-5-1100x1650.jpeg 1100w, https:\/\/graziamagazine.com\/es\/wp-content\/uploads\/sites\/12\/2020\/01\/GRAZIA-reina-letizia-fitur-2020-5-120x180.jpeg 120w, https:\/\/graziamagazine.com\/es\/wp-content\/uploads\/sites\/12\/2020\/01\/GRAZIA-reina-letizia-fitur-2020-5-100x150.jpeg 100w, https:\/\/graziamagazine.com\/es\/wp-content\/uploads\/sites\/12\/2020\/01\/GRAZIA-reina-letizia-fitur-2020-5-151x227.jpeg 151w, https:\/\/graziamagazine.com\/es\/wp-content\/uploads\/sites\/12\/2020\/01\/GRAZIA-reina-letizia-fitur-2020-5-720x1080.jpeg 720w, https:\/\/graziamagazine.com\/es\/wp-content\/uploads\/sites\/12\/2020\/01\/GRAZIA-reina-letizia-fitur-2020-5-1200x1800.jpeg 1200w, https:\/\/graziamagazine.com\/es\/wp-content\/uploads\/sites\/12\/2020\/01\/GRAZIA-reina-letizia-fitur-2020-5-626x939.jpeg 626w, https:\/\/graziamagazine.com\/es\/wp-content\/uploads\/sites\/12\/2020\/01\/GRAZIA-reina-letizia-fitur-2020-5-157x236.jpeg 157w, https:\/\/graziamagazine.com\/es\/wp-content\/uploads\/sites\/12\/2020\/01\/GRAZIA-reina-letizia-fitur-2020-5-360x540.jpeg 360w, https:\/\/graziamagazine.com\/es\/wp-content\/uploads\/sites\/12\/2020\/01\/GRAZIA-reina-letizia-fitur-2020-5-298x448.jpeg 298w, https:\/\/graziamagazine.com\/es\/wp-content\/uploads\/sites\/12\/2020\/01\/GRAZIA-reina-letizia-fitur-2020-5-128x192.jpeg 128w, https:\/\/graziamagazine.com\/es\/wp-content\/uploads\/sites\/12\/2020\/01\/GRAZIA-reina-letizia-fitur-2020-5-364x546.jpeg 364w, https:\/\/graziamagazine.com\/es\/wp-content\/uploads\/sites\/12\/2020\/01\/GRAZIA-reina-letizia-fitur-2020-5-220x330.jpeg 220w\" sizes=\"(max-width: 1366px) 100vw, 1366px\" \/><\/p>\n<p>\u00bfQu\u00e9 opinas de su look marca Espa\u00f1a?, \u00bfser\u00e1 casualidad o lo habr\u00e1 elegido a conciencia para la gran cita del turismo en Espa\u00f1a?<\/p>\n<p><em>*Im\u00e1genes: Casa Real\u00a0<\/em><\/p>\n<p>&nbsp;<\/p>\n","protected":false},"author":11653,"featured_media":151574,"template":"","format":"standard","categories":[2147],"acf":[],"yoast_head":"<!-- This site is optimized with the Yoast SEO Premium plugin v18.5 (Yoast SEO v20.4) - https:\/\/yoast.com\/wordpress\/plugins\/seo\/ -->\n<title>La reina Letizia inaugura FITUR 2020 con un total look de marcas espa\u00f1olas | Grazia<\/title>\n<meta name=\"description\" content=\"Es la primera vez que la reina abre las puertas de la feria m\u00e1s importante de Turismo en Espa\u00f1a en solitario y ha elegido muy bien su estilismo de hoy. Te contamos qu\u00e9 marcas espa\u00f1olas est\u00e1n detr\u00e1s.\" \/>\n<meta name=\"robots\" content=\"index, follow, max-snippet:-1, max-image-preview:large, max-video-preview:-1\" \/>\n<link rel=\"canonical\" href=\"https:\/\/graziamagazine.com\/es\/articles\/la-reina-letizia-inaugura-fitur-2020-con-un-total-look-de-marcas-espanolas\/\" \/>\n<meta property=\"og:locale\" content=\"es_ES\" \/>\n<meta property=\"og:type\" content=\"article\" \/>\n<meta property=\"og:title\" content=\"La reina Letizia inaugura FITUR 2020 con un total look de marcas espa\u00f1olas\" \/>\n<meta property=\"og:description\" content=\"Es la primera vez que la reina abre las puertas de la feria m\u00e1s importante de Turismo en Espa\u00f1a en solitario y ha elegido muy bien su estilismo de hoy. Te contamos qu\u00e9 marcas espa\u00f1olas est\u00e1n detr\u00e1s.\" \/>\n<meta property=\"og:url\" content=\"https:\/\/graziamagazine.com\/es\/articles\/la-reina-letizia-inaugura-fitur-2020-con-un-total-look-de-marcas-espanolas\/\" \/>\n<meta property=\"og:site_name\" content=\"Grazia\" \/>\n<meta property=\"article:modified_time\" content=\"2020-01-22T15:51:51+00:00\" \/>\n<meta property=\"og:image\" content=\"https:\/\/graziamagazine.com\/es\/wp-content\/uploads\/sites\/12\/2020\/01\/GRAZIA-reina-letizia-fitur-2020-3.jpeg?fit=1280%2C853\" \/>\n\t<meta property=\"og:image:width\" content=\"1280\" \/>\n\t<meta property=\"og:image:height\" content=\"853\" \/>\n\t<meta property=\"og:image:type\" content=\"image\/jpeg\" \/>\n<meta name=\"twitter:card\" content=\"summary_large_image\" \/>\n<meta name=\"twitter:label1\" content=\"Est. reading time\" \/>\n\t<meta name=\"twitter:data1\" content=\"1 minuto\" \/>\n<script type=\"application\/ld+json\" class=\"yoast-schema-graph\">{\"@context\":\"https:\/\/schema.org\",\"@graph\":[{\"@type\":\"WebPage\",\"@id\":\"https:\/\/graziamagazine.com\/es\/articles\/la-reina-letizia-inaugura-fitur-2020-con-un-total-look-de-marcas-espanolas\/\",\"url\":\"https:\/\/graziamagazine.com\/es\/articles\/la-reina-letizia-inaugura-fitur-2020-con-un-total-look-de-marcas-espanolas\/\",\"name\":\"La reina Letizia inaugura FITUR 2020 con un total look de marcas espa\u00f1olas | Grazia\",\"isPartOf\":{\"@id\":\"https:\/\/graziamagazine.com\/es\/#website\"},\"datePublished\":\"2020-01-22T14:04:10+00:00\",\"dateModified\":\"2020-01-22T15:51:51+00:00\",\"description\":\"Es la primera vez que la reina abre las puertas de la feria m\u00e1s importante de Turismo en Espa\u00f1a en solitario y ha elegido muy bien su estilismo de hoy. Te contamos qu\u00e9 marcas espa\u00f1olas est\u00e1n detr\u00e1s.\",\"breadcrumb\":{\"@id\":\"https:\/\/graziamagazine.com\/es\/articles\/la-reina-letizia-inaugura-fitur-2020-con-un-total-look-de-marcas-espanolas\/#breadcrumb\"},\"inLanguage\":\"es\",\"potentialAction\":[{\"@type\":\"ReadAction\",\"target\":[\"https:\/\/graziamagazine.com\/es\/articles\/la-reina-letizia-inaugura-fitur-2020-con-un-total-look-de-marcas-espanolas\/\"]}]},{\"@type\":\"BreadcrumbList\",\"@id\":\"https:\/\/graziamagazine.com\/es\/articles\/la-reina-letizia-inaugura-fitur-2020-con-un-total-look-de-marcas-espanolas\/#breadcrumb\",\"itemListElement\":[{\"@type\":\"ListItem\",\"position\":1,\"name\":\"Portada\",\"item\":\"https:\/\/graziamagazine.com\/es\/\"},{\"@type\":\"ListItem\",\"position\":2,\"name\":\"La reina Letizia inaugura FITUR 2020 con un total look de marcas espa\u00f1olas\"}]},{\"@type\":\"WebSite\",\"@id\":\"https:\/\/graziamagazine.com\/es\/#website\",\"url\":\"https:\/\/graziamagazine.com\/es\/\",\"name\":\"Grazia\",\"description\":\"Moda, belleza, celebrities, estilo de vida...\",\"potentialAction\":[{\"@type\":\"SearchAction\",\"target\":{\"@type\":\"EntryPoint\",\"urlTemplate\":\"https:\/\/graziamagazine.com\/es\/?s={search_term_string}\"},\"query-input\":\"required name=search_term_string\"}],\"inLanguage\":\"es\"}]}<\/script>\n<!-- \/ Yoast SEO Premium plugin. -->","yoast_head_json":{"title":"La reina Letizia inaugura FITUR 2020 con un total look de marcas espa\u00f1olas | Grazia","description":"Es la primera vez que la reina abre las puertas de la feria m\u00e1s importante de Turismo en Espa\u00f1a en solitario y ha elegido muy bien su estilismo de hoy. Te contamos qu\u00e9 marcas espa\u00f1olas est\u00e1n detr\u00e1s.","robots":{"index":"index","follow":"follow","max-snippet":"max-snippet:-1","max-image-preview":"max-image-preview:large","max-video-preview":"max-video-preview:-1"},"canonical":"https:\/\/graziamagazine.com\/es\/articles\/la-reina-letizia-inaugura-fitur-2020-con-un-total-look-de-marcas-espanolas\/","og_locale":"es_ES","og_type":"article","og_title":"La reina Letizia inaugura FITUR 2020 con un total look de marcas espa\u00f1olas","og_description":"Es la primera vez que la reina abre las puertas de la feria m\u00e1s importante de Turismo en Espa\u00f1a en solitario y ha elegido muy bien su estilismo de hoy. Te contamos qu\u00e9 marcas espa\u00f1olas est\u00e1n detr\u00e1s.","og_url":"https:\/\/graziamagazine.com\/es\/articles\/la-reina-letizia-inaugura-fitur-2020-con-un-total-look-de-marcas-espanolas\/","og_site_name":"Grazia","article_modified_time":"2020-01-22T15:51:51+00:00","og_image":[{"width":1280,"height":853,"url":"https:\/\/graziamagazine.com\/es\/wp-content\/uploads\/sites\/12\/2020\/01\/GRAZIA-reina-letizia-fitur-2020-3.jpeg?fit=1280%2C853","type":"image\/jpeg"}],"twitter_card":"summary_large_image","twitter_misc":{"Est. reading time":"1 minuto"},"schema":{"@context":"https:\/\/schema.org","@graph":[{"@type":"WebPage","@id":"https:\/\/graziamagazine.com\/es\/articles\/la-reina-letizia-inaugura-fitur-2020-con-un-total-look-de-marcas-espanolas\/","url":"https:\/\/graziamagazine.com\/es\/articles\/la-reina-letizia-inaugura-fitur-2020-con-un-total-look-de-marcas-espanolas\/","name":"La reina Letizia inaugura FITUR 2020 con un total look de marcas espa\u00f1olas | Grazia","isPartOf":{"@id":"https:\/\/graziamagazine.com\/es\/#website"},"datePublished":"2020-01-22T14:04:10+00:00","dateModified":"2020-01-22T15:51:51+00:00","description":"Es la primera vez que la reina abre las puertas de la feria m\u00e1s importante de Turismo en Espa\u00f1a en solitario y ha elegido muy bien su estilismo de hoy. Te contamos qu\u00e9 marcas espa\u00f1olas est\u00e1n detr\u00e1s.","breadcrumb":{"@id":"https:\/\/graziamagazine.com\/es\/articles\/la-reina-letizia-inaugura-fitur-2020-con-un-total-look-de-marcas-espanolas\/#breadcrumb"},"inLanguage":"es","potentialAction":[{"@type":"ReadAction","target":["https:\/\/graziamagazine.com\/es\/articles\/la-reina-letizia-inaugura-fitur-2020-con-un-total-look-de-marcas-espanolas\/"]}]},{"@type":"BreadcrumbList","@id":"https:\/\/graziamagazine.com\/es\/articles\/la-reina-letizia-inaugura-fitur-2020-con-un-total-look-de-marcas-espanolas\/#breadcrumb","itemListElement":[{"@type":"ListItem","position":1,"name":"Portada","item":"https:\/\/graziamagazine.com\/es\/"},{"@type":"ListItem","position":2,"name":"La reina Letizia inaugura FITUR 2020 con un total look de marcas espa\u00f1olas"}]},{"@type":"WebSite","@id":"https:\/\/graziamagazine.com\/es\/#website","url":"https:\/\/graziamagazine.com\/es\/","name":"Grazia","description":"Moda, belleza, celebrities, estilo de vida...","potentialAction":[{"@type":"SearchAction","target":{"@type":"EntryPoint","urlTemplate":"https:\/\/graziamagazine.com\/es\/?s={search_term_string}"},"query-input":"required name=search_term_string"}],"inLanguage":"es"}]}},"jetpack_sharing_enabled":true,"distributor_meta":false,"distributor_terms":false,"distributor_media":false,"distributor_original_site_name":"Grazia","distributor_original_site_url":"https:\/\/graziamagazine.com\/es","push-errors":false,"_links":{"self":[{"href":"https:\/\/graziamagazine.com\/es\/wp-json\/wp\/v2\/articles\/151559"}],"collection":[{"href":"https:\/\/graziamagazine.com\/es\/wp-json\/wp\/v2\/articles"}],"about":[{"href":"https:\/\/graziamagazine.com\/es\/wp-json\/wp\/v2\/types\/articles"}],"author":[{"embeddable":true,"href":"https:\/\/graziamagazine.com\/es\/wp-json\/wp\/v2\/users\/11653"}],"wp:featuredmedia":[{"embeddable":true,"href":"https:\/\/graziamagazine.com\/es\/wp-json\/wp\/v2\/media\/151574"}],"wp:attachment":[{"href":"https:\/\/graziamagazine.com\/es\/wp-json\/wp\/v2\/media?parent=151559"}],"wp:term":[{"taxonomy":"category","embeddable":true,"href":"https:\/\/graziamagazine.com\/es\/wp-json\/wp\/v2\/categories?post=151559"}],"curies":[{"name":"wp","href":"https:\/\/api.w.org\/{rel}","templated":true}]}}