{"id":151470,"date":"2020-01-21T12:00:07","date_gmt":"2020-01-21T11:00:07","guid":{"rendered":"https:\/\/graziamagazine.com\/es\/?p=151470"},"modified":"2020-01-21T13:29:48","modified_gmt":"2020-01-21T12:29:48","slug":"asi-ha-sido-el-desfile-de-alta-costura-de-dior-en-paris","status":"publish","type":"articles","link":"https:\/\/graziamagazine.com\/es\/articles\/asi-ha-sido-el-desfile-de-alta-costura-de-dior-en-paris\/","title":{"rendered":"As\u00ed ha sido el desfile de Alta Costura de Dior en Par\u00eds: oda a la Antigua Grecia"},"content":{"rendered":"<p>Desde Par\u00eds, la Alta Costura vuelve a seducirnos y as\u00ed se ha vivido el \u00faltimo desfile de la <em>maison<\/em>, con la colecci\u00f3n de Maria Grazia Chiuri para la pr\u00f3xima primavera-verano 2020. Una vez m\u00e1s la dise\u00f1adora ha ido m\u00e1s all\u00e1 de la moda, conect\u00e1ndonos con las historias, con la belleza femenina, y con la creaci\u00f3n, por eso ha vuelto a trabajar con la artista feminisa Judy Chicago, con quien ya cre\u00f3 la camiseta que vimos <a href=\"http:\/\/bit.ly\/2lwMxnO\" target=\"_blank\">en el desfile de la colecci\u00f3n Invierno 2020.<\/a><\/p>\n<p>De nuevo l<strong>a dise\u00f1adora ha lanzado un mensaje feminista<\/strong>, representado en las frases que pod\u00edan leerse en los bolsos bandolera: <strong>\u00ab<em>\u00bfY si las mujeres gobernasen el mundo?<\/em>\u00ab. <\/strong><\/p>\n<p>Por la pasarela hemos visto desfilar <strong>siluetas ultra femeninas, delicadas y al mismo tiempo empoderadas pisando fuerte sobre sandalias planas<\/strong>. Movimientos, <strong>tejidos vaporizados y metalizados<\/strong>, que ofrecen una imagen lujosa y serena de la mujer, y que nos transporta a <strong>la Antigua Grecia y Roma<\/strong>. Unas mujeres que nos buscan artificios, ellas son el artificio y \u00fanicamente hay que a\u00f1adir un toque de elegancia, y \u00e9sta se encuentra en los tejidos elegidos por Maria Grazia Chiuri.<\/p>\n<p><img loading=\"lazy\" decoding=\"async\" class=\"aligncenter size-full wp-image-151502\" src=\"https:\/\/graziamagazine.com\/es\/wp-content\/uploads\/sites\/12\/2020\/01\/GRAZIA-desfile-dior-alta-costura-verano-2020-7.jpg\" alt=\"As\u00ed ha sido el desfiles de Dior Alta Costura colecci\u00f3 SS 2020\" width=\"1366\" height=\"2049\" srcset=\"https:\/\/graziamagazine.com\/es\/wp-content\/uploads\/sites\/12\/2020\/01\/GRAZIA-desfile-dior-alta-costura-verano-2020-7.jpg 1366w, https:\/\/graziamagazine.com\/es\/wp-content\/uploads\/sites\/12\/2020\/01\/GRAZIA-desfile-dior-alta-costura-verano-2020-7.jpg?resize=200,300 200w, https:\/\/graziamagazine.com\/es\/wp-content\/uploads\/sites\/12\/2020\/01\/GRAZIA-desfile-dior-alta-costura-verano-2020-7.jpg?resize=768,1152 768w, https:\/\/graziamagazine.com\/es\/wp-content\/uploads\/sites\/12\/2020\/01\/GRAZIA-desfile-dior-alta-costura-verano-2020-7.jpg?resize=683,1024 683w, https:\/\/graziamagazine.com\/es\/wp-content\/uploads\/sites\/12\/2020\/01\/GRAZIA-desfile-dior-alta-costura-verano-2020-7.jpg?resize=1024,1536 1024w, https:\/\/graziamagazine.com\/es\/wp-content\/uploads\/sites\/12\/2020\/01\/GRAZIA-desfile-dior-alta-costura-verano-2020-7.jpg?resize=143,215 143w\" sizes=\"(max-width: 1366px) 100vw, 1366px\" \/><\/p>\n<p><img loading=\"lazy\" decoding=\"async\" class=\"aligncenter size-full wp-image-151497\" src=\"https:\/\/graziamagazine.com\/es\/wp-content\/uploads\/sites\/12\/2020\/01\/GRAZIA-desfile-dior-alta-costura-verano-2020-6.jpg\" alt=\"As\u00ed ha sido el desfiles de Dior Alta Costura colecci\u00f3 SS 2020\" width=\"1366\" height=\"2049\" srcset=\"https:\/\/graziamagazine.com\/es\/wp-content\/uploads\/sites\/12\/2020\/01\/GRAZIA-desfile-dior-alta-costura-verano-2020-6.jpg 1366w, https:\/\/graziamagazine.com\/es\/wp-content\/uploads\/sites\/12\/2020\/01\/GRAZIA-desfile-dior-alta-costura-verano-2020-6.jpg?resize=200,300 200w, https:\/\/graziamagazine.com\/es\/wp-content\/uploads\/sites\/12\/2020\/01\/GRAZIA-desfile-dior-alta-costura-verano-2020-6.jpg?resize=768,1152 768w, https:\/\/graziamagazine.com\/es\/wp-content\/uploads\/sites\/12\/2020\/01\/GRAZIA-desfile-dior-alta-costura-verano-2020-6.jpg?resize=683,1024 683w, https:\/\/graziamagazine.com\/es\/wp-content\/uploads\/sites\/12\/2020\/01\/GRAZIA-desfile-dior-alta-costura-verano-2020-6.jpg?resize=1024,1536 1024w, https:\/\/graziamagazine.com\/es\/wp-content\/uploads\/sites\/12\/2020\/01\/GRAZIA-desfile-dior-alta-costura-verano-2020-6.jpg?resize=143,215 143w\" sizes=\"(max-width: 1366px) 100vw, 1366px\" \/><\/p>\n<p><img loading=\"lazy\" decoding=\"async\" class=\"aligncenter size-full wp-image-151498\" src=\"https:\/\/graziamagazine.com\/es\/wp-content\/uploads\/sites\/12\/2020\/01\/GRAZIA-desfile-dior-alta-costura-verano-2020.jpg\" alt=\"As\u00ed ha sido el desfiles de Dior Alta Costura colecci\u00f3n SS 2020\" width=\"1366\" height=\"2049\" srcset=\"https:\/\/graziamagazine.com\/es\/wp-content\/uploads\/sites\/12\/2020\/01\/GRAZIA-desfile-dior-alta-costura-verano-2020.jpg 1366w, https:\/\/graziamagazine.com\/es\/wp-content\/uploads\/sites\/12\/2020\/01\/GRAZIA-desfile-dior-alta-costura-verano-2020.jpg?resize=200,300 200w, https:\/\/graziamagazine.com\/es\/wp-content\/uploads\/sites\/12\/2020\/01\/GRAZIA-desfile-dior-alta-costura-verano-2020.jpg?resize=768,1152 768w, https:\/\/graziamagazine.com\/es\/wp-content\/uploads\/sites\/12\/2020\/01\/GRAZIA-desfile-dior-alta-costura-verano-2020.jpg?resize=683,1024 683w, https:\/\/graziamagazine.com\/es\/wp-content\/uploads\/sites\/12\/2020\/01\/GRAZIA-desfile-dior-alta-costura-verano-2020.jpg?resize=1024,1536 1024w, https:\/\/graziamagazine.com\/es\/wp-content\/uploads\/sites\/12\/2020\/01\/GRAZIA-desfile-dior-alta-costura-verano-2020.jpg?resize=143,215 143w\" sizes=\"(max-width: 1366px) 100vw, 1366px\" \/><\/p>\n<p>Junto a los vestidos vaporosos, l<strong>os metalizado<\/strong>s han deslumbrado en la pasarela con flecos, brocados, estructuras y vol\u00famenes sutiles en muchas ocasiones.<\/p>\n<p><img loading=\"lazy\" decoding=\"async\" class=\"aligncenter size-full wp-image-151496\" src=\"https:\/\/graziamagazine.com\/es\/wp-content\/uploads\/sites\/12\/2020\/01\/GRAZIA-desfile-dior-alta-costura-verano-2020-5.jpg\" alt=\"As\u00ed ha sido el desfiles de Dior Alta Costura colecci\u00f3 SS 2020\" width=\"1366\" height=\"2049\" srcset=\"https:\/\/graziamagazine.com\/es\/wp-content\/uploads\/sites\/12\/2020\/01\/GRAZIA-desfile-dior-alta-costura-verano-2020-5.jpg 1366w, https:\/\/graziamagazine.com\/es\/wp-content\/uploads\/sites\/12\/2020\/01\/GRAZIA-desfile-dior-alta-costura-verano-2020-5.jpg?resize=200,300 200w, https:\/\/graziamagazine.com\/es\/wp-content\/uploads\/sites\/12\/2020\/01\/GRAZIA-desfile-dior-alta-costura-verano-2020-5.jpg?resize=768,1152 768w, https:\/\/graziamagazine.com\/es\/wp-content\/uploads\/sites\/12\/2020\/01\/GRAZIA-desfile-dior-alta-costura-verano-2020-5.jpg?resize=683,1024 683w, https:\/\/graziamagazine.com\/es\/wp-content\/uploads\/sites\/12\/2020\/01\/GRAZIA-desfile-dior-alta-costura-verano-2020-5.jpg?resize=1024,1536 1024w, https:\/\/graziamagazine.com\/es\/wp-content\/uploads\/sites\/12\/2020\/01\/GRAZIA-desfile-dior-alta-costura-verano-2020-5.jpg?resize=143,215 143w\" sizes=\"(max-width: 1366px) 100vw, 1366px\" \/><\/p>\n<p><img loading=\"lazy\" decoding=\"async\" class=\"aligncenter size-full wp-image-151495\" src=\"https:\/\/graziamagazine.com\/es\/wp-content\/uploads\/sites\/12\/2020\/01\/GRAZIA-desfile-dior-alta-costura-verano-2020-4.jpg\" alt=\"As\u00ed ha sido el desfiles de Dior Alta Costura colecci\u00f3 SS 2020\" width=\"1366\" height=\"2049\" srcset=\"https:\/\/graziamagazine.com\/es\/wp-content\/uploads\/sites\/12\/2020\/01\/GRAZIA-desfile-dior-alta-costura-verano-2020-4.jpg 1366w, https:\/\/graziamagazine.com\/es\/wp-content\/uploads\/sites\/12\/2020\/01\/GRAZIA-desfile-dior-alta-costura-verano-2020-4.jpg?resize=200,300 200w, https:\/\/graziamagazine.com\/es\/wp-content\/uploads\/sites\/12\/2020\/01\/GRAZIA-desfile-dior-alta-costura-verano-2020-4.jpg?resize=768,1152 768w, https:\/\/graziamagazine.com\/es\/wp-content\/uploads\/sites\/12\/2020\/01\/GRAZIA-desfile-dior-alta-costura-verano-2020-4.jpg?resize=683,1024 683w, https:\/\/graziamagazine.com\/es\/wp-content\/uploads\/sites\/12\/2020\/01\/GRAZIA-desfile-dior-alta-costura-verano-2020-4.jpg?resize=1024,1536 1024w, https:\/\/graziamagazine.com\/es\/wp-content\/uploads\/sites\/12\/2020\/01\/GRAZIA-desfile-dior-alta-costura-verano-2020-4.jpg?resize=143,215 143w\" sizes=\"(max-width: 1366px) 100vw, 1366px\" \/><\/p>\n<p><img loading=\"lazy\" decoding=\"async\" class=\"aligncenter size-full wp-image-151494\" src=\"https:\/\/graziamagazine.com\/es\/wp-content\/uploads\/sites\/12\/2020\/01\/GRAZIA-desfile-dior-alta-costura-verano-2020-3.jpg\" alt=\"As\u00ed ha sido el desfiles de Dior Alta Costura colecci\u00f3 SS 2020\" width=\"1366\" height=\"2049\" srcset=\"https:\/\/graziamagazine.com\/es\/wp-content\/uploads\/sites\/12\/2020\/01\/GRAZIA-desfile-dior-alta-costura-verano-2020-3.jpg 1366w, https:\/\/graziamagazine.com\/es\/wp-content\/uploads\/sites\/12\/2020\/01\/GRAZIA-desfile-dior-alta-costura-verano-2020-3.jpg?resize=200,300 200w, https:\/\/graziamagazine.com\/es\/wp-content\/uploads\/sites\/12\/2020\/01\/GRAZIA-desfile-dior-alta-costura-verano-2020-3.jpg?resize=768,1152 768w, https:\/\/graziamagazine.com\/es\/wp-content\/uploads\/sites\/12\/2020\/01\/GRAZIA-desfile-dior-alta-costura-verano-2020-3.jpg?resize=683,1024 683w, https:\/\/graziamagazine.com\/es\/wp-content\/uploads\/sites\/12\/2020\/01\/GRAZIA-desfile-dior-alta-costura-verano-2020-3.jpg?resize=1024,1536 1024w, https:\/\/graziamagazine.com\/es\/wp-content\/uploads\/sites\/12\/2020\/01\/GRAZIA-desfile-dior-alta-costura-verano-2020-3.jpg?resize=143,215 143w\" sizes=\"(max-width: 1366px) 100vw, 1366px\" \/><br \/>\n<img loading=\"lazy\" decoding=\"async\" class=\"aligncenter size-full wp-image-151493\" src=\"https:\/\/graziamagazine.com\/es\/wp-content\/uploads\/sites\/12\/2020\/01\/GRAZIA-desfile-dior-alta-costura-verano-2020-2.jpg\" alt=\"As\u00ed ha sido el desfiles de Dior Alta Costura colecci\u00f3 SS 2020\" width=\"1366\" height=\"2049\" srcset=\"https:\/\/graziamagazine.com\/es\/wp-content\/uploads\/sites\/12\/2020\/01\/GRAZIA-desfile-dior-alta-costura-verano-2020-2.jpg 1366w, https:\/\/graziamagazine.com\/es\/wp-content\/uploads\/sites\/12\/2020\/01\/GRAZIA-desfile-dior-alta-costura-verano-2020-2.jpg?resize=200,300 200w, https:\/\/graziamagazine.com\/es\/wp-content\/uploads\/sites\/12\/2020\/01\/GRAZIA-desfile-dior-alta-costura-verano-2020-2.jpg?resize=768,1152 768w, https:\/\/graziamagazine.com\/es\/wp-content\/uploads\/sites\/12\/2020\/01\/GRAZIA-desfile-dior-alta-costura-verano-2020-2.jpg?resize=683,1024 683w, https:\/\/graziamagazine.com\/es\/wp-content\/uploads\/sites\/12\/2020\/01\/GRAZIA-desfile-dior-alta-costura-verano-2020-2.jpg?resize=1024,1536 1024w, https:\/\/graziamagazine.com\/es\/wp-content\/uploads\/sites\/12\/2020\/01\/GRAZIA-desfile-dior-alta-costura-verano-2020-2.jpg?resize=143,215 143w\" sizes=\"(max-width: 1366px) 100vw, 1366px\" \/><\/p>\n<p><strong>Las joyas<\/strong> han sido parte importante del desfile, <strong>piezas imponentes donde los animales y otros seres de la mitolog\u00eda han hecho su aparici\u00f3n<\/strong>, para convertir las siluetas en aut\u00e9nticas diosas que traspasan los l\u00edmites del tiempo, de las antiguas civilizaciones hasta la actualidad m\u00e1s tecnol\u00f3gica.<\/p>\n<p><img loading=\"lazy\" decoding=\"async\" class=\"aligncenter size-full wp-image-151499\" src=\"https:\/\/graziamagazine.com\/es\/wp-content\/uploads\/sites\/12\/2020\/01\/GRAZIA-desfile-dior-alta-costura-verano-2020-10.jpg\" alt=\"As\u00ed ha sido el desfiles de Dior Alta Costura colecci\u00f3 SS 2020\" width=\"1366\" height=\"2049\" srcset=\"https:\/\/graziamagazine.com\/es\/wp-content\/uploads\/sites\/12\/2020\/01\/GRAZIA-desfile-dior-alta-costura-verano-2020-10.jpg 1366w, https:\/\/graziamagazine.com\/es\/wp-content\/uploads\/sites\/12\/2020\/01\/GRAZIA-desfile-dior-alta-costura-verano-2020-10.jpg?resize=200,300 200w, https:\/\/graziamagazine.com\/es\/wp-content\/uploads\/sites\/12\/2020\/01\/GRAZIA-desfile-dior-alta-costura-verano-2020-10.jpg?resize=768,1152 768w, https:\/\/graziamagazine.com\/es\/wp-content\/uploads\/sites\/12\/2020\/01\/GRAZIA-desfile-dior-alta-costura-verano-2020-10.jpg?resize=683,1024 683w, https:\/\/graziamagazine.com\/es\/wp-content\/uploads\/sites\/12\/2020\/01\/GRAZIA-desfile-dior-alta-costura-verano-2020-10.jpg?resize=1024,1536 1024w, https:\/\/graziamagazine.com\/es\/wp-content\/uploads\/sites\/12\/2020\/01\/GRAZIA-desfile-dior-alta-costura-verano-2020-10.jpg?resize=143,215 143w\" sizes=\"(max-width: 1366px) 100vw, 1366px\" \/><\/p>\n<p><img loading=\"lazy\" decoding=\"async\" class=\"aligncenter size-full wp-image-151500\" src=\"https:\/\/graziamagazine.com\/es\/wp-content\/uploads\/sites\/12\/2020\/01\/GRAZIA-desfile-dior-alta-costura-verano-2020-9.jpg\" alt=\"As\u00ed ha sido el desfiles de Dior Alta Costura colecci\u00f3 SS 2020\" width=\"1366\" height=\"2049\" srcset=\"https:\/\/graziamagazine.com\/es\/wp-content\/uploads\/sites\/12\/2020\/01\/GRAZIA-desfile-dior-alta-costura-verano-2020-9.jpg 1366w, https:\/\/graziamagazine.com\/es\/wp-content\/uploads\/sites\/12\/2020\/01\/GRAZIA-desfile-dior-alta-costura-verano-2020-9.jpg?resize=200,300 200w, https:\/\/graziamagazine.com\/es\/wp-content\/uploads\/sites\/12\/2020\/01\/GRAZIA-desfile-dior-alta-costura-verano-2020-9.jpg?resize=768,1152 768w, https:\/\/graziamagazine.com\/es\/wp-content\/uploads\/sites\/12\/2020\/01\/GRAZIA-desfile-dior-alta-costura-verano-2020-9.jpg?resize=683,1024 683w, https:\/\/graziamagazine.com\/es\/wp-content\/uploads\/sites\/12\/2020\/01\/GRAZIA-desfile-dior-alta-costura-verano-2020-9.jpg?resize=1024,1536 1024w, https:\/\/graziamagazine.com\/es\/wp-content\/uploads\/sites\/12\/2020\/01\/GRAZIA-desfile-dior-alta-costura-verano-2020-9.jpg?resize=143,215 143w\" sizes=\"(max-width: 1366px) 100vw, 1366px\" \/><\/p>\n<p><img loading=\"lazy\" decoding=\"async\" class=\"aligncenter size-full wp-image-151501\" src=\"https:\/\/graziamagazine.com\/es\/wp-content\/uploads\/sites\/12\/2020\/01\/GRAZIA-desfile-dior-alta-costura-verano-2020-8.jpg\" alt=\"As\u00ed ha sido el desfiles de Dior Alta Costura colecci\u00f3 SS 2020\" width=\"1366\" height=\"2049\" srcset=\"https:\/\/graziamagazine.com\/es\/wp-content\/uploads\/sites\/12\/2020\/01\/GRAZIA-desfile-dior-alta-costura-verano-2020-8.jpg 1366w, https:\/\/graziamagazine.com\/es\/wp-content\/uploads\/sites\/12\/2020\/01\/GRAZIA-desfile-dior-alta-costura-verano-2020-8.jpg?resize=200,300 200w, https:\/\/graziamagazine.com\/es\/wp-content\/uploads\/sites\/12\/2020\/01\/GRAZIA-desfile-dior-alta-costura-verano-2020-8.jpg?resize=768,1152 768w, https:\/\/graziamagazine.com\/es\/wp-content\/uploads\/sites\/12\/2020\/01\/GRAZIA-desfile-dior-alta-costura-verano-2020-8.jpg?resize=683,1024 683w, https:\/\/graziamagazine.com\/es\/wp-content\/uploads\/sites\/12\/2020\/01\/GRAZIA-desfile-dior-alta-costura-verano-2020-8.jpg?resize=1024,1536 1024w, https:\/\/graziamagazine.com\/es\/wp-content\/uploads\/sites\/12\/2020\/01\/GRAZIA-desfile-dior-alta-costura-verano-2020-8.jpg?resize=143,215 143w\" sizes=\"(max-width: 1366px) 100vw, 1366px\" \/><\/p>\n<p>\u201cLa moda y su mediatizaci\u00f3n en el contexto contempor\u00e1neo constituye un marco \u00fanico para la transmisi\u00f3n de historias que van m\u00e1s all\u00e1 de la ropa\u201d, declara Chiuri. Y s\u00ed, es a trav\u00e9s de ella que distintos mensajes y protestas sociales han encontrado su medio para propagarse. Maria Grazia lo sabe desde que inici\u00f3 su era en Dior y as\u00ed continuar\u00e1 por los a\u00f1os siguientes.<\/p>\n<p>Te dejamos tambi\u00e9n el v\u00eddeo para que vuelvas a revivir el desfile y su maravillosa colecci\u00f3n.<\/p>\n<p><iframe loading=\"lazy\" title=\"The Dior Spring-Summer 2020 Haute Couture Collection\" width=\"500\" height=\"281\" src=\"https:\/\/www.youtube.com\/embed\/K6TulbF7naY?feature=oembed\" frameborder=\"0\" allow=\"accelerometer; autoplay; encrypted-media; gyroscope; picture-in-picture\" allowfullscreen><\/iframe><\/p>\n","protected":false},"author":11653,"featured_media":151491,"template":"","format":"standard","categories":[2862,2301],"acf":[],"yoast_head":"<!-- This site is optimized with the Yoast SEO Premium plugin v18.5 (Yoast SEO v20.4) - https:\/\/yoast.com\/wordpress\/plugins\/seo\/ -->\n<title>As\u00ed ha sido el desfile de Alta Costura de Dior en Par\u00eds: oda a la Antigua Grecia | Grazia<\/title>\n<meta name=\"description\" content=\"La \u00faltima colecci\u00f3n Alta Costura de Dior parte de una pregunta que deber\u00edamos hacernos todos los d\u00edas: \u00bfQu\u00e9 pasar\u00eda si las mujeres gobernaran el mundo?\" \/>\n<meta name=\"robots\" content=\"index, follow, max-snippet:-1, max-image-preview:large, max-video-preview:-1\" \/>\n<link rel=\"canonical\" href=\"https:\/\/graziamagazine.com\/es\/articles\/asi-ha-sido-el-desfile-de-alta-costura-de-dior-en-paris\/\" \/>\n<meta property=\"og:locale\" content=\"es_ES\" \/>\n<meta property=\"og:type\" content=\"article\" \/>\n<meta property=\"og:title\" content=\"As\u00ed ha sido el desfile de Alta Costura de Dior en Par\u00eds: oda a la Antigua Grecia\" \/>\n<meta property=\"og:description\" content=\"La \u00faltima colecci\u00f3n Alta Costura de Dior parte de una pregunta que deber\u00edamos hacernos todos los d\u00edas: \u00bfQu\u00e9 pasar\u00eda si las mujeres gobernaran el mundo?\" \/>\n<meta property=\"og:url\" content=\"https:\/\/graziamagazine.com\/es\/articles\/asi-ha-sido-el-desfile-de-alta-costura-de-dior-en-paris\/\" \/>\n<meta property=\"og:site_name\" content=\"Grazia\" \/>\n<meta property=\"article:modified_time\" content=\"2020-01-21T12:29:48+00:00\" \/>\n<meta property=\"og:image\" content=\"https:\/\/graziamagazine.com\/es\/wp-content\/uploads\/sites\/12\/2020\/01\/GRAZIA-desfile-alta-costura-primavera-verano-2020-de-dior-destacada1.jpg?fit=1366%2C911\" \/>\n\t<meta property=\"og:image:width\" content=\"1366\" \/>\n\t<meta property=\"og:image:height\" content=\"911\" \/>\n\t<meta property=\"og:image:type\" content=\"image\/jpeg\" \/>\n<meta name=\"twitter:card\" content=\"summary_large_image\" \/>\n<meta name=\"twitter:label1\" content=\"Est. reading time\" \/>\n\t<meta name=\"twitter:data1\" content=\"2 minutos\" \/>\n<script type=\"application\/ld+json\" class=\"yoast-schema-graph\">{\"@context\":\"https:\/\/schema.org\",\"@graph\":[{\"@type\":\"WebPage\",\"@id\":\"https:\/\/graziamagazine.com\/es\/articles\/asi-ha-sido-el-desfile-de-alta-costura-de-dior-en-paris\/\",\"url\":\"https:\/\/graziamagazine.com\/es\/articles\/asi-ha-sido-el-desfile-de-alta-costura-de-dior-en-paris\/\",\"name\":\"As\u00ed ha sido el desfile de Alta Costura de Dior en Par\u00eds: oda a la Antigua Grecia | Grazia\",\"isPartOf\":{\"@id\":\"https:\/\/graziamagazine.com\/es\/#website\"},\"datePublished\":\"2020-01-21T11:00:07+00:00\",\"dateModified\":\"2020-01-21T12:29:48+00:00\",\"description\":\"La \u00faltima colecci\u00f3n Alta Costura de Dior parte de una pregunta que deber\u00edamos hacernos todos los d\u00edas: \u00bfQu\u00e9 pasar\u00eda si las mujeres gobernaran el mundo?\",\"breadcrumb\":{\"@id\":\"https:\/\/graziamagazine.com\/es\/articles\/asi-ha-sido-el-desfile-de-alta-costura-de-dior-en-paris\/#breadcrumb\"},\"inLanguage\":\"es\",\"potentialAction\":[{\"@type\":\"ReadAction\",\"target\":[\"https:\/\/graziamagazine.com\/es\/articles\/asi-ha-sido-el-desfile-de-alta-costura-de-dior-en-paris\/\"]}]},{\"@type\":\"BreadcrumbList\",\"@id\":\"https:\/\/graziamagazine.com\/es\/articles\/asi-ha-sido-el-desfile-de-alta-costura-de-dior-en-paris\/#breadcrumb\",\"itemListElement\":[{\"@type\":\"ListItem\",\"position\":1,\"name\":\"Portada\",\"item\":\"https:\/\/graziamagazine.com\/es\/\"},{\"@type\":\"ListItem\",\"position\":2,\"name\":\"As\u00ed ha sido el desfile de Alta Costura de Dior en Par\u00eds: oda a la Antigua Grecia\"}]},{\"@type\":\"WebSite\",\"@id\":\"https:\/\/graziamagazine.com\/es\/#website\",\"url\":\"https:\/\/graziamagazine.com\/es\/\",\"name\":\"Grazia\",\"description\":\"Moda, belleza, celebrities, estilo de vida...\",\"potentialAction\":[{\"@type\":\"SearchAction\",\"target\":{\"@type\":\"EntryPoint\",\"urlTemplate\":\"https:\/\/graziamagazine.com\/es\/?s={search_term_string}\"},\"query-input\":\"required name=search_term_string\"}],\"inLanguage\":\"es\"}]}<\/script>\n<!-- \/ Yoast SEO Premium plugin. -->","yoast_head_json":{"title":"As\u00ed ha sido el desfile de Alta Costura de Dior en Par\u00eds: oda a la Antigua Grecia | Grazia","description":"La \u00faltima colecci\u00f3n Alta Costura de Dior parte de una pregunta que deber\u00edamos hacernos todos los d\u00edas: \u00bfQu\u00e9 pasar\u00eda si las mujeres gobernaran el mundo?","robots":{"index":"index","follow":"follow","max-snippet":"max-snippet:-1","max-image-preview":"max-image-preview:large","max-video-preview":"max-video-preview:-1"},"canonical":"https:\/\/graziamagazine.com\/es\/articles\/asi-ha-sido-el-desfile-de-alta-costura-de-dior-en-paris\/","og_locale":"es_ES","og_type":"article","og_title":"As\u00ed ha sido el desfile de Alta Costura de Dior en Par\u00eds: oda a la Antigua Grecia","og_description":"La \u00faltima colecci\u00f3n Alta Costura de Dior parte de una pregunta que deber\u00edamos hacernos todos los d\u00edas: \u00bfQu\u00e9 pasar\u00eda si las mujeres gobernaran el mundo?","og_url":"https:\/\/graziamagazine.com\/es\/articles\/asi-ha-sido-el-desfile-de-alta-costura-de-dior-en-paris\/","og_site_name":"Grazia","article_modified_time":"2020-01-21T12:29:48+00:00","og_image":[{"width":1366,"height":911,"url":"https:\/\/graziamagazine.com\/es\/wp-content\/uploads\/sites\/12\/2020\/01\/GRAZIA-desfile-alta-costura-primavera-verano-2020-de-dior-destacada1.jpg?fit=1366%2C911","type":"image\/jpeg"}],"twitter_card":"summary_large_image","twitter_misc":{"Est. reading time":"2 minutos"},"schema":{"@context":"https:\/\/schema.org","@graph":[{"@type":"WebPage","@id":"https:\/\/graziamagazine.com\/es\/articles\/asi-ha-sido-el-desfile-de-alta-costura-de-dior-en-paris\/","url":"https:\/\/graziamagazine.com\/es\/articles\/asi-ha-sido-el-desfile-de-alta-costura-de-dior-en-paris\/","name":"As\u00ed ha sido el desfile de Alta Costura de Dior en Par\u00eds: oda a la Antigua Grecia | Grazia","isPartOf":{"@id":"https:\/\/graziamagazine.com\/es\/#website"},"datePublished":"2020-01-21T11:00:07+00:00","dateModified":"2020-01-21T12:29:48+00:00","description":"La \u00faltima colecci\u00f3n Alta Costura de Dior parte de una pregunta que deber\u00edamos hacernos todos los d\u00edas: \u00bfQu\u00e9 pasar\u00eda si las mujeres gobernaran el mundo?","breadcrumb":{"@id":"https:\/\/graziamagazine.com\/es\/articles\/asi-ha-sido-el-desfile-de-alta-costura-de-dior-en-paris\/#breadcrumb"},"inLanguage":"es","potentialAction":[{"@type":"ReadAction","target":["https:\/\/graziamagazine.com\/es\/articles\/asi-ha-sido-el-desfile-de-alta-costura-de-dior-en-paris\/"]}]},{"@type":"BreadcrumbList","@id":"https:\/\/graziamagazine.com\/es\/articles\/asi-ha-sido-el-desfile-de-alta-costura-de-dior-en-paris\/#breadcrumb","itemListElement":[{"@type":"ListItem","position":1,"name":"Portada","item":"https:\/\/graziamagazine.com\/es\/"},{"@type":"ListItem","position":2,"name":"As\u00ed ha sido el desfile de Alta Costura de Dior en Par\u00eds: oda a la Antigua Grecia"}]},{"@type":"WebSite","@id":"https:\/\/graziamagazine.com\/es\/#website","url":"https:\/\/graziamagazine.com\/es\/","name":"Grazia","description":"Moda, belleza, celebrities, estilo de vida...","potentialAction":[{"@type":"SearchAction","target":{"@type":"EntryPoint","urlTemplate":"https:\/\/graziamagazine.com\/es\/?s={search_term_string}"},"query-input":"required name=search_term_string"}],"inLanguage":"es"}]}},"jetpack_sharing_enabled":true,"distributor_meta":false,"distributor_terms":false,"distributor_media":false,"distributor_original_site_name":"Grazia","distributor_original_site_url":"https:\/\/graziamagazine.com\/es","push-errors":false,"_links":{"self":[{"href":"https:\/\/graziamagazine.com\/es\/wp-json\/wp\/v2\/articles\/151470"}],"collection":[{"href":"https:\/\/graziamagazine.com\/es\/wp-json\/wp\/v2\/articles"}],"about":[{"href":"https:\/\/graziamagazine.com\/es\/wp-json\/wp\/v2\/types\/articles"}],"author":[{"embeddable":true,"href":"https:\/\/graziamagazine.com\/es\/wp-json\/wp\/v2\/users\/11653"}],"wp:featuredmedia":[{"embeddable":true,"href":"https:\/\/graziamagazine.com\/es\/wp-json\/wp\/v2\/media\/151491"}],"wp:attachment":[{"href":"https:\/\/graziamagazine.com\/es\/wp-json\/wp\/v2\/media?parent=151470"}],"wp:term":[{"taxonomy":"category","embeddable":true,"href":"https:\/\/graziamagazine.com\/es\/wp-json\/wp\/v2\/categories?post=151470"}],"curies":[{"name":"wp","href":"https:\/\/api.w.org\/{rel}","templated":true}]}}