{"id":151318,"date":"2020-01-17T00:24:00","date_gmt":"2020-01-16T23:24:00","guid":{"rendered":"https:\/\/graziamagazine.com\/es\/?p=151318"},"modified":"2020-01-17T00:25:45","modified_gmt":"2020-01-16T23:25:45","slug":"el-maquillaje-parisino-de-greta-fernandez-en-los-premios-feroz-2020","status":"publish","type":"articles","link":"https:\/\/graziamagazine.com\/es\/articles\/el-maquillaje-parisino-de-greta-fernandez-en-los-premios-feroz-2020\/","title":{"rendered":"El maquillaje parisino de Greta Fern\u00e1ndez en los Premios Feroz 2020"},"content":{"rendered":"<p>Hace unos d\u00edas <a href=\"http:\/\/bit.ly\/36OYlEI\" target=\"_blank\">Greta Fern\u00e1ndez eleg\u00eda un maquillaje s\u00faper natural para asistir a los Premios Forqu\u00e9<\/a>. Para brillar hoy en los Premios Feroz 2020 la actriz nominada por su papel en &#8216;<em>La hija de un ladr\u00f3n<\/em>&#8216; <strong>ha vuelto a confiar en Chanel Beauty para conseguir un<em> beauty look<\/em> muy sofisticado<\/strong>.<\/p>\n<p>Uno de los <em>make up artist<\/em> de la maison, David Bello, ha vuelto a firmar un maquillaje que tal y como nos cuenta, se inspira en La vie en Rose, para conseguir un look homenaje al estilo franc\u00e9s.<\/p>\n<h3>El primer paso: la piel<\/h3>\n<p>El secreto para conseguir una piel perfectamente unificada es el <strong>nuevo Ultra Le Teint Velvet,<\/strong> que elimina todos los brillos. Un toque que no debes olvidar es aplicar la bruma Hydrabeauty a los cinco minutos, \u00a1no te arrepentir\u00e1s!<\/p>\n<p><img loading=\"lazy\" decoding=\"async\" class=\"aligncenter wp-image-151324 size-full\" src=\"https:\/\/graziamagazine.com\/es\/wp-content\/uploads\/sites\/12\/2020\/01\/B30_MA2017_09_1169_12-2-e1579216831639.jpg\" alt=\"El paso a paso del beauty look de Chanel de Greta Fern\u00e1ndez en los Premios Feroz 2020\" width=\"886\" height=\"1016\" srcset=\"https:\/\/graziamagazine.com\/es\/wp-content\/uploads\/sites\/12\/2020\/01\/B30_MA2017_09_1169_12-2-e1579216831639.jpg 886w, https:\/\/graziamagazine.com\/es\/wp-content\/uploads\/sites\/12\/2020\/01\/B30_MA2017_09_1169_12-2-e1579216831639.jpg?resize=262,300 262w, https:\/\/graziamagazine.com\/es\/wp-content\/uploads\/sites\/12\/2020\/01\/B30_MA2017_09_1169_12-2-e1579216831639.jpg?resize=768,881 768w, https:\/\/graziamagazine.com\/es\/wp-content\/uploads\/sites\/12\/2020\/01\/B30_MA2017_09_1169_12-2-e1579216831639.jpg?resize=155,178 155w\" sizes=\"(max-width: 886px) 100vw, 886px\" \/><\/p>\n<h3>El segundo paso: los ojos<\/h3>\n<p>Para los ojos David ha apostado por un <strong>eyeliner cl\u00e1sico con la LIGNE GRAPHIQUE<\/strong>\u00a0en el tono negro, que marcaba la mirada de Greta con impacto y naturalidad a la vez.<\/p>\n<p><img loading=\"lazy\" decoding=\"async\" class=\"aligncenter wp-image-151325 size-full\" src=\"https:\/\/graziamagazine.com\/es\/wp-content\/uploads\/sites\/12\/2020\/01\/MA2016_13_0021_1-1-e1579216861381.jpg\" alt=\"El paso a paso del beauty look de Chanel de Greta Fern\u00e1ndez en los Premios Feroz 2020\" width=\"1267\" height=\"2135\" srcset=\"https:\/\/graziamagazine.com\/es\/wp-content\/uploads\/sites\/12\/2020\/01\/MA2016_13_0021_1-1-e1579216861381.jpg 1267w, https:\/\/graziamagazine.com\/es\/wp-content\/uploads\/sites\/12\/2020\/01\/MA2016_13_0021_1-1-e1579216861381-500x843.jpg 500w, https:\/\/graziamagazine.com\/es\/wp-content\/uploads\/sites\/12\/2020\/01\/MA2016_13_0021_1-1-e1579216861381-768x1294.jpg 768w, https:\/\/graziamagazine.com\/es\/wp-content\/uploads\/sites\/12\/2020\/01\/MA2016_13_0021_1-1-e1579216861381-900x1517.jpg 900w, https:\/\/graziamagazine.com\/es\/wp-content\/uploads\/sites\/12\/2020\/01\/MA2016_13_0021_1-1-e1579216861381-1100x1854.jpg 1100w, https:\/\/graziamagazine.com\/es\/wp-content\/uploads\/sites\/12\/2020\/01\/MA2016_13_0021_1-1-e1579216861381-120x202.jpg 120w, https:\/\/graziamagazine.com\/es\/wp-content\/uploads\/sites\/12\/2020\/01\/MA2016_13_0021_1-1-e1579216861381-720x1213.jpg 720w, https:\/\/graziamagazine.com\/es\/wp-content\/uploads\/sites\/12\/2020\/01\/MA2016_13_0021_1-1-e1579216861381-1200x2022.jpg 1200w, https:\/\/graziamagazine.com\/es\/wp-content\/uploads\/sites\/12\/2020\/01\/MA2016_13_0021_1-1-e1579216861381-626x1055.jpg 626w, https:\/\/graziamagazine.com\/es\/wp-content\/uploads\/sites\/12\/2020\/01\/MA2016_13_0021_1-1-e1579216861381-360x607.jpg 360w\" sizes=\"(max-width: 1267px) 100vw, 1267px\" \/><\/p>\n<h3>El tercer paso: los detalles<\/h3>\n<p>En los <strong>labios<\/strong> llega la sofisticaci\u00f3n gracias al <strong>nuevo ROUGE ALLURE VELVET<\/strong> en el tono 357 Camelia Rouge. En las<strong> mejillas un toque de Les beiges<\/strong> en un tono m\u00e1s dorado para resaltar las facciones del rostro pero de manera sutil. Nos gusta mucho el acabado, \u00bfy a ti?<\/p>\n<p><img loading=\"lazy\" decoding=\"async\" class=\"aligncenter wp-image-151326 size-full\" src=\"https:\/\/graziamagazine.com\/es\/wp-content\/uploads\/sites\/12\/2020\/01\/MA2019_14_0029_2_came\u0301lia-rouge_CMYK-e1579216975225.jpg\" alt=\"El paso a paso del beauty look de Chanel de Greta Fern\u00e1ndez en los Premios Feroz 2020\" width=\"899\" height=\"1140\" srcset=\"https:\/\/graziamagazine.com\/es\/wp-content\/uploads\/sites\/12\/2020\/01\/MA2019_14_0029_2_came\u0301lia-rouge_CMYK-e1579216975225.jpg 899w, https:\/\/graziamagazine.com\/es\/wp-content\/uploads\/sites\/12\/2020\/01\/MA2019_14_0029_2_came\u0301lia-rouge_CMYK-e1579216975225-500x634.jpg 500w, https:\/\/graziamagazine.com\/es\/wp-content\/uploads\/sites\/12\/2020\/01\/MA2019_14_0029_2_came\u0301lia-rouge_CMYK-e1579216975225-768x974.jpg 768w, https:\/\/graziamagazine.com\/es\/wp-content\/uploads\/sites\/12\/2020\/01\/MA2019_14_0029_2_came\u0301lia-rouge_CMYK-e1579216975225-120x152.jpg 120w, https:\/\/graziamagazine.com\/es\/wp-content\/uploads\/sites\/12\/2020\/01\/MA2019_14_0029_2_came\u0301lia-rouge_CMYK-e1579216975225-720x913.jpg 720w, https:\/\/graziamagazine.com\/es\/wp-content\/uploads\/sites\/12\/2020\/01\/MA2019_14_0029_2_came\u0301lia-rouge_CMYK-e1579216975225-626x794.jpg 626w, https:\/\/graziamagazine.com\/es\/wp-content\/uploads\/sites\/12\/2020\/01\/MA2019_14_0029_2_came\u0301lia-rouge_CMYK-e1579216975225-360x457.jpg 360w\" sizes=\"(max-width: 899px) 100vw, 899px\" \/><\/p>\n<p><em>*Im\u00e1genes: Getty Images y Chanel Beauty<\/em><\/p>\n","protected":false},"author":11653,"featured_media":151323,"template":"","format":"standard","categories":[7],"acf":[],"yoast_head":"<!-- This site is optimized with the Yoast SEO Premium plugin v18.5 (Yoast SEO v20.4) - https:\/\/yoast.com\/wordpress\/plugins\/seo\/ -->\n<title>El maquillaje parisino de Greta Fern\u00e1ndez en los Premios Feroz 2020 | Grazia<\/title>\n<meta name=\"description\" content=\"La actriz ha sido maquillada por David Bello para Chanel Beauty y te decimos c\u00f3mo puedes copiar el beauty look.\" \/>\n<meta name=\"robots\" content=\"index, follow, max-snippet:-1, max-image-preview:large, max-video-preview:-1\" \/>\n<link rel=\"canonical\" href=\"https:\/\/graziamagazine.com\/es\/articles\/el-maquillaje-parisino-de-greta-fernandez-en-los-premios-feroz-2020\/\" \/>\n<meta property=\"og:locale\" content=\"es_ES\" \/>\n<meta property=\"og:type\" content=\"article\" \/>\n<meta property=\"og:title\" content=\"El maquillaje parisino de Greta Fern\u00e1ndez en los Premios Feroz 2020\" \/>\n<meta property=\"og:description\" content=\"La actriz ha sido maquillada por David Bello para Chanel Beauty y te decimos c\u00f3mo puedes copiar el beauty look.\" \/>\n<meta property=\"og:url\" content=\"https:\/\/graziamagazine.com\/es\/articles\/el-maquillaje-parisino-de-greta-fernandez-en-los-premios-feroz-2020\/\" \/>\n<meta property=\"og:site_name\" content=\"Grazia\" \/>\n<meta property=\"article:modified_time\" content=\"2020-01-16T23:25:45+00:00\" \/>\n<meta property=\"og:image\" content=\"https:\/\/graziamagazine.com\/es\/wp-content\/uploads\/sites\/12\/2020\/01\/gettyimages-1199966805-594x594.jpg?fit=594%2C388\" \/>\n\t<meta property=\"og:image:width\" content=\"594\" \/>\n\t<meta property=\"og:image:height\" content=\"388\" \/>\n\t<meta property=\"og:image:type\" content=\"image\/jpeg\" \/>\n<meta name=\"twitter:card\" content=\"summary_large_image\" \/>\n<meta name=\"twitter:label1\" content=\"Est. reading time\" \/>\n\t<meta name=\"twitter:data1\" content=\"1 minuto\" \/>\n<script type=\"application\/ld+json\" class=\"yoast-schema-graph\">{\"@context\":\"https:\/\/schema.org\",\"@graph\":[{\"@type\":\"WebPage\",\"@id\":\"https:\/\/graziamagazine.com\/es\/articles\/el-maquillaje-parisino-de-greta-fernandez-en-los-premios-feroz-2020\/\",\"url\":\"https:\/\/graziamagazine.com\/es\/articles\/el-maquillaje-parisino-de-greta-fernandez-en-los-premios-feroz-2020\/\",\"name\":\"El maquillaje parisino de Greta Fern\u00e1ndez en los Premios Feroz 2020 | Grazia\",\"isPartOf\":{\"@id\":\"https:\/\/graziamagazine.com\/es\/#website\"},\"datePublished\":\"2020-01-16T23:24:00+00:00\",\"dateModified\":\"2020-01-16T23:25:45+00:00\",\"description\":\"La actriz ha sido maquillada por David Bello para Chanel Beauty y te decimos c\u00f3mo puedes copiar el beauty look.\",\"breadcrumb\":{\"@id\":\"https:\/\/graziamagazine.com\/es\/articles\/el-maquillaje-parisino-de-greta-fernandez-en-los-premios-feroz-2020\/#breadcrumb\"},\"inLanguage\":\"es\",\"potentialAction\":[{\"@type\":\"ReadAction\",\"target\":[\"https:\/\/graziamagazine.com\/es\/articles\/el-maquillaje-parisino-de-greta-fernandez-en-los-premios-feroz-2020\/\"]}]},{\"@type\":\"BreadcrumbList\",\"@id\":\"https:\/\/graziamagazine.com\/es\/articles\/el-maquillaje-parisino-de-greta-fernandez-en-los-premios-feroz-2020\/#breadcrumb\",\"itemListElement\":[{\"@type\":\"ListItem\",\"position\":1,\"name\":\"Portada\",\"item\":\"https:\/\/graziamagazine.com\/es\/\"},{\"@type\":\"ListItem\",\"position\":2,\"name\":\"El maquillaje parisino de Greta Fern\u00e1ndez en los Premios Feroz 2020\"}]},{\"@type\":\"WebSite\",\"@id\":\"https:\/\/graziamagazine.com\/es\/#website\",\"url\":\"https:\/\/graziamagazine.com\/es\/\",\"name\":\"Grazia\",\"description\":\"Moda, belleza, celebrities, estilo de vida...\",\"potentialAction\":[{\"@type\":\"SearchAction\",\"target\":{\"@type\":\"EntryPoint\",\"urlTemplate\":\"https:\/\/graziamagazine.com\/es\/?s={search_term_string}\"},\"query-input\":\"required name=search_term_string\"}],\"inLanguage\":\"es\"}]}<\/script>\n<!-- \/ Yoast SEO Premium plugin. -->","yoast_head_json":{"title":"El maquillaje parisino de Greta Fern\u00e1ndez en los Premios Feroz 2020 | Grazia","description":"La actriz ha sido maquillada por David Bello para Chanel Beauty y te decimos c\u00f3mo puedes copiar el beauty look.","robots":{"index":"index","follow":"follow","max-snippet":"max-snippet:-1","max-image-preview":"max-image-preview:large","max-video-preview":"max-video-preview:-1"},"canonical":"https:\/\/graziamagazine.com\/es\/articles\/el-maquillaje-parisino-de-greta-fernandez-en-los-premios-feroz-2020\/","og_locale":"es_ES","og_type":"article","og_title":"El maquillaje parisino de Greta Fern\u00e1ndez en los Premios Feroz 2020","og_description":"La actriz ha sido maquillada por David Bello para Chanel Beauty y te decimos c\u00f3mo puedes copiar el beauty look.","og_url":"https:\/\/graziamagazine.com\/es\/articles\/el-maquillaje-parisino-de-greta-fernandez-en-los-premios-feroz-2020\/","og_site_name":"Grazia","article_modified_time":"2020-01-16T23:25:45+00:00","og_image":[{"width":594,"height":388,"url":"https:\/\/graziamagazine.com\/es\/wp-content\/uploads\/sites\/12\/2020\/01\/gettyimages-1199966805-594x594.jpg?fit=594%2C388","type":"image\/jpeg"}],"twitter_card":"summary_large_image","twitter_misc":{"Est. reading time":"1 minuto"},"schema":{"@context":"https:\/\/schema.org","@graph":[{"@type":"WebPage","@id":"https:\/\/graziamagazine.com\/es\/articles\/el-maquillaje-parisino-de-greta-fernandez-en-los-premios-feroz-2020\/","url":"https:\/\/graziamagazine.com\/es\/articles\/el-maquillaje-parisino-de-greta-fernandez-en-los-premios-feroz-2020\/","name":"El maquillaje parisino de Greta Fern\u00e1ndez en los Premios Feroz 2020 | Grazia","isPartOf":{"@id":"https:\/\/graziamagazine.com\/es\/#website"},"datePublished":"2020-01-16T23:24:00+00:00","dateModified":"2020-01-16T23:25:45+00:00","description":"La actriz ha sido maquillada por David Bello para Chanel Beauty y te decimos c\u00f3mo puedes copiar el beauty look.","breadcrumb":{"@id":"https:\/\/graziamagazine.com\/es\/articles\/el-maquillaje-parisino-de-greta-fernandez-en-los-premios-feroz-2020\/#breadcrumb"},"inLanguage":"es","potentialAction":[{"@type":"ReadAction","target":["https:\/\/graziamagazine.com\/es\/articles\/el-maquillaje-parisino-de-greta-fernandez-en-los-premios-feroz-2020\/"]}]},{"@type":"BreadcrumbList","@id":"https:\/\/graziamagazine.com\/es\/articles\/el-maquillaje-parisino-de-greta-fernandez-en-los-premios-feroz-2020\/#breadcrumb","itemListElement":[{"@type":"ListItem","position":1,"name":"Portada","item":"https:\/\/graziamagazine.com\/es\/"},{"@type":"ListItem","position":2,"name":"El maquillaje parisino de Greta Fern\u00e1ndez en los Premios Feroz 2020"}]},{"@type":"WebSite","@id":"https:\/\/graziamagazine.com\/es\/#website","url":"https:\/\/graziamagazine.com\/es\/","name":"Grazia","description":"Moda, belleza, celebrities, estilo de vida...","potentialAction":[{"@type":"SearchAction","target":{"@type":"EntryPoint","urlTemplate":"https:\/\/graziamagazine.com\/es\/?s={search_term_string}"},"query-input":"required name=search_term_string"}],"inLanguage":"es"}]}},"jetpack_sharing_enabled":true,"distributor_meta":false,"distributor_terms":false,"distributor_media":false,"distributor_original_site_name":"Grazia","distributor_original_site_url":"https:\/\/graziamagazine.com\/es","push-errors":false,"_links":{"self":[{"href":"https:\/\/graziamagazine.com\/es\/wp-json\/wp\/v2\/articles\/151318"}],"collection":[{"href":"https:\/\/graziamagazine.com\/es\/wp-json\/wp\/v2\/articles"}],"about":[{"href":"https:\/\/graziamagazine.com\/es\/wp-json\/wp\/v2\/types\/articles"}],"author":[{"embeddable":true,"href":"https:\/\/graziamagazine.com\/es\/wp-json\/wp\/v2\/users\/11653"}],"wp:featuredmedia":[{"embeddable":true,"href":"https:\/\/graziamagazine.com\/es\/wp-json\/wp\/v2\/media\/151323"}],"wp:attachment":[{"href":"https:\/\/graziamagazine.com\/es\/wp-json\/wp\/v2\/media?parent=151318"}],"wp:term":[{"taxonomy":"category","embeddable":true,"href":"https:\/\/graziamagazine.com\/es\/wp-json\/wp\/v2\/categories?post=151318"}],"curies":[{"name":"wp","href":"https:\/\/api.w.org\/{rel}","templated":true}]}}