{"id":151251,"date":"2020-01-16T16:12:17","date_gmt":"2020-01-16T15:12:17","guid":{"rendered":"https:\/\/graziamagazine.com\/es\/?p=151251"},"modified":"2020-01-16T16:12:17","modified_gmt":"2020-01-16T15:12:17","slug":"la-reina-letizia-saca-su-lado-mas-working-girl-y-se-apunta-a-la-tendencia-del-traje-masculino","status":"publish","type":"articles","link":"https:\/\/graziamagazine.com\/es\/articles\/la-reina-letizia-saca-su-lado-mas-working-girl-y-se-apunta-a-la-tendencia-del-traje-masculino\/","title":{"rendered":"La reina Letizia saca su lado m\u00e1s working girl y se apunta a la tendencia del traje masculino"},"content":{"rendered":"<p>Estamos tan acostumbrados a ver la reina Letizia con sus vestidos y faldas midi, que cuando elige un pantal\u00f3n lo celebramos con gusto. Aunque tambi\u00e9n el pantal\u00f3n forma parte de su vestidor, suele ser m\u00e1s cl\u00e1sica en ese sentido salvo cuando se atreve con sus <a href=\"http:\/\/bit.ly\/35B76AV\" target=\"_blank\">pantalones tipo legging en acabado de piel,<\/a> que precisamente hace unos d\u00edas volvi\u00f3 a elegir junto a su abrigo-blazer de Uterq\u00fce.<\/p>\n<p>Hoy <strong>la reina ha cerrado su agenda semanal participando en una sesi\u00f3n de trabajo dentro de las Jornadas de la Cruz Roja \u00abViolencia de G\u00e9nero: estrategia y retos\u00bb, y lo ha hecho un look de estreno que ha sorprendido<\/strong> a seguidores y cr\u00edticos. \u00bfPor qu\u00e9? Porque ha elegido <strong>un traje oversize dos piezas de corte masculino<\/strong> muy de tendencia, hemos visto a numerosos rostros conocidos sumarse a la tendencia, con cuadros y chaqueta cruzada con doble botonadura, y para algunos era demasiado oversize.<\/p>\n<p><img loading=\"lazy\" decoding=\"async\" class=\"aligncenter size-full wp-image-151252\" src=\"https:\/\/graziamagazine.com\/es\/wp-content\/uploads\/sites\/12\/2020\/01\/GRAZIA-reina-letizia-look-masculino.jpeg\" alt=\"La reina Letizia sorprende con un look working girl muy masculino\" width=\"1024\" height=\"684\" srcset=\"https:\/\/graziamagazine.com\/es\/wp-content\/uploads\/sites\/12\/2020\/01\/GRAZIA-reina-letizia-look-masculino.jpeg 1024w, https:\/\/graziamagazine.com\/es\/wp-content\/uploads\/sites\/12\/2020\/01\/GRAZIA-reina-letizia-look-masculino-500x334.jpeg 500w, https:\/\/graziamagazine.com\/es\/wp-content\/uploads\/sites\/12\/2020\/01\/GRAZIA-reina-letizia-look-masculino-768x513.jpeg 768w, https:\/\/graziamagazine.com\/es\/wp-content\/uploads\/sites\/12\/2020\/01\/GRAZIA-reina-letizia-look-masculino-900x601.jpeg 900w, https:\/\/graziamagazine.com\/es\/wp-content\/uploads\/sites\/12\/2020\/01\/GRAZIA-reina-letizia-look-masculino-120x80.jpeg 120w, https:\/\/graziamagazine.com\/es\/wp-content\/uploads\/sites\/12\/2020\/01\/GRAZIA-reina-letizia-look-masculino-720x481.jpeg 720w, https:\/\/graziamagazine.com\/es\/wp-content\/uploads\/sites\/12\/2020\/01\/GRAZIA-reina-letizia-look-masculino-626x418.jpeg 626w, https:\/\/graziamagazine.com\/es\/wp-content\/uploads\/sites\/12\/2020\/01\/GRAZIA-reina-letizia-look-masculino-360x240.jpeg 360w\" sizes=\"(max-width: 1024px) 100vw, 1024px\" \/><\/p>\n<p>No hab\u00edamos visto hasta ahora un look tan masculino, que adem\u00e1s <strong>ha acompa\u00f1ado con una blusa blanca y un abrigo de pa\u00f1o en color beige, que le daba un toque todav\u00eda m\u00e1s <em>working girl<\/em> a la jornada<\/strong>. De momento no se sabe qui\u00e9n lo firma, as\u00ed que se convierte en esas prendas de su vestidor no identificadas. Lo que s\u00ed sabemos es de d\u00f3nde son los complementos elegidos: por un lado sus s<strong>alones negros<em> made in Spain<\/em> de Magrit<\/strong> y su <strong>cartera de mano estilo malet\u00edn, el modelo Fanila, de Hugo Boss<\/strong>.<\/p>\n<p><img loading=\"lazy\" decoding=\"async\" class=\"aligncenter size-full wp-image-151254\" src=\"https:\/\/graziamagazine.com\/es\/wp-content\/uploads\/sites\/12\/2020\/01\/GRAZIA-reina-letizia-look-masculino-4.jpg\" alt=\"La reina Letizia sorprende con un look working girl muy masculino\" width=\"567\" height=\"850\" srcset=\"https:\/\/graziamagazine.com\/es\/wp-content\/uploads\/sites\/12\/2020\/01\/GRAZIA-reina-letizia-look-masculino-4.jpg 567w, https:\/\/graziamagazine.com\/es\/wp-content\/uploads\/sites\/12\/2020\/01\/GRAZIA-reina-letizia-look-masculino-4-500x750.jpg 500w, https:\/\/graziamagazine.com\/es\/wp-content\/uploads\/sites\/12\/2020\/01\/GRAZIA-reina-letizia-look-masculino-4-120x180.jpg 120w, https:\/\/graziamagazine.com\/es\/wp-content\/uploads\/sites\/12\/2020\/01\/GRAZIA-reina-letizia-look-masculino-4-100x150.jpg 100w, https:\/\/graziamagazine.com\/es\/wp-content\/uploads\/sites\/12\/2020\/01\/GRAZIA-reina-letizia-look-masculino-4-151x227.jpg 151w, https:\/\/graziamagazine.com\/es\/wp-content\/uploads\/sites\/12\/2020\/01\/GRAZIA-reina-letizia-look-masculino-4-157x236.jpg 157w, https:\/\/graziamagazine.com\/es\/wp-content\/uploads\/sites\/12\/2020\/01\/GRAZIA-reina-letizia-look-masculino-4-360x540.jpg 360w, https:\/\/graziamagazine.com\/es\/wp-content\/uploads\/sites\/12\/2020\/01\/GRAZIA-reina-letizia-look-masculino-4-298x448.jpg 298w, https:\/\/graziamagazine.com\/es\/wp-content\/uploads\/sites\/12\/2020\/01\/GRAZIA-reina-letizia-look-masculino-4-128x192.jpg 128w, https:\/\/graziamagazine.com\/es\/wp-content\/uploads\/sites\/12\/2020\/01\/GRAZIA-reina-letizia-look-masculino-4-364x546.jpg 364w, https:\/\/graziamagazine.com\/es\/wp-content\/uploads\/sites\/12\/2020\/01\/GRAZIA-reina-letizia-look-masculino-4-220x330.jpg 220w\" sizes=\"(max-width: 567px) 100vw, 567px\" \/><\/p>\n<p>Menci\u00f3n especial, como siempre, sus joyas, una vez m\u00e1s discretas y adecuadas para la ocasi\u00f3n: sus pendientes de aro en oro amarillo y c\u00f3mo no, su anillo de oro Karen Hallam, el m\u00e1s fotografiado de su joyero.<\/p>\n<p><img loading=\"lazy\" decoding=\"async\" class=\"aligncenter size-full wp-image-151255\" src=\"https:\/\/graziamagazine.com\/es\/wp-content\/uploads\/sites\/12\/2020\/01\/GRAZIA-reina-letizia-look-masculino-5.jpg\" alt=\"La reina Letizia sorprende con un look working girl muy masculino\" width=\"567\" height=\"850\" srcset=\"https:\/\/graziamagazine.com\/es\/wp-content\/uploads\/sites\/12\/2020\/01\/GRAZIA-reina-letizia-look-masculino-5.jpg 567w, https:\/\/graziamagazine.com\/es\/wp-content\/uploads\/sites\/12\/2020\/01\/GRAZIA-reina-letizia-look-masculino-5-500x750.jpg 500w, https:\/\/graziamagazine.com\/es\/wp-content\/uploads\/sites\/12\/2020\/01\/GRAZIA-reina-letizia-look-masculino-5-120x180.jpg 120w, https:\/\/graziamagazine.com\/es\/wp-content\/uploads\/sites\/12\/2020\/01\/GRAZIA-reina-letizia-look-masculino-5-100x150.jpg 100w, https:\/\/graziamagazine.com\/es\/wp-content\/uploads\/sites\/12\/2020\/01\/GRAZIA-reina-letizia-look-masculino-5-151x227.jpg 151w, https:\/\/graziamagazine.com\/es\/wp-content\/uploads\/sites\/12\/2020\/01\/GRAZIA-reina-letizia-look-masculino-5-157x236.jpg 157w, https:\/\/graziamagazine.com\/es\/wp-content\/uploads\/sites\/12\/2020\/01\/GRAZIA-reina-letizia-look-masculino-5-360x540.jpg 360w, https:\/\/graziamagazine.com\/es\/wp-content\/uploads\/sites\/12\/2020\/01\/GRAZIA-reina-letizia-look-masculino-5-298x448.jpg 298w, https:\/\/graziamagazine.com\/es\/wp-content\/uploads\/sites\/12\/2020\/01\/GRAZIA-reina-letizia-look-masculino-5-128x192.jpg 128w, https:\/\/graziamagazine.com\/es\/wp-content\/uploads\/sites\/12\/2020\/01\/GRAZIA-reina-letizia-look-masculino-5-364x546.jpg 364w, https:\/\/graziamagazine.com\/es\/wp-content\/uploads\/sites\/12\/2020\/01\/GRAZIA-reina-letizia-look-masculino-5-220x330.jpg 220w\" sizes=\"(max-width: 567px) 100vw, 567px\" \/><\/p>\n<p>&nbsp;<\/p>\n<p><em>*Im\u00e1genes: Casa Real y Getty Images<\/em><\/p>\n","protected":false},"author":11653,"featured_media":151256,"template":"","format":"standard","categories":[2147],"acf":[],"yoast_head":"<!-- This site is optimized with the Yoast SEO Premium plugin v18.5 (Yoast SEO v20.4) - https:\/\/yoast.com\/wordpress\/plugins\/seo\/ -->\n<title>La reina Letizia saca su lado m\u00e1s working girl y se apunta a la tendencia del traje masculino | Grazia<\/title>\n<meta name=\"description\" content=\"La \u00faltima aparici\u00f3n de la semana ha dejado divisi\u00f3n de opiniones. \u00bfTe gusta su elecci\u00f3n oversize?\" \/>\n<meta name=\"robots\" content=\"index, follow, max-snippet:-1, max-image-preview:large, max-video-preview:-1\" \/>\n<link rel=\"canonical\" href=\"https:\/\/graziamagazine.com\/es\/articles\/la-reina-letizia-saca-su-lado-mas-working-girl-y-se-apunta-a-la-tendencia-del-traje-masculino\/\" \/>\n<meta property=\"og:locale\" content=\"es_ES\" \/>\n<meta property=\"og:type\" content=\"article\" \/>\n<meta property=\"og:title\" content=\"La reina Letizia saca su lado m\u00e1s working girl y se apunta a la tendencia del traje masculino\" \/>\n<meta property=\"og:description\" content=\"La \u00faltima aparici\u00f3n de la semana ha dejado divisi\u00f3n de opiniones. \u00bfTe gusta su elecci\u00f3n oversize?\" \/>\n<meta property=\"og:url\" content=\"https:\/\/graziamagazine.com\/es\/articles\/la-reina-letizia-saca-su-lado-mas-working-girl-y-se-apunta-a-la-tendencia-del-traje-masculino\/\" \/>\n<meta property=\"og:site_name\" content=\"Grazia\" \/>\n<meta property=\"og:image\" content=\"https:\/\/graziamagazine.com\/es\/wp-content\/uploads\/sites\/12\/2020\/01\/GRAZIA-reina-letizia-look-masculino-3.jpg?fit=1400%2C936\" \/>\n\t<meta property=\"og:image:width\" content=\"1400\" \/>\n\t<meta property=\"og:image:height\" content=\"936\" \/>\n\t<meta property=\"og:image:type\" content=\"image\/jpeg\" \/>\n<meta name=\"twitter:card\" content=\"summary_large_image\" \/>\n<meta name=\"twitter:label1\" content=\"Est. reading time\" \/>\n\t<meta name=\"twitter:data1\" content=\"2 minutos\" \/>\n<script type=\"application\/ld+json\" class=\"yoast-schema-graph\">{\"@context\":\"https:\/\/schema.org\",\"@graph\":[{\"@type\":\"WebPage\",\"@id\":\"https:\/\/graziamagazine.com\/es\/articles\/la-reina-letizia-saca-su-lado-mas-working-girl-y-se-apunta-a-la-tendencia-del-traje-masculino\/\",\"url\":\"https:\/\/graziamagazine.com\/es\/articles\/la-reina-letizia-saca-su-lado-mas-working-girl-y-se-apunta-a-la-tendencia-del-traje-masculino\/\",\"name\":\"La reina Letizia saca su lado m\u00e1s working girl y se apunta a la tendencia del traje masculino | Grazia\",\"isPartOf\":{\"@id\":\"https:\/\/graziamagazine.com\/es\/#website\"},\"datePublished\":\"2020-01-16T15:12:17+00:00\",\"dateModified\":\"2020-01-16T15:12:17+00:00\",\"description\":\"La \u00faltima aparici\u00f3n de la semana ha dejado divisi\u00f3n de opiniones. \u00bfTe gusta su elecci\u00f3n oversize?\",\"breadcrumb\":{\"@id\":\"https:\/\/graziamagazine.com\/es\/articles\/la-reina-letizia-saca-su-lado-mas-working-girl-y-se-apunta-a-la-tendencia-del-traje-masculino\/#breadcrumb\"},\"inLanguage\":\"es\",\"potentialAction\":[{\"@type\":\"ReadAction\",\"target\":[\"https:\/\/graziamagazine.com\/es\/articles\/la-reina-letizia-saca-su-lado-mas-working-girl-y-se-apunta-a-la-tendencia-del-traje-masculino\/\"]}]},{\"@type\":\"BreadcrumbList\",\"@id\":\"https:\/\/graziamagazine.com\/es\/articles\/la-reina-letizia-saca-su-lado-mas-working-girl-y-se-apunta-a-la-tendencia-del-traje-masculino\/#breadcrumb\",\"itemListElement\":[{\"@type\":\"ListItem\",\"position\":1,\"name\":\"Portada\",\"item\":\"https:\/\/graziamagazine.com\/es\/\"},{\"@type\":\"ListItem\",\"position\":2,\"name\":\"La reina Letizia saca su lado m\u00e1s working girl y se apunta a la tendencia del traje masculino\"}]},{\"@type\":\"WebSite\",\"@id\":\"https:\/\/graziamagazine.com\/es\/#website\",\"url\":\"https:\/\/graziamagazine.com\/es\/\",\"name\":\"Grazia\",\"description\":\"Moda, belleza, celebrities, estilo de vida...\",\"potentialAction\":[{\"@type\":\"SearchAction\",\"target\":{\"@type\":\"EntryPoint\",\"urlTemplate\":\"https:\/\/graziamagazine.com\/es\/?s={search_term_string}\"},\"query-input\":\"required name=search_term_string\"}],\"inLanguage\":\"es\"}]}<\/script>\n<!-- \/ Yoast SEO Premium plugin. -->","yoast_head_json":{"title":"La reina Letizia saca su lado m\u00e1s working girl y se apunta a la tendencia del traje masculino | Grazia","description":"La \u00faltima aparici\u00f3n de la semana ha dejado divisi\u00f3n de opiniones. \u00bfTe gusta su elecci\u00f3n oversize?","robots":{"index":"index","follow":"follow","max-snippet":"max-snippet:-1","max-image-preview":"max-image-preview:large","max-video-preview":"max-video-preview:-1"},"canonical":"https:\/\/graziamagazine.com\/es\/articles\/la-reina-letizia-saca-su-lado-mas-working-girl-y-se-apunta-a-la-tendencia-del-traje-masculino\/","og_locale":"es_ES","og_type":"article","og_title":"La reina Letizia saca su lado m\u00e1s working girl y se apunta a la tendencia del traje masculino","og_description":"La \u00faltima aparici\u00f3n de la semana ha dejado divisi\u00f3n de opiniones. \u00bfTe gusta su elecci\u00f3n oversize?","og_url":"https:\/\/graziamagazine.com\/es\/articles\/la-reina-letizia-saca-su-lado-mas-working-girl-y-se-apunta-a-la-tendencia-del-traje-masculino\/","og_site_name":"Grazia","og_image":[{"width":1400,"height":936,"url":"https:\/\/graziamagazine.com\/es\/wp-content\/uploads\/sites\/12\/2020\/01\/GRAZIA-reina-letizia-look-masculino-3.jpg?fit=1400%2C936","type":"image\/jpeg"}],"twitter_card":"summary_large_image","twitter_misc":{"Est. reading time":"2 minutos"},"schema":{"@context":"https:\/\/schema.org","@graph":[{"@type":"WebPage","@id":"https:\/\/graziamagazine.com\/es\/articles\/la-reina-letizia-saca-su-lado-mas-working-girl-y-se-apunta-a-la-tendencia-del-traje-masculino\/","url":"https:\/\/graziamagazine.com\/es\/articles\/la-reina-letizia-saca-su-lado-mas-working-girl-y-se-apunta-a-la-tendencia-del-traje-masculino\/","name":"La reina Letizia saca su lado m\u00e1s working girl y se apunta a la tendencia del traje masculino | Grazia","isPartOf":{"@id":"https:\/\/graziamagazine.com\/es\/#website"},"datePublished":"2020-01-16T15:12:17+00:00","dateModified":"2020-01-16T15:12:17+00:00","description":"La \u00faltima aparici\u00f3n de la semana ha dejado divisi\u00f3n de opiniones. \u00bfTe gusta su elecci\u00f3n oversize?","breadcrumb":{"@id":"https:\/\/graziamagazine.com\/es\/articles\/la-reina-letizia-saca-su-lado-mas-working-girl-y-se-apunta-a-la-tendencia-del-traje-masculino\/#breadcrumb"},"inLanguage":"es","potentialAction":[{"@type":"ReadAction","target":["https:\/\/graziamagazine.com\/es\/articles\/la-reina-letizia-saca-su-lado-mas-working-girl-y-se-apunta-a-la-tendencia-del-traje-masculino\/"]}]},{"@type":"BreadcrumbList","@id":"https:\/\/graziamagazine.com\/es\/articles\/la-reina-letizia-saca-su-lado-mas-working-girl-y-se-apunta-a-la-tendencia-del-traje-masculino\/#breadcrumb","itemListElement":[{"@type":"ListItem","position":1,"name":"Portada","item":"https:\/\/graziamagazine.com\/es\/"},{"@type":"ListItem","position":2,"name":"La reina Letizia saca su lado m\u00e1s working girl y se apunta a la tendencia del traje masculino"}]},{"@type":"WebSite","@id":"https:\/\/graziamagazine.com\/es\/#website","url":"https:\/\/graziamagazine.com\/es\/","name":"Grazia","description":"Moda, belleza, celebrities, estilo de vida...","potentialAction":[{"@type":"SearchAction","target":{"@type":"EntryPoint","urlTemplate":"https:\/\/graziamagazine.com\/es\/?s={search_term_string}"},"query-input":"required name=search_term_string"}],"inLanguage":"es"}]}},"jetpack_sharing_enabled":true,"distributor_meta":false,"distributor_terms":false,"distributor_media":false,"distributor_original_site_name":"Grazia","distributor_original_site_url":"https:\/\/graziamagazine.com\/es","push-errors":false,"_links":{"self":[{"href":"https:\/\/graziamagazine.com\/es\/wp-json\/wp\/v2\/articles\/151251"}],"collection":[{"href":"https:\/\/graziamagazine.com\/es\/wp-json\/wp\/v2\/articles"}],"about":[{"href":"https:\/\/graziamagazine.com\/es\/wp-json\/wp\/v2\/types\/articles"}],"author":[{"embeddable":true,"href":"https:\/\/graziamagazine.com\/es\/wp-json\/wp\/v2\/users\/11653"}],"wp:featuredmedia":[{"embeddable":true,"href":"https:\/\/graziamagazine.com\/es\/wp-json\/wp\/v2\/media\/151256"}],"wp:attachment":[{"href":"https:\/\/graziamagazine.com\/es\/wp-json\/wp\/v2\/media?parent=151251"}],"wp:term":[{"taxonomy":"category","embeddable":true,"href":"https:\/\/graziamagazine.com\/es\/wp-json\/wp\/v2\/categories?post=151251"}],"curies":[{"name":"wp","href":"https:\/\/api.w.org\/{rel}","templated":true}]}}