{"id":151117,"date":"2020-01-12T01:55:32","date_gmt":"2020-01-12T00:55:32","guid":{"rendered":"https:\/\/graziamagazine.com\/es\/?p=151117"},"modified":"2020-01-12T01:55:32","modified_gmt":"2020-01-12T00:55:32","slug":"asi-ha-sido-el-beauty-look-de-marta-nieto-ganadora-del-premio-a-la-mejor-actriz-en-los-premios-forque-2020","status":"publish","type":"articles","link":"https:\/\/graziamagazine.com\/es\/articles\/asi-ha-sido-el-beauty-look-de-marta-nieto-ganadora-del-premio-a-la-mejor-actriz-en-los-premios-forque-2020\/","title":{"rendered":"As\u00ed ha sido el beauty look de Marta Nieto, ganadora del premio a la Mejor Actriz en los Premios Forqu\u00e9 2020"},"content":{"rendered":"<p>Marta Nieto es una de las actrices del momento, adem\u00e1s de ser una de las m\u00e1s elegantes y con una belleza dulce y delicada. La protagonista de &#8216;<em>Madre<\/em>&#8216; ha sido quien se ha hecho con el Premio a la Mejor Interpretaci\u00f3n Femenina y hemos visto un beauty look maravilloso en el que inspirarnos.<\/p>\n<p>La art\u00edfice ha sido Natalia Belda para Armani Beauty y estas son los 3 pasos que debes seguir si quieres conseguirlo.<\/p>\n<p><img loading=\"lazy\" decoding=\"async\" class=\"aligncenter size-full wp-image-151118\" src=\"https:\/\/graziamagazine.com\/es\/wp-content\/uploads\/sites\/12\/2020\/01\/image00001.jpg\" alt=\"EL paso a paso del beauty look de Marta Nieto\" width=\"1600\" height=\"1599\" srcset=\"https:\/\/graziamagazine.com\/es\/wp-content\/uploads\/sites\/12\/2020\/01\/image00001.jpg 1600w, https:\/\/graziamagazine.com\/es\/wp-content\/uploads\/sites\/12\/2020\/01\/image00001-150x150.jpg 150w, https:\/\/graziamagazine.com\/es\/wp-content\/uploads\/sites\/12\/2020\/01\/image00001-500x500.jpg 500w, https:\/\/graziamagazine.com\/es\/wp-content\/uploads\/sites\/12\/2020\/01\/image00001-768x768.jpg 768w, https:\/\/graziamagazine.com\/es\/wp-content\/uploads\/sites\/12\/2020\/01\/image00001-900x899.jpg 900w, https:\/\/graziamagazine.com\/es\/wp-content\/uploads\/sites\/12\/2020\/01\/image00001-1100x1099.jpg 1100w, https:\/\/graziamagazine.com\/es\/wp-content\/uploads\/sites\/12\/2020\/01\/image00001-120x120.jpg 120w, https:\/\/graziamagazine.com\/es\/wp-content\/uploads\/sites\/12\/2020\/01\/image00001-720x720.jpg 720w, https:\/\/graziamagazine.com\/es\/wp-content\/uploads\/sites\/12\/2020\/01\/image00001-1200x1199.jpg 1200w, https:\/\/graziamagazine.com\/es\/wp-content\/uploads\/sites\/12\/2020\/01\/image00001-626x626.jpg 626w, https:\/\/graziamagazine.com\/es\/wp-content\/uploads\/sites\/12\/2020\/01\/image00001-360x360.jpg 360w\" sizes=\"(max-width: 1600px) 100vw, 1600px\" \/><\/p>\n<h2>1.El rostro<\/h2>\n<p>Para conseguir una piel perfecta, necesitas <strong>la base Luminous Silk Foundation<\/strong>, y difuminarla por la piel. Despu\u00e9s aplica <strong>el iluminador\u00a0Fluid Sheer, Ultra-light glowing fluid tono 2<\/strong>, para lograr un acabado jugoso en la piel.<\/p>\n<p><img loading=\"lazy\" decoding=\"async\" class=\"aligncenter wp-image-151120 size-large\" src=\"https:\/\/graziamagazine.com\/es\/wp-content\/uploads\/sites\/12\/2020\/01\/image00005-900x900.jpg\" alt=\"EL paso a paso del beauty look de Marta Nieto\" width=\"640\" height=\"640\" \/><\/p>\n<p>Para eliminar las sombras bajo los ojos usa el <strong>corrector\u00a0High Precision Retouch<\/strong> y para potenciar el color en el rostro,\u00a0<strong>Neo Nude A-Blush tono 30<\/strong>, un colorete en tonos fucsia.<\/p>\n<h2><img loading=\"lazy\" decoding=\"async\" class=\"aligncenter wp-image-151124 size-large\" src=\"https:\/\/graziamagazine.com\/es\/wp-content\/uploads\/sites\/12\/2020\/01\/image00051-900x1200.jpg\" alt=\"EL paso a paso del beauty look de Marta Nieto\" width=\"640\" height=\"853\" srcset=\"https:\/\/graziamagazine.com\/es\/wp-content\/uploads\/sites\/12\/2020\/01\/image00051-900x1200.jpg 900w, https:\/\/graziamagazine.com\/es\/wp-content\/uploads\/sites\/12\/2020\/01\/image00051-500x667.jpg 500w, https:\/\/graziamagazine.com\/es\/wp-content\/uploads\/sites\/12\/2020\/01\/image00051-768x1024.jpg 768w, https:\/\/graziamagazine.com\/es\/wp-content\/uploads\/sites\/12\/2020\/01\/image00051-1100x1467.jpg 1100w, https:\/\/graziamagazine.com\/es\/wp-content\/uploads\/sites\/12\/2020\/01\/image00051-120x160.jpg 120w, https:\/\/graziamagazine.com\/es\/wp-content\/uploads\/sites\/12\/2020\/01\/image00051-720x960.jpg 720w, https:\/\/graziamagazine.com\/es\/wp-content\/uploads\/sites\/12\/2020\/01\/image00051-1200x1600.jpg 1200w, https:\/\/graziamagazine.com\/es\/wp-content\/uploads\/sites\/12\/2020\/01\/image00051-626x835.jpg 626w, https:\/\/graziamagazine.com\/es\/wp-content\/uploads\/sites\/12\/2020\/01\/image00051-360x480.jpg 360w, https:\/\/graziamagazine.com\/es\/wp-content\/uploads\/sites\/12\/2020\/01\/image00051.jpg 1440w\" sizes=\"(max-width: 640px) 100vw, 640px\" \/><\/h2>\n<h2>2.Los ojos<\/h2>\n<p>La mirada ha sido la protagonista de Marta, para conseguirlo Natalia ha alargado la sombra d\u00e1ndole m\u00e1s intensidad gracias\u00a0<strong>Eye to kill solo Vulcano<\/strong>.<\/p>\n<p><img loading=\"lazy\" decoding=\"async\" class=\"aligncenter wp-image-151122 size-medium\" src=\"https:\/\/graziamagazine.com\/es\/wp-content\/uploads\/sites\/12\/2020\/01\/image00022-500x571.jpg\" alt=\"EL paso a paso del beauty look de Marta Nieto\" width=\"263\" height=\"300\" srcset=\"https:\/\/graziamagazine.com\/es\/wp-content\/uploads\/sites\/12\/2020\/01\/image00022-500x571.jpg 500w, https:\/\/graziamagazine.com\/es\/wp-content\/uploads\/sites\/12\/2020\/01\/image00022-768x877.jpg 768w, https:\/\/graziamagazine.com\/es\/wp-content\/uploads\/sites\/12\/2020\/01\/image00022-900x1027.jpg 900w, https:\/\/graziamagazine.com\/es\/wp-content\/uploads\/sites\/12\/2020\/01\/image00022-1100x1256.jpg 1100w, https:\/\/graziamagazine.com\/es\/wp-content\/uploads\/sites\/12\/2020\/01\/image00022-120x137.jpg 120w, https:\/\/graziamagazine.com\/es\/wp-content\/uploads\/sites\/12\/2020\/01\/image00022-720x822.jpg 720w, https:\/\/graziamagazine.com\/es\/wp-content\/uploads\/sites\/12\/2020\/01\/image00022-1200x1370.jpg 1200w, https:\/\/graziamagazine.com\/es\/wp-content\/uploads\/sites\/12\/2020\/01\/image00022-626x715.jpg 626w, https:\/\/graziamagazine.com\/es\/wp-content\/uploads\/sites\/12\/2020\/01\/image00022-360x411.jpg 360w, https:\/\/graziamagazine.com\/es\/wp-content\/uploads\/sites\/12\/2020\/01\/image00022.jpg 1272w\" sizes=\"(max-width: 263px) 100vw, 263px\" \/><\/p>\n<p>Sin embargo, el foco de atenci\u00f3n se ha trasladado hasta el lagrimal, remarc\u00e1ndolo en un tono plateado, gracias a\u00a0<strong>Eye to kill solo Ecaille<\/strong>. Y por \u00faltimo, la m\u00e1scara <strong>Eyes to kill cl\u00e1sica<\/strong>, ha conseguido mayor volumen y densidad.<\/p>\n<p><img loading=\"lazy\" decoding=\"async\" class=\"aligncenter size-full wp-image-151123\" src=\"https:\/\/graziamagazine.com\/es\/wp-content\/uploads\/sites\/12\/2020\/01\/image00035.jpg\" alt=\"EL paso a paso del beauty look de Marta Nieto\" width=\"400\" height=\"400\" srcset=\"https:\/\/graziamagazine.com\/es\/wp-content\/uploads\/sites\/12\/2020\/01\/image00035.jpg 400w, https:\/\/graziamagazine.com\/es\/wp-content\/uploads\/sites\/12\/2020\/01\/image00035-150x150.jpg 150w, https:\/\/graziamagazine.com\/es\/wp-content\/uploads\/sites\/12\/2020\/01\/image00035-120x120.jpg 120w, https:\/\/graziamagazine.com\/es\/wp-content\/uploads\/sites\/12\/2020\/01\/image00035-360x360.jpg 360w\" sizes=\"(max-width: 400px) 100vw, 400px\" \/><\/p>\n<h2>3.Los labios<\/h2>\n<p>El truco de los labios ha sido aplicar el\u00a0<strong>Rouge D\u2019Armani 103<\/strong> en un tono nude, pero solo en la parte central de los labios, evitado las comisuras.<\/p>\n<p><img loading=\"lazy\" decoding=\"async\" class=\"aligncenter wp-image-151119 size-medium\" src=\"https:\/\/graziamagazine.com\/es\/wp-content\/uploads\/sites\/12\/2020\/01\/image00092-500x500.jpg\" alt=\"EL paso a paso del beauty look de Marta Nieto\" width=\"300\" height=\"300\" srcset=\"https:\/\/graziamagazine.com\/es\/wp-content\/uploads\/sites\/12\/2020\/01\/image00092-500x500.jpg 500w, https:\/\/graziamagazine.com\/es\/wp-content\/uploads\/sites\/12\/2020\/01\/image00092-150x150.jpg 150w, https:\/\/graziamagazine.com\/es\/wp-content\/uploads\/sites\/12\/2020\/01\/image00092-768x768.jpg 768w, https:\/\/graziamagazine.com\/es\/wp-content\/uploads\/sites\/12\/2020\/01\/image00092-900x900.jpg 900w, https:\/\/graziamagazine.com\/es\/wp-content\/uploads\/sites\/12\/2020\/01\/image00092-1100x1100.jpg 1100w, https:\/\/graziamagazine.com\/es\/wp-content\/uploads\/sites\/12\/2020\/01\/image00092-120x120.jpg 120w, https:\/\/graziamagazine.com\/es\/wp-content\/uploads\/sites\/12\/2020\/01\/image00092-720x720.jpg 720w, https:\/\/graziamagazine.com\/es\/wp-content\/uploads\/sites\/12\/2020\/01\/image00092-1200x1200.jpg 1200w, https:\/\/graziamagazine.com\/es\/wp-content\/uploads\/sites\/12\/2020\/01\/image00092-626x626.jpg 626w, https:\/\/graziamagazine.com\/es\/wp-content\/uploads\/sites\/12\/2020\/01\/image00092-360x360.jpg 360w, https:\/\/graziamagazine.com\/es\/wp-content\/uploads\/sites\/12\/2020\/01\/image00092.jpg 1600w\" sizes=\"(max-width: 300px) 100vw, 300px\" \/><\/p>\n<p>&nbsp;<\/p>\n<p>&nbsp;<\/p>\n<p><em>*Im\u00e1genes: Getty Images y cortes\u00eda Armani Beauty<\/em><\/p>\n","protected":false},"author":11653,"featured_media":151128,"template":"","format":"standard","categories":[2246,7],"acf":[],"yoast_head":"<!-- This site is optimized with the Yoast SEO Premium plugin v18.5 (Yoast SEO v20.4) - https:\/\/yoast.com\/wordpress\/plugins\/seo\/ -->\n<title>As\u00ed ha sido el beauty look de Marta Nieto, ganadora del premio a la Mejor Actriz en los Premios Forqu\u00e9 2020 | Grazia<\/title>\n<meta name=\"description\" content=\"Giorgio Armani Beauty ha creado un look ganador en el que la mirada ha sido lo m\u00e1s impactante.\" \/>\n<meta name=\"robots\" content=\"index, follow, max-snippet:-1, max-image-preview:large, max-video-preview:-1\" \/>\n<link rel=\"canonical\" href=\"https:\/\/graziamagazine.com\/es\/articles\/asi-ha-sido-el-beauty-look-de-marta-nieto-ganadora-del-premio-a-la-mejor-actriz-en-los-premios-forque-2020\/\" \/>\n<meta property=\"og:locale\" content=\"es_ES\" \/>\n<meta property=\"og:type\" content=\"article\" \/>\n<meta property=\"og:title\" content=\"As\u00ed ha sido el beauty look de Marta Nieto, ganadora del premio a la Mejor Actriz en los Premios Forqu\u00e9 2020\" \/>\n<meta property=\"og:description\" content=\"Giorgio Armani Beauty ha creado un look ganador en el que la mirada ha sido lo m\u00e1s impactante.\" \/>\n<meta property=\"og:url\" content=\"https:\/\/graziamagazine.com\/es\/articles\/asi-ha-sido-el-beauty-look-de-marta-nieto-ganadora-del-premio-a-la-mejor-actriz-en-los-premios-forque-2020\/\" \/>\n<meta property=\"og:site_name\" content=\"Grazia\" \/>\n<meta property=\"og:image\" content=\"https:\/\/graziamagazine.com\/es\/wp-content\/uploads\/sites\/12\/2020\/01\/Captura-de-pantalla-2020-01-12-a-las-01.53.24.png?fit=1064%2C726\" \/>\n\t<meta property=\"og:image:width\" content=\"1064\" \/>\n\t<meta property=\"og:image:height\" content=\"726\" \/>\n\t<meta property=\"og:image:type\" content=\"image\/png\" \/>\n<meta name=\"twitter:card\" content=\"summary_large_image\" \/>\n<meta name=\"twitter:label1\" content=\"Est. reading time\" \/>\n\t<meta name=\"twitter:data1\" content=\"1 minuto\" \/>\n<script type=\"application\/ld+json\" class=\"yoast-schema-graph\">{\"@context\":\"https:\/\/schema.org\",\"@graph\":[{\"@type\":\"WebPage\",\"@id\":\"https:\/\/graziamagazine.com\/es\/articles\/asi-ha-sido-el-beauty-look-de-marta-nieto-ganadora-del-premio-a-la-mejor-actriz-en-los-premios-forque-2020\/\",\"url\":\"https:\/\/graziamagazine.com\/es\/articles\/asi-ha-sido-el-beauty-look-de-marta-nieto-ganadora-del-premio-a-la-mejor-actriz-en-los-premios-forque-2020\/\",\"name\":\"As\u00ed ha sido el beauty look de Marta Nieto, ganadora del premio a la Mejor Actriz en los Premios Forqu\u00e9 2020 | Grazia\",\"isPartOf\":{\"@id\":\"https:\/\/graziamagazine.com\/es\/#website\"},\"datePublished\":\"2020-01-12T00:55:32+00:00\",\"dateModified\":\"2020-01-12T00:55:32+00:00\",\"description\":\"Giorgio Armani Beauty ha creado un look ganador en el que la mirada ha sido lo m\u00e1s impactante.\",\"breadcrumb\":{\"@id\":\"https:\/\/graziamagazine.com\/es\/articles\/asi-ha-sido-el-beauty-look-de-marta-nieto-ganadora-del-premio-a-la-mejor-actriz-en-los-premios-forque-2020\/#breadcrumb\"},\"inLanguage\":\"es\",\"potentialAction\":[{\"@type\":\"ReadAction\",\"target\":[\"https:\/\/graziamagazine.com\/es\/articles\/asi-ha-sido-el-beauty-look-de-marta-nieto-ganadora-del-premio-a-la-mejor-actriz-en-los-premios-forque-2020\/\"]}]},{\"@type\":\"BreadcrumbList\",\"@id\":\"https:\/\/graziamagazine.com\/es\/articles\/asi-ha-sido-el-beauty-look-de-marta-nieto-ganadora-del-premio-a-la-mejor-actriz-en-los-premios-forque-2020\/#breadcrumb\",\"itemListElement\":[{\"@type\":\"ListItem\",\"position\":1,\"name\":\"Portada\",\"item\":\"https:\/\/graziamagazine.com\/es\/\"},{\"@type\":\"ListItem\",\"position\":2,\"name\":\"As\u00ed ha sido el beauty look de Marta Nieto, ganadora del premio a la Mejor Actriz en los Premios Forqu\u00e9 2020\"}]},{\"@type\":\"WebSite\",\"@id\":\"https:\/\/graziamagazine.com\/es\/#website\",\"url\":\"https:\/\/graziamagazine.com\/es\/\",\"name\":\"Grazia\",\"description\":\"Moda, belleza, celebrities, estilo de vida...\",\"potentialAction\":[{\"@type\":\"SearchAction\",\"target\":{\"@type\":\"EntryPoint\",\"urlTemplate\":\"https:\/\/graziamagazine.com\/es\/?s={search_term_string}\"},\"query-input\":\"required name=search_term_string\"}],\"inLanguage\":\"es\"}]}<\/script>\n<!-- \/ Yoast SEO Premium plugin. -->","yoast_head_json":{"title":"As\u00ed ha sido el beauty look de Marta Nieto, ganadora del premio a la Mejor Actriz en los Premios Forqu\u00e9 2020 | Grazia","description":"Giorgio Armani Beauty ha creado un look ganador en el que la mirada ha sido lo m\u00e1s impactante.","robots":{"index":"index","follow":"follow","max-snippet":"max-snippet:-1","max-image-preview":"max-image-preview:large","max-video-preview":"max-video-preview:-1"},"canonical":"https:\/\/graziamagazine.com\/es\/articles\/asi-ha-sido-el-beauty-look-de-marta-nieto-ganadora-del-premio-a-la-mejor-actriz-en-los-premios-forque-2020\/","og_locale":"es_ES","og_type":"article","og_title":"As\u00ed ha sido el beauty look de Marta Nieto, ganadora del premio a la Mejor Actriz en los Premios Forqu\u00e9 2020","og_description":"Giorgio Armani Beauty ha creado un look ganador en el que la mirada ha sido lo m\u00e1s impactante.","og_url":"https:\/\/graziamagazine.com\/es\/articles\/asi-ha-sido-el-beauty-look-de-marta-nieto-ganadora-del-premio-a-la-mejor-actriz-en-los-premios-forque-2020\/","og_site_name":"Grazia","og_image":[{"width":1064,"height":726,"url":"https:\/\/graziamagazine.com\/es\/wp-content\/uploads\/sites\/12\/2020\/01\/Captura-de-pantalla-2020-01-12-a-las-01.53.24.png?fit=1064%2C726","type":"image\/png"}],"twitter_card":"summary_large_image","twitter_misc":{"Est. reading time":"1 minuto"},"schema":{"@context":"https:\/\/schema.org","@graph":[{"@type":"WebPage","@id":"https:\/\/graziamagazine.com\/es\/articles\/asi-ha-sido-el-beauty-look-de-marta-nieto-ganadora-del-premio-a-la-mejor-actriz-en-los-premios-forque-2020\/","url":"https:\/\/graziamagazine.com\/es\/articles\/asi-ha-sido-el-beauty-look-de-marta-nieto-ganadora-del-premio-a-la-mejor-actriz-en-los-premios-forque-2020\/","name":"As\u00ed ha sido el beauty look de Marta Nieto, ganadora del premio a la Mejor Actriz en los Premios Forqu\u00e9 2020 | Grazia","isPartOf":{"@id":"https:\/\/graziamagazine.com\/es\/#website"},"datePublished":"2020-01-12T00:55:32+00:00","dateModified":"2020-01-12T00:55:32+00:00","description":"Giorgio Armani Beauty ha creado un look ganador en el que la mirada ha sido lo m\u00e1s impactante.","breadcrumb":{"@id":"https:\/\/graziamagazine.com\/es\/articles\/asi-ha-sido-el-beauty-look-de-marta-nieto-ganadora-del-premio-a-la-mejor-actriz-en-los-premios-forque-2020\/#breadcrumb"},"inLanguage":"es","potentialAction":[{"@type":"ReadAction","target":["https:\/\/graziamagazine.com\/es\/articles\/asi-ha-sido-el-beauty-look-de-marta-nieto-ganadora-del-premio-a-la-mejor-actriz-en-los-premios-forque-2020\/"]}]},{"@type":"BreadcrumbList","@id":"https:\/\/graziamagazine.com\/es\/articles\/asi-ha-sido-el-beauty-look-de-marta-nieto-ganadora-del-premio-a-la-mejor-actriz-en-los-premios-forque-2020\/#breadcrumb","itemListElement":[{"@type":"ListItem","position":1,"name":"Portada","item":"https:\/\/graziamagazine.com\/es\/"},{"@type":"ListItem","position":2,"name":"As\u00ed ha sido el beauty look de Marta Nieto, ganadora del premio a la Mejor Actriz en los Premios Forqu\u00e9 2020"}]},{"@type":"WebSite","@id":"https:\/\/graziamagazine.com\/es\/#website","url":"https:\/\/graziamagazine.com\/es\/","name":"Grazia","description":"Moda, belleza, celebrities, estilo de vida...","potentialAction":[{"@type":"SearchAction","target":{"@type":"EntryPoint","urlTemplate":"https:\/\/graziamagazine.com\/es\/?s={search_term_string}"},"query-input":"required name=search_term_string"}],"inLanguage":"es"}]}},"jetpack_sharing_enabled":true,"distributor_meta":false,"distributor_terms":false,"distributor_media":false,"distributor_original_site_name":"Grazia","distributor_original_site_url":"https:\/\/graziamagazine.com\/es","push-errors":false,"_links":{"self":[{"href":"https:\/\/graziamagazine.com\/es\/wp-json\/wp\/v2\/articles\/151117"}],"collection":[{"href":"https:\/\/graziamagazine.com\/es\/wp-json\/wp\/v2\/articles"}],"about":[{"href":"https:\/\/graziamagazine.com\/es\/wp-json\/wp\/v2\/types\/articles"}],"author":[{"embeddable":true,"href":"https:\/\/graziamagazine.com\/es\/wp-json\/wp\/v2\/users\/11653"}],"wp:featuredmedia":[{"embeddable":true,"href":"https:\/\/graziamagazine.com\/es\/wp-json\/wp\/v2\/media\/151128"}],"wp:attachment":[{"href":"https:\/\/graziamagazine.com\/es\/wp-json\/wp\/v2\/media?parent=151117"}],"wp:term":[{"taxonomy":"category","embeddable":true,"href":"https:\/\/graziamagazine.com\/es\/wp-json\/wp\/v2\/categories?post=151117"}],"curies":[{"name":"wp","href":"https:\/\/api.w.org\/{rel}","templated":true}]}}