{"id":151065,"date":"2020-01-11T21:52:30","date_gmt":"2020-01-11T20:52:30","guid":{"rendered":"https:\/\/graziamagazine.com\/es\/?p=151065"},"modified":"2020-01-11T21:56:44","modified_gmt":"2020-01-11T20:56:44","slug":"te-contamos-todo-del-beauty-look-de-greta-fernandez-en-los-premios-forque-2020","status":"publish","type":"articles","link":"https:\/\/graziamagazine.com\/es\/articles\/te-contamos-todo-del-beauty-look-de-greta-fernandez-en-los-premios-forque-2020\/","title":{"rendered":"Te contamos todo del beauty look de Greta Fern\u00e1ndez en los Premios Forqu\u00e9 2020"},"content":{"rendered":"<p><strong>Sin duda 2019 fue el a\u00f1o para Greta Fern\u00e1ndez y el 2020 comienza para ella de muy buena manera<\/strong>. Hoy <strong>ha pisado la alfombra roja de los Premios Forqu\u00e9 2020 partiendo como favorita para hacerse con el Premio a la Mejor Actriz<\/strong>, que ya consigui\u00f3 en <a href=\"http:\/\/bit.ly\/2kY694b\" target=\"_blank\">la pasada edici\u00f3n del Festival de San Sebasti\u00e1n<\/a>, por su papel en la pel\u00edcula &#8216;<em>La hija de un ladr\u00f3n<\/em>&#8216;, en la que comparte actuaci\u00f3n con su padre, el actor Eduard Fern\u00e1ndez.<\/p>\n<p><strong>Un momento tan importante como \u00e9ste, se merece un maquillaje a la altura<\/strong>, as\u00ed que Greta <strong>se ha puesto en las manos de David Bello, <em>make up artist<\/em> de Chanel<\/strong>, para triunfar sobre la alfombra roja. Y lo mejor de todo es que <strong>sabemos lo secretos<\/strong> para conseguir este <em>beauty look<\/em> de altura y te los contamos.<\/p>\n<p>Desde la <em>maison<\/em> han decidido que el maquillaje de Greta deb\u00eda llamarse <em>French Fresh<\/em>, y no nos extra\u00f1a porque la actriz ha mostrado un look s\u00faper natural en el que destaca un labio mordido en tonos afrutados.<\/p>\n<p>Para conseguir que la piel luzca as\u00ed de perfecta, <strong>necesitas el Teint Ultra Velvet<\/strong>, que hace que la piel se cubra por completo con color mate, pero al mismo transparente para poder trabajar sobre ella con mucho glamour.<\/p>\n<p><img loading=\"lazy\" decoding=\"async\" class=\"aligncenter wp-image-151066 size-large\" src=\"https:\/\/graziamagazine.com\/es\/wp-content\/uploads\/sites\/12\/2020\/01\/B30_MA2017_09_1169_12-e1578775440114-900x734.jpg\" alt=\"Conocemos los secretos del maquillaje de Greta Fern\u00e1ndez en los Premios Forqu\u00e9 2020\" width=\"640\" height=\"522\" \/><\/p>\n<p>Un poco de <strong>iluminador<\/strong> NUNCA sobra, as\u00ed que David ha elegido el <strong>Eclat Du Desert<\/strong> para resaltar puntos estrat\u00e9gicos. Toma nota y no te olvides de dar un toque de luz en la parte superior del p\u00f3mulo, el arco de cupido y la zona central del rostro.<\/p>\n<p><em>*Im\u00e1genes: Cortes\u00eda de Chanel<\/em><\/p>\n<p><img loading=\"lazy\" decoding=\"async\" class=\"aligncenter wp-image-151069 size-large\" src=\"https:\/\/graziamagazine.com\/es\/wp-content\/uploads\/sites\/12\/2020\/01\/MA2019_01_0077_CMYK-e1578775322886-900x605.jpg\" alt=\"Conocemos los secretos del maquillaje de Greta Fern\u00e1ndez en los Premios Forqu\u00e9 2020\" width=\"640\" height=\"430\" srcset=\"https:\/\/graziamagazine.com\/es\/wp-content\/uploads\/sites\/12\/2020\/01\/MA2019_01_0077_CMYK-e1578775322886-900x605.jpg 900w, https:\/\/graziamagazine.com\/es\/wp-content\/uploads\/sites\/12\/2020\/01\/MA2019_01_0077_CMYK-e1578775322886-500x336.jpg 500w, https:\/\/graziamagazine.com\/es\/wp-content\/uploads\/sites\/12\/2020\/01\/MA2019_01_0077_CMYK-e1578775322886-768x516.jpg 768w, https:\/\/graziamagazine.com\/es\/wp-content\/uploads\/sites\/12\/2020\/01\/MA2019_01_0077_CMYK-e1578775322886-1100x739.jpg 1100w, https:\/\/graziamagazine.com\/es\/wp-content\/uploads\/sites\/12\/2020\/01\/MA2019_01_0077_CMYK-e1578775322886-120x81.jpg 120w, https:\/\/graziamagazine.com\/es\/wp-content\/uploads\/sites\/12\/2020\/01\/MA2019_01_0077_CMYK-e1578775322886-720x484.jpg 720w, https:\/\/graziamagazine.com\/es\/wp-content\/uploads\/sites\/12\/2020\/01\/MA2019_01_0077_CMYK-e1578775322886-1200x806.jpg 1200w, https:\/\/graziamagazine.com\/es\/wp-content\/uploads\/sites\/12\/2020\/01\/MA2019_01_0077_CMYK-e1578775322886-626x421.jpg 626w, https:\/\/graziamagazine.com\/es\/wp-content\/uploads\/sites\/12\/2020\/01\/MA2019_01_0077_CMYK-e1578775322886-360x242.jpg 360w, https:\/\/graziamagazine.com\/es\/wp-content\/uploads\/sites\/12\/2020\/01\/MA2019_01_0077_CMYK-e1578775322886.jpg 1624w\" sizes=\"(max-width: 640px) 100vw, 640px\" \/><\/p>\n<p>Ahora <strong>la mirada<\/strong>, una de las zonas que siempre trabajamos m\u00e1s en un maquillaje, pero en este caso no se ha marcado tanto para conseguir ese efecto natural y fresco. Para ello han apostado por la nueva paleta de temporada <strong>Les 4 Ombres \u00abWarm Memories\u00bb<\/strong>: apl\u00edcala en todo el p\u00e1rpado, m\u00f3vil y superior, para crear una especie de capa luminosa cubriendo todo el ojo. Para darle algo m\u00e1s de fuerza, un toque de <strong>m\u00e1scara Inimitable<\/strong> para alargar las pesta\u00f1as.<\/p>\n<p><img loading=\"lazy\" decoding=\"async\" class=\"aligncenter wp-image-151068 size-large\" src=\"https:\/\/graziamagazine.com\/es\/wp-content\/uploads\/sites\/12\/2020\/01\/MA2017_13_1012_4_CMYK_Les-4-Ombres_Warm-Memories-e1578775360211-900x615.jpg\" alt=\"Conocemos los secretos del maquillaje de Greta Fern\u00e1ndez en los Premios Forqu\u00e9 2020\" width=\"640\" height=\"437\" srcset=\"https:\/\/graziamagazine.com\/es\/wp-content\/uploads\/sites\/12\/2020\/01\/MA2017_13_1012_4_CMYK_Les-4-Ombres_Warm-Memories-e1578775360211-900x615.jpg 900w, https:\/\/graziamagazine.com\/es\/wp-content\/uploads\/sites\/12\/2020\/01\/MA2017_13_1012_4_CMYK_Les-4-Ombres_Warm-Memories-e1578775360211-500x342.jpg 500w, https:\/\/graziamagazine.com\/es\/wp-content\/uploads\/sites\/12\/2020\/01\/MA2017_13_1012_4_CMYK_Les-4-Ombres_Warm-Memories-e1578775360211-768x525.jpg 768w, https:\/\/graziamagazine.com\/es\/wp-content\/uploads\/sites\/12\/2020\/01\/MA2017_13_1012_4_CMYK_Les-4-Ombres_Warm-Memories-e1578775360211-1100x752.jpg 1100w, https:\/\/graziamagazine.com\/es\/wp-content\/uploads\/sites\/12\/2020\/01\/MA2017_13_1012_4_CMYK_Les-4-Ombres_Warm-Memories-e1578775360211-120x82.jpg 120w, https:\/\/graziamagazine.com\/es\/wp-content\/uploads\/sites\/12\/2020\/01\/MA2017_13_1012_4_CMYK_Les-4-Ombres_Warm-Memories-e1578775360211-720x492.jpg 720w, https:\/\/graziamagazine.com\/es\/wp-content\/uploads\/sites\/12\/2020\/01\/MA2017_13_1012_4_CMYK_Les-4-Ombres_Warm-Memories-e1578775360211-1200x820.jpg 1200w, https:\/\/graziamagazine.com\/es\/wp-content\/uploads\/sites\/12\/2020\/01\/MA2017_13_1012_4_CMYK_Les-4-Ombres_Warm-Memories-e1578775360211-626x428.jpg 626w, https:\/\/graziamagazine.com\/es\/wp-content\/uploads\/sites\/12\/2020\/01\/MA2017_13_1012_4_CMYK_Les-4-Ombres_Warm-Memories-e1578775360211-360x246.jpg 360w, https:\/\/graziamagazine.com\/es\/wp-content\/uploads\/sites\/12\/2020\/01\/MA2017_13_1012_4_CMYK_Les-4-Ombres_Warm-Memories-e1578775360211.jpg 1432w\" sizes=\"(max-width: 640px) 100vw, 640px\" \/><\/p>\n<p>Por \u00faltimo, no te olvides en tu look natural de los <strong>labios<\/strong>, que como te coment\u00e1bamos en esta ocasi\u00f3n se ha querido conseguir un efecto labio mordido gracias, en esta ocasi\u00f3n al <strong>Crayon de Couleur \u00abDiscretion\u00bb<\/strong>. Vas a conseguir un labio goloso, natural y claro, mordido tan de tendencia.<\/p>\n<p><img loading=\"lazy\" decoding=\"async\" class=\"aligncenter wp-image-151067 size-large\" src=\"https:\/\/graziamagazine.com\/es\/wp-content\/uploads\/sites\/12\/2020\/01\/MA2016_15_0015-e1578775485186-900x789.jpg\" alt=\"Conocemos los secretos del maquillaje de Greta Fern\u00e1ndez en los Premios Forqu\u00e9 2020\" width=\"640\" height=\"561\" srcset=\"https:\/\/graziamagazine.com\/es\/wp-content\/uploads\/sites\/12\/2020\/01\/MA2016_15_0015-e1578775485186-900x789.jpg 900w, https:\/\/graziamagazine.com\/es\/wp-content\/uploads\/sites\/12\/2020\/01\/MA2016_15_0015-e1578775485186-500x439.jpg 500w, https:\/\/graziamagazine.com\/es\/wp-content\/uploads\/sites\/12\/2020\/01\/MA2016_15_0015-e1578775485186-768x674.jpg 768w, https:\/\/graziamagazine.com\/es\/wp-content\/uploads\/sites\/12\/2020\/01\/MA2016_15_0015-e1578775485186-1100x965.jpg 1100w, https:\/\/graziamagazine.com\/es\/wp-content\/uploads\/sites\/12\/2020\/01\/MA2016_15_0015-e1578775485186-120x105.jpg 120w, https:\/\/graziamagazine.com\/es\/wp-content\/uploads\/sites\/12\/2020\/01\/MA2016_15_0015-e1578775485186-720x631.jpg 720w, https:\/\/graziamagazine.com\/es\/wp-content\/uploads\/sites\/12\/2020\/01\/MA2016_15_0015-e1578775485186-1200x1052.jpg 1200w, https:\/\/graziamagazine.com\/es\/wp-content\/uploads\/sites\/12\/2020\/01\/MA2016_15_0015-e1578775485186-626x549.jpg 626w, https:\/\/graziamagazine.com\/es\/wp-content\/uploads\/sites\/12\/2020\/01\/MA2016_15_0015-e1578775485186-360x316.jpg 360w, https:\/\/graziamagazine.com\/es\/wp-content\/uploads\/sites\/12\/2020\/01\/MA2016_15_0015-e1578775485186.jpg 1692w\" sizes=\"(max-width: 640px) 100vw, 640px\" \/><\/p>\n<p>&nbsp;<\/p>\n<p>Con estos tips ahora ya no tienes excusa para no probar un beauty look fresco y natural durante todo el 2020.<\/p>\n<p>&nbsp;<\/p>\n","protected":false},"author":11653,"featured_media":151071,"template":"","format":"standard","categories":[2246,7],"acf":[],"yoast_head":"<!-- This site is optimized with the Yoast SEO Premium plugin v18.5 (Yoast SEO v20.4) - https:\/\/yoast.com\/wordpress\/plugins\/seo\/ -->\n<title>Te contamos todo del beauty look de Greta Fern\u00e1ndez en los Premios Forqu\u00e9 2020 | Grazia<\/title>\n<meta name=\"description\" content=\"Chanel ha sido el maquillador de la favorita para hacerse con el Premio a la Mejor Actriz.\" \/>\n<meta name=\"robots\" content=\"index, follow, max-snippet:-1, max-image-preview:large, max-video-preview:-1\" \/>\n<link rel=\"canonical\" href=\"https:\/\/graziamagazine.com\/es\/articles\/te-contamos-todo-del-beauty-look-de-greta-fernandez-en-los-premios-forque-2020\/\" \/>\n<meta property=\"og:locale\" content=\"es_ES\" \/>\n<meta property=\"og:type\" content=\"article\" \/>\n<meta property=\"og:title\" content=\"Te contamos todo del beauty look de Greta Fern\u00e1ndez en los Premios Forqu\u00e9 2020\" \/>\n<meta property=\"og:description\" content=\"Chanel ha sido el maquillador de la favorita para hacerse con el Premio a la Mejor Actriz.\" \/>\n<meta property=\"og:url\" content=\"https:\/\/graziamagazine.com\/es\/articles\/te-contamos-todo-del-beauty-look-de-greta-fernandez-en-los-premios-forque-2020\/\" \/>\n<meta property=\"og:site_name\" content=\"Grazia\" \/>\n<meta property=\"article:modified_time\" content=\"2020-01-11T20:56:44+00:00\" \/>\n<meta property=\"og:image\" content=\"https:\/\/graziamagazine.com\/es\/wp-content\/uploads\/sites\/12\/2020\/01\/Captura-de-pantalla-2020-01-11-a-las-21.51.08.png?fit=1024%2C730\" \/>\n\t<meta property=\"og:image:width\" content=\"1024\" \/>\n\t<meta property=\"og:image:height\" content=\"730\" \/>\n\t<meta property=\"og:image:type\" content=\"image\/png\" \/>\n<meta name=\"twitter:card\" content=\"summary_large_image\" \/>\n<meta name=\"twitter:label1\" content=\"Est. reading time\" \/>\n\t<meta name=\"twitter:data1\" content=\"2 minutos\" \/>\n<script type=\"application\/ld+json\" class=\"yoast-schema-graph\">{\"@context\":\"https:\/\/schema.org\",\"@graph\":[{\"@type\":\"WebPage\",\"@id\":\"https:\/\/graziamagazine.com\/es\/articles\/te-contamos-todo-del-beauty-look-de-greta-fernandez-en-los-premios-forque-2020\/\",\"url\":\"https:\/\/graziamagazine.com\/es\/articles\/te-contamos-todo-del-beauty-look-de-greta-fernandez-en-los-premios-forque-2020\/\",\"name\":\"Te contamos todo del beauty look de Greta Fern\u00e1ndez en los Premios Forqu\u00e9 2020 | Grazia\",\"isPartOf\":{\"@id\":\"https:\/\/graziamagazine.com\/es\/#website\"},\"datePublished\":\"2020-01-11T20:52:30+00:00\",\"dateModified\":\"2020-01-11T20:56:44+00:00\",\"description\":\"Chanel ha sido el maquillador de la favorita para hacerse con el Premio a la Mejor Actriz.\",\"breadcrumb\":{\"@id\":\"https:\/\/graziamagazine.com\/es\/articles\/te-contamos-todo-del-beauty-look-de-greta-fernandez-en-los-premios-forque-2020\/#breadcrumb\"},\"inLanguage\":\"es\",\"potentialAction\":[{\"@type\":\"ReadAction\",\"target\":[\"https:\/\/graziamagazine.com\/es\/articles\/te-contamos-todo-del-beauty-look-de-greta-fernandez-en-los-premios-forque-2020\/\"]}]},{\"@type\":\"BreadcrumbList\",\"@id\":\"https:\/\/graziamagazine.com\/es\/articles\/te-contamos-todo-del-beauty-look-de-greta-fernandez-en-los-premios-forque-2020\/#breadcrumb\",\"itemListElement\":[{\"@type\":\"ListItem\",\"position\":1,\"name\":\"Portada\",\"item\":\"https:\/\/graziamagazine.com\/es\/\"},{\"@type\":\"ListItem\",\"position\":2,\"name\":\"Te contamos todo del beauty look de Greta Fern\u00e1ndez en los Premios Forqu\u00e9 2020\"}]},{\"@type\":\"WebSite\",\"@id\":\"https:\/\/graziamagazine.com\/es\/#website\",\"url\":\"https:\/\/graziamagazine.com\/es\/\",\"name\":\"Grazia\",\"description\":\"Moda, belleza, celebrities, estilo de vida...\",\"potentialAction\":[{\"@type\":\"SearchAction\",\"target\":{\"@type\":\"EntryPoint\",\"urlTemplate\":\"https:\/\/graziamagazine.com\/es\/?s={search_term_string}\"},\"query-input\":\"required name=search_term_string\"}],\"inLanguage\":\"es\"}]}<\/script>\n<!-- \/ Yoast SEO Premium plugin. -->","yoast_head_json":{"title":"Te contamos todo del beauty look de Greta Fern\u00e1ndez en los Premios Forqu\u00e9 2020 | Grazia","description":"Chanel ha sido el maquillador de la favorita para hacerse con el Premio a la Mejor Actriz.","robots":{"index":"index","follow":"follow","max-snippet":"max-snippet:-1","max-image-preview":"max-image-preview:large","max-video-preview":"max-video-preview:-1"},"canonical":"https:\/\/graziamagazine.com\/es\/articles\/te-contamos-todo-del-beauty-look-de-greta-fernandez-en-los-premios-forque-2020\/","og_locale":"es_ES","og_type":"article","og_title":"Te contamos todo del beauty look de Greta Fern\u00e1ndez en los Premios Forqu\u00e9 2020","og_description":"Chanel ha sido el maquillador de la favorita para hacerse con el Premio a la Mejor Actriz.","og_url":"https:\/\/graziamagazine.com\/es\/articles\/te-contamos-todo-del-beauty-look-de-greta-fernandez-en-los-premios-forque-2020\/","og_site_name":"Grazia","article_modified_time":"2020-01-11T20:56:44+00:00","og_image":[{"width":1024,"height":730,"url":"https:\/\/graziamagazine.com\/es\/wp-content\/uploads\/sites\/12\/2020\/01\/Captura-de-pantalla-2020-01-11-a-las-21.51.08.png?fit=1024%2C730","type":"image\/png"}],"twitter_card":"summary_large_image","twitter_misc":{"Est. reading time":"2 minutos"},"schema":{"@context":"https:\/\/schema.org","@graph":[{"@type":"WebPage","@id":"https:\/\/graziamagazine.com\/es\/articles\/te-contamos-todo-del-beauty-look-de-greta-fernandez-en-los-premios-forque-2020\/","url":"https:\/\/graziamagazine.com\/es\/articles\/te-contamos-todo-del-beauty-look-de-greta-fernandez-en-los-premios-forque-2020\/","name":"Te contamos todo del beauty look de Greta Fern\u00e1ndez en los Premios Forqu\u00e9 2020 | Grazia","isPartOf":{"@id":"https:\/\/graziamagazine.com\/es\/#website"},"datePublished":"2020-01-11T20:52:30+00:00","dateModified":"2020-01-11T20:56:44+00:00","description":"Chanel ha sido el maquillador de la favorita para hacerse con el Premio a la Mejor Actriz.","breadcrumb":{"@id":"https:\/\/graziamagazine.com\/es\/articles\/te-contamos-todo-del-beauty-look-de-greta-fernandez-en-los-premios-forque-2020\/#breadcrumb"},"inLanguage":"es","potentialAction":[{"@type":"ReadAction","target":["https:\/\/graziamagazine.com\/es\/articles\/te-contamos-todo-del-beauty-look-de-greta-fernandez-en-los-premios-forque-2020\/"]}]},{"@type":"BreadcrumbList","@id":"https:\/\/graziamagazine.com\/es\/articles\/te-contamos-todo-del-beauty-look-de-greta-fernandez-en-los-premios-forque-2020\/#breadcrumb","itemListElement":[{"@type":"ListItem","position":1,"name":"Portada","item":"https:\/\/graziamagazine.com\/es\/"},{"@type":"ListItem","position":2,"name":"Te contamos todo del beauty look de Greta Fern\u00e1ndez en los Premios Forqu\u00e9 2020"}]},{"@type":"WebSite","@id":"https:\/\/graziamagazine.com\/es\/#website","url":"https:\/\/graziamagazine.com\/es\/","name":"Grazia","description":"Moda, belleza, celebrities, estilo de vida...","potentialAction":[{"@type":"SearchAction","target":{"@type":"EntryPoint","urlTemplate":"https:\/\/graziamagazine.com\/es\/?s={search_term_string}"},"query-input":"required name=search_term_string"}],"inLanguage":"es"}]}},"jetpack_sharing_enabled":true,"distributor_meta":false,"distributor_terms":false,"distributor_media":false,"distributor_original_site_name":"Grazia","distributor_original_site_url":"https:\/\/graziamagazine.com\/es","push-errors":false,"_links":{"self":[{"href":"https:\/\/graziamagazine.com\/es\/wp-json\/wp\/v2\/articles\/151065"}],"collection":[{"href":"https:\/\/graziamagazine.com\/es\/wp-json\/wp\/v2\/articles"}],"about":[{"href":"https:\/\/graziamagazine.com\/es\/wp-json\/wp\/v2\/types\/articles"}],"author":[{"embeddable":true,"href":"https:\/\/graziamagazine.com\/es\/wp-json\/wp\/v2\/users\/11653"}],"wp:featuredmedia":[{"embeddable":true,"href":"https:\/\/graziamagazine.com\/es\/wp-json\/wp\/v2\/media\/151071"}],"wp:attachment":[{"href":"https:\/\/graziamagazine.com\/es\/wp-json\/wp\/v2\/media?parent=151065"}],"wp:term":[{"taxonomy":"category","embeddable":true,"href":"https:\/\/graziamagazine.com\/es\/wp-json\/wp\/v2\/categories?post=151065"}],"curies":[{"name":"wp","href":"https:\/\/api.w.org\/{rel}","templated":true}]}}