{"id":150608,"date":"2019-12-18T17:16:05","date_gmt":"2019-12-18T16:16:05","guid":{"rendered":"https:\/\/graziamagazine.com\/es\/?p=150608"},"modified":"2019-12-18T17:24:33","modified_gmt":"2019-12-18T16:24:33","slug":"charlize-theron-tiene-el-lookazo-en-blanco-y-negro-para-tus-fiestas-de-navidad","status":"publish","type":"articles","link":"https:\/\/graziamagazine.com\/es\/articles\/charlize-theron-tiene-el-lookazo-en-blanco-y-negro-para-tus-fiestas-de-navidad\/","title":{"rendered":"Charlize Theron tiene el lookazo (en blanco y negro) para tus fiestas de Navidad"},"content":{"rendered":"<p>El a\u00f1o casi llega a su final y se suceden los eventos. Cualquier ocasi\u00f3n es buena para inspirarnos y encontrar el look perfecto para nuestras fiestas de Navidad, y l<strong>as famosas siempre son una gran fuente de inspiraci\u00f3n. As\u00ed ha sucedido con la \u00faltima aparici\u00f3n de Charlize Theron<\/strong>, quien est\u00e1 de gira promocionando su \u00faltima cinta &#8216;<em>Bombshell<\/em>&#8216;.<\/p>\n<p>Para la ocasi\u00f3n Charlize <strong>ha optado por dos colores que jam\u00e1s deja de estar de moda y conseguir combinaciones excelentes: el blanco y el negro<\/strong>. La actriz se ha sumado a la tendencia de los <a href=\"http:\/\/bit.ly\/2OJsjna\" target=\"_blank\"><strong>trajes dos piezas en blanco<\/strong><\/a>, y <strong>ha elegido uno de Dior Alta Costura creado por Maria Grazia Chiuri,<\/strong> compuesto por top, pantal\u00f3n y cintur\u00f3n.<\/p>\n<p>Hasta ah\u00ed ya tenemos un look perfecto, y m\u00e1s con la belleza de la actriz, pero <strong>el lookazo lo ha conseguido al a\u00f1adir una capa de esmoquin en color negro<\/strong>, <strong><a href=\"http:\/\/bit.ly\/34BF87s\" target=\"_blank\">un clutch 30 Montaigne<\/a><\/strong> de charol negro coordinado con zapatos tambi\u00e9n en charol, todo de Dior.<\/p>\n<p><img loading=\"lazy\" decoding=\"async\" class=\"aligncenter size-full wp-image-150610\" src=\"https:\/\/graziamagazine.com\/es\/wp-content\/uploads\/sites\/12\/2019\/12\/Charlize-Theron.jpg\" alt=\"Charlize Theron tiene el look perfecto de Dior para Navidad\" width=\"2400\" height=\"3600\" srcset=\"https:\/\/graziamagazine.com\/es\/wp-content\/uploads\/sites\/12\/2019\/12\/Charlize-Theron.jpg 2400w, https:\/\/graziamagazine.com\/es\/wp-content\/uploads\/sites\/12\/2019\/12\/Charlize-Theron.jpg?resize=200,300 200w, https:\/\/graziamagazine.com\/es\/wp-content\/uploads\/sites\/12\/2019\/12\/Charlize-Theron.jpg?resize=768,1152 768w, https:\/\/graziamagazine.com\/es\/wp-content\/uploads\/sites\/12\/2019\/12\/Charlize-Theron.jpg?resize=683,1024 683w, https:\/\/graziamagazine.com\/es\/wp-content\/uploads\/sites\/12\/2019\/12\/Charlize-Theron.jpg?resize=1024,1536 1024w, https:\/\/graziamagazine.com\/es\/wp-content\/uploads\/sites\/12\/2019\/12\/Charlize-Theron.jpg?resize=1365,2048 1365w, https:\/\/graziamagazine.com\/es\/wp-content\/uploads\/sites\/12\/2019\/12\/Charlize-Theron.jpg?resize=143,215 143w\" sizes=\"(max-width: 2400px) 100vw, 2400px\" \/><\/p>\n<p>Pero <strong>no ha sido el \u00fanico look de Dior con el que la actriz ha roto moldes en las \u00faltimas semanas<\/strong>. Precisamente ha sido Dior quien la ha vestido para pr\u00e1cticamente todas sus apariciones de alfombra roja y en todas ha tenido un resultado espectacular.<\/p>\n<p>En el estreno en Los \u00c1ngeles, luci\u00f3 un\u00a0traje de c\u00f3ctel negro de <b>Dior Alta Costura<\/b>, compuesto por un top y una falda bordada en micro-ottoman, y pendientes tambi\u00e9n de la <em>maison<\/em>.<\/p>\n<p><img loading=\"lazy\" decoding=\"async\" class=\"aligncenter size-full wp-image-150620\" src=\"https:\/\/graziamagazine.com\/es\/wp-content\/uploads\/sites\/12\/2019\/12\/GRAZIA-charlize-theron-dior-5.jpeg\" alt=\"Charlize Theron tiene el look perfecto de Dior para Navidad\" width=\"1200\" height=\"1773\" srcset=\"https:\/\/graziamagazine.com\/es\/wp-content\/uploads\/sites\/12\/2019\/12\/GRAZIA-charlize-theron-dior-5.jpeg 1200w, https:\/\/graziamagazine.com\/es\/wp-content\/uploads\/sites\/12\/2019\/12\/GRAZIA-charlize-theron-dior-5.jpeg?resize=203,300 203w, https:\/\/graziamagazine.com\/es\/wp-content\/uploads\/sites\/12\/2019\/12\/GRAZIA-charlize-theron-dior-5.jpeg?resize=768,1135 768w, https:\/\/graziamagazine.com\/es\/wp-content\/uploads\/sites\/12\/2019\/12\/GRAZIA-charlize-theron-dior-5.jpeg?resize=693,1024 693w, https:\/\/graziamagazine.com\/es\/wp-content\/uploads\/sites\/12\/2019\/12\/GRAZIA-charlize-theron-dior-5.jpeg?resize=1040,1536 1040w, https:\/\/graziamagazine.com\/es\/wp-content\/uploads\/sites\/12\/2019\/12\/GRAZIA-charlize-theron-dior-5.jpeg?resize=146,215 146w\" sizes=\"(max-width: 1200px) 100vw, 1200px\" \/><\/p>\n<p>Charlize tambi\u00e9n asisti\u00f3 a la <em>Gala Internacional 2019 del Guggenheim<\/em>, en el emblem\u00e1tico museo de la ciudad de Nueva York y lo hizo un estilo que nos cautiv\u00f3 a todos, con un total black que combinaba un vestido de gala de Dior, largo en tul y una perfecto de piel, que le daba un aire muy rockero a<\/p>\n<p><img loading=\"lazy\" decoding=\"async\" class=\"aligncenter size-full wp-image-150616\" src=\"https:\/\/graziamagazine.com\/es\/wp-content\/uploads\/sites\/12\/2019\/12\/GRAZIA-charlize-theron-dior-4.jpg\" alt=\"Charlize Theron tiene el look perfecto de Dior para Navidad\" width=\"600\" height=\"900\" srcset=\"https:\/\/graziamagazine.com\/es\/wp-content\/uploads\/sites\/12\/2019\/12\/GRAZIA-charlize-theron-dior-4.jpg 600w, https:\/\/graziamagazine.com\/es\/wp-content\/uploads\/sites\/12\/2019\/12\/GRAZIA-charlize-theron-dior-4.jpg?resize=200,300 200w, https:\/\/graziamagazine.com\/es\/wp-content\/uploads\/sites\/12\/2019\/12\/GRAZIA-charlize-theron-dior-4.jpg?resize=143,215 143w\" sizes=\"(max-width: 600px) 100vw, 600px\" \/><\/p>\n<p>&nbsp;<\/p>\n<p>En el evento de recaudaci\u00f3n para The Charlize Theron\u00b4s Africa Outreach Project, la actriz brill\u00f3 como salida de su anuncio de J&#8217;adore con un\u00a0<strong>vestido dorado de gasa de seda con flecos<\/strong> de Dior Haute Couture creado por Maria Grazia Chiuri, regres\u00e1ndonos a la \u00e9poca de las flappers en los a\u00f1os 20.<\/p>\n<p><img loading=\"lazy\" decoding=\"async\" class=\"aligncenter size-full wp-image-150613\" src=\"https:\/\/graziamagazine.com\/es\/wp-content\/uploads\/sites\/12\/2019\/12\/GRAZIA-charlize-theron-dior-3.jpg\" alt=\"Charlize Theron tiene el look perfecto de Dior para Navidad\" width=\"2195\" height=\"3000\" srcset=\"https:\/\/graziamagazine.com\/es\/wp-content\/uploads\/sites\/12\/2019\/12\/GRAZIA-charlize-theron-dior-3.jpg 2195w, https:\/\/graziamagazine.com\/es\/wp-content\/uploads\/sites\/12\/2019\/12\/GRAZIA-charlize-theron-dior-3.jpg?resize=220,300 220w, https:\/\/graziamagazine.com\/es\/wp-content\/uploads\/sites\/12\/2019\/12\/GRAZIA-charlize-theron-dior-3.jpg?resize=768,1050 768w, https:\/\/graziamagazine.com\/es\/wp-content\/uploads\/sites\/12\/2019\/12\/GRAZIA-charlize-theron-dior-3.jpg?resize=749,1024 749w, https:\/\/graziamagazine.com\/es\/wp-content\/uploads\/sites\/12\/2019\/12\/GRAZIA-charlize-theron-dior-3.jpg?resize=1124,1536 1124w, https:\/\/graziamagazine.com\/es\/wp-content\/uploads\/sites\/12\/2019\/12\/GRAZIA-charlize-theron-dior-3.jpg?resize=1498,2048 1498w, https:\/\/graziamagazine.com\/es\/wp-content\/uploads\/sites\/12\/2019\/12\/GRAZIA-charlize-theron-dior-3.jpg?resize=155,212 155w\" sizes=\"(max-width: 2195px) 100vw, 2195px\" \/><\/p>\n<p>El pasado noviembre tuvo lugar en Los \u00c1ngeles la presentaci\u00f3n del\u00a0<em>33\u00ba Premio de la Cinemateca Americana <\/em>y\u00a0Charlize <strong>apost\u00f3 por un look m\u00e1s rompedor con efecto red<\/strong>: un vestido de cuero negro troquelado de DIOR firmado por Maria Grazia Chiuri, creando diferentes estilos de flores.<\/p>\n<p><img loading=\"lazy\" decoding=\"async\" class=\"aligncenter size-full wp-image-150619\" src=\"https:\/\/graziamagazine.com\/es\/wp-content\/uploads\/sites\/12\/2019\/12\/GRAZIA-charlize-theron-dior-21.jpg\" alt=\"Charlize Theron tiene el look perfecto de Dior para Navidad\" width=\"1200\" height=\"1803\" srcset=\"https:\/\/graziamagazine.com\/es\/wp-content\/uploads\/sites\/12\/2019\/12\/GRAZIA-charlize-theron-dior-21.jpg 1200w, https:\/\/graziamagazine.com\/es\/wp-content\/uploads\/sites\/12\/2019\/12\/GRAZIA-charlize-theron-dior-21.jpg?resize=200,300 200w, https:\/\/graziamagazine.com\/es\/wp-content\/uploads\/sites\/12\/2019\/12\/GRAZIA-charlize-theron-dior-21.jpg?resize=768,1154 768w, https:\/\/graziamagazine.com\/es\/wp-content\/uploads\/sites\/12\/2019\/12\/GRAZIA-charlize-theron-dior-21.jpg?resize=682,1024 682w, https:\/\/graziamagazine.com\/es\/wp-content\/uploads\/sites\/12\/2019\/12\/GRAZIA-charlize-theron-dior-21.jpg?resize=1022,1536 1022w, https:\/\/graziamagazine.com\/es\/wp-content\/uploads\/sites\/12\/2019\/12\/GRAZIA-charlize-theron-dior-21.jpg?resize=143,215 143w\" sizes=\"(max-width: 1200px) 100vw, 1200px\" \/><\/p>\n<p>\u00bfCu\u00e1l es tu look favorito de todos?<\/p>\n<p><em>*Im\u00e1genes: Cortes\u00eda<\/em><\/p>\n<p>&nbsp;<\/p>\n","protected":false},"author":11653,"featured_media":150609,"template":"","format":"standard","categories":[2246],"acf":[],"yoast_head":"<!-- This site is optimized with the Yoast SEO Premium plugin v18.5 (Yoast SEO v20.4) - https:\/\/yoast.com\/wordpress\/plugins\/seo\/ -->\n<title>Charlize Theron tiene el lookazo (en blanco y negro) para tus fiestas de Navidad | Grazia<\/title>\n<meta name=\"description\" content=\"La actriz ha llevado un total look de Alta Costura de Dior demostrando una vez m\u00e1s que es una guapa entre las guapas, y elegantes.\" \/>\n<meta name=\"robots\" content=\"index, follow, max-snippet:-1, max-image-preview:large, max-video-preview:-1\" \/>\n<link rel=\"canonical\" href=\"https:\/\/graziamagazine.com\/es\/articles\/charlize-theron-tiene-el-lookazo-en-blanco-y-negro-para-tus-fiestas-de-navidad\/\" \/>\n<meta property=\"og:locale\" content=\"es_ES\" \/>\n<meta property=\"og:type\" content=\"article\" \/>\n<meta property=\"og:title\" content=\"Charlize Theron tiene el lookazo (en blanco y negro) para tus fiestas de Navidad\" \/>\n<meta property=\"og:description\" content=\"La actriz ha llevado un total look de Alta Costura de Dior demostrando una vez m\u00e1s que es una guapa entre las guapas, y elegantes.\" \/>\n<meta property=\"og:url\" content=\"https:\/\/graziamagazine.com\/es\/articles\/charlize-theron-tiene-el-lookazo-en-blanco-y-negro-para-tus-fiestas-de-navidad\/\" \/>\n<meta property=\"og:site_name\" content=\"Grazia\" \/>\n<meta property=\"article:modified_time\" content=\"2019-12-18T16:24:33+00:00\" \/>\n<meta property=\"og:image\" content=\"https:\/\/graziamagazine.com\/es\/wp-content\/uploads\/sites\/12\/2019\/12\/GRAZIA-charlize-theron-dior.jpg?fit=940%2C627\" \/>\n\t<meta property=\"og:image:width\" content=\"940\" \/>\n\t<meta property=\"og:image:height\" content=\"627\" \/>\n\t<meta property=\"og:image:type\" content=\"image\/jpeg\" \/>\n<meta name=\"twitter:card\" content=\"summary_large_image\" \/>\n<meta name=\"twitter:label1\" content=\"Est. reading time\" \/>\n\t<meta name=\"twitter:data1\" content=\"2 minutos\" \/>\n<script type=\"application\/ld+json\" class=\"yoast-schema-graph\">{\"@context\":\"https:\/\/schema.org\",\"@graph\":[{\"@type\":\"WebPage\",\"@id\":\"https:\/\/graziamagazine.com\/es\/articles\/charlize-theron-tiene-el-lookazo-en-blanco-y-negro-para-tus-fiestas-de-navidad\/\",\"url\":\"https:\/\/graziamagazine.com\/es\/articles\/charlize-theron-tiene-el-lookazo-en-blanco-y-negro-para-tus-fiestas-de-navidad\/\",\"name\":\"Charlize Theron tiene el lookazo (en blanco y negro) para tus fiestas de Navidad | Grazia\",\"isPartOf\":{\"@id\":\"https:\/\/graziamagazine.com\/es\/#website\"},\"datePublished\":\"2019-12-18T16:16:05+00:00\",\"dateModified\":\"2019-12-18T16:24:33+00:00\",\"description\":\"La actriz ha llevado un total look de Alta Costura de Dior demostrando una vez m\u00e1s que es una guapa entre las guapas, y elegantes.\",\"breadcrumb\":{\"@id\":\"https:\/\/graziamagazine.com\/es\/articles\/charlize-theron-tiene-el-lookazo-en-blanco-y-negro-para-tus-fiestas-de-navidad\/#breadcrumb\"},\"inLanguage\":\"es\",\"potentialAction\":[{\"@type\":\"ReadAction\",\"target\":[\"https:\/\/graziamagazine.com\/es\/articles\/charlize-theron-tiene-el-lookazo-en-blanco-y-negro-para-tus-fiestas-de-navidad\/\"]}]},{\"@type\":\"BreadcrumbList\",\"@id\":\"https:\/\/graziamagazine.com\/es\/articles\/charlize-theron-tiene-el-lookazo-en-blanco-y-negro-para-tus-fiestas-de-navidad\/#breadcrumb\",\"itemListElement\":[{\"@type\":\"ListItem\",\"position\":1,\"name\":\"Portada\",\"item\":\"https:\/\/graziamagazine.com\/es\/\"},{\"@type\":\"ListItem\",\"position\":2,\"name\":\"Charlize Theron tiene el lookazo (en blanco y negro) para tus fiestas de Navidad\"}]},{\"@type\":\"WebSite\",\"@id\":\"https:\/\/graziamagazine.com\/es\/#website\",\"url\":\"https:\/\/graziamagazine.com\/es\/\",\"name\":\"Grazia\",\"description\":\"Moda, belleza, celebrities, estilo de vida...\",\"potentialAction\":[{\"@type\":\"SearchAction\",\"target\":{\"@type\":\"EntryPoint\",\"urlTemplate\":\"https:\/\/graziamagazine.com\/es\/?s={search_term_string}\"},\"query-input\":\"required name=search_term_string\"}],\"inLanguage\":\"es\"}]}<\/script>\n<!-- \/ Yoast SEO Premium plugin. -->","yoast_head_json":{"title":"Charlize Theron tiene el lookazo (en blanco y negro) para tus fiestas de Navidad | Grazia","description":"La actriz ha llevado un total look de Alta Costura de Dior demostrando una vez m\u00e1s que es una guapa entre las guapas, y elegantes.","robots":{"index":"index","follow":"follow","max-snippet":"max-snippet:-1","max-image-preview":"max-image-preview:large","max-video-preview":"max-video-preview:-1"},"canonical":"https:\/\/graziamagazine.com\/es\/articles\/charlize-theron-tiene-el-lookazo-en-blanco-y-negro-para-tus-fiestas-de-navidad\/","og_locale":"es_ES","og_type":"article","og_title":"Charlize Theron tiene el lookazo (en blanco y negro) para tus fiestas de Navidad","og_description":"La actriz ha llevado un total look de Alta Costura de Dior demostrando una vez m\u00e1s que es una guapa entre las guapas, y elegantes.","og_url":"https:\/\/graziamagazine.com\/es\/articles\/charlize-theron-tiene-el-lookazo-en-blanco-y-negro-para-tus-fiestas-de-navidad\/","og_site_name":"Grazia","article_modified_time":"2019-12-18T16:24:33+00:00","og_image":[{"width":940,"height":627,"url":"https:\/\/graziamagazine.com\/es\/wp-content\/uploads\/sites\/12\/2019\/12\/GRAZIA-charlize-theron-dior.jpg?fit=940%2C627","type":"image\/jpeg"}],"twitter_card":"summary_large_image","twitter_misc":{"Est. reading time":"2 minutos"},"schema":{"@context":"https:\/\/schema.org","@graph":[{"@type":"WebPage","@id":"https:\/\/graziamagazine.com\/es\/articles\/charlize-theron-tiene-el-lookazo-en-blanco-y-negro-para-tus-fiestas-de-navidad\/","url":"https:\/\/graziamagazine.com\/es\/articles\/charlize-theron-tiene-el-lookazo-en-blanco-y-negro-para-tus-fiestas-de-navidad\/","name":"Charlize Theron tiene el lookazo (en blanco y negro) para tus fiestas de Navidad | Grazia","isPartOf":{"@id":"https:\/\/graziamagazine.com\/es\/#website"},"datePublished":"2019-12-18T16:16:05+00:00","dateModified":"2019-12-18T16:24:33+00:00","description":"La actriz ha llevado un total look de Alta Costura de Dior demostrando una vez m\u00e1s que es una guapa entre las guapas, y elegantes.","breadcrumb":{"@id":"https:\/\/graziamagazine.com\/es\/articles\/charlize-theron-tiene-el-lookazo-en-blanco-y-negro-para-tus-fiestas-de-navidad\/#breadcrumb"},"inLanguage":"es","potentialAction":[{"@type":"ReadAction","target":["https:\/\/graziamagazine.com\/es\/articles\/charlize-theron-tiene-el-lookazo-en-blanco-y-negro-para-tus-fiestas-de-navidad\/"]}]},{"@type":"BreadcrumbList","@id":"https:\/\/graziamagazine.com\/es\/articles\/charlize-theron-tiene-el-lookazo-en-blanco-y-negro-para-tus-fiestas-de-navidad\/#breadcrumb","itemListElement":[{"@type":"ListItem","position":1,"name":"Portada","item":"https:\/\/graziamagazine.com\/es\/"},{"@type":"ListItem","position":2,"name":"Charlize Theron tiene el lookazo (en blanco y negro) para tus fiestas de Navidad"}]},{"@type":"WebSite","@id":"https:\/\/graziamagazine.com\/es\/#website","url":"https:\/\/graziamagazine.com\/es\/","name":"Grazia","description":"Moda, belleza, celebrities, estilo de vida...","potentialAction":[{"@type":"SearchAction","target":{"@type":"EntryPoint","urlTemplate":"https:\/\/graziamagazine.com\/es\/?s={search_term_string}"},"query-input":"required name=search_term_string"}],"inLanguage":"es"}]}},"jetpack_sharing_enabled":true,"distributor_meta":false,"distributor_terms":false,"distributor_media":false,"distributor_original_site_name":"Grazia","distributor_original_site_url":"https:\/\/graziamagazine.com\/es","push-errors":false,"_links":{"self":[{"href":"https:\/\/graziamagazine.com\/es\/wp-json\/wp\/v2\/articles\/150608"}],"collection":[{"href":"https:\/\/graziamagazine.com\/es\/wp-json\/wp\/v2\/articles"}],"about":[{"href":"https:\/\/graziamagazine.com\/es\/wp-json\/wp\/v2\/types\/articles"}],"author":[{"embeddable":true,"href":"https:\/\/graziamagazine.com\/es\/wp-json\/wp\/v2\/users\/11653"}],"wp:featuredmedia":[{"embeddable":true,"href":"https:\/\/graziamagazine.com\/es\/wp-json\/wp\/v2\/media\/150609"}],"wp:attachment":[{"href":"https:\/\/graziamagazine.com\/es\/wp-json\/wp\/v2\/media?parent=150608"}],"wp:term":[{"taxonomy":"category","embeddable":true,"href":"https:\/\/graziamagazine.com\/es\/wp-json\/wp\/v2\/categories?post=150608"}],"curies":[{"name":"wp","href":"https:\/\/api.w.org\/{rel}","templated":true}]}}