{"id":150388,"date":"2019-12-11T00:36:20","date_gmt":"2019-12-10T23:36:20","guid":{"rendered":"https:\/\/graziamagazine.com\/es\/?p=150388"},"modified":"2019-12-11T00:37:00","modified_gmt":"2019-12-10T23:37:00","slug":"zara-lanza-su-primera-coleccion-sostenible-hecha-con-plastico-reciclado","status":"publish","type":"articles","link":"https:\/\/graziamagazine.com\/es\/articles\/zara-lanza-su-primera-coleccion-sostenible-hecha-con-plastico-reciclado\/","title":{"rendered":"Zara lanza su primera colecci\u00f3n sostenible hecha con pl\u00e1stico reciclado"},"content":{"rendered":"<p>Cada vez m\u00e1s las empresas buscan ser m\u00e1s sostenibles y que sus productos lo sean. <strong><a href=\"http:\/\/bit.ly\/33pMzil\" target=\"_blank\">Zara<\/a> es una de esas marcas de ropa que cada vez m\u00e1s se preocupa por no impactar en el medio ambiente<\/strong>. De hecho, en <strong>todas las marcas del Grupo Inditex encontramos prendas bajo el paraguas de &#8216;Join Life&#8217;<\/strong>, donde ponen en pr\u00e1ctica<\/p>\n<p>Ahora Zara da un paso m\u00e1s y lanza la que se ha convertido en su <strong>primera colecci\u00f3n creada a partir de poli\u00e9ster reciclado, obtenido de desechos de pl\u00e1stico<\/strong>. Muchos de estos pl\u00e1sticos se han recuperado en playas y costas, concretamente en las de la Riviera Maya mexicana, a unos 50 kil\u00f3metros\u00a0de distancia de diferentes r\u00edos y \u00e1reas costeras en las que no se cuentan con sistemas de gesti\u00f3n de residuos. Estos pl\u00e1sticos recolectados se clasifican para que pueda reciclarse correctamente el PET, uno de los materiales m\u00e1s utilizados en las botellas de agua, y despu\u00e9s se recupera, se transforma y se convierte en poli\u00e9ster reciclado.<\/p>\n<p>En esta nueva colecci\u00f3n llamada <em><strong>Upcycled Outerwear Colecction<\/strong><\/em> encontramos diferentes prendas de abrigo, adem\u00e1s de una mochila. <strong>Nuestro favorito es un abrigo acolchado de intenso color azul tipo plumas<\/strong>, con el que adem\u00e1s de mantener una postura sostenible ante la moda, vamos a seguir por completo la tendencias <a href=\"http:\/\/bit.ly\/33TAVvq\" target=\"_blank\">ya que el color del 2020 va a ser el azul<\/a>.<\/p>\n<p><img loading=\"lazy\" decoding=\"async\" class=\"aligncenter size-full wp-image-150393\" src=\"https:\/\/graziamagazine.com\/es\/wp-content\/uploads\/sites\/12\/2019\/12\/GRAZIA-coleccion-reciclado-zara-abrigo-azul.jpg\" alt=\"\" width=\"1024\" height=\"1536\" srcset=\"https:\/\/graziamagazine.com\/es\/wp-content\/uploads\/sites\/12\/2019\/12\/GRAZIA-coleccion-reciclado-zara-abrigo-azul.jpg 1024w, https:\/\/graziamagazine.com\/es\/wp-content\/uploads\/sites\/12\/2019\/12\/GRAZIA-coleccion-reciclado-zara-abrigo-azul.jpg?resize=200,300 200w, https:\/\/graziamagazine.com\/es\/wp-content\/uploads\/sites\/12\/2019\/12\/GRAZIA-coleccion-reciclado-zara-abrigo-azul.jpg?resize=768,1152 768w, https:\/\/graziamagazine.com\/es\/wp-content\/uploads\/sites\/12\/2019\/12\/GRAZIA-coleccion-reciclado-zara-abrigo-azul.jpg?resize=683,1024 683w, https:\/\/graziamagazine.com\/es\/wp-content\/uploads\/sites\/12\/2019\/12\/GRAZIA-coleccion-reciclado-zara-abrigo-azul.jpg?resize=143,215 143w\" sizes=\"(max-width: 1024px) 100vw, 1024px\" \/><\/p>\n<p>De manga larga, cuello alto, lleva bolsillos delanteros y cierre frontal de cremallera con botones a presi\u00f3n, <strong>su precio es de 69,95 euros<\/strong>.<\/p>\n<p>Pero hay m\u00e1s abrigos como<strong> la versi\u00f3n m\u00e1s sport con estampado de camuflaje<\/strong>, pr\u00e1cticamente similar en las l\u00edneas, tambi\u00e9n con cuello subido y cremallera en el frontal, aunque sin el brillo del modelo en azul intenso. <strong>Su precio tambi\u00e9n es de 69,95 euros<\/strong> y se ha creado una <strong>mochila en el mismo estampado<\/strong>, cuyo precio es de <strong>19,95 euros<\/strong>.<\/p>\n<p><img loading=\"lazy\" decoding=\"async\" class=\"aligncenter size-full wp-image-150390\" src=\"https:\/\/graziamagazine.com\/es\/wp-content\/uploads\/sites\/12\/2019\/12\/GRAZIA-coleccion-reciclada-zara-2.jpg\" alt=\"Zara lanza su primera colecci\u00f3n sostenible de pl\u00e1stico reciclado\" width=\"1920\" height=\"2564\" srcset=\"https:\/\/graziamagazine.com\/es\/wp-content\/uploads\/sites\/12\/2019\/12\/GRAZIA-coleccion-reciclada-zara-2.jpg 1920w, https:\/\/graziamagazine.com\/es\/wp-content\/uploads\/sites\/12\/2019\/12\/GRAZIA-coleccion-reciclada-zara-2.jpg?resize=225,300 225w, https:\/\/graziamagazine.com\/es\/wp-content\/uploads\/sites\/12\/2019\/12\/GRAZIA-coleccion-reciclada-zara-2.jpg?resize=768,1026 768w, https:\/\/graziamagazine.com\/es\/wp-content\/uploads\/sites\/12\/2019\/12\/GRAZIA-coleccion-reciclada-zara-2.jpg?resize=767,1024 767w, https:\/\/graziamagazine.com\/es\/wp-content\/uploads\/sites\/12\/2019\/12\/GRAZIA-coleccion-reciclada-zara-2.jpg?resize=1150,1536 1150w, https:\/\/graziamagazine.com\/es\/wp-content\/uploads\/sites\/12\/2019\/12\/GRAZIA-coleccion-reciclada-zara-2.jpg?resize=1534,2048 1534w, https:\/\/graziamagazine.com\/es\/wp-content\/uploads\/sites\/12\/2019\/12\/GRAZIA-coleccion-reciclada-zara-2.jpg?resize=155,207 155w\" sizes=\"(max-width: 1920px) 100vw, 1920px\" \/><\/p>\n<p>Junto a los dos plumas largos, la colecci\u00f3n se completa con uno m\u00e1s corto e igual de llamativo. Si te gustan las prendas metalizadas esta opci\u00f3n te va a encantar, porque adem\u00e1s es REVERSIBLE. Por un lado es color plateado, y por el otro combina tres tonos (plata, oro y azul metalizado).<\/p>\n<p><img loading=\"lazy\" decoding=\"async\" class=\"aligncenter size-full wp-image-150391\" src=\"https:\/\/graziamagazine.com\/es\/wp-content\/uploads\/sites\/12\/2019\/12\/GRAZIA-coleccion-reciclada-zara-3.jpg\" alt=\"Zara lanza su primera colecci\u00f3n sostenible de pl\u00e1stico reciclado\" width=\"1920\" height=\"2564\" srcset=\"https:\/\/graziamagazine.com\/es\/wp-content\/uploads\/sites\/12\/2019\/12\/GRAZIA-coleccion-reciclada-zara-3.jpg 1920w, https:\/\/graziamagazine.com\/es\/wp-content\/uploads\/sites\/12\/2019\/12\/GRAZIA-coleccion-reciclada-zara-3.jpg?resize=225,300 225w, https:\/\/graziamagazine.com\/es\/wp-content\/uploads\/sites\/12\/2019\/12\/GRAZIA-coleccion-reciclada-zara-3.jpg?resize=768,1026 768w, https:\/\/graziamagazine.com\/es\/wp-content\/uploads\/sites\/12\/2019\/12\/GRAZIA-coleccion-reciclada-zara-3.jpg?resize=767,1024 767w, https:\/\/graziamagazine.com\/es\/wp-content\/uploads\/sites\/12\/2019\/12\/GRAZIA-coleccion-reciclada-zara-3.jpg?resize=1150,1536 1150w, https:\/\/graziamagazine.com\/es\/wp-content\/uploads\/sites\/12\/2019\/12\/GRAZIA-coleccion-reciclada-zara-3.jpg?resize=1534,2048 1534w, https:\/\/graziamagazine.com\/es\/wp-content\/uploads\/sites\/12\/2019\/12\/GRAZIA-coleccion-reciclada-zara-3.jpg?resize=155,207 155w\" sizes=\"(max-width: 1920px) 100vw, 1920px\" \/><\/p>\n<p>Tambi\u00e9n de cuello subido, los bolsillos son altos, y <strong>tanto el exterior como el relleno interior est\u00e1n hechos con 100% poli\u00e9ster reciclado. Su precio es de 59,95 euros<\/strong>.<\/p>\n<p><img loading=\"lazy\" decoding=\"async\" class=\"aligncenter wp-image-150394 size-full\" src=\"https:\/\/graziamagazine.com\/es\/wp-content\/uploads\/sites\/12\/2019\/12\/GRAZIA-coleccion-reciclado-zara-abrigo-corto-e1576019830993.jpg\" alt=\"Zara lanza su primera colecci\u00f3n sostenible de pl\u00e1stico reciclado\" width=\"979\" height=\"952\" srcset=\"https:\/\/graziamagazine.com\/es\/wp-content\/uploads\/sites\/12\/2019\/12\/GRAZIA-coleccion-reciclado-zara-abrigo-corto-e1576019830993.jpg 979w, https:\/\/graziamagazine.com\/es\/wp-content\/uploads\/sites\/12\/2019\/12\/GRAZIA-coleccion-reciclado-zara-abrigo-corto-e1576019830993.jpg?resize=300,292 300w, https:\/\/graziamagazine.com\/es\/wp-content\/uploads\/sites\/12\/2019\/12\/GRAZIA-coleccion-reciclado-zara-abrigo-corto-e1576019830993.jpg?resize=768,747 768w, https:\/\/graziamagazine.com\/es\/wp-content\/uploads\/sites\/12\/2019\/12\/GRAZIA-coleccion-reciclado-zara-abrigo-corto-e1576019830993.jpg?resize=155,151 155w\" sizes=\"(max-width: 979px) 100vw, 979px\" \/><\/p>\n<p>De momento en la web de Zara no est\u00e1 disponible un tercer modelo en metalizado dorado, con capucha y mangas con cremallera con efecto capa ni el bolso acolchado en el mismo color, que s\u00ed aparece en las im\u00e1genes de campa\u00f1a, pero estamos seguros que llegar\u00e1 en breve al gigante de Inditex y se agotar\u00e1 r\u00e1pidamente, como ocurre con estas prendas especiales de edici\u00f3n limitada.<\/p>\n<p><img loading=\"lazy\" decoding=\"async\" class=\"aligncenter size-full wp-image-150392\" src=\"https:\/\/graziamagazine.com\/es\/wp-content\/uploads\/sites\/12\/2019\/12\/GRAZIA-coleccion-reciclada-zara-4.jpg\" alt=\"Zara lanza su primera colecci\u00f3n sostenible de pl\u00e1stico reciclado\" width=\"1920\" height=\"1280\" srcset=\"https:\/\/graziamagazine.com\/es\/wp-content\/uploads\/sites\/12\/2019\/12\/GRAZIA-coleccion-reciclada-zara-4.jpg 1920w, https:\/\/graziamagazine.com\/es\/wp-content\/uploads\/sites\/12\/2019\/12\/GRAZIA-coleccion-reciclada-zara-4.jpg?resize=300,200 300w, https:\/\/graziamagazine.com\/es\/wp-content\/uploads\/sites\/12\/2019\/12\/GRAZIA-coleccion-reciclada-zara-4.jpg?resize=768,512 768w, https:\/\/graziamagazine.com\/es\/wp-content\/uploads\/sites\/12\/2019\/12\/GRAZIA-coleccion-reciclada-zara-4.jpg?resize=1024,683 1024w, https:\/\/graziamagazine.com\/es\/wp-content\/uploads\/sites\/12\/2019\/12\/GRAZIA-coleccion-reciclada-zara-4.jpg?resize=1536,1024 1536w, https:\/\/graziamagazine.com\/es\/wp-content\/uploads\/sites\/12\/2019\/12\/GRAZIA-coleccion-reciclada-zara-4.jpg?resize=155,103 155w\" sizes=\"(max-width: 1920px) 100vw, 1920px\" \/><\/p>\n<p>&nbsp;<\/p>\n<p>&nbsp;<\/p>\n","protected":false},"author":11653,"featured_media":150389,"template":"","format":"standard","categories":[1],"acf":[],"yoast_head":"<!-- This site is optimized with the Yoast SEO Premium plugin v18.5 (Yoast SEO v20.4) - https:\/\/yoast.com\/wordpress\/plugins\/seo\/ -->\n<title>Zara lanza su primera colecci\u00f3n sostenible hecha con pl\u00e1stico reciclado | Grazia<\/title>\n<meta name=\"description\" content=\"Y adem\u00e1s una de las prendas es azul, el color del pr\u00f3ximo 2020.\" \/>\n<meta name=\"robots\" content=\"index, follow, max-snippet:-1, max-image-preview:large, max-video-preview:-1\" \/>\n<link rel=\"canonical\" href=\"https:\/\/graziamagazine.com\/es\/articles\/zara-lanza-su-primera-coleccion-sostenible-hecha-con-plastico-reciclado\/\" \/>\n<meta property=\"og:locale\" content=\"es_ES\" \/>\n<meta property=\"og:type\" content=\"article\" \/>\n<meta property=\"og:title\" content=\"Zara lanza su primera colecci\u00f3n sostenible hecha con pl\u00e1stico reciclado\" \/>\n<meta property=\"og:description\" content=\"Y adem\u00e1s una de las prendas es azul, el color del pr\u00f3ximo 2020.\" \/>\n<meta property=\"og:url\" content=\"https:\/\/graziamagazine.com\/es\/articles\/zara-lanza-su-primera-coleccion-sostenible-hecha-con-plastico-reciclado\/\" \/>\n<meta property=\"og:site_name\" content=\"Grazia\" \/>\n<meta property=\"article:modified_time\" content=\"2019-12-10T23:37:00+00:00\" \/>\n<meta property=\"og:image\" content=\"https:\/\/graziamagazine.com\/es\/wp-content\/uploads\/sites\/12\/2019\/12\/GRAZIA-coleccion-reciclada-zara.jpg?fit=1920%2C1280\" \/>\n\t<meta property=\"og:image:width\" content=\"1920\" \/>\n\t<meta property=\"og:image:height\" content=\"1280\" \/>\n\t<meta property=\"og:image:type\" content=\"image\/jpeg\" \/>\n<meta name=\"twitter:card\" content=\"summary_large_image\" \/>\n<meta name=\"twitter:label1\" content=\"Est. reading time\" \/>\n\t<meta name=\"twitter:data1\" content=\"2 minutos\" \/>\n<script type=\"application\/ld+json\" class=\"yoast-schema-graph\">{\"@context\":\"https:\/\/schema.org\",\"@graph\":[{\"@type\":\"WebPage\",\"@id\":\"https:\/\/graziamagazine.com\/es\/articles\/zara-lanza-su-primera-coleccion-sostenible-hecha-con-plastico-reciclado\/\",\"url\":\"https:\/\/graziamagazine.com\/es\/articles\/zara-lanza-su-primera-coleccion-sostenible-hecha-con-plastico-reciclado\/\",\"name\":\"Zara lanza su primera colecci\u00f3n sostenible hecha con pl\u00e1stico reciclado | Grazia\",\"isPartOf\":{\"@id\":\"https:\/\/graziamagazine.com\/es\/#website\"},\"datePublished\":\"2019-12-10T23:36:20+00:00\",\"dateModified\":\"2019-12-10T23:37:00+00:00\",\"description\":\"Y adem\u00e1s una de las prendas es azul, el color del pr\u00f3ximo 2020.\",\"breadcrumb\":{\"@id\":\"https:\/\/graziamagazine.com\/es\/articles\/zara-lanza-su-primera-coleccion-sostenible-hecha-con-plastico-reciclado\/#breadcrumb\"},\"inLanguage\":\"es\",\"potentialAction\":[{\"@type\":\"ReadAction\",\"target\":[\"https:\/\/graziamagazine.com\/es\/articles\/zara-lanza-su-primera-coleccion-sostenible-hecha-con-plastico-reciclado\/\"]}]},{\"@type\":\"BreadcrumbList\",\"@id\":\"https:\/\/graziamagazine.com\/es\/articles\/zara-lanza-su-primera-coleccion-sostenible-hecha-con-plastico-reciclado\/#breadcrumb\",\"itemListElement\":[{\"@type\":\"ListItem\",\"position\":1,\"name\":\"Portada\",\"item\":\"https:\/\/graziamagazine.com\/es\/\"},{\"@type\":\"ListItem\",\"position\":2,\"name\":\"Zara lanza su primera colecci\u00f3n sostenible hecha con pl\u00e1stico reciclado\"}]},{\"@type\":\"WebSite\",\"@id\":\"https:\/\/graziamagazine.com\/es\/#website\",\"url\":\"https:\/\/graziamagazine.com\/es\/\",\"name\":\"Grazia\",\"description\":\"Moda, belleza, celebrities, estilo de vida...\",\"potentialAction\":[{\"@type\":\"SearchAction\",\"target\":{\"@type\":\"EntryPoint\",\"urlTemplate\":\"https:\/\/graziamagazine.com\/es\/?s={search_term_string}\"},\"query-input\":\"required name=search_term_string\"}],\"inLanguage\":\"es\"}]}<\/script>\n<!-- \/ Yoast SEO Premium plugin. -->","yoast_head_json":{"title":"Zara lanza su primera colecci\u00f3n sostenible hecha con pl\u00e1stico reciclado | Grazia","description":"Y adem\u00e1s una de las prendas es azul, el color del pr\u00f3ximo 2020.","robots":{"index":"index","follow":"follow","max-snippet":"max-snippet:-1","max-image-preview":"max-image-preview:large","max-video-preview":"max-video-preview:-1"},"canonical":"https:\/\/graziamagazine.com\/es\/articles\/zara-lanza-su-primera-coleccion-sostenible-hecha-con-plastico-reciclado\/","og_locale":"es_ES","og_type":"article","og_title":"Zara lanza su primera colecci\u00f3n sostenible hecha con pl\u00e1stico reciclado","og_description":"Y adem\u00e1s una de las prendas es azul, el color del pr\u00f3ximo 2020.","og_url":"https:\/\/graziamagazine.com\/es\/articles\/zara-lanza-su-primera-coleccion-sostenible-hecha-con-plastico-reciclado\/","og_site_name":"Grazia","article_modified_time":"2019-12-10T23:37:00+00:00","og_image":[{"width":1920,"height":1280,"url":"https:\/\/graziamagazine.com\/es\/wp-content\/uploads\/sites\/12\/2019\/12\/GRAZIA-coleccion-reciclada-zara.jpg?fit=1920%2C1280","type":"image\/jpeg"}],"twitter_card":"summary_large_image","twitter_misc":{"Est. reading time":"2 minutos"},"schema":{"@context":"https:\/\/schema.org","@graph":[{"@type":"WebPage","@id":"https:\/\/graziamagazine.com\/es\/articles\/zara-lanza-su-primera-coleccion-sostenible-hecha-con-plastico-reciclado\/","url":"https:\/\/graziamagazine.com\/es\/articles\/zara-lanza-su-primera-coleccion-sostenible-hecha-con-plastico-reciclado\/","name":"Zara lanza su primera colecci\u00f3n sostenible hecha con pl\u00e1stico reciclado | Grazia","isPartOf":{"@id":"https:\/\/graziamagazine.com\/es\/#website"},"datePublished":"2019-12-10T23:36:20+00:00","dateModified":"2019-12-10T23:37:00+00:00","description":"Y adem\u00e1s una de las prendas es azul, el color del pr\u00f3ximo 2020.","breadcrumb":{"@id":"https:\/\/graziamagazine.com\/es\/articles\/zara-lanza-su-primera-coleccion-sostenible-hecha-con-plastico-reciclado\/#breadcrumb"},"inLanguage":"es","potentialAction":[{"@type":"ReadAction","target":["https:\/\/graziamagazine.com\/es\/articles\/zara-lanza-su-primera-coleccion-sostenible-hecha-con-plastico-reciclado\/"]}]},{"@type":"BreadcrumbList","@id":"https:\/\/graziamagazine.com\/es\/articles\/zara-lanza-su-primera-coleccion-sostenible-hecha-con-plastico-reciclado\/#breadcrumb","itemListElement":[{"@type":"ListItem","position":1,"name":"Portada","item":"https:\/\/graziamagazine.com\/es\/"},{"@type":"ListItem","position":2,"name":"Zara lanza su primera colecci\u00f3n sostenible hecha con pl\u00e1stico reciclado"}]},{"@type":"WebSite","@id":"https:\/\/graziamagazine.com\/es\/#website","url":"https:\/\/graziamagazine.com\/es\/","name":"Grazia","description":"Moda, belleza, celebrities, estilo de vida...","potentialAction":[{"@type":"SearchAction","target":{"@type":"EntryPoint","urlTemplate":"https:\/\/graziamagazine.com\/es\/?s={search_term_string}"},"query-input":"required name=search_term_string"}],"inLanguage":"es"}]}},"jetpack_sharing_enabled":true,"distributor_meta":false,"distributor_terms":false,"distributor_media":false,"distributor_original_site_name":"Grazia","distributor_original_site_url":"https:\/\/graziamagazine.com\/es","push-errors":false,"_links":{"self":[{"href":"https:\/\/graziamagazine.com\/es\/wp-json\/wp\/v2\/articles\/150388"}],"collection":[{"href":"https:\/\/graziamagazine.com\/es\/wp-json\/wp\/v2\/articles"}],"about":[{"href":"https:\/\/graziamagazine.com\/es\/wp-json\/wp\/v2\/types\/articles"}],"author":[{"embeddable":true,"href":"https:\/\/graziamagazine.com\/es\/wp-json\/wp\/v2\/users\/11653"}],"wp:featuredmedia":[{"embeddable":true,"href":"https:\/\/graziamagazine.com\/es\/wp-json\/wp\/v2\/media\/150389"}],"wp:attachment":[{"href":"https:\/\/graziamagazine.com\/es\/wp-json\/wp\/v2\/media?parent=150388"}],"wp:term":[{"taxonomy":"category","embeddable":true,"href":"https:\/\/graziamagazine.com\/es\/wp-json\/wp\/v2\/categories?post=150388"}],"curies":[{"name":"wp","href":"https:\/\/api.w.org\/{rel}","templated":true}]}}