{"id":150373,"date":"2019-12-10T20:56:24","date_gmt":"2019-12-10T19:56:24","guid":{"rendered":"https:\/\/graziamagazine.com\/es\/?p=150373"},"modified":"2019-12-10T20:57:48","modified_gmt":"2019-12-10T19:57:48","slug":"la-reina-letizia-estrena-un-jersey-de-uterque-y-ya-esta-casi-agotado","status":"publish","type":"articles","link":"https:\/\/graziamagazine.com\/es\/articles\/la-reina-letizia-estrena-un-jersey-de-uterque-y-ya-esta-casi-agotado\/","title":{"rendered":"La reina Letizia estrena un jersey de Uterq\u00fce y ya est\u00e1 casi agotado"},"content":{"rendered":"<p><strong>Los jerseys se llevan y mucho esta temporad<\/strong>a, y como la reina Letizia sigue al pie de la letra las tendencias, nos hab\u00eda extra\u00f1ado que no eligiera uno para completar algunos de sus looks m\u00e1s relajados. Pero hoy ha sido el d\u00eda en el que do\u00f1a Letizia ha decidido actualizar su armario y sumar una nueva prenda del Grupo Inditex, al retomar su agenda de actividades tras el puente de la Constituci\u00f3n.<\/p>\n<p>La reina ha estrenado look para asistir a la reuni\u00f3n del patronato de la Fundaci\u00f3n de Ayuda contra la Drogadicci\u00f3n, de la que es presidenta de honor y ha optado de nuevo por un total black, salpicado de ligeros toques blanco, <a href=\"http:\/\/bit.ly\/2NGMAtt\" target=\"_blank\">una de las combinaciones que m\u00e1s la hemos visto lucir en este 2019<\/a>.<\/p>\n<p><strong>La nueva prenda low cost se trata de un jersey de Uterq\u00fce<\/strong>, <a href=\"http:\/\/bit.ly\/2KoDXld\" target=\"_blank\">una de las marcas de Inditex que ya forman parte del armario real<\/a>, con ligeras l\u00edneas ochenteras, en punto negro con cuello algo y volante con bordado blanco.<\/p>\n<p><img loading=\"lazy\" decoding=\"async\" class=\"aligncenter size-full wp-image-150374\" src=\"https:\/\/graziamagazine.com\/es\/wp-content\/uploads\/sites\/12\/2019\/12\/GRAZIA-jersey-uterque-reina-letizia-1.jpg\" alt=\"La reina Letizia estrena un jersey de Uterq\u00fce con volantes que ya est\u00e1 agotado\" width=\"1400\" height=\"935\" srcset=\"https:\/\/graziamagazine.com\/es\/wp-content\/uploads\/sites\/12\/2019\/12\/GRAZIA-jersey-uterque-reina-letizia-1.jpg 1400w, https:\/\/graziamagazine.com\/es\/wp-content\/uploads\/sites\/12\/2019\/12\/GRAZIA-jersey-uterque-reina-letizia-1.jpg?resize=300,200 300w, https:\/\/graziamagazine.com\/es\/wp-content\/uploads\/sites\/12\/2019\/12\/GRAZIA-jersey-uterque-reina-letizia-1.jpg?resize=768,513 768w, https:\/\/graziamagazine.com\/es\/wp-content\/uploads\/sites\/12\/2019\/12\/GRAZIA-jersey-uterque-reina-letizia-1.jpg?resize=1024,684 1024w, https:\/\/graziamagazine.com\/es\/wp-content\/uploads\/sites\/12\/2019\/12\/GRAZIA-jersey-uterque-reina-letizia-1.jpg?resize=155,104 155w\" sizes=\"(max-width: 1400px) 100vw, 1400px\" \/><\/p>\n<p>La reina lo ha combinado con otras de las grandes tendencias del 2019, unos<strong> <a href=\"http:\/\/bit.ly\/2kOj8FH\" target=\"_blank\">pantalones culotte paper bag en negro<\/a>, con un peque\u00f1o cintur\u00f3n efecto coco negro<\/strong>, que estilizaban a\u00fan m\u00e1s su figura y unos <strong>salones plata de la firma espa\u00f1ola Magrit<\/strong>. El toque final sus pendientes favoritos de Gold and Roses.<\/p>\n<p><img loading=\"lazy\" decoding=\"async\" class=\"aligncenter size-full wp-image-150376\" src=\"https:\/\/graziamagazine.com\/es\/wp-content\/uploads\/sites\/12\/2019\/12\/GRAZIA-jersey-uterque-reina-letizia-2.jpeg\" alt=\"La reina Letizia estrena un jersey de Uterq\u00fce con volantes que ya est\u00e1 agotado\" width=\"1366\" height=\"2049\" srcset=\"https:\/\/graziamagazine.com\/es\/wp-content\/uploads\/sites\/12\/2019\/12\/GRAZIA-jersey-uterque-reina-letizia-2.jpeg 1366w, https:\/\/graziamagazine.com\/es\/wp-content\/uploads\/sites\/12\/2019\/12\/GRAZIA-jersey-uterque-reina-letizia-2.jpeg?resize=200,300 200w, https:\/\/graziamagazine.com\/es\/wp-content\/uploads\/sites\/12\/2019\/12\/GRAZIA-jersey-uterque-reina-letizia-2.jpeg?resize=768,1152 768w, https:\/\/graziamagazine.com\/es\/wp-content\/uploads\/sites\/12\/2019\/12\/GRAZIA-jersey-uterque-reina-letizia-2.jpeg?resize=683,1024 683w, https:\/\/graziamagazine.com\/es\/wp-content\/uploads\/sites\/12\/2019\/12\/GRAZIA-jersey-uterque-reina-letizia-2.jpeg?resize=1024,1536 1024w, https:\/\/graziamagazine.com\/es\/wp-content\/uploads\/sites\/12\/2019\/12\/GRAZIA-jersey-uterque-reina-letizia-2.jpeg?resize=143,215 143w\" sizes=\"(max-width: 1366px) 100vw, 1366px\" \/><\/p>\n<p><strong>Su precio es de 89 euros<\/strong> y apenas quedan unas pocas tallas en L, as\u00ed que puede que si es la tuya seas de las pocas afortunadas que pueda copiarle el look a la reina.<\/p>\n<p>&nbsp;<\/p>\n<p><img loading=\"lazy\" decoding=\"async\" class=\"aligncenter size-full wp-image-150375\" src=\"https:\/\/graziamagazine.com\/es\/wp-content\/uploads\/sites\/12\/2019\/12\/GRAZIA-jersey-uterque-reina-letizia.jpg\" alt=\"La reina Letizia estrena un jersey de Uterq\u00fce con volantes que ya est\u00e1 agotado\" width=\"476\" height=\"714\" srcset=\"https:\/\/graziamagazine.com\/es\/wp-content\/uploads\/sites\/12\/2019\/12\/GRAZIA-jersey-uterque-reina-letizia.jpg 476w, https:\/\/graziamagazine.com\/es\/wp-content\/uploads\/sites\/12\/2019\/12\/GRAZIA-jersey-uterque-reina-letizia.jpg?resize=200,300 200w, https:\/\/graziamagazine.com\/es\/wp-content\/uploads\/sites\/12\/2019\/12\/GRAZIA-jersey-uterque-reina-letizia.jpg?resize=143,215 143w\" sizes=\"(max-width: 476px) 100vw, 476px\" \/><\/p>\n<p>Una combinaci\u00f3n estupenda tanto para los looks de d\u00eda, como los looks de oficina e incluso para los looks m\u00e1s formales <a href=\"http:\/\/bit.ly\/35eCfug\" target=\"_blank\">para esta Navidad<\/a>.<\/p>\n<p><em>*Im\u00e1genes: Casa Real, Getty Images, Uterq\u00fce<\/em><\/p>\n<p>&nbsp;<\/p>\n","protected":false},"author":11653,"featured_media":150377,"template":"","format":"standard","categories":[2147],"acf":[],"yoast_head":"<!-- This site is optimized with the Yoast SEO Premium plugin v18.5 (Yoast SEO v20.4) - https:\/\/yoast.com\/wordpress\/plugins\/seo\/ -->\n<title>La reina Letizia estrena un jersey de Uterq\u00fce y ya est\u00e1 casi agotado | Grazia<\/title>\n<meta name=\"description\" content=\"De nuevo apuesta por el low cost y elige una de las firmas de Inditex que m\u00e1s le gustan para actualizar su vestuario.\" \/>\n<meta name=\"robots\" content=\"index, follow, max-snippet:-1, max-image-preview:large, max-video-preview:-1\" \/>\n<link rel=\"canonical\" href=\"https:\/\/graziamagazine.com\/es\/articles\/la-reina-letizia-estrena-un-jersey-de-uterque-y-ya-esta-casi-agotado\/\" \/>\n<meta property=\"og:locale\" content=\"es_ES\" \/>\n<meta property=\"og:type\" content=\"article\" \/>\n<meta property=\"og:title\" content=\"La reina Letizia estrena un jersey de Uterq\u00fce y ya est\u00e1 casi agotado\" \/>\n<meta property=\"og:description\" content=\"De nuevo apuesta por el low cost y elige una de las firmas de Inditex que m\u00e1s le gustan para actualizar su vestuario.\" \/>\n<meta property=\"og:url\" content=\"https:\/\/graziamagazine.com\/es\/articles\/la-reina-letizia-estrena-un-jersey-de-uterque-y-ya-esta-casi-agotado\/\" \/>\n<meta property=\"og:site_name\" content=\"Grazia\" \/>\n<meta property=\"article:modified_time\" content=\"2019-12-10T19:57:48+00:00\" \/>\n<meta property=\"og:image\" content=\"https:\/\/graziamagazine.com\/es\/wp-content\/uploads\/sites\/12\/2019\/12\/Captura-de-pantalla-2019-12-10-a-las-20.55.34.png\" \/>\n\t<meta property=\"og:image:width\" content=\"1093\" \/>\n\t<meta property=\"og:image:height\" content=\"727\" \/>\n\t<meta property=\"og:image:type\" content=\"image\/png\" \/>\n<meta name=\"twitter:card\" content=\"summary_large_image\" \/>\n<meta name=\"twitter:label1\" content=\"Est. reading time\" \/>\n\t<meta name=\"twitter:data1\" content=\"2 minutos\" \/>\n<script type=\"application\/ld+json\" class=\"yoast-schema-graph\">{\"@context\":\"https:\/\/schema.org\",\"@graph\":[{\"@type\":\"WebPage\",\"@id\":\"https:\/\/graziamagazine.com\/es\/articles\/la-reina-letizia-estrena-un-jersey-de-uterque-y-ya-esta-casi-agotado\/\",\"url\":\"https:\/\/graziamagazine.com\/es\/articles\/la-reina-letizia-estrena-un-jersey-de-uterque-y-ya-esta-casi-agotado\/\",\"name\":\"La reina Letizia estrena un jersey de Uterq\u00fce y ya est\u00e1 casi agotado | Grazia\",\"isPartOf\":{\"@id\":\"https:\/\/graziamagazine.com\/es\/#website\"},\"datePublished\":\"2019-12-10T19:56:24+00:00\",\"dateModified\":\"2019-12-10T19:57:48+00:00\",\"description\":\"De nuevo apuesta por el low cost y elige una de las firmas de Inditex que m\u00e1s le gustan para actualizar su vestuario.\",\"breadcrumb\":{\"@id\":\"https:\/\/graziamagazine.com\/es\/articles\/la-reina-letizia-estrena-un-jersey-de-uterque-y-ya-esta-casi-agotado\/#breadcrumb\"},\"inLanguage\":\"es\",\"potentialAction\":[{\"@type\":\"ReadAction\",\"target\":[\"https:\/\/graziamagazine.com\/es\/articles\/la-reina-letizia-estrena-un-jersey-de-uterque-y-ya-esta-casi-agotado\/\"]}]},{\"@type\":\"BreadcrumbList\",\"@id\":\"https:\/\/graziamagazine.com\/es\/articles\/la-reina-letizia-estrena-un-jersey-de-uterque-y-ya-esta-casi-agotado\/#breadcrumb\",\"itemListElement\":[{\"@type\":\"ListItem\",\"position\":1,\"name\":\"Portada\",\"item\":\"https:\/\/graziamagazine.com\/es\/\"},{\"@type\":\"ListItem\",\"position\":2,\"name\":\"La reina Letizia estrena un jersey de Uterq\u00fce y ya est\u00e1 casi agotado\"}]},{\"@type\":\"WebSite\",\"@id\":\"https:\/\/graziamagazine.com\/es\/#website\",\"url\":\"https:\/\/graziamagazine.com\/es\/\",\"name\":\"Grazia\",\"description\":\"Moda, belleza, celebrities, estilo de vida...\",\"potentialAction\":[{\"@type\":\"SearchAction\",\"target\":{\"@type\":\"EntryPoint\",\"urlTemplate\":\"https:\/\/graziamagazine.com\/es\/?s={search_term_string}\"},\"query-input\":\"required name=search_term_string\"}],\"inLanguage\":\"es\"}]}<\/script>\n<!-- \/ Yoast SEO Premium plugin. -->","yoast_head_json":{"title":"La reina Letizia estrena un jersey de Uterq\u00fce y ya est\u00e1 casi agotado | Grazia","description":"De nuevo apuesta por el low cost y elige una de las firmas de Inditex que m\u00e1s le gustan para actualizar su vestuario.","robots":{"index":"index","follow":"follow","max-snippet":"max-snippet:-1","max-image-preview":"max-image-preview:large","max-video-preview":"max-video-preview:-1"},"canonical":"https:\/\/graziamagazine.com\/es\/articles\/la-reina-letizia-estrena-un-jersey-de-uterque-y-ya-esta-casi-agotado\/","og_locale":"es_ES","og_type":"article","og_title":"La reina Letizia estrena un jersey de Uterq\u00fce y ya est\u00e1 casi agotado","og_description":"De nuevo apuesta por el low cost y elige una de las firmas de Inditex que m\u00e1s le gustan para actualizar su vestuario.","og_url":"https:\/\/graziamagazine.com\/es\/articles\/la-reina-letizia-estrena-un-jersey-de-uterque-y-ya-esta-casi-agotado\/","og_site_name":"Grazia","article_modified_time":"2019-12-10T19:57:48+00:00","og_image":[{"width":1093,"height":727,"url":"https:\/\/graziamagazine.com\/es\/wp-content\/uploads\/sites\/12\/2019\/12\/Captura-de-pantalla-2019-12-10-a-las-20.55.34.png","type":"image\/png"}],"twitter_card":"summary_large_image","twitter_misc":{"Est. reading time":"2 minutos"},"schema":{"@context":"https:\/\/schema.org","@graph":[{"@type":"WebPage","@id":"https:\/\/graziamagazine.com\/es\/articles\/la-reina-letizia-estrena-un-jersey-de-uterque-y-ya-esta-casi-agotado\/","url":"https:\/\/graziamagazine.com\/es\/articles\/la-reina-letizia-estrena-un-jersey-de-uterque-y-ya-esta-casi-agotado\/","name":"La reina Letizia estrena un jersey de Uterq\u00fce y ya est\u00e1 casi agotado | Grazia","isPartOf":{"@id":"https:\/\/graziamagazine.com\/es\/#website"},"datePublished":"2019-12-10T19:56:24+00:00","dateModified":"2019-12-10T19:57:48+00:00","description":"De nuevo apuesta por el low cost y elige una de las firmas de Inditex que m\u00e1s le gustan para actualizar su vestuario.","breadcrumb":{"@id":"https:\/\/graziamagazine.com\/es\/articles\/la-reina-letizia-estrena-un-jersey-de-uterque-y-ya-esta-casi-agotado\/#breadcrumb"},"inLanguage":"es","potentialAction":[{"@type":"ReadAction","target":["https:\/\/graziamagazine.com\/es\/articles\/la-reina-letizia-estrena-un-jersey-de-uterque-y-ya-esta-casi-agotado\/"]}]},{"@type":"BreadcrumbList","@id":"https:\/\/graziamagazine.com\/es\/articles\/la-reina-letizia-estrena-un-jersey-de-uterque-y-ya-esta-casi-agotado\/#breadcrumb","itemListElement":[{"@type":"ListItem","position":1,"name":"Portada","item":"https:\/\/graziamagazine.com\/es\/"},{"@type":"ListItem","position":2,"name":"La reina Letizia estrena un jersey de Uterq\u00fce y ya est\u00e1 casi agotado"}]},{"@type":"WebSite","@id":"https:\/\/graziamagazine.com\/es\/#website","url":"https:\/\/graziamagazine.com\/es\/","name":"Grazia","description":"Moda, belleza, celebrities, estilo de vida...","potentialAction":[{"@type":"SearchAction","target":{"@type":"EntryPoint","urlTemplate":"https:\/\/graziamagazine.com\/es\/?s={search_term_string}"},"query-input":"required name=search_term_string"}],"inLanguage":"es"}]}},"jetpack_sharing_enabled":true,"distributor_meta":false,"distributor_terms":false,"distributor_media":false,"distributor_original_site_name":"Grazia","distributor_original_site_url":"https:\/\/graziamagazine.com\/es","push-errors":false,"_links":{"self":[{"href":"https:\/\/graziamagazine.com\/es\/wp-json\/wp\/v2\/articles\/150373"}],"collection":[{"href":"https:\/\/graziamagazine.com\/es\/wp-json\/wp\/v2\/articles"}],"about":[{"href":"https:\/\/graziamagazine.com\/es\/wp-json\/wp\/v2\/types\/articles"}],"author":[{"embeddable":true,"href":"https:\/\/graziamagazine.com\/es\/wp-json\/wp\/v2\/users\/11653"}],"wp:featuredmedia":[{"embeddable":true,"href":"https:\/\/graziamagazine.com\/es\/wp-json\/wp\/v2\/media\/150377"}],"wp:attachment":[{"href":"https:\/\/graziamagazine.com\/es\/wp-json\/wp\/v2\/media?parent=150373"}],"wp:term":[{"taxonomy":"category","embeddable":true,"href":"https:\/\/graziamagazine.com\/es\/wp-json\/wp\/v2\/categories?post=150373"}],"curies":[{"name":"wp","href":"https:\/\/api.w.org\/{rel}","templated":true}]}}