{"id":150238,"date":"2019-12-04T21:56:24","date_gmt":"2019-12-04T20:56:24","guid":{"rendered":"https:\/\/graziamagazine.com\/es\/?p=150238"},"modified":"2019-12-04T21:56:24","modified_gmt":"2019-12-04T20:56:24","slug":"penelope-cruz-y-su-mini-de-plumas-una-combinacion-deslumbrante-en-el-desfile-de-chanel","status":"publish","type":"articles","link":"https:\/\/graziamagazine.com\/es\/articles\/penelope-cruz-y-su-mini-de-plumas-una-combinacion-deslumbrante-en-el-desfile-de-chanel\/","title":{"rendered":"Pen\u00e9lope Cruz y su mini de plumas, una combinaci\u00f3n deslumbrante en el desfile de Chanel"},"content":{"rendered":"<p>Ya es habitual verla entre los rostros conocidos que no quieren perderse cada a\u00f1o el<strong> espect\u00e1culo que Chanel prepara<\/strong> para presentar su nueva colecci\u00f3n. <strong>Una vez m\u00e1s <a href=\"http:\/\/bit.ly\/2LeDq4c\" target=\"_blank\">Pen\u00e9lope Cruz ha asistido como invitada especial<\/a><\/strong> y <strong>se ha sentado en primera fila del Gran Palais<\/strong> que se ha vestido de gala para acoger <em>Metiers d&#8217;Art<\/em>, la nueva colecci\u00f3n de la casa francesa.<\/p>\n<p>Como embajadora de la marca la hemos visto llegar con un<strong><em> total look<\/em> Chanel en negro<\/strong>, compuesto por dos piezas en las que<strong> los volantes han sido los protagonistas<\/strong> fundamentales. <a href=\"http:\/\/bit.ly\/2ZH4oe9\" target=\"_blank\">Pen\u00e9lope<\/a> ha demostrado que el menos es m\u00e1s no iba con ella, y<strong> ha apostado por un m\u00e1s es m\u00e1s: brillos, volantes, pedrer\u00eda, accesorios.\u00a0<\/strong><\/p>\n<p>La parte de arriba<strong> un cuerpo de sat\u00e9n negro<\/strong>, con bastante escote, que combinaba la gasa en grandes mangas con los volantes. Y en la parte inferior<strong> una falda de tiro alto dise\u00f1ada con varias capas de tul, creando un falso efecto de plumas<\/strong>, que nos ha dado ideas para lucir as\u00ed de bien en nuestras pr\u00f3ximas fiestas de Navidad.<\/p>\n<p><img loading=\"lazy\" decoding=\"async\" class=\"aligncenter size-full wp-image-150239\" src=\"https:\/\/graziamagazine.com\/es\/wp-content\/uploads\/sites\/12\/2019\/12\/GRAZIA-penelope-cruz-blusa-volantes-falda-negra-volumen-chanel-desfile-metiers-dart-2019-2020.jpg\" alt=\"Pen\u00e9lope Cruz deslumbrante en el desfile de Chanel con un look negro de volantes\" width=\"768\" height=\"1152\" srcset=\"https:\/\/graziamagazine.com\/es\/wp-content\/uploads\/sites\/12\/2019\/12\/GRAZIA-penelope-cruz-blusa-volantes-falda-negra-volumen-chanel-desfile-metiers-dart-2019-2020.jpg 768w, https:\/\/graziamagazine.com\/es\/wp-content\/uploads\/sites\/12\/2019\/12\/GRAZIA-penelope-cruz-blusa-volantes-falda-negra-volumen-chanel-desfile-metiers-dart-2019-2020.jpg?resize=200,300 200w, https:\/\/graziamagazine.com\/es\/wp-content\/uploads\/sites\/12\/2019\/12\/GRAZIA-penelope-cruz-blusa-volantes-falda-negra-volumen-chanel-desfile-metiers-dart-2019-2020.jpg?resize=683,1024 683w, https:\/\/graziamagazine.com\/es\/wp-content\/uploads\/sites\/12\/2019\/12\/GRAZIA-penelope-cruz-blusa-volantes-falda-negra-volumen-chanel-desfile-metiers-dart-2019-2020.jpg?resize=143,215 143w\" sizes=\"(max-width: 768px) 100vw, 768px\" \/><\/p>\n<p>Y para que el look todav\u00eda fuera<em> too much<\/em>, los <strong>accesorios<\/strong> no se han quedado atr\u00e1s. Por un lado un <strong>cintur\u00f3n cadena<\/strong> en color plateado, repleto de <strong>brillantes y perlas<\/strong>, uno de los s\u00edmbolos de la casa, y decorado con el ic\u00f3nico logo de la <em>maison<\/em>. Por otro <strong>el bolso con el m\u00edtico acolchado de la casa<\/strong>, decorado tambi\u00e9n por perlas, y para terminar unos <strong>pendientes joya XL<\/strong> con ca\u00edda, que asomaban entre su larga melena lisa. Y de nuevo, manicura y pedicura en rojo intenso, para darle una nota de color al negro.<\/p>\n<p>&nbsp;<\/p>\n<p>Sin duda, <a href=\"http:\/\/bit.ly\/2ngQfTy\" target=\"_blank\">Pen\u00e9lope<\/a> nos ha servido desde Par\u00eds como inspiraci\u00f3n perfecta para nuestros pr\u00f3ximos estilismos de Navidad.<\/p>\n","protected":false},"author":11653,"featured_media":150240,"template":"","format":"standard","categories":[13],"acf":[],"yoast_head":"<!-- This site is optimized with the Yoast SEO Premium plugin v18.5 (Yoast SEO v20.4) - https:\/\/yoast.com\/wordpress\/plugins\/seo\/ -->\n<title>Pen\u00e9lope Cruz y su mini de plumas, una combinaci\u00f3n deslumbrante en el desfile de Chanel | Grazia<\/title>\n<meta name=\"description\" content=\"La actriz no ha querido perderse una vez m\u00e1s el desfile de Chanel en el Grand Palais y ha desafiado al fr\u00edo con una minifalda muy propia para las fiestas.\" \/>\n<meta name=\"robots\" content=\"index, follow, max-snippet:-1, max-image-preview:large, max-video-preview:-1\" \/>\n<link rel=\"canonical\" href=\"https:\/\/graziamagazine.com\/es\/articles\/penelope-cruz-y-su-mini-de-plumas-una-combinacion-deslumbrante-en-el-desfile-de-chanel\/\" \/>\n<meta property=\"og:locale\" content=\"es_ES\" \/>\n<meta property=\"og:type\" content=\"article\" \/>\n<meta property=\"og:title\" content=\"Pen\u00e9lope Cruz y su mini de plumas, una combinaci\u00f3n deslumbrante en el desfile de Chanel\" \/>\n<meta property=\"og:description\" content=\"La actriz no ha querido perderse una vez m\u00e1s el desfile de Chanel en el Grand Palais y ha desafiado al fr\u00edo con una minifalda muy propia para las fiestas.\" \/>\n<meta property=\"og:url\" content=\"https:\/\/graziamagazine.com\/es\/articles\/penelope-cruz-y-su-mini-de-plumas-una-combinacion-deslumbrante-en-el-desfile-de-chanel\/\" \/>\n<meta property=\"og:site_name\" content=\"Grazia\" \/>\n<meta property=\"og:image\" content=\"https:\/\/graziamagazine.com\/es\/wp-content\/uploads\/sites\/12\/2019\/12\/Captura-de-pantalla-2019-12-04-a-las-21.54.22.png?fit=1089%2C689\" \/>\n\t<meta property=\"og:image:width\" content=\"1089\" \/>\n\t<meta property=\"og:image:height\" content=\"689\" \/>\n\t<meta property=\"og:image:type\" content=\"image\/png\" \/>\n<meta name=\"twitter:card\" content=\"summary_large_image\" \/>\n<meta name=\"twitter:label1\" content=\"Est. reading time\" \/>\n\t<meta name=\"twitter:data1\" content=\"2 minutos\" \/>\n<script type=\"application\/ld+json\" class=\"yoast-schema-graph\">{\"@context\":\"https:\/\/schema.org\",\"@graph\":[{\"@type\":\"WebPage\",\"@id\":\"https:\/\/graziamagazine.com\/es\/articles\/penelope-cruz-y-su-mini-de-plumas-una-combinacion-deslumbrante-en-el-desfile-de-chanel\/\",\"url\":\"https:\/\/graziamagazine.com\/es\/articles\/penelope-cruz-y-su-mini-de-plumas-una-combinacion-deslumbrante-en-el-desfile-de-chanel\/\",\"name\":\"Pen\u00e9lope Cruz y su mini de plumas, una combinaci\u00f3n deslumbrante en el desfile de Chanel | Grazia\",\"isPartOf\":{\"@id\":\"https:\/\/graziamagazine.com\/es\/#website\"},\"datePublished\":\"2019-12-04T20:56:24+00:00\",\"dateModified\":\"2019-12-04T20:56:24+00:00\",\"description\":\"La actriz no ha querido perderse una vez m\u00e1s el desfile de Chanel en el Grand Palais y ha desafiado al fr\u00edo con una minifalda muy propia para las fiestas.\",\"breadcrumb\":{\"@id\":\"https:\/\/graziamagazine.com\/es\/articles\/penelope-cruz-y-su-mini-de-plumas-una-combinacion-deslumbrante-en-el-desfile-de-chanel\/#breadcrumb\"},\"inLanguage\":\"es\",\"potentialAction\":[{\"@type\":\"ReadAction\",\"target\":[\"https:\/\/graziamagazine.com\/es\/articles\/penelope-cruz-y-su-mini-de-plumas-una-combinacion-deslumbrante-en-el-desfile-de-chanel\/\"]}]},{\"@type\":\"BreadcrumbList\",\"@id\":\"https:\/\/graziamagazine.com\/es\/articles\/penelope-cruz-y-su-mini-de-plumas-una-combinacion-deslumbrante-en-el-desfile-de-chanel\/#breadcrumb\",\"itemListElement\":[{\"@type\":\"ListItem\",\"position\":1,\"name\":\"Portada\",\"item\":\"https:\/\/graziamagazine.com\/es\/\"},{\"@type\":\"ListItem\",\"position\":2,\"name\":\"Pen\u00e9lope Cruz y su mini de plumas, una combinaci\u00f3n deslumbrante en el desfile de Chanel\"}]},{\"@type\":\"WebSite\",\"@id\":\"https:\/\/graziamagazine.com\/es\/#website\",\"url\":\"https:\/\/graziamagazine.com\/es\/\",\"name\":\"Grazia\",\"description\":\"Moda, belleza, celebrities, estilo de vida...\",\"potentialAction\":[{\"@type\":\"SearchAction\",\"target\":{\"@type\":\"EntryPoint\",\"urlTemplate\":\"https:\/\/graziamagazine.com\/es\/?s={search_term_string}\"},\"query-input\":\"required name=search_term_string\"}],\"inLanguage\":\"es\"}]}<\/script>\n<!-- \/ Yoast SEO Premium plugin. -->","yoast_head_json":{"title":"Pen\u00e9lope Cruz y su mini de plumas, una combinaci\u00f3n deslumbrante en el desfile de Chanel | Grazia","description":"La actriz no ha querido perderse una vez m\u00e1s el desfile de Chanel en el Grand Palais y ha desafiado al fr\u00edo con una minifalda muy propia para las fiestas.","robots":{"index":"index","follow":"follow","max-snippet":"max-snippet:-1","max-image-preview":"max-image-preview:large","max-video-preview":"max-video-preview:-1"},"canonical":"https:\/\/graziamagazine.com\/es\/articles\/penelope-cruz-y-su-mini-de-plumas-una-combinacion-deslumbrante-en-el-desfile-de-chanel\/","og_locale":"es_ES","og_type":"article","og_title":"Pen\u00e9lope Cruz y su mini de plumas, una combinaci\u00f3n deslumbrante en el desfile de Chanel","og_description":"La actriz no ha querido perderse una vez m\u00e1s el desfile de Chanel en el Grand Palais y ha desafiado al fr\u00edo con una minifalda muy propia para las fiestas.","og_url":"https:\/\/graziamagazine.com\/es\/articles\/penelope-cruz-y-su-mini-de-plumas-una-combinacion-deslumbrante-en-el-desfile-de-chanel\/","og_site_name":"Grazia","og_image":[{"width":1089,"height":689,"url":"https:\/\/graziamagazine.com\/es\/wp-content\/uploads\/sites\/12\/2019\/12\/Captura-de-pantalla-2019-12-04-a-las-21.54.22.png?fit=1089%2C689","type":"image\/png"}],"twitter_card":"summary_large_image","twitter_misc":{"Est. reading time":"2 minutos"},"schema":{"@context":"https:\/\/schema.org","@graph":[{"@type":"WebPage","@id":"https:\/\/graziamagazine.com\/es\/articles\/penelope-cruz-y-su-mini-de-plumas-una-combinacion-deslumbrante-en-el-desfile-de-chanel\/","url":"https:\/\/graziamagazine.com\/es\/articles\/penelope-cruz-y-su-mini-de-plumas-una-combinacion-deslumbrante-en-el-desfile-de-chanel\/","name":"Pen\u00e9lope Cruz y su mini de plumas, una combinaci\u00f3n deslumbrante en el desfile de Chanel | Grazia","isPartOf":{"@id":"https:\/\/graziamagazine.com\/es\/#website"},"datePublished":"2019-12-04T20:56:24+00:00","dateModified":"2019-12-04T20:56:24+00:00","description":"La actriz no ha querido perderse una vez m\u00e1s el desfile de Chanel en el Grand Palais y ha desafiado al fr\u00edo con una minifalda muy propia para las fiestas.","breadcrumb":{"@id":"https:\/\/graziamagazine.com\/es\/articles\/penelope-cruz-y-su-mini-de-plumas-una-combinacion-deslumbrante-en-el-desfile-de-chanel\/#breadcrumb"},"inLanguage":"es","potentialAction":[{"@type":"ReadAction","target":["https:\/\/graziamagazine.com\/es\/articles\/penelope-cruz-y-su-mini-de-plumas-una-combinacion-deslumbrante-en-el-desfile-de-chanel\/"]}]},{"@type":"BreadcrumbList","@id":"https:\/\/graziamagazine.com\/es\/articles\/penelope-cruz-y-su-mini-de-plumas-una-combinacion-deslumbrante-en-el-desfile-de-chanel\/#breadcrumb","itemListElement":[{"@type":"ListItem","position":1,"name":"Portada","item":"https:\/\/graziamagazine.com\/es\/"},{"@type":"ListItem","position":2,"name":"Pen\u00e9lope Cruz y su mini de plumas, una combinaci\u00f3n deslumbrante en el desfile de Chanel"}]},{"@type":"WebSite","@id":"https:\/\/graziamagazine.com\/es\/#website","url":"https:\/\/graziamagazine.com\/es\/","name":"Grazia","description":"Moda, belleza, celebrities, estilo de vida...","potentialAction":[{"@type":"SearchAction","target":{"@type":"EntryPoint","urlTemplate":"https:\/\/graziamagazine.com\/es\/?s={search_term_string}"},"query-input":"required name=search_term_string"}],"inLanguage":"es"}]}},"jetpack_sharing_enabled":true,"distributor_meta":false,"distributor_terms":false,"distributor_media":false,"distributor_original_site_name":"Grazia","distributor_original_site_url":"https:\/\/graziamagazine.com\/es","push-errors":false,"_links":{"self":[{"href":"https:\/\/graziamagazine.com\/es\/wp-json\/wp\/v2\/articles\/150238"}],"collection":[{"href":"https:\/\/graziamagazine.com\/es\/wp-json\/wp\/v2\/articles"}],"about":[{"href":"https:\/\/graziamagazine.com\/es\/wp-json\/wp\/v2\/types\/articles"}],"author":[{"embeddable":true,"href":"https:\/\/graziamagazine.com\/es\/wp-json\/wp\/v2\/users\/11653"}],"wp:featuredmedia":[{"embeddable":true,"href":"https:\/\/graziamagazine.com\/es\/wp-json\/wp\/v2\/media\/150240"}],"wp:attachment":[{"href":"https:\/\/graziamagazine.com\/es\/wp-json\/wp\/v2\/media?parent=150238"}],"wp:term":[{"taxonomy":"category","embeddable":true,"href":"https:\/\/graziamagazine.com\/es\/wp-json\/wp\/v2\/categories?post=150238"}],"curies":[{"name":"wp","href":"https:\/\/api.w.org\/{rel}","templated":true}]}}