{"id":150175,"date":"2019-12-03T17:04:52","date_gmt":"2019-12-03T16:04:52","guid":{"rendered":"https:\/\/graziamagazine.com\/es\/?p=150175"},"modified":"2019-12-03T17:05:55","modified_gmt":"2019-12-03T16:05:55","slug":"quieres-usar-el-mismo-contorno-de-ojos-que-victoria-beckham-lo-tenemos","status":"publish","type":"articles","link":"https:\/\/graziamagazine.com\/es\/articles\/quieres-usar-el-mismo-contorno-de-ojos-que-victoria-beckham-lo-tenemos\/","title":{"rendered":"\u00bfQuieres usar el mismo contorno de ojos que Victoria Beckham? Lo tenemos"},"content":{"rendered":"<p><strong>Es habitual que muchas nos fijemos en qu\u00e9 productos de belleza usan nuestras famosas favoritas<\/strong>, y en cuanto lo sabemos salimos corriendo para hacernos con uno antes de que se agoten. \u00a1Porque siempre se agotan!<\/p>\n<p><strong>La \u00faltima en compartir sus secretos de belleza ha sido <a href=\"http:\/\/bit.ly\/32sEJnT\" target=\"_blank\">Victoria Beckham<\/a><\/strong>, concretamente ha confesado en Youtube a trav\u00e9s del canal <a href=\"https:\/\/www.youtube.com\/channel\/UC5SMcFSj_5ur-4iK9CginyQ\" target=\"_blank\">Song of style<\/a>. En su aparici\u00f3n hemos descubierto varias cosas, la primera es que <strong>su nueva adicci\u00f3n <em>beauty<\/em> ha sido una recomendaci\u00f3n de Melanie Grant, la especialista en skincare de muchas celebrities<\/strong>, la segunda es que se trata de un <strong>tratamiento de la firma cosm\u00e9tica Medik8<\/strong>.<\/p>\n<p class=\"yiv9401094171MsoNormal\" style=\"text-align: left;\" align=\"center\">En concreto estamos hablando del \u00a0<strong>r-Retinoate Day &amp; Night Eye Serum,<\/strong> una f\u00f3rmula revolucionaria m\u00e1s all\u00e1 del retinol que descongestiona, rejuvenece y mejora la pigmentaci\u00f3n. Tato es as\u00ed que la f\u00f3rmula est\u00e1 incluso patentada por Medik8.<\/p>\n<p><iframe loading=\"lazy\" title=\"Victoria Beckham&#039;s Beauty Faves + Q&amp;A | Song of Style | Aimee Song\" width=\"500\" height=\"281\" src=\"https:\/\/www.youtube.com\/embed\/7GxVjdcWsQ8?start=194&#038;feature=oembed\" frameborder=\"0\" allow=\"accelerometer; autoplay; encrypted-media; gyroscope; picture-in-picture\" allowfullscreen><\/iframe><\/p>\n<h3 style=\"text-align: left;\" align=\"center\">\u00bfQu\u00e9 tiene esta formulaci\u00f3n para enamorar a todas las celebrities que lo prueban?<\/h3>\n<p>Hace poco m\u00e1s de dos meses que lleg\u00f3 a Espa\u00f1a y el secreto de su \u00e9xito es que rejuvenece, desinflama, mejora la pigmentaci\u00f3n,\u00a0acaba con las ojeras, descarga la zona y unifica el tono.<\/p>\n<p><img loading=\"lazy\" decoding=\"async\" class=\"aligncenter size-full wp-image-150176\" src=\"https:\/\/graziamagazine.com\/es\/wp-content\/uploads\/sites\/12\/2019\/12\/Unknown-1.jpeg\" alt=\"El contorno de ojos de Victoria Beckham es de Medik8\" width=\"567\" height=\"413\" srcset=\"https:\/\/graziamagazine.com\/es\/wp-content\/uploads\/sites\/12\/2019\/12\/Unknown-1.jpeg 567w, https:\/\/graziamagazine.com\/es\/wp-content\/uploads\/sites\/12\/2019\/12\/Unknown-1.jpeg?resize=300,219 300w, https:\/\/graziamagazine.com\/es\/wp-content\/uploads\/sites\/12\/2019\/12\/Unknown-1.jpeg?resize=155,113 155w\" sizes=\"(max-width: 567px) 100vw, 567px\" \/><\/p>\n<h3 style=\"text-align: left;\" align=\"center\">Ingredientes<\/h3>\n<ul>\n<li class=\"yiv9401094171MsoNormal\" style=\"text-align: left;\"><b>Retinyl Retinoato <\/b>\u2013 8 veces m\u00e1s efectivo que el retinol y estable tanto por el d\u00eda como por la noche. No es irritante y ayuda a estimular la s\u00edntesis de col\u00e1geno y a la regeneraci\u00f3n celular de la piel.<\/li>\n<li class=\"yiv9401094171MsoNormal\" style=\"text-align: left;\"><b>Hesperidina<\/b> \u2013 Se encuentra de manera natural en las frutas. Mejora la circulaci\u00f3n y refuerza los capilares, aumentando el brillo del contorno de los ojos.<\/li>\n<li class=\"yiv9401094171MsoNormal\" style=\"text-align: left;\"><b>Cafe\u00edna<\/b> \u2013 Es revitalizante y reduce los vasos para para que el contorno aparezca menos oscuro bajo los ojos.<\/li>\n<li class=\"yiv9401094171MsoNormal\" style=\"text-align: left;\"><b>\u00c1cido Hialur\u00f3nico de m\u00faltiple peso \u2013<\/b> Con una habilidad \u00fanica para atraer y retener m\u00e1s de 1.000 veces su propio peso en agua, el \u00e1cido hialur\u00f3nico aporta una intensa hidrataci\u00f3n a la zona.<\/li>\n<\/ul>\n<p style=\"text-align: left;\" align=\"center\">No nos extra\u00f1a que con esto que te contamos <a href=\"http:\/\/bit.ly\/31hQuvK\" target=\"_blank\">Victoria<\/a> haya ca\u00eddo rendida a sus pies. Si t\u00fa tambi\u00e9n quieres probarlo, ll precio de\u00a0<b>r-Retinoate<\/b><b>\u00ae<\/b><b> Eye Serum Day &amp; Night es de 115\u20ac, en su versi\u00f3n 15ml.<\/b><\/p>\n","protected":false},"author":11653,"featured_media":150178,"template":"","format":"standard","categories":[7,13],"acf":[],"yoast_head":"<!-- This site is optimized with the Yoast SEO Premium plugin v18.5 (Yoast SEO v20.4) - https:\/\/yoast.com\/wordpress\/plugins\/seo\/ -->\n<title>\u00bfQuieres usar el mismo contorno de ojos que Victoria Beckham? Lo tenemos | Grazia<\/title>\n<meta name=\"description\" content=\"La dise\u00f1adora ha confesado en Youtube qu\u00e9 producto m\u00e1gico utiliza para mantener perfecta su mirada y te contamos c\u00f3mo y d\u00f3nde conseguirlo.\" \/>\n<meta name=\"robots\" content=\"index, follow, max-snippet:-1, max-image-preview:large, max-video-preview:-1\" \/>\n<link rel=\"canonical\" href=\"https:\/\/graziamagazine.com\/es\/articles\/quieres-usar-el-mismo-contorno-de-ojos-que-victoria-beckham-lo-tenemos\/\" \/>\n<meta property=\"og:locale\" content=\"es_ES\" \/>\n<meta property=\"og:type\" content=\"article\" \/>\n<meta property=\"og:title\" content=\"\u00bfQuieres usar el mismo contorno de ojos que Victoria Beckham? Lo tenemos\" \/>\n<meta property=\"og:description\" content=\"La dise\u00f1adora ha confesado en Youtube qu\u00e9 producto m\u00e1gico utiliza para mantener perfecta su mirada y te contamos c\u00f3mo y d\u00f3nde conseguirlo.\" \/>\n<meta property=\"og:url\" content=\"https:\/\/graziamagazine.com\/es\/articles\/quieres-usar-el-mismo-contorno-de-ojos-que-victoria-beckham-lo-tenemos\/\" \/>\n<meta property=\"og:site_name\" content=\"Grazia\" \/>\n<meta property=\"article:modified_time\" content=\"2019-12-03T16:05:55+00:00\" \/>\n<meta property=\"og:image\" content=\"https:\/\/graziamagazine.com\/es\/wp-content\/uploads\/sites\/12\/2019\/12\/Captura-de-pantalla-2019-12-03-a-las-16.29.291.png?fit=472%2C446\" \/>\n\t<meta property=\"og:image:width\" content=\"472\" \/>\n\t<meta property=\"og:image:height\" content=\"446\" \/>\n\t<meta property=\"og:image:type\" content=\"image\/png\" \/>\n<meta name=\"twitter:card\" content=\"summary_large_image\" \/>\n<meta name=\"twitter:label1\" content=\"Est. reading time\" \/>\n\t<meta name=\"twitter:data1\" content=\"2 minutos\" \/>\n<script type=\"application\/ld+json\" class=\"yoast-schema-graph\">{\"@context\":\"https:\/\/schema.org\",\"@graph\":[{\"@type\":\"WebPage\",\"@id\":\"https:\/\/graziamagazine.com\/es\/articles\/quieres-usar-el-mismo-contorno-de-ojos-que-victoria-beckham-lo-tenemos\/\",\"url\":\"https:\/\/graziamagazine.com\/es\/articles\/quieres-usar-el-mismo-contorno-de-ojos-que-victoria-beckham-lo-tenemos\/\",\"name\":\"\u00bfQuieres usar el mismo contorno de ojos que Victoria Beckham? Lo tenemos | Grazia\",\"isPartOf\":{\"@id\":\"https:\/\/graziamagazine.com\/es\/#website\"},\"datePublished\":\"2019-12-03T16:04:52+00:00\",\"dateModified\":\"2019-12-03T16:05:55+00:00\",\"description\":\"La dise\u00f1adora ha confesado en Youtube qu\u00e9 producto m\u00e1gico utiliza para mantener perfecta su mirada y te contamos c\u00f3mo y d\u00f3nde conseguirlo.\",\"breadcrumb\":{\"@id\":\"https:\/\/graziamagazine.com\/es\/articles\/quieres-usar-el-mismo-contorno-de-ojos-que-victoria-beckham-lo-tenemos\/#breadcrumb\"},\"inLanguage\":\"es\",\"potentialAction\":[{\"@type\":\"ReadAction\",\"target\":[\"https:\/\/graziamagazine.com\/es\/articles\/quieres-usar-el-mismo-contorno-de-ojos-que-victoria-beckham-lo-tenemos\/\"]}]},{\"@type\":\"BreadcrumbList\",\"@id\":\"https:\/\/graziamagazine.com\/es\/articles\/quieres-usar-el-mismo-contorno-de-ojos-que-victoria-beckham-lo-tenemos\/#breadcrumb\",\"itemListElement\":[{\"@type\":\"ListItem\",\"position\":1,\"name\":\"Portada\",\"item\":\"https:\/\/graziamagazine.com\/es\/\"},{\"@type\":\"ListItem\",\"position\":2,\"name\":\"\u00bfQuieres usar el mismo contorno de ojos que Victoria Beckham? Lo tenemos\"}]},{\"@type\":\"WebSite\",\"@id\":\"https:\/\/graziamagazine.com\/es\/#website\",\"url\":\"https:\/\/graziamagazine.com\/es\/\",\"name\":\"Grazia\",\"description\":\"Moda, belleza, celebrities, estilo de vida...\",\"potentialAction\":[{\"@type\":\"SearchAction\",\"target\":{\"@type\":\"EntryPoint\",\"urlTemplate\":\"https:\/\/graziamagazine.com\/es\/?s={search_term_string}\"},\"query-input\":\"required name=search_term_string\"}],\"inLanguage\":\"es\"}]}<\/script>\n<!-- \/ Yoast SEO Premium plugin. -->","yoast_head_json":{"title":"\u00bfQuieres usar el mismo contorno de ojos que Victoria Beckham? Lo tenemos | Grazia","description":"La dise\u00f1adora ha confesado en Youtube qu\u00e9 producto m\u00e1gico utiliza para mantener perfecta su mirada y te contamos c\u00f3mo y d\u00f3nde conseguirlo.","robots":{"index":"index","follow":"follow","max-snippet":"max-snippet:-1","max-image-preview":"max-image-preview:large","max-video-preview":"max-video-preview:-1"},"canonical":"https:\/\/graziamagazine.com\/es\/articles\/quieres-usar-el-mismo-contorno-de-ojos-que-victoria-beckham-lo-tenemos\/","og_locale":"es_ES","og_type":"article","og_title":"\u00bfQuieres usar el mismo contorno de ojos que Victoria Beckham? Lo tenemos","og_description":"La dise\u00f1adora ha confesado en Youtube qu\u00e9 producto m\u00e1gico utiliza para mantener perfecta su mirada y te contamos c\u00f3mo y d\u00f3nde conseguirlo.","og_url":"https:\/\/graziamagazine.com\/es\/articles\/quieres-usar-el-mismo-contorno-de-ojos-que-victoria-beckham-lo-tenemos\/","og_site_name":"Grazia","article_modified_time":"2019-12-03T16:05:55+00:00","og_image":[{"width":472,"height":446,"url":"https:\/\/graziamagazine.com\/es\/wp-content\/uploads\/sites\/12\/2019\/12\/Captura-de-pantalla-2019-12-03-a-las-16.29.291.png?fit=472%2C446","type":"image\/png"}],"twitter_card":"summary_large_image","twitter_misc":{"Est. reading time":"2 minutos"},"schema":{"@context":"https:\/\/schema.org","@graph":[{"@type":"WebPage","@id":"https:\/\/graziamagazine.com\/es\/articles\/quieres-usar-el-mismo-contorno-de-ojos-que-victoria-beckham-lo-tenemos\/","url":"https:\/\/graziamagazine.com\/es\/articles\/quieres-usar-el-mismo-contorno-de-ojos-que-victoria-beckham-lo-tenemos\/","name":"\u00bfQuieres usar el mismo contorno de ojos que Victoria Beckham? Lo tenemos | Grazia","isPartOf":{"@id":"https:\/\/graziamagazine.com\/es\/#website"},"datePublished":"2019-12-03T16:04:52+00:00","dateModified":"2019-12-03T16:05:55+00:00","description":"La dise\u00f1adora ha confesado en Youtube qu\u00e9 producto m\u00e1gico utiliza para mantener perfecta su mirada y te contamos c\u00f3mo y d\u00f3nde conseguirlo.","breadcrumb":{"@id":"https:\/\/graziamagazine.com\/es\/articles\/quieres-usar-el-mismo-contorno-de-ojos-que-victoria-beckham-lo-tenemos\/#breadcrumb"},"inLanguage":"es","potentialAction":[{"@type":"ReadAction","target":["https:\/\/graziamagazine.com\/es\/articles\/quieres-usar-el-mismo-contorno-de-ojos-que-victoria-beckham-lo-tenemos\/"]}]},{"@type":"BreadcrumbList","@id":"https:\/\/graziamagazine.com\/es\/articles\/quieres-usar-el-mismo-contorno-de-ojos-que-victoria-beckham-lo-tenemos\/#breadcrumb","itemListElement":[{"@type":"ListItem","position":1,"name":"Portada","item":"https:\/\/graziamagazine.com\/es\/"},{"@type":"ListItem","position":2,"name":"\u00bfQuieres usar el mismo contorno de ojos que Victoria Beckham? Lo tenemos"}]},{"@type":"WebSite","@id":"https:\/\/graziamagazine.com\/es\/#website","url":"https:\/\/graziamagazine.com\/es\/","name":"Grazia","description":"Moda, belleza, celebrities, estilo de vida...","potentialAction":[{"@type":"SearchAction","target":{"@type":"EntryPoint","urlTemplate":"https:\/\/graziamagazine.com\/es\/?s={search_term_string}"},"query-input":"required name=search_term_string"}],"inLanguage":"es"}]}},"jetpack_sharing_enabled":true,"distributor_meta":false,"distributor_terms":false,"distributor_media":false,"distributor_original_site_name":"Grazia","distributor_original_site_url":"https:\/\/graziamagazine.com\/es","push-errors":false,"_links":{"self":[{"href":"https:\/\/graziamagazine.com\/es\/wp-json\/wp\/v2\/articles\/150175"}],"collection":[{"href":"https:\/\/graziamagazine.com\/es\/wp-json\/wp\/v2\/articles"}],"about":[{"href":"https:\/\/graziamagazine.com\/es\/wp-json\/wp\/v2\/types\/articles"}],"author":[{"embeddable":true,"href":"https:\/\/graziamagazine.com\/es\/wp-json\/wp\/v2\/users\/11653"}],"wp:featuredmedia":[{"embeddable":true,"href":"https:\/\/graziamagazine.com\/es\/wp-json\/wp\/v2\/media\/150178"}],"wp:attachment":[{"href":"https:\/\/graziamagazine.com\/es\/wp-json\/wp\/v2\/media?parent=150175"}],"wp:term":[{"taxonomy":"category","embeddable":true,"href":"https:\/\/graziamagazine.com\/es\/wp-json\/wp\/v2\/categories?post=150175"}],"curies":[{"name":"wp","href":"https:\/\/api.w.org\/{rel}","templated":true}]}}