{"id":150062,"date":"2019-11-29T16:52:27","date_gmt":"2019-11-29T15:52:27","guid":{"rendered":"https:\/\/graziamagazine.com\/es\/?p=150062"},"modified":"2019-11-29T16:52:27","modified_gmt":"2019-11-29T15:52:27","slug":"claire-foy-volvera-a-la-cuarta-temporada-de-the-crown","status":"publish","type":"articles","link":"https:\/\/graziamagazine.com\/es\/articles\/claire-foy-volvera-a-la-cuarta-temporada-de-the-crown\/","title":{"rendered":"Claire Foy volver\u00e1 a la cuarta temporada de The Crown"},"content":{"rendered":"<p>\u00a1Nos ponemos de pie y aplaudimos! Gracias a unas fotos que tomaron unos\u00a0<em>paparazzi<\/em>\u00a0en las afueras del\u00a0<em>set<\/em>\u00a0de rodaje, se ha filtrado que la actriz\u00a0<strong>Claire Foy<\/strong>\u00a0regresa a la cuarta temporada de\u00a0<strong><em>The Crown<\/em><\/strong>\u00a0para seguir con su interpretaci\u00f3n de la\u00a0<em>Reina Isabel II<\/em>\u00a0en alguno de los momentos de su vida.<\/p>\n<p>De esta manera, la actriz se une a\u00a0<strong>Olivia Colman<\/strong>\u00a0\u2014ganadora de un Oscar a Mejor Actriz\u2014 para dar vida a diferentes etapas de la monarca inglesa. Este no es un recurso nuevo para\u00a0<a href=\"https:\/\/www.netflix.com\/mx\/title\/80025678\" target=\"_blank\" rel=\"noopener\" target=\"_blank\">la producci\u00f3n de\u00a0<strong>Netflix<\/strong><\/a>, pues en algunas escenas de las primeras dos temporadas se jugaba con estos\u00a0<em>flashbacks<\/em>\u00a0a la infancia de la reina, interpretada por supuesto por otra peque\u00f1a actriz. Pero esta noticia, sin duda, nos llena de esperanza y emoci\u00f3n porque seguramente la cuarta temporada estar\u00e1 incre\u00edble (igual que las tres primeras entregas).<\/p>\n<blockquote class=\"instagram-media\" data-instgrm-captioned data-instgrm-permalink=\"https:\/\/www.instagram.com\/p\/BdVPA8_Fr8F\/?utm_source=ig_embed&amp;utm_campaign=loading\" data-instgrm-version=\"12\" style=\" background:#FFF; border:0; border-radius:3px; box-shadow:0 0 1px 0 rgba(0,0,0,0.5),0 1px 10px 0 rgba(0,0,0,0.15); margin: 1px; max-width:500px; min-width:326px; padding:0; width:99.375%; width:-webkit-calc(100% - 2px); width:calc(100% - 2px);\">\n<div style=\"padding:16px;\"> <a href=\"https:\/\/www.instagram.com\/p\/BdVPA8_Fr8F\/?utm_source=ig_embed&amp;utm_campaign=loading\" style=\" background:#FFFFFF; line-height:0; padding:0 0; text-align:center; text-decoration:none; width:100%;\" target=\"_blank\"> <\/p>\n<div style=\" display: flex; flex-direction: row; align-items: center;\">\n<div style=\"background-color: #F4F4F4; border-radius: 50%; flex-grow: 0; height: 40px; margin-right: 14px; width: 40px;\"><\/div>\n<div style=\"display: flex; flex-direction: column; flex-grow: 1; justify-content: center;\">\n<div style=\" background-color: #F4F4F4; border-radius: 4px; flex-grow: 0; height: 14px; margin-bottom: 6px; width: 100px;\"><\/div>\n<div style=\" background-color: #F4F4F4; border-radius: 4px; flex-grow: 0; height: 14px; width: 60px;\"><\/div>\n<\/div>\n<\/div>\n<div style=\"padding: 19% 0;\"><\/div>\n<div style=\"display:block; height:50px; margin:0 auto 12px; width:50px;\"><svg width=\"50px\" height=\"50px\" viewBox=\"0 0 60 60\" version=\"1.1\" xmlns=\"https:\/\/www.w3.org\/2000\/svg\" xmlns:xlink=\"https:\/\/www.w3.org\/1999\/xlink\"><g stroke=\"none\" stroke-width=\"1\" fill=\"none\" fill-rule=\"evenodd\"><g transform=\"translate(-511.000000, -20.000000)\" fill=\"#000000\"><g><path d=\"M556.869,30.41 C554.814,30.41 553.148,32.076 553.148,34.131 C553.148,36.186 554.814,37.852 556.869,37.852 C558.924,37.852 560.59,36.186 560.59,34.131 C560.59,32.076 558.924,30.41 556.869,30.41 M541,60.657 C535.114,60.657 530.342,55.887 530.342,50 C530.342,44.114 535.114,39.342 541,39.342 C546.887,39.342 551.658,44.114 551.658,50 C551.658,55.887 546.887,60.657 541,60.657 M541,33.886 C532.1,33.886 524.886,41.1 524.886,50 C524.886,58.899 532.1,66.113 541,66.113 C549.9,66.113 557.115,58.899 557.115,50 C557.115,41.1 549.9,33.886 541,33.886 M565.378,62.101 C565.244,65.022 564.756,66.606 564.346,67.663 C563.803,69.06 563.154,70.057 562.106,71.106 C561.058,72.155 560.06,72.803 558.662,73.347 C557.607,73.757 556.021,74.244 553.102,74.378 C549.944,74.521 548.997,74.552 541,74.552 C533.003,74.552 532.056,74.521 528.898,74.378 C525.979,74.244 524.393,73.757 523.338,73.347 C521.94,72.803 520.942,72.155 519.894,71.106 C518.846,70.057 518.197,69.06 517.654,67.663 C517.244,66.606 516.755,65.022 516.623,62.101 C516.479,58.943 516.448,57.996 516.448,50 C516.448,42.003 516.479,41.056 516.623,37.899 C516.755,34.978 517.244,33.391 517.654,32.338 C518.197,30.938 518.846,29.942 519.894,28.894 C520.942,27.846 521.94,27.196 523.338,26.654 C524.393,26.244 525.979,25.756 528.898,25.623 C532.057,25.479 533.004,25.448 541,25.448 C548.997,25.448 549.943,25.479 553.102,25.623 C556.021,25.756 557.607,26.244 558.662,26.654 C560.06,27.196 561.058,27.846 562.106,28.894 C563.154,29.942 563.803,30.938 564.346,32.338 C564.756,33.391 565.244,34.978 565.378,37.899 C565.522,41.056 565.552,42.003 565.552,50 C565.552,57.996 565.522,58.943 565.378,62.101 M570.82,37.631 C570.674,34.438 570.167,32.258 569.425,30.349 C568.659,28.377 567.633,26.702 565.965,25.035 C564.297,23.368 562.623,22.342 560.652,21.575 C558.743,20.834 556.562,20.326 553.369,20.18 C550.169,20.033 549.148,20 541,20 C532.853,20 531.831,20.033 528.631,20.18 C525.438,20.326 523.257,20.834 521.349,21.575 C519.376,22.342 517.703,23.368 516.035,25.035 C514.368,26.702 513.342,28.377 512.574,30.349 C511.834,32.258 511.326,34.438 511.181,37.631 C511.035,40.831 511,41.851 511,50 C511,58.147 511.035,59.17 511.181,62.369 C511.326,65.562 511.834,67.743 512.574,69.651 C513.342,71.625 514.368,73.296 516.035,74.965 C517.703,76.634 519.376,77.658 521.349,78.425 C523.257,79.167 525.438,79.673 528.631,79.82 C531.831,79.965 532.853,80.001 541,80.001 C549.148,80.001 550.169,79.965 553.369,79.82 C556.562,79.673 558.743,79.167 560.652,78.425 C562.623,77.658 564.297,76.634 565.965,74.965 C567.633,73.296 568.659,71.625 569.425,69.651 C570.167,67.743 570.674,65.562 570.82,62.369 C570.966,59.17 571,58.147 571,50 C571,41.851 570.966,40.831 570.82,37.631\"><\/path><\/g><\/g><\/g><\/svg><\/div>\n<div style=\"padding-top: 8px;\">\n<div style=\" color:#3897f0; font-family:Arial,sans-serif; font-size:14px; font-style:normal; font-weight:550; line-height:18px;\"> View this post on Instagram<\/div>\n<\/div>\n<div style=\"padding: 12.5% 0;\"><\/div>\n<div style=\"display: flex; flex-direction: row; margin-bottom: 14px; align-items: center;\">\n<div>\n<div style=\"background-color: #F4F4F4; border-radius: 50%; height: 12.5px; width: 12.5px; transform: translateX(0px) translateY(7px);\"><\/div>\n<div style=\"background-color: #F4F4F4; height: 12.5px; transform: rotate(-45deg) translateX(3px) translateY(1px); width: 12.5px; flex-grow: 0; margin-right: 14px; margin-left: 2px;\"><\/div>\n<div style=\"background-color: #F4F4F4; border-radius: 50%; height: 12.5px; width: 12.5px; transform: translateX(9px) translateY(-18px);\"><\/div>\n<\/div>\n<div style=\"margin-left: 8px;\">\n<div style=\" background-color: #F4F4F4; border-radius: 50%; flex-grow: 0; height: 20px; width: 20px;\"><\/div>\n<div style=\" width: 0; height: 0; border-top: 2px solid transparent; border-left: 6px solid #f4f4f4; border-bottom: 2px solid transparent; transform: translateX(16px) translateY(-4px) rotate(30deg)\"><\/div>\n<\/div>\n<div style=\"margin-left: auto;\">\n<div style=\" width: 0px; border-top: 8px solid #F4F4F4; border-right: 8px solid transparent; transform: translateY(16px);\"><\/div>\n<div style=\" background-color: #F4F4F4; flex-grow: 0; height: 12px; width: 16px; transform: translateY(-4px);\"><\/div>\n<div style=\" width: 0; height: 0; border-top: 8px solid #F4F4F4; border-left: 8px solid transparent; transform: translateY(-4px) translateX(8px);\"><\/div>\n<\/div>\n<\/div>\n<p><\/a> <\/p>\n<p style=\" margin:8px 0 0 0; padding:0 4px;\"> <a href=\"https:\/\/www.instagram.com\/p\/BdVPA8_Fr8F\/?utm_source=ig_embed&amp;utm_campaign=loading\" style=\" color:#000; font-family:Arial,sans-serif; font-size:14px; font-style:normal; font-weight:normal; line-height:17px; text-decoration:none; word-wrap:break-word;\" target=\"_blank\" target=\"_blank\">Elizabeth and Philip. A partnership that endures. #TheCrown<\/a><\/p>\n<p style=\" color:#c9c8cd; font-family:Arial,sans-serif; font-size:14px; line-height:17px; margin-bottom:0; margin-top:8px; overflow:hidden; padding:8px 0 7px; text-align:center; text-overflow:ellipsis; white-space:nowrap;\">A post shared by <a href=\"https:\/\/www.instagram.com\/thecrownnetflix\/?utm_source=ig_embed&amp;utm_campaign=loading\" style=\" color:#c9c8cd; font-family:Arial,sans-serif; font-size:14px; font-style:normal; font-weight:normal; line-height:17px;\" target=\"_blank\" target=\"_blank\"> The Crown<\/a> (@thecrownnetflix) on <time style=\" font-family:Arial,sans-serif; font-size:14px; line-height:17px;\" datetime=\"2017-12-30T15:41:56+00:00\">Dec 30, 2017 at 7:41am PST<\/time><\/p>\n<\/div>\n<\/blockquote>\n<p><script async src=\"\/\/www.instagram.com\/embed.js\"><\/script><\/p>\n<p><a href=\"http:\/\/bit.ly\/2MYOBAO\" target=\"_blank\" rel=\"noopener\" target=\"_blank\">La tercera temporada<\/a>\u00a0se estren\u00f3 apenas hace 11 d\u00edas, el 17 de noviembre, y cuenta con las actuaciones de\u00a0<strong>Tobias Menzies<\/strong>\u00a0como Prince Philip de Edimburgo,\u00a0<a href=\"https:\/\/grazia.mx\/quien-es-emma-corrin-la-nueva-diana-en-the-crown\/\" target=\"_blank\" rel=\"noopener\" target=\"_blank\"><strong>Emma Corrin<\/strong>\u00a0como Lady Diana<\/a>\u00a0y\u00a0<strong>Josh O\u2019Connor<\/strong>\u00a0como Prince Charles, adem\u00e1s de la ya mencionada Olivia Colman.<\/p>\n<p>Los cap\u00edtulos de la tercer entrega abordan la designaci\u00f3n de Carlos como pr\u00edncipe de Gales, los problemas matrimoniales entre Margarita y Antony Armstrong-Jones, y la rivalidad entre Isabel II y su hermana. Los productores de la serie dijeron que la tercera temporada comienza a finales de los a\u00f1os 60 y abarcar\u00e1 aproximadamente 10 a\u00f1os, en los que se incluye el divorcio de Margarita, en 1978.<\/p>\n<p class=\"linkAfter\">Probablemente en la cuarta temporada veamos de lleno el matrimonio entre Pr\u00edncipe Carlos y Lady Diana, y el nacimiento de los peque\u00f1os pr\u00edncipe Guillermo y Harry, \u00e9pocas mucho m\u00e1s contempor\u00e1neas a nosotros. \u00a1Qu\u00e9 emoci\u00f3n! Esperemos que\u00a0<strong>Netflix<\/strong>\u00a0nos sorprenda pronto con el\u00a0<em>teaser<\/em>\u00a0de esta temporada en cuesti\u00f3n.<\/p>\n","protected":false},"author":24470,"featured_media":150063,"template":"","format":"standard","categories":[2340],"acf":[],"yoast_head":"<!-- This site is optimized with the Yoast SEO Premium plugin v18.5 (Yoast SEO v20.4) - https:\/\/yoast.com\/wordpress\/plugins\/seo\/ -->\n<title>Claire Foy volver\u00e1 a la cuarta temporada de The Crown | Grazia<\/title>\n<meta name=\"description\" content=\"Una inesperada sorpresa nos han dado desde la exitosa serie que con la regreso de Claire Foy se va a poner m\u00e1s interesante que nunca.\" \/>\n<meta name=\"robots\" content=\"index, follow, max-snippet:-1, max-image-preview:large, max-video-preview:-1\" \/>\n<link rel=\"canonical\" href=\"https:\/\/graziamagazine.com\/es\/articles\/claire-foy-volvera-a-la-cuarta-temporada-de-the-crown\/\" \/>\n<meta property=\"og:locale\" content=\"es_ES\" \/>\n<meta property=\"og:type\" content=\"article\" \/>\n<meta property=\"og:title\" content=\"Claire Foy volver\u00e1 a la cuarta temporada de The Crown\" \/>\n<meta property=\"og:description\" content=\"Una inesperada sorpresa nos han dado desde la exitosa serie que con la regreso de Claire Foy se va a poner m\u00e1s interesante que nunca.\" \/>\n<meta property=\"og:url\" content=\"https:\/\/graziamagazine.com\/es\/articles\/claire-foy-volvera-a-la-cuarta-temporada-de-the-crown\/\" \/>\n<meta property=\"og:site_name\" content=\"Grazia\" \/>\n<meta property=\"og:image\" content=\"https:\/\/graziamagazine.com\/es\/wp-content\/uploads\/sites\/12\/2019\/11\/GRAZIA-claire-foy-regresa-a-la-cuarta-temporada-de-the-crown-destacada.jpg?fit=970%2C546\" \/>\n\t<meta property=\"og:image:width\" content=\"970\" \/>\n\t<meta property=\"og:image:height\" content=\"546\" \/>\n\t<meta property=\"og:image:type\" content=\"image\/jpeg\" \/>\n<meta name=\"twitter:card\" content=\"summary_large_image\" \/>\n<meta name=\"twitter:label1\" content=\"Est. reading time\" \/>\n\t<meta name=\"twitter:data1\" content=\"2 minutos\" \/>\n<script type=\"application\/ld+json\" class=\"yoast-schema-graph\">{\"@context\":\"https:\/\/schema.org\",\"@graph\":[{\"@type\":\"WebPage\",\"@id\":\"https:\/\/graziamagazine.com\/es\/articles\/claire-foy-volvera-a-la-cuarta-temporada-de-the-crown\/\",\"url\":\"https:\/\/graziamagazine.com\/es\/articles\/claire-foy-volvera-a-la-cuarta-temporada-de-the-crown\/\",\"name\":\"Claire Foy volver\u00e1 a la cuarta temporada de The Crown | Grazia\",\"isPartOf\":{\"@id\":\"https:\/\/graziamagazine.com\/es\/#website\"},\"datePublished\":\"2019-11-29T15:52:27+00:00\",\"dateModified\":\"2019-11-29T15:52:27+00:00\",\"description\":\"Una inesperada sorpresa nos han dado desde la exitosa serie que con la regreso de Claire Foy se va a poner m\u00e1s interesante que nunca.\",\"breadcrumb\":{\"@id\":\"https:\/\/graziamagazine.com\/es\/articles\/claire-foy-volvera-a-la-cuarta-temporada-de-the-crown\/#breadcrumb\"},\"inLanguage\":\"es\",\"potentialAction\":[{\"@type\":\"ReadAction\",\"target\":[\"https:\/\/graziamagazine.com\/es\/articles\/claire-foy-volvera-a-la-cuarta-temporada-de-the-crown\/\"]}]},{\"@type\":\"BreadcrumbList\",\"@id\":\"https:\/\/graziamagazine.com\/es\/articles\/claire-foy-volvera-a-la-cuarta-temporada-de-the-crown\/#breadcrumb\",\"itemListElement\":[{\"@type\":\"ListItem\",\"position\":1,\"name\":\"Portada\",\"item\":\"https:\/\/graziamagazine.com\/es\/\"},{\"@type\":\"ListItem\",\"position\":2,\"name\":\"Claire Foy volver\u00e1 a la cuarta temporada de The Crown\"}]},{\"@type\":\"WebSite\",\"@id\":\"https:\/\/graziamagazine.com\/es\/#website\",\"url\":\"https:\/\/graziamagazine.com\/es\/\",\"name\":\"Grazia\",\"description\":\"Moda, belleza, celebrities, estilo de vida...\",\"potentialAction\":[{\"@type\":\"SearchAction\",\"target\":{\"@type\":\"EntryPoint\",\"urlTemplate\":\"https:\/\/graziamagazine.com\/es\/?s={search_term_string}\"},\"query-input\":\"required name=search_term_string\"}],\"inLanguage\":\"es\"}]}<\/script>\n<!-- \/ Yoast SEO Premium plugin. -->","yoast_head_json":{"title":"Claire Foy volver\u00e1 a la cuarta temporada de The Crown | Grazia","description":"Una inesperada sorpresa nos han dado desde la exitosa serie que con la regreso de Claire Foy se va a poner m\u00e1s interesante que nunca.","robots":{"index":"index","follow":"follow","max-snippet":"max-snippet:-1","max-image-preview":"max-image-preview:large","max-video-preview":"max-video-preview:-1"},"canonical":"https:\/\/graziamagazine.com\/es\/articles\/claire-foy-volvera-a-la-cuarta-temporada-de-the-crown\/","og_locale":"es_ES","og_type":"article","og_title":"Claire Foy volver\u00e1 a la cuarta temporada de The Crown","og_description":"Una inesperada sorpresa nos han dado desde la exitosa serie que con la regreso de Claire Foy se va a poner m\u00e1s interesante que nunca.","og_url":"https:\/\/graziamagazine.com\/es\/articles\/claire-foy-volvera-a-la-cuarta-temporada-de-the-crown\/","og_site_name":"Grazia","og_image":[{"width":970,"height":546,"url":"https:\/\/graziamagazine.com\/es\/wp-content\/uploads\/sites\/12\/2019\/11\/GRAZIA-claire-foy-regresa-a-la-cuarta-temporada-de-the-crown-destacada.jpg?fit=970%2C546","type":"image\/jpeg"}],"twitter_card":"summary_large_image","twitter_misc":{"Est. reading time":"2 minutos"},"schema":{"@context":"https:\/\/schema.org","@graph":[{"@type":"WebPage","@id":"https:\/\/graziamagazine.com\/es\/articles\/claire-foy-volvera-a-la-cuarta-temporada-de-the-crown\/","url":"https:\/\/graziamagazine.com\/es\/articles\/claire-foy-volvera-a-la-cuarta-temporada-de-the-crown\/","name":"Claire Foy volver\u00e1 a la cuarta temporada de The Crown | Grazia","isPartOf":{"@id":"https:\/\/graziamagazine.com\/es\/#website"},"datePublished":"2019-11-29T15:52:27+00:00","dateModified":"2019-11-29T15:52:27+00:00","description":"Una inesperada sorpresa nos han dado desde la exitosa serie que con la regreso de Claire Foy se va a poner m\u00e1s interesante que nunca.","breadcrumb":{"@id":"https:\/\/graziamagazine.com\/es\/articles\/claire-foy-volvera-a-la-cuarta-temporada-de-the-crown\/#breadcrumb"},"inLanguage":"es","potentialAction":[{"@type":"ReadAction","target":["https:\/\/graziamagazine.com\/es\/articles\/claire-foy-volvera-a-la-cuarta-temporada-de-the-crown\/"]}]},{"@type":"BreadcrumbList","@id":"https:\/\/graziamagazine.com\/es\/articles\/claire-foy-volvera-a-la-cuarta-temporada-de-the-crown\/#breadcrumb","itemListElement":[{"@type":"ListItem","position":1,"name":"Portada","item":"https:\/\/graziamagazine.com\/es\/"},{"@type":"ListItem","position":2,"name":"Claire Foy volver\u00e1 a la cuarta temporada de The Crown"}]},{"@type":"WebSite","@id":"https:\/\/graziamagazine.com\/es\/#website","url":"https:\/\/graziamagazine.com\/es\/","name":"Grazia","description":"Moda, belleza, celebrities, estilo de vida...","potentialAction":[{"@type":"SearchAction","target":{"@type":"EntryPoint","urlTemplate":"https:\/\/graziamagazine.com\/es\/?s={search_term_string}"},"query-input":"required name=search_term_string"}],"inLanguage":"es"}]}},"jetpack_sharing_enabled":true,"distributor_meta":false,"distributor_terms":false,"distributor_media":false,"distributor_original_site_name":"Grazia","distributor_original_site_url":"https:\/\/graziamagazine.com\/es","push-errors":false,"_links":{"self":[{"href":"https:\/\/graziamagazine.com\/es\/wp-json\/wp\/v2\/articles\/150062"}],"collection":[{"href":"https:\/\/graziamagazine.com\/es\/wp-json\/wp\/v2\/articles"}],"about":[{"href":"https:\/\/graziamagazine.com\/es\/wp-json\/wp\/v2\/types\/articles"}],"author":[{"embeddable":true,"href":"https:\/\/graziamagazine.com\/es\/wp-json\/wp\/v2\/users\/24470"}],"wp:featuredmedia":[{"embeddable":true,"href":"https:\/\/graziamagazine.com\/es\/wp-json\/wp\/v2\/media\/150063"}],"wp:attachment":[{"href":"https:\/\/graziamagazine.com\/es\/wp-json\/wp\/v2\/media?parent=150062"}],"wp:term":[{"taxonomy":"category","embeddable":true,"href":"https:\/\/graziamagazine.com\/es\/wp-json\/wp\/v2\/categories?post=150062"}],"curies":[{"name":"wp","href":"https:\/\/api.w.org\/{rel}","templated":true}]}}