{"id":150036,"date":"2019-11-28T20:33:39","date_gmt":"2019-11-28T19:33:39","guid":{"rendered":"https:\/\/graziamagazine.com\/es\/?p=150036"},"modified":"2019-11-28T20:33:39","modified_gmt":"2019-11-28T19:33:39","slug":"tamara-falco-y-juan-avellaneda-crean-una-coleccion-de-fiesta-con-la-que-brillar-en-navidad-y-ser-la-invitada-perfecta","status":"publish","type":"articles","link":"https:\/\/graziamagazine.com\/es\/articles\/tamara-falco-y-juan-avellaneda-crean-una-coleccion-de-fiesta-con-la-que-brillar-en-navidad-y-ser-la-invitada-perfecta\/","title":{"rendered":"Tamara Falc\u00f3 y Juan Avellaneda crean una colecci\u00f3n de fiesta con la que brillar en Navidad y ser la invitada perfecta"},"content":{"rendered":"<p><strong>Tamara Falc\u00f3 no puede estar m\u00e1s feliz<\/strong>, y es que tiene motivos para celebrarlo. <strong>Anoche se convert\u00eda en la ganadora de la cuarta edici\u00f3n de MasterChef Celebrity<\/strong>, con un men\u00fa que dej\u00f3 boquiabierto al jurado, entre los que se encontraba el tres estrellas Michelin Joan Roca, jurado de excepci\u00f3n en la final.<\/p>\n<p><a href=\"http:\/\/bit.ly\/2kuaP1B\" target=\"_blank\">Nosotros ya adelantamos hace meses que hab\u00eda nacido una nueva estrella que llegaba para quedarse, y no nos hemos equivocado<\/a>. Tamara <strong>ha sido una de las sorpresas y revelaciones del programa y la temporada televisiva. Natural, transparente, divertida, hemos descubierto una faceta diferente de la hija de Isabel Preysler<\/strong>, quien a pesar de no gustarle mucho la televisi\u00f3n (como la propia Tamara confesaba en el programa de TVE), no quiso perderse la final y <strong>acompa\u00f1\u00f3 a su hija regal\u00e1ndonos varios MOMENTAZOS<\/strong> que pasar\u00e1n a la historia de la televisi\u00f3n sin duda.<\/p>\n<p>Pero otro de los motivos para que est\u00e9 feliz es que <strong>junto<\/strong> a su compa\u00f1ero de programa, amigo y ahora tambi\u00e9n socio, <strong>Juan Avellaneda, han lanzado una colecci\u00f3n c\u00e1psula<\/strong> especialmente pensada para la Navidad que va a convertirnos en la perfecta invitada. <strong><em>Avellaneda<\/em><em>\u00a0loves Tamara<\/em><\/strong>, como se llama, refleja a la perfecci\u00f3n el gusto est\u00e9tico de ambos dise\u00f1adores y el estilo que los caracteriza, muy similar de ah\u00ed esta gran alianza dentro y fuera de los fogones.<\/p>\n<p>La colecci\u00f3n c\u00e1psula, <a href=\"http:\/\/bit.ly\/35oKWC5\" target=\"_blank\">de la que ya hemos visto a Tamara lucir algunas prendas<\/a>, se compone de 10 prendas: un tuxedo masculino que tambi\u00e9n tiene su versi\u00f3n femenina, una camisa blanca unisex y <strong>6 vestidos de fiesta<\/strong> que siguen un mismo patr\u00f3n y presentan diferentes versiones en lentejuelas y terciopelo y una falda y pantal\u00f3n, tambi\u00e9n en lentejuelas, que combina con el blazer en tonos florales, y unos precios que van desde los 129 euros a los 375\u20ac.<\/p>\n<p><img loading=\"lazy\" decoding=\"async\" class=\"aligncenter size-full wp-image-150037\" src=\"https:\/\/graziamagazine.com\/es\/wp-content\/uploads\/sites\/12\/2019\/11\/GRAZIA-coleccion-tamara-avellaneda-destacada.jpg\" alt=\"Avellaneda Loves Tamara, la colecci\u00f3n c\u00e1psula de la ganadora de MasterChef Celebrity Tamara Falc\u00f3 y Juan Avellaneda\" width=\"819\" height=\"1024\" srcset=\"https:\/\/graziamagazine.com\/es\/wp-content\/uploads\/sites\/12\/2019\/11\/GRAZIA-coleccion-tamara-avellaneda-destacada.jpg 819w, https:\/\/graziamagazine.com\/es\/wp-content\/uploads\/sites\/12\/2019\/11\/GRAZIA-coleccion-tamara-avellaneda-destacada.jpg?resize=240,300 240w, https:\/\/graziamagazine.com\/es\/wp-content\/uploads\/sites\/12\/2019\/11\/GRAZIA-coleccion-tamara-avellaneda-destacada.jpg?resize=768,960 768w, https:\/\/graziamagazine.com\/es\/wp-content\/uploads\/sites\/12\/2019\/11\/GRAZIA-coleccion-tamara-avellaneda-destacada.jpg?resize=155,194 155w\" sizes=\"(max-width: 819px) 100vw, 819px\" \/><\/p>\n<p>As\u00ed es la colecci\u00f3n Avellaneda Loves Tamara.<\/p>\n<h3>Infinity Dress (280\u20ac)<\/h3>\n<p><img loading=\"lazy\" decoding=\"async\" class=\"aligncenter size-full wp-image-150049\" src=\"https:\/\/graziamagazine.com\/es\/wp-content\/uploads\/sites\/12\/2019\/11\/GRAZIA-coleccion-tamara-avellaneda-1.jpg\" alt=\"Avellaneda Loves Tamara, la colecci\u00f3n c\u00e1psula de la ganadora de MasterChef Celebrity Tamara Falc\u00f3 y Juan Avellaneda\" width=\"696\" height=\"1508\" srcset=\"https:\/\/graziamagazine.com\/es\/wp-content\/uploads\/sites\/12\/2019\/11\/GRAZIA-coleccion-tamara-avellaneda-1.jpg 696w, https:\/\/graziamagazine.com\/es\/wp-content\/uploads\/sites\/12\/2019\/11\/GRAZIA-coleccion-tamara-avellaneda-1.jpg?resize=138,300 138w, https:\/\/graziamagazine.com\/es\/wp-content\/uploads\/sites\/12\/2019\/11\/GRAZIA-coleccion-tamara-avellaneda-1.jpg?resize=473,1024 473w, https:\/\/graziamagazine.com\/es\/wp-content\/uploads\/sites\/12\/2019\/11\/GRAZIA-coleccion-tamara-avellaneda-1.jpg?resize=99,215 99w\" sizes=\"(max-width: 696px) 100vw, 696px\" \/><\/p>\n<h3>Infinity dress blanco y negro (259\u20ac)<\/h3>\n<p><img loading=\"lazy\" decoding=\"async\" class=\"aligncenter size-full wp-image-150048\" src=\"https:\/\/graziamagazine.com\/es\/wp-content\/uploads\/sites\/12\/2019\/11\/GRAZIA-coleccion-tamara-avellaneda-2.jpg\" alt=\"Avellaneda Loves Tamara, la colecci\u00f3n c\u00e1psula de la ganadora de MasterChef Celebrity Tamara Falc\u00f3 y Juan Avellaneda\" width=\"696\" height=\"1477\" srcset=\"https:\/\/graziamagazine.com\/es\/wp-content\/uploads\/sites\/12\/2019\/11\/GRAZIA-coleccion-tamara-avellaneda-2.jpg 696w, https:\/\/graziamagazine.com\/es\/wp-content\/uploads\/sites\/12\/2019\/11\/GRAZIA-coleccion-tamara-avellaneda-2.jpg?resize=141,300 141w, https:\/\/graziamagazine.com\/es\/wp-content\/uploads\/sites\/12\/2019\/11\/GRAZIA-coleccion-tamara-avellaneda-2.jpg?resize=483,1024 483w, https:\/\/graziamagazine.com\/es\/wp-content\/uploads\/sites\/12\/2019\/11\/GRAZIA-coleccion-tamara-avellaneda-2.jpg?resize=101,215 101w\" sizes=\"(max-width: 696px) 100vw, 696px\" \/><\/p>\n<h3>Tuxedo femenino con pailletes (375\u20ac)<\/h3>\n<p><img loading=\"lazy\" decoding=\"async\" class=\"aligncenter size-full wp-image-150047\" src=\"https:\/\/graziamagazine.com\/es\/wp-content\/uploads\/sites\/12\/2019\/11\/GRAZIA-coleccion-tamara-avellaneda-3.jpg\" alt=\"Avellaneda Loves Tamara, la colecci\u00f3n c\u00e1psula de la ganadora de MasterChef Celebrity Tamara Falc\u00f3 y Juan Avellaneda\" width=\"696\" height=\"885\" srcset=\"https:\/\/graziamagazine.com\/es\/wp-content\/uploads\/sites\/12\/2019\/11\/GRAZIA-coleccion-tamara-avellaneda-3.jpg 696w, https:\/\/graziamagazine.com\/es\/wp-content\/uploads\/sites\/12\/2019\/11\/GRAZIA-coleccion-tamara-avellaneda-3.jpg?resize=236,300 236w, https:\/\/graziamagazine.com\/es\/wp-content\/uploads\/sites\/12\/2019\/11\/GRAZIA-coleccion-tamara-avellaneda-3.jpg?resize=155,197 155w\" sizes=\"(max-width: 696px) 100vw, 696px\" \/><\/p>\n<h3>Falda con pailletes a juego (169\u20ac)<\/h3>\n<p><img loading=\"lazy\" decoding=\"async\" class=\"aligncenter size-full wp-image-150046\" src=\"https:\/\/graziamagazine.com\/es\/wp-content\/uploads\/sites\/12\/2019\/11\/GRAZIA-coleccion-tamara-avellaneda-4.jpg\" alt=\"Avellaneda Loves Tamara, la colecci\u00f3n c\u00e1psula de la ganadora de MasterChef Celebrity Tamara Falc\u00f3 y Juan Avellaneda\" width=\"696\" height=\"1363\" srcset=\"https:\/\/graziamagazine.com\/es\/wp-content\/uploads\/sites\/12\/2019\/11\/GRAZIA-coleccion-tamara-avellaneda-4.jpg 696w, https:\/\/graziamagazine.com\/es\/wp-content\/uploads\/sites\/12\/2019\/11\/GRAZIA-coleccion-tamara-avellaneda-4.jpg?resize=153,300 153w, https:\/\/graziamagazine.com\/es\/wp-content\/uploads\/sites\/12\/2019\/11\/GRAZIA-coleccion-tamara-avellaneda-4.jpg?resize=523,1024 523w, https:\/\/graziamagazine.com\/es\/wp-content\/uploads\/sites\/12\/2019\/11\/GRAZIA-coleccion-tamara-avellaneda-4.jpg?resize=110,215 110w\" sizes=\"(max-width: 696px) 100vw, 696px\" \/><\/p>\n<h3>Pantal\u00f3n con pailletes a juego (199\u20ac)<\/h3>\n<p><img loading=\"lazy\" decoding=\"async\" class=\"aligncenter size-full wp-image-150045\" src=\"https:\/\/graziamagazine.com\/es\/wp-content\/uploads\/sites\/12\/2019\/11\/GRAZIA-coleccion-tamara-avellaneda-5.jpg\" alt=\"Avellaneda Loves Tamara, la colecci\u00f3n c\u00e1psula de la ganadora de MasterChef Celebrity Tamara Falc\u00f3 y Juan Avellaneda\" width=\"696\" height=\"1461\" srcset=\"https:\/\/graziamagazine.com\/es\/wp-content\/uploads\/sites\/12\/2019\/11\/GRAZIA-coleccion-tamara-avellaneda-5.jpg 696w, https:\/\/graziamagazine.com\/es\/wp-content\/uploads\/sites\/12\/2019\/11\/GRAZIA-coleccion-tamara-avellaneda-5.jpg?resize=143,300 143w, https:\/\/graziamagazine.com\/es\/wp-content\/uploads\/sites\/12\/2019\/11\/GRAZIA-coleccion-tamara-avellaneda-5.jpg?resize=488,1024 488w, https:\/\/graziamagazine.com\/es\/wp-content\/uploads\/sites\/12\/2019\/11\/GRAZIA-coleccion-tamara-avellaneda-5.jpg?resize=102,215 102w\" sizes=\"(max-width: 696px) 100vw, 696px\" \/><\/p>\n<h3>Camisa blanca de algod\u00f3n (129\u20ac)<\/h3>\n<p><img loading=\"lazy\" decoding=\"async\" class=\"aligncenter size-full wp-image-150038\" src=\"https:\/\/graziamagazine.com\/es\/wp-content\/uploads\/sites\/12\/2019\/11\/GRAZIA-coleccion-tamara-avellaneda-9.jpg\" alt=\"Avellaneda Loves Tamara, la colecci\u00f3n c\u00e1psula de la ganadora de MasterChef Celebrity Tamara Falc\u00f3 y Juan Avellaneda\" width=\"696\" height=\"878\" srcset=\"https:\/\/graziamagazine.com\/es\/wp-content\/uploads\/sites\/12\/2019\/11\/GRAZIA-coleccion-tamara-avellaneda-9.jpg 696w, https:\/\/graziamagazine.com\/es\/wp-content\/uploads\/sites\/12\/2019\/11\/GRAZIA-coleccion-tamara-avellaneda-9.jpg?resize=238,300 238w, https:\/\/graziamagazine.com\/es\/wp-content\/uploads\/sites\/12\/2019\/11\/GRAZIA-coleccion-tamara-avellaneda-9.jpg?resize=155,196 155w\" sizes=\"(max-width: 696px) 100vw, 696px\" \/><\/p>\n<h3>Wrap dress en oro rosa (280\u20ac)<\/h3>\n<p><img loading=\"lazy\" decoding=\"async\" class=\"aligncenter size-full wp-image-150039\" src=\"https:\/\/graziamagazine.com\/es\/wp-content\/uploads\/sites\/12\/2019\/11\/GRAZIA-coleccion-tamara-avellaneda-8.jpg\" alt=\"Avellaneda Loves Tamara, la colecci\u00f3n c\u00e1psula de la ganadora de MasterChef Celebrity Tamara Falc\u00f3 y Juan Avellaneda\" width=\"696\" height=\"1730\" srcset=\"https:\/\/graziamagazine.com\/es\/wp-content\/uploads\/sites\/12\/2019\/11\/GRAZIA-coleccion-tamara-avellaneda-8.jpg 696w, https:\/\/graziamagazine.com\/es\/wp-content\/uploads\/sites\/12\/2019\/11\/GRAZIA-coleccion-tamara-avellaneda-8.jpg?resize=121,300 121w, https:\/\/graziamagazine.com\/es\/wp-content\/uploads\/sites\/12\/2019\/11\/GRAZIA-coleccion-tamara-avellaneda-8.jpg?resize=412,1024 412w, https:\/\/graziamagazine.com\/es\/wp-content\/uploads\/sites\/12\/2019\/11\/GRAZIA-coleccion-tamara-avellaneda-8.jpg?resize=618,1536 618w, https:\/\/graziamagazine.com\/es\/wp-content\/uploads\/sites\/12\/2019\/11\/GRAZIA-coleccion-tamara-avellaneda-8.jpg?resize=86,215 86w\" sizes=\"(max-width: 696px) 100vw, 696px\" \/><\/p>\n<h3>Wrap dress en verde Navidad (269\u20ac)<\/h3>\n<p><img loading=\"lazy\" decoding=\"async\" class=\"aligncenter size-full wp-image-150040\" src=\"https:\/\/graziamagazine.com\/es\/wp-content\/uploads\/sites\/12\/2019\/11\/GRAZIA-coleccion-tamara-avellaneda-7.jpg\" alt=\"Avellaneda Loves Tamara, la colecci\u00f3n c\u00e1psula de la ganadora de MasterChef Celebrity Tamara Falc\u00f3 y Juan Avellaneda\" width=\"696\" height=\"1350\" srcset=\"https:\/\/graziamagazine.com\/es\/wp-content\/uploads\/sites\/12\/2019\/11\/GRAZIA-coleccion-tamara-avellaneda-7.jpg 696w, https:\/\/graziamagazine.com\/es\/wp-content\/uploads\/sites\/12\/2019\/11\/GRAZIA-coleccion-tamara-avellaneda-7.jpg?resize=155,300 155w, https:\/\/graziamagazine.com\/es\/wp-content\/uploads\/sites\/12\/2019\/11\/GRAZIA-coleccion-tamara-avellaneda-7.jpg?resize=528,1024 528w, https:\/\/graziamagazine.com\/es\/wp-content\/uploads\/sites\/12\/2019\/11\/GRAZIA-coleccion-tamara-avellaneda-7.jpg?resize=111,215 111w\" sizes=\"(max-width: 696px) 100vw, 696px\" \/><\/p>\n<h3>Wrap dress en color p\u00farpura (259\u20ac)<\/h3>\n<p><img loading=\"lazy\" decoding=\"async\" class=\"aligncenter size-full wp-image-150044\" src=\"https:\/\/graziamagazine.com\/es\/wp-content\/uploads\/sites\/12\/2019\/11\/GRAZIA-coleccion-tamara-avellaneda-6.jpg\" alt=\"Avellaneda Loves Tamara, la colecci\u00f3n c\u00e1psula de la ganadora de MasterChef Celebrity Tamara Falc\u00f3 y Juan Avellaneda\" width=\"696\" height=\"1441\" srcset=\"https:\/\/graziamagazine.com\/es\/wp-content\/uploads\/sites\/12\/2019\/11\/GRAZIA-coleccion-tamara-avellaneda-6.jpg 696w, https:\/\/graziamagazine.com\/es\/wp-content\/uploads\/sites\/12\/2019\/11\/GRAZIA-coleccion-tamara-avellaneda-6.jpg?resize=145,300 145w, https:\/\/graziamagazine.com\/es\/wp-content\/uploads\/sites\/12\/2019\/11\/GRAZIA-coleccion-tamara-avellaneda-6.jpg?resize=495,1024 495w, https:\/\/graziamagazine.com\/es\/wp-content\/uploads\/sites\/12\/2019\/11\/GRAZIA-coleccion-tamara-avellaneda-6.jpg?resize=104,215 104w\" sizes=\"(max-width: 696px) 100vw, 696px\" \/><\/p>\n<p>&nbsp;<\/p>\n<p>&nbsp;<\/p>\n<p>&nbsp;<\/p>\n","protected":false},"author":11653,"featured_media":150053,"template":"","format":"standard","categories":[14,13,2548,1],"acf":[],"yoast_head":"<!-- This site is optimized with the Yoast SEO Premium plugin v18.5 (Yoast SEO v20.4) - https:\/\/yoast.com\/wordpress\/plugins\/seo\/ -->\n<title>Tamara Falc\u00f3 y Juan Avellaneda crean una colecci\u00f3n de fiesta con la que brillar en Navidad y ser la invitada perfecta | Grazia<\/title>\n<meta name=\"description\" content=\"La ganadora de MasterChef Celebrity y su compa\u00f1ero de programa lazan una colecci\u00f3n c\u00e1psula &#039;Avellaneda Loves Tamara&#039; que va a ser la soluci\u00f3n perfecta para tus looks navide\u00f1os.\" \/>\n<meta name=\"robots\" content=\"index, follow, max-snippet:-1, max-image-preview:large, max-video-preview:-1\" \/>\n<link rel=\"canonical\" href=\"https:\/\/graziamagazine.com\/es\/articles\/tamara-falco-y-juan-avellaneda-crean-una-coleccion-de-fiesta-con-la-que-brillar-en-navidad-y-ser-la-invitada-perfecta\/\" \/>\n<meta property=\"og:locale\" content=\"es_ES\" \/>\n<meta property=\"og:type\" content=\"article\" \/>\n<meta property=\"og:title\" content=\"Tamara Falc\u00f3 y Juan Avellaneda crean una colecci\u00f3n de fiesta con la que brillar en Navidad y ser la invitada perfecta\" \/>\n<meta property=\"og:description\" content=\"La ganadora de MasterChef Celebrity y su compa\u00f1ero de programa lazan una colecci\u00f3n c\u00e1psula &#039;Avellaneda Loves Tamara&#039; que va a ser la soluci\u00f3n perfecta para tus looks navide\u00f1os.\" \/>\n<meta property=\"og:url\" content=\"https:\/\/graziamagazine.com\/es\/articles\/tamara-falco-y-juan-avellaneda-crean-una-coleccion-de-fiesta-con-la-que-brillar-en-navidad-y-ser-la-invitada-perfecta\/\" \/>\n<meta property=\"og:site_name\" content=\"Grazia\" \/>\n<meta property=\"og:image\" content=\"https:\/\/graziamagazine.com\/es\/wp-content\/uploads\/sites\/12\/2019\/11\/Captura-de-pantalla-2019-11-28-a-las-17.12.03.png?fit=818%2C436\" \/>\n\t<meta property=\"og:image:width\" content=\"818\" \/>\n\t<meta property=\"og:image:height\" content=\"436\" \/>\n\t<meta property=\"og:image:type\" content=\"image\/png\" \/>\n<meta name=\"twitter:card\" content=\"summary_large_image\" \/>\n<meta name=\"twitter:label1\" content=\"Est. reading time\" \/>\n\t<meta name=\"twitter:data1\" content=\"2 minutos\" \/>\n<script type=\"application\/ld+json\" class=\"yoast-schema-graph\">{\"@context\":\"https:\/\/schema.org\",\"@graph\":[{\"@type\":\"WebPage\",\"@id\":\"https:\/\/graziamagazine.com\/es\/articles\/tamara-falco-y-juan-avellaneda-crean-una-coleccion-de-fiesta-con-la-que-brillar-en-navidad-y-ser-la-invitada-perfecta\/\",\"url\":\"https:\/\/graziamagazine.com\/es\/articles\/tamara-falco-y-juan-avellaneda-crean-una-coleccion-de-fiesta-con-la-que-brillar-en-navidad-y-ser-la-invitada-perfecta\/\",\"name\":\"Tamara Falc\u00f3 y Juan Avellaneda crean una colecci\u00f3n de fiesta con la que brillar en Navidad y ser la invitada perfecta | Grazia\",\"isPartOf\":{\"@id\":\"https:\/\/graziamagazine.com\/es\/#website\"},\"datePublished\":\"2019-11-28T19:33:39+00:00\",\"dateModified\":\"2019-11-28T19:33:39+00:00\",\"description\":\"La ganadora de MasterChef Celebrity y su compa\u00f1ero de programa lazan una colecci\u00f3n c\u00e1psula 'Avellaneda Loves Tamara' que va a ser la soluci\u00f3n perfecta para tus looks navide\u00f1os.\",\"breadcrumb\":{\"@id\":\"https:\/\/graziamagazine.com\/es\/articles\/tamara-falco-y-juan-avellaneda-crean-una-coleccion-de-fiesta-con-la-que-brillar-en-navidad-y-ser-la-invitada-perfecta\/#breadcrumb\"},\"inLanguage\":\"es\",\"potentialAction\":[{\"@type\":\"ReadAction\",\"target\":[\"https:\/\/graziamagazine.com\/es\/articles\/tamara-falco-y-juan-avellaneda-crean-una-coleccion-de-fiesta-con-la-que-brillar-en-navidad-y-ser-la-invitada-perfecta\/\"]}]},{\"@type\":\"BreadcrumbList\",\"@id\":\"https:\/\/graziamagazine.com\/es\/articles\/tamara-falco-y-juan-avellaneda-crean-una-coleccion-de-fiesta-con-la-que-brillar-en-navidad-y-ser-la-invitada-perfecta\/#breadcrumb\",\"itemListElement\":[{\"@type\":\"ListItem\",\"position\":1,\"name\":\"Portada\",\"item\":\"https:\/\/graziamagazine.com\/es\/\"},{\"@type\":\"ListItem\",\"position\":2,\"name\":\"Tamara Falc\u00f3 y Juan Avellaneda crean una colecci\u00f3n de fiesta con la que brillar en Navidad y ser la invitada perfecta\"}]},{\"@type\":\"WebSite\",\"@id\":\"https:\/\/graziamagazine.com\/es\/#website\",\"url\":\"https:\/\/graziamagazine.com\/es\/\",\"name\":\"Grazia\",\"description\":\"Moda, belleza, celebrities, estilo de vida...\",\"potentialAction\":[{\"@type\":\"SearchAction\",\"target\":{\"@type\":\"EntryPoint\",\"urlTemplate\":\"https:\/\/graziamagazine.com\/es\/?s={search_term_string}\"},\"query-input\":\"required name=search_term_string\"}],\"inLanguage\":\"es\"}]}<\/script>\n<!-- \/ Yoast SEO Premium plugin. -->","yoast_head_json":{"title":"Tamara Falc\u00f3 y Juan Avellaneda crean una colecci\u00f3n de fiesta con la que brillar en Navidad y ser la invitada perfecta | Grazia","description":"La ganadora de MasterChef Celebrity y su compa\u00f1ero de programa lazan una colecci\u00f3n c\u00e1psula 'Avellaneda Loves Tamara' que va a ser la soluci\u00f3n perfecta para tus looks navide\u00f1os.","robots":{"index":"index","follow":"follow","max-snippet":"max-snippet:-1","max-image-preview":"max-image-preview:large","max-video-preview":"max-video-preview:-1"},"canonical":"https:\/\/graziamagazine.com\/es\/articles\/tamara-falco-y-juan-avellaneda-crean-una-coleccion-de-fiesta-con-la-que-brillar-en-navidad-y-ser-la-invitada-perfecta\/","og_locale":"es_ES","og_type":"article","og_title":"Tamara Falc\u00f3 y Juan Avellaneda crean una colecci\u00f3n de fiesta con la que brillar en Navidad y ser la invitada perfecta","og_description":"La ganadora de MasterChef Celebrity y su compa\u00f1ero de programa lazan una colecci\u00f3n c\u00e1psula 'Avellaneda Loves Tamara' que va a ser la soluci\u00f3n perfecta para tus looks navide\u00f1os.","og_url":"https:\/\/graziamagazine.com\/es\/articles\/tamara-falco-y-juan-avellaneda-crean-una-coleccion-de-fiesta-con-la-que-brillar-en-navidad-y-ser-la-invitada-perfecta\/","og_site_name":"Grazia","og_image":[{"width":818,"height":436,"url":"https:\/\/graziamagazine.com\/es\/wp-content\/uploads\/sites\/12\/2019\/11\/Captura-de-pantalla-2019-11-28-a-las-17.12.03.png?fit=818%2C436","type":"image\/png"}],"twitter_card":"summary_large_image","twitter_misc":{"Est. reading time":"2 minutos"},"schema":{"@context":"https:\/\/schema.org","@graph":[{"@type":"WebPage","@id":"https:\/\/graziamagazine.com\/es\/articles\/tamara-falco-y-juan-avellaneda-crean-una-coleccion-de-fiesta-con-la-que-brillar-en-navidad-y-ser-la-invitada-perfecta\/","url":"https:\/\/graziamagazine.com\/es\/articles\/tamara-falco-y-juan-avellaneda-crean-una-coleccion-de-fiesta-con-la-que-brillar-en-navidad-y-ser-la-invitada-perfecta\/","name":"Tamara Falc\u00f3 y Juan Avellaneda crean una colecci\u00f3n de fiesta con la que brillar en Navidad y ser la invitada perfecta | Grazia","isPartOf":{"@id":"https:\/\/graziamagazine.com\/es\/#website"},"datePublished":"2019-11-28T19:33:39+00:00","dateModified":"2019-11-28T19:33:39+00:00","description":"La ganadora de MasterChef Celebrity y su compa\u00f1ero de programa lazan una colecci\u00f3n c\u00e1psula 'Avellaneda Loves Tamara' que va a ser la soluci\u00f3n perfecta para tus looks navide\u00f1os.","breadcrumb":{"@id":"https:\/\/graziamagazine.com\/es\/articles\/tamara-falco-y-juan-avellaneda-crean-una-coleccion-de-fiesta-con-la-que-brillar-en-navidad-y-ser-la-invitada-perfecta\/#breadcrumb"},"inLanguage":"es","potentialAction":[{"@type":"ReadAction","target":["https:\/\/graziamagazine.com\/es\/articles\/tamara-falco-y-juan-avellaneda-crean-una-coleccion-de-fiesta-con-la-que-brillar-en-navidad-y-ser-la-invitada-perfecta\/"]}]},{"@type":"BreadcrumbList","@id":"https:\/\/graziamagazine.com\/es\/articles\/tamara-falco-y-juan-avellaneda-crean-una-coleccion-de-fiesta-con-la-que-brillar-en-navidad-y-ser-la-invitada-perfecta\/#breadcrumb","itemListElement":[{"@type":"ListItem","position":1,"name":"Portada","item":"https:\/\/graziamagazine.com\/es\/"},{"@type":"ListItem","position":2,"name":"Tamara Falc\u00f3 y Juan Avellaneda crean una colecci\u00f3n de fiesta con la que brillar en Navidad y ser la invitada perfecta"}]},{"@type":"WebSite","@id":"https:\/\/graziamagazine.com\/es\/#website","url":"https:\/\/graziamagazine.com\/es\/","name":"Grazia","description":"Moda, belleza, celebrities, estilo de vida...","potentialAction":[{"@type":"SearchAction","target":{"@type":"EntryPoint","urlTemplate":"https:\/\/graziamagazine.com\/es\/?s={search_term_string}"},"query-input":"required name=search_term_string"}],"inLanguage":"es"}]}},"jetpack_sharing_enabled":true,"distributor_meta":false,"distributor_terms":false,"distributor_media":false,"distributor_original_site_name":"Grazia","distributor_original_site_url":"https:\/\/graziamagazine.com\/es","push-errors":false,"_links":{"self":[{"href":"https:\/\/graziamagazine.com\/es\/wp-json\/wp\/v2\/articles\/150036"}],"collection":[{"href":"https:\/\/graziamagazine.com\/es\/wp-json\/wp\/v2\/articles"}],"about":[{"href":"https:\/\/graziamagazine.com\/es\/wp-json\/wp\/v2\/types\/articles"}],"author":[{"embeddable":true,"href":"https:\/\/graziamagazine.com\/es\/wp-json\/wp\/v2\/users\/11653"}],"wp:featuredmedia":[{"embeddable":true,"href":"https:\/\/graziamagazine.com\/es\/wp-json\/wp\/v2\/media\/150053"}],"wp:attachment":[{"href":"https:\/\/graziamagazine.com\/es\/wp-json\/wp\/v2\/media?parent=150036"}],"wp:term":[{"taxonomy":"category","embeddable":true,"href":"https:\/\/graziamagazine.com\/es\/wp-json\/wp\/v2\/categories?post=150036"}],"curies":[{"name":"wp","href":"https:\/\/api.w.org\/{rel}","templated":true}]}}