{"id":149777,"date":"2019-11-19T21:21:02","date_gmt":"2019-11-19T20:21:02","guid":{"rendered":"https:\/\/graziamagazine.com\/es\/?p=149777"},"modified":"2019-11-20T16:35:40","modified_gmt":"2019-11-20T15:35:40","slug":"charlene-carolina-y-el-resto-de-los-grimaldi-una-leccion-de-estilo-en-el-dia-nacional-de-monaco","status":"publish","type":"articles","link":"https:\/\/graziamagazine.com\/es\/articles\/charlene-carolina-y-el-resto-de-los-grimaldi-una-leccion-de-estilo-en-el-dia-nacional-de-monaco\/","title":{"rendered":"Charl\u00e9ne, Carolina y el resto de los Grimaldi: una lecci\u00f3n de estilo en el D\u00eda Nacional de M\u00f3naco"},"content":{"rendered":"<p><strong>Desde 1949 los Grimaldi, o lo que es lo mismo, la familia real monegasca se re\u00fane en el balc\u00f3n del palacio de M\u00f3naco para celebrar el D\u00eda Nacional del Principado<\/strong>. Una ocasi\u00f3n \u00fanica -cuando se da- para ver a todos los herederos de Rainiero y Grace Kelly juntos y perfectamente equipados con la mejor moda para la ocasi\u00f3n.<\/p>\n<p>Hoy ha vuelto a ocurrir y <strong>hemos presenciado un duelo de estilo entre la matriarca de los Casiraghi y la esposa de Alberto de M\u00f3naco<\/strong>. Carolina y Charl\u00e9ne de M\u00f3naco, cada una en su estilo, nos han dejado dos looks perfectos para este pr\u00f3ximo invierno.<\/p>\n<p><img loading=\"lazy\" decoding=\"async\" class=\"aligncenter size-full wp-image-149781\" src=\"https:\/\/graziamagazine.com\/es\/wp-content\/uploads\/sites\/12\/2019\/11\/gettyimages-1188675915-594x594.jpg\" alt=\"Duelo de estilo en el D\u00eda Nacional de M\u00f3naco entre Carolina de M\u00f3naco y Charl\u00e9ne de M\u00f3naco\" width=\"396\" height=\"594\" srcset=\"https:\/\/graziamagazine.com\/es\/wp-content\/uploads\/sites\/12\/2019\/11\/gettyimages-1188675915-594x594.jpg 396w, https:\/\/graziamagazine.com\/es\/wp-content\/uploads\/sites\/12\/2019\/11\/gettyimages-1188675915-594x594-120x180.jpg 120w, https:\/\/graziamagazine.com\/es\/wp-content\/uploads\/sites\/12\/2019\/11\/gettyimages-1188675915-594x594-100x150.jpg 100w, https:\/\/graziamagazine.com\/es\/wp-content\/uploads\/sites\/12\/2019\/11\/gettyimages-1188675915-594x594-151x227.jpg 151w, https:\/\/graziamagazine.com\/es\/wp-content\/uploads\/sites\/12\/2019\/11\/gettyimages-1188675915-594x594-157x236.jpg 157w, https:\/\/graziamagazine.com\/es\/wp-content\/uploads\/sites\/12\/2019\/11\/gettyimages-1188675915-594x594-360x540.jpg 360w, https:\/\/graziamagazine.com\/es\/wp-content\/uploads\/sites\/12\/2019\/11\/gettyimages-1188675915-594x594-298x448.jpg 298w, https:\/\/graziamagazine.com\/es\/wp-content\/uploads\/sites\/12\/2019\/11\/gettyimages-1188675915-594x594-128x192.jpg 128w, https:\/\/graziamagazine.com\/es\/wp-content\/uploads\/sites\/12\/2019\/11\/gettyimages-1188675915-594x594-364x546.jpg 364w, https:\/\/graziamagazine.com\/es\/wp-content\/uploads\/sites\/12\/2019\/11\/gettyimages-1188675915-594x594-220x330.jpg 220w\" sizes=\"(max-width: 396px) 100vw, 396px\" \/><\/p>\n<h2>Charl\u00e9ne de M\u00f3naco, una princesa moderna en <em>total white<\/em><\/h2>\n<p>La esposa de Alberto ha llegado de su brazo con un look s\u00faper de tendencia, s\u00faper elegante y muy f\u00e1cil de copiar. Unos <strong>pantalones <em>flare<\/em>, un jersey de cuello vuelto, un abrigo largo cruzado y unos botines, todo en blanco<\/strong>, compon\u00edan este outfit real.<\/p>\n<p><img loading=\"lazy\" decoding=\"async\" class=\"aligncenter size-full wp-image-149783\" src=\"https:\/\/graziamagazine.com\/es\/wp-content\/uploads\/sites\/12\/2019\/11\/gettyimages-1188669299-594x594.jpg\" alt=\"Duelo de estilo en el D\u00eda Nacional de M\u00f3naco entre Carolina de M\u00f3naco y Charl\u00e9ne de M\u00f3naco\" width=\"594\" height=\"396\" srcset=\"https:\/\/graziamagazine.com\/es\/wp-content\/uploads\/sites\/12\/2019\/11\/gettyimages-1188669299-594x594.jpg 594w, https:\/\/graziamagazine.com\/es\/wp-content\/uploads\/sites\/12\/2019\/11\/gettyimages-1188669299-594x594-500x333.jpg 500w, https:\/\/graziamagazine.com\/es\/wp-content\/uploads\/sites\/12\/2019\/11\/gettyimages-1188669299-594x594-120x80.jpg 120w, https:\/\/graziamagazine.com\/es\/wp-content\/uploads\/sites\/12\/2019\/11\/gettyimages-1188669299-594x594-360x240.jpg 360w\" sizes=\"(max-width: 594px) 100vw, 594px\" \/><\/p>\n<p>El toque de mayor elegancia y distinci\u00f3n lo pon\u00eda un precioso <strong>sombreo de ala ancha<\/strong>, que la princesa ha decidido lucir de lado, dejando al descubierto parte de su rostro y su melena de corte <em>bob<\/em>.<\/p>\n<h2>Carolina de M\u00f3naco, en azul beb\u00e9<\/h2>\n<p>La princesa Carolina ha competido una vez m\u00e1s en elegancia en este gran momento para la corona. Esta vez no ha estado su hija Carlota, as\u00ed que ha tenido todav\u00eda m\u00e1s protagonismo. Para la ocasi\u00f3n ha elegido un v<strong>estido midi en color negro, que asomaba ligeramente en el bajo de su abrigo largo con doble bot\u00f3n al centro<\/strong>.<\/p>\n<p><img loading=\"lazy\" decoding=\"async\" class=\"aligncenter size-full wp-image-149779\" src=\"https:\/\/graziamagazine.com\/es\/wp-content\/uploads\/sites\/12\/2019\/11\/gettyimages-1188595911-594x594.jpg\" alt=\"Duelo de estilo en el D\u00eda Nacional de M\u00f3naco entre Carolina de M\u00f3naco y Charl\u00e9ne de M\u00f3naco\" width=\"446\" height=\"594\" srcset=\"https:\/\/graziamagazine.com\/es\/wp-content\/uploads\/sites\/12\/2019\/11\/gettyimages-1188595911-594x594.jpg 446w, https:\/\/graziamagazine.com\/es\/wp-content\/uploads\/sites\/12\/2019\/11\/gettyimages-1188595911-594x594-120x160.jpg 120w, https:\/\/graziamagazine.com\/es\/wp-content\/uploads\/sites\/12\/2019\/11\/gettyimages-1188595911-594x594-360x479.jpg 360w\" sizes=\"(max-width: 446px) 100vw, 446px\" \/><\/p>\n<p>En su caso, el detalle extra de estilo lo han aportado los complementos: por un lado una discreta diadema con velo, unos guantes de piel en color camel y un bolso de mano bordado.<\/p>\n<h2>Estefan\u00eda de M\u00f3naco, negro, b\u00e1sico y simple<\/h2>\n<p>Sabemos que el negro siempre es una gran apuesta, pero la princesa Estefan\u00eda nos ha dejado uno de los looks m\u00e1s sosos de la jornada. No ha arriesgado nada: vestido recto negro, abrigo cl\u00e1sico negro, guantes de piel negros, zapatos de sal\u00f3n negros y la \u00fanica nota de color un bolso tipo clutch con cadena en color rojo.<\/p>\n<p><img loading=\"lazy\" decoding=\"async\" class=\"aligncenter size-full wp-image-149784\" src=\"https:\/\/graziamagazine.com\/es\/wp-content\/uploads\/sites\/12\/2019\/11\/gettyimages-1188626865-594x594.jpg\" alt=\"Duelo de estilo en el D\u00eda Nacional de M\u00f3naco entre Carolina de M\u00f3naco y Charl\u00e9ne de M\u00f3naco\" width=\"446\" height=\"594\" srcset=\"https:\/\/graziamagazine.com\/es\/wp-content\/uploads\/sites\/12\/2019\/11\/gettyimages-1188626865-594x594.jpg 446w, https:\/\/graziamagazine.com\/es\/wp-content\/uploads\/sites\/12\/2019\/11\/gettyimages-1188626865-594x594-120x160.jpg 120w, https:\/\/graziamagazine.com\/es\/wp-content\/uploads\/sites\/12\/2019\/11\/gettyimages-1188626865-594x594-360x479.jpg 360w\" sizes=\"(max-width: 446px) 100vw, 446px\" \/><\/p>\n<h2>Las nuevas y estilosas generaciones Grimaldi<\/h2>\n<p>En esta ocasi\u00f3n como decimos Carlota Casiraghi no ha estado presente, y tampoco su esposo Dimitri Rassam, pero poco ha importado porque sus cu\u00f1adas nos han regalado dos de los mejores looks del d\u00eda, con aires retro, las nuevas generaciones del Principado han heredado el estilo de su suegra Carolina de M\u00f3naco.<\/p>\n<p><img loading=\"lazy\" decoding=\"async\" class=\"aligncenter size-full wp-image-149785\" src=\"https:\/\/graziamagazine.com\/es\/wp-content\/uploads\/sites\/12\/2019\/11\/GRAZIA-dia-monaco-carolina-charlene.jpeg\" alt=\"Duelo de estilo en el D\u00eda Nacional de M\u00f3naco entre Carolina de M\u00f3naco y Charl\u00e9ne de M\u00f3naco\" width=\"1366\" height=\"1896\" srcset=\"https:\/\/graziamagazine.com\/es\/wp-content\/uploads\/sites\/12\/2019\/11\/GRAZIA-dia-monaco-carolina-charlene.jpeg 1366w, https:\/\/graziamagazine.com\/es\/wp-content\/uploads\/sites\/12\/2019\/11\/GRAZIA-dia-monaco-carolina-charlene.jpeg?resize=216,300 216w, https:\/\/graziamagazine.com\/es\/wp-content\/uploads\/sites\/12\/2019\/11\/GRAZIA-dia-monaco-carolina-charlene.jpeg?resize=768,1066 768w, https:\/\/graziamagazine.com\/es\/wp-content\/uploads\/sites\/12\/2019\/11\/GRAZIA-dia-monaco-carolina-charlene.jpeg?resize=738,1024 738w, https:\/\/graziamagazine.com\/es\/wp-content\/uploads\/sites\/12\/2019\/11\/GRAZIA-dia-monaco-carolina-charlene.jpeg?resize=1107,1536 1107w, https:\/\/graziamagazine.com\/es\/wp-content\/uploads\/sites\/12\/2019\/11\/GRAZIA-dia-monaco-carolina-charlene.jpeg?resize=155,215 155w\" sizes=\"(max-width: 1366px) 100vw, 1366px\" \/><\/p>\n<p>Por un lado <strong>Tatiana Santo Domingo<\/strong>, esposa de Andrea Casiragui, ha llegado del brazo de su esposo y acompa\u00f1dos de sus hijos. Para la ocasi\u00f3n un pareciera que est\u00e1bamos viendo a la Grace Kelly de otros tiempos, con un look compuesto de un abrigo oversize blanco sin cuello, sobre una falda gris con mucho volumen, una blusa blanca, unos salones de tac\u00f3n medio muy a\u00f1os 30, <strong>todo de Dior<\/strong>. Y como Charl\u00e9ne un gran sombrero, pero en negro.<\/p>\n<p><img loading=\"lazy\" decoding=\"async\" class=\"aligncenter size-full wp-image-149786\" src=\"https:\/\/graziamagazine.com\/es\/wp-content\/uploads\/sites\/12\/2019\/11\/gettyimages-1188587863-594x594.jpg\" alt=\"Duelo de estilo en el D\u00eda Nacional de M\u00f3naco entre Carolina de M\u00f3naco y Charl\u00e9ne de M\u00f3naco\" width=\"396\" height=\"594\" srcset=\"https:\/\/graziamagazine.com\/es\/wp-content\/uploads\/sites\/12\/2019\/11\/gettyimages-1188587863-594x594.jpg 396w, https:\/\/graziamagazine.com\/es\/wp-content\/uploads\/sites\/12\/2019\/11\/gettyimages-1188587863-594x594-120x180.jpg 120w, https:\/\/graziamagazine.com\/es\/wp-content\/uploads\/sites\/12\/2019\/11\/gettyimages-1188587863-594x594-100x150.jpg 100w, https:\/\/graziamagazine.com\/es\/wp-content\/uploads\/sites\/12\/2019\/11\/gettyimages-1188587863-594x594-151x227.jpg 151w, https:\/\/graziamagazine.com\/es\/wp-content\/uploads\/sites\/12\/2019\/11\/gettyimages-1188587863-594x594-157x236.jpg 157w, https:\/\/graziamagazine.com\/es\/wp-content\/uploads\/sites\/12\/2019\/11\/gettyimages-1188587863-594x594-360x540.jpg 360w, https:\/\/graziamagazine.com\/es\/wp-content\/uploads\/sites\/12\/2019\/11\/gettyimages-1188587863-594x594-298x448.jpg 298w, https:\/\/graziamagazine.com\/es\/wp-content\/uploads\/sites\/12\/2019\/11\/gettyimages-1188587863-594x594-128x192.jpg 128w, https:\/\/graziamagazine.com\/es\/wp-content\/uploads\/sites\/12\/2019\/11\/gettyimages-1188587863-594x594-364x546.jpg 364w, https:\/\/graziamagazine.com\/es\/wp-content\/uploads\/sites\/12\/2019\/11\/gettyimages-1188587863-594x594-220x330.jpg 220w\" sizes=\"(max-width: 396px) 100vw, 396px\" \/><\/p>\n<p>La otra nuera de Carolina, <strong>Beatrice Borromeo<\/strong>, esposa de Pierre, ha dejado a todos con la boca abierta con un look compuesto de un <strong>abrigo-capa en tart\u00e1n verde y negro, de la colecci\u00f3n invierno 2019-2020 de Dior<\/strong>, con manga francesa, y una peque\u00f1a boina-tocado. El\u00a0clutch, los guantes y los zapatos, tambi\u00e9n de Dior.<\/p>\n<p><img loading=\"lazy\" decoding=\"async\" class=\"aligncenter size-full wp-image-149787\" src=\"https:\/\/graziamagazine.com\/es\/wp-content\/uploads\/sites\/12\/2019\/11\/gettyimages-1188594484-594x594.jpg\" alt=\"Duelo de estilo en el D\u00eda Nacional de M\u00f3naco entre Carolina de M\u00f3naco y Charl\u00e9ne de M\u00f3naco\" width=\"396\" height=\"594\" srcset=\"https:\/\/graziamagazine.com\/es\/wp-content\/uploads\/sites\/12\/2019\/11\/gettyimages-1188594484-594x594.jpg 396w, https:\/\/graziamagazine.com\/es\/wp-content\/uploads\/sites\/12\/2019\/11\/gettyimages-1188594484-594x594-120x180.jpg 120w, https:\/\/graziamagazine.com\/es\/wp-content\/uploads\/sites\/12\/2019\/11\/gettyimages-1188594484-594x594-100x150.jpg 100w, https:\/\/graziamagazine.com\/es\/wp-content\/uploads\/sites\/12\/2019\/11\/gettyimages-1188594484-594x594-151x227.jpg 151w, https:\/\/graziamagazine.com\/es\/wp-content\/uploads\/sites\/12\/2019\/11\/gettyimages-1188594484-594x594-157x236.jpg 157w, https:\/\/graziamagazine.com\/es\/wp-content\/uploads\/sites\/12\/2019\/11\/gettyimages-1188594484-594x594-360x540.jpg 360w, https:\/\/graziamagazine.com\/es\/wp-content\/uploads\/sites\/12\/2019\/11\/gettyimages-1188594484-594x594-298x448.jpg 298w, https:\/\/graziamagazine.com\/es\/wp-content\/uploads\/sites\/12\/2019\/11\/gettyimages-1188594484-594x594-128x192.jpg 128w, https:\/\/graziamagazine.com\/es\/wp-content\/uploads\/sites\/12\/2019\/11\/gettyimages-1188594484-594x594-364x546.jpg 364w, https:\/\/graziamagazine.com\/es\/wp-content\/uploads\/sites\/12\/2019\/11\/gettyimages-1188594484-594x594-220x330.jpg 220w\" sizes=\"(max-width: 396px) 100vw, 396px\" \/><\/p>\n<p>Las dos cu\u00f1adas han coincidido en el aire retro de sus looks, los guantes de piel en versiones diferentes, el tac\u00f3n medio y los bolso de mano. Mientras que la peque\u00f1a de la casa,\u00a0la <strong>Princesa Alexandra de Hannove<\/strong>r llevaba un vestido de lana y cashmere marr\u00f3n con un jersey de cuello cisne, un cintur\u00f3n, un bolso Saddle y zapatos, otro impecable <em>total look<\/em> de Dior.<\/p>\n<p>Sin duda la palabra que definir\u00eda todo ser\u00eda muy\u00a0<em>tr\u00e9s chic<\/em>.<\/p>\n<p>&nbsp;<\/p>\n","protected":false},"author":11653,"featured_media":149778,"template":"","format":"standard","categories":[2147],"acf":[],"yoast_head":"<!-- This site is optimized with the Yoast SEO Premium plugin v18.5 (Yoast SEO v20.4) - https:\/\/yoast.com\/wordpress\/plugins\/seo\/ -->\n<title>Charl\u00e9ne, Carolina y el resto de los Grimaldi: una lecci\u00f3n de estilo en el D\u00eda Nacional de M\u00f3naco | Grazia<\/title>\n<meta name=\"description\" content=\"Hoy se celebraba en el Principado de M\u00f3naco el D\u00eda de su Fiesta Nacional y la familia real ha vuelto a demostrar por qu\u00e9 son unas de las royals mejos vestidas dentro y fuera de Europa.\" \/>\n<meta name=\"robots\" content=\"index, follow, max-snippet:-1, max-image-preview:large, max-video-preview:-1\" \/>\n<link rel=\"canonical\" href=\"https:\/\/graziamagazine.com\/es\/articles\/charlene-carolina-y-el-resto-de-los-grimaldi-una-leccion-de-estilo-en-el-dia-nacional-de-monaco\/\" \/>\n<meta property=\"og:locale\" content=\"es_ES\" \/>\n<meta property=\"og:type\" content=\"article\" \/>\n<meta property=\"og:title\" content=\"Charl\u00e9ne, Carolina y el resto de los Grimaldi: una lecci\u00f3n de estilo en el D\u00eda Nacional de M\u00f3naco\" \/>\n<meta property=\"og:description\" content=\"Hoy se celebraba en el Principado de M\u00f3naco el D\u00eda de su Fiesta Nacional y la familia real ha vuelto a demostrar por qu\u00e9 son unas de las royals mejos vestidas dentro y fuera de Europa.\" \/>\n<meta property=\"og:url\" content=\"https:\/\/graziamagazine.com\/es\/articles\/charlene-carolina-y-el-resto-de-los-grimaldi-una-leccion-de-estilo-en-el-dia-nacional-de-monaco\/\" \/>\n<meta property=\"og:site_name\" content=\"Grazia\" \/>\n<meta property=\"article:modified_time\" content=\"2019-11-20T15:35:40+00:00\" \/>\n<meta property=\"og:image\" content=\"https:\/\/graziamagazine.com\/es\/wp-content\/uploads\/sites\/12\/2019\/11\/GettyImages-1188678633.jpg?fit=1024%2C683\" \/>\n\t<meta property=\"og:image:width\" content=\"1024\" \/>\n\t<meta property=\"og:image:height\" content=\"683\" \/>\n\t<meta property=\"og:image:type\" content=\"image\/jpeg\" \/>\n<meta name=\"twitter:card\" content=\"summary_large_image\" \/>\n<meta name=\"twitter:label1\" content=\"Est. reading time\" \/>\n\t<meta name=\"twitter:data1\" content=\"3 minutos\" \/>\n<script type=\"application\/ld+json\" class=\"yoast-schema-graph\">{\"@context\":\"https:\/\/schema.org\",\"@graph\":[{\"@type\":\"WebPage\",\"@id\":\"https:\/\/graziamagazine.com\/es\/articles\/charlene-carolina-y-el-resto-de-los-grimaldi-una-leccion-de-estilo-en-el-dia-nacional-de-monaco\/\",\"url\":\"https:\/\/graziamagazine.com\/es\/articles\/charlene-carolina-y-el-resto-de-los-grimaldi-una-leccion-de-estilo-en-el-dia-nacional-de-monaco\/\",\"name\":\"Charl\u00e9ne, Carolina y el resto de los Grimaldi: una lecci\u00f3n de estilo en el D\u00eda Nacional de M\u00f3naco | Grazia\",\"isPartOf\":{\"@id\":\"https:\/\/graziamagazine.com\/es\/#website\"},\"datePublished\":\"2019-11-19T20:21:02+00:00\",\"dateModified\":\"2019-11-20T15:35:40+00:00\",\"description\":\"Hoy se celebraba en el Principado de M\u00f3naco el D\u00eda de su Fiesta Nacional y la familia real ha vuelto a demostrar por qu\u00e9 son unas de las royals mejos vestidas dentro y fuera de Europa.\",\"breadcrumb\":{\"@id\":\"https:\/\/graziamagazine.com\/es\/articles\/charlene-carolina-y-el-resto-de-los-grimaldi-una-leccion-de-estilo-en-el-dia-nacional-de-monaco\/#breadcrumb\"},\"inLanguage\":\"es\",\"potentialAction\":[{\"@type\":\"ReadAction\",\"target\":[\"https:\/\/graziamagazine.com\/es\/articles\/charlene-carolina-y-el-resto-de-los-grimaldi-una-leccion-de-estilo-en-el-dia-nacional-de-monaco\/\"]}]},{\"@type\":\"BreadcrumbList\",\"@id\":\"https:\/\/graziamagazine.com\/es\/articles\/charlene-carolina-y-el-resto-de-los-grimaldi-una-leccion-de-estilo-en-el-dia-nacional-de-monaco\/#breadcrumb\",\"itemListElement\":[{\"@type\":\"ListItem\",\"position\":1,\"name\":\"Portada\",\"item\":\"https:\/\/graziamagazine.com\/es\/\"},{\"@type\":\"ListItem\",\"position\":2,\"name\":\"Charl\u00e9ne, Carolina y el resto de los Grimaldi: una lecci\u00f3n de estilo en el D\u00eda Nacional de M\u00f3naco\"}]},{\"@type\":\"WebSite\",\"@id\":\"https:\/\/graziamagazine.com\/es\/#website\",\"url\":\"https:\/\/graziamagazine.com\/es\/\",\"name\":\"Grazia\",\"description\":\"Moda, belleza, celebrities, estilo de vida...\",\"potentialAction\":[{\"@type\":\"SearchAction\",\"target\":{\"@type\":\"EntryPoint\",\"urlTemplate\":\"https:\/\/graziamagazine.com\/es\/?s={search_term_string}\"},\"query-input\":\"required name=search_term_string\"}],\"inLanguage\":\"es\"}]}<\/script>\n<!-- \/ Yoast SEO Premium plugin. -->","yoast_head_json":{"title":"Charl\u00e9ne, Carolina y el resto de los Grimaldi: una lecci\u00f3n de estilo en el D\u00eda Nacional de M\u00f3naco | Grazia","description":"Hoy se celebraba en el Principado de M\u00f3naco el D\u00eda de su Fiesta Nacional y la familia real ha vuelto a demostrar por qu\u00e9 son unas de las royals mejos vestidas dentro y fuera de Europa.","robots":{"index":"index","follow":"follow","max-snippet":"max-snippet:-1","max-image-preview":"max-image-preview:large","max-video-preview":"max-video-preview:-1"},"canonical":"https:\/\/graziamagazine.com\/es\/articles\/charlene-carolina-y-el-resto-de-los-grimaldi-una-leccion-de-estilo-en-el-dia-nacional-de-monaco\/","og_locale":"es_ES","og_type":"article","og_title":"Charl\u00e9ne, Carolina y el resto de los Grimaldi: una lecci\u00f3n de estilo en el D\u00eda Nacional de M\u00f3naco","og_description":"Hoy se celebraba en el Principado de M\u00f3naco el D\u00eda de su Fiesta Nacional y la familia real ha vuelto a demostrar por qu\u00e9 son unas de las royals mejos vestidas dentro y fuera de Europa.","og_url":"https:\/\/graziamagazine.com\/es\/articles\/charlene-carolina-y-el-resto-de-los-grimaldi-una-leccion-de-estilo-en-el-dia-nacional-de-monaco\/","og_site_name":"Grazia","article_modified_time":"2019-11-20T15:35:40+00:00","og_image":[{"width":1024,"height":683,"url":"https:\/\/graziamagazine.com\/es\/wp-content\/uploads\/sites\/12\/2019\/11\/GettyImages-1188678633.jpg?fit=1024%2C683","type":"image\/jpeg"}],"twitter_card":"summary_large_image","twitter_misc":{"Est. reading time":"3 minutos"},"schema":{"@context":"https:\/\/schema.org","@graph":[{"@type":"WebPage","@id":"https:\/\/graziamagazine.com\/es\/articles\/charlene-carolina-y-el-resto-de-los-grimaldi-una-leccion-de-estilo-en-el-dia-nacional-de-monaco\/","url":"https:\/\/graziamagazine.com\/es\/articles\/charlene-carolina-y-el-resto-de-los-grimaldi-una-leccion-de-estilo-en-el-dia-nacional-de-monaco\/","name":"Charl\u00e9ne, Carolina y el resto de los Grimaldi: una lecci\u00f3n de estilo en el D\u00eda Nacional de M\u00f3naco | Grazia","isPartOf":{"@id":"https:\/\/graziamagazine.com\/es\/#website"},"datePublished":"2019-11-19T20:21:02+00:00","dateModified":"2019-11-20T15:35:40+00:00","description":"Hoy se celebraba en el Principado de M\u00f3naco el D\u00eda de su Fiesta Nacional y la familia real ha vuelto a demostrar por qu\u00e9 son unas de las royals mejos vestidas dentro y fuera de Europa.","breadcrumb":{"@id":"https:\/\/graziamagazine.com\/es\/articles\/charlene-carolina-y-el-resto-de-los-grimaldi-una-leccion-de-estilo-en-el-dia-nacional-de-monaco\/#breadcrumb"},"inLanguage":"es","potentialAction":[{"@type":"ReadAction","target":["https:\/\/graziamagazine.com\/es\/articles\/charlene-carolina-y-el-resto-de-los-grimaldi-una-leccion-de-estilo-en-el-dia-nacional-de-monaco\/"]}]},{"@type":"BreadcrumbList","@id":"https:\/\/graziamagazine.com\/es\/articles\/charlene-carolina-y-el-resto-de-los-grimaldi-una-leccion-de-estilo-en-el-dia-nacional-de-monaco\/#breadcrumb","itemListElement":[{"@type":"ListItem","position":1,"name":"Portada","item":"https:\/\/graziamagazine.com\/es\/"},{"@type":"ListItem","position":2,"name":"Charl\u00e9ne, Carolina y el resto de los Grimaldi: una lecci\u00f3n de estilo en el D\u00eda Nacional de M\u00f3naco"}]},{"@type":"WebSite","@id":"https:\/\/graziamagazine.com\/es\/#website","url":"https:\/\/graziamagazine.com\/es\/","name":"Grazia","description":"Moda, belleza, celebrities, estilo de vida...","potentialAction":[{"@type":"SearchAction","target":{"@type":"EntryPoint","urlTemplate":"https:\/\/graziamagazine.com\/es\/?s={search_term_string}"},"query-input":"required name=search_term_string"}],"inLanguage":"es"}]}},"jetpack_sharing_enabled":true,"distributor_meta":false,"distributor_terms":false,"distributor_media":false,"distributor_original_site_name":"Grazia","distributor_original_site_url":"https:\/\/graziamagazine.com\/es","push-errors":false,"_links":{"self":[{"href":"https:\/\/graziamagazine.com\/es\/wp-json\/wp\/v2\/articles\/149777"}],"collection":[{"href":"https:\/\/graziamagazine.com\/es\/wp-json\/wp\/v2\/articles"}],"about":[{"href":"https:\/\/graziamagazine.com\/es\/wp-json\/wp\/v2\/types\/articles"}],"author":[{"embeddable":true,"href":"https:\/\/graziamagazine.com\/es\/wp-json\/wp\/v2\/users\/11653"}],"wp:featuredmedia":[{"embeddable":true,"href":"https:\/\/graziamagazine.com\/es\/wp-json\/wp\/v2\/media\/149778"}],"wp:attachment":[{"href":"https:\/\/graziamagazine.com\/es\/wp-json\/wp\/v2\/media?parent=149777"}],"wp:term":[{"taxonomy":"category","embeddable":true,"href":"https:\/\/graziamagazine.com\/es\/wp-json\/wp\/v2\/categories?post=149777"}],"curies":[{"name":"wp","href":"https:\/\/api.w.org\/{rel}","templated":true}]}}