{"id":149598,"date":"2019-11-14T21:51:48","date_gmt":"2019-11-14T20:51:48","guid":{"rendered":"https:\/\/graziamagazine.com\/es\/?p=149598"},"modified":"2019-11-14T21:58:23","modified_gmt":"2019-11-14T20:58:23","slug":"nieves-alvarez-y-su-impresionante-vestido-verde-la-mejor-manera-de-asistir-a-la-opera","status":"publish","type":"articles","link":"https:\/\/graziamagazine.com\/es\/articles\/nieves-alvarez-y-su-impresionante-vestido-verde-la-mejor-manera-de-asistir-a-la-opera\/","title":{"rendered":"Nieves \u00c1lvarez y su impresionante vestido verde: la mejor manera de asistir a la \u00f3pera"},"content":{"rendered":"<p>El Teatro Real de Madrid vivi\u00f3 ayer una de sus grandes noches, en \u00e9l <strong>se celebraba la Gran Gala de la \u00d3pera<\/strong>, y para la ocasi\u00f3n numerosos rostros conocidos del mundo del arte y la cultura no quisieron perderse el recital que ofreci\u00f3 el tenor Javier Camarena, donde pudieron disfrutar de \u00f3pera, zarzuela y canci\u00f3n italiana.<\/p>\n<p><strong>Hasta all\u00ed lleg\u00f3 una de nuestras guapas m\u00e1s queridas, <\/strong><a href=\"http:\/\/bit.ly\/36M271U\" target=\"_blank\"><strong>Nieves \u00c1lvarez<\/strong>, casi reci\u00e9n llegada de M\u00e9xico donde acompa\u00f1\u00f3 a su gran amiga Naty Abascal en la inauguraci\u00f3n de su exposici\u00f3n en el Museo Jumex de la Ciudad de M\u00e9xico<\/a>.\u00a0 Nieves nos volvi\u00f3 a demostrar por qu\u00e9 siempre es una de las mejor vestidas all\u00e1 donde vaya, y es que con esa belleza que tiene, todo le sienta bien.<\/p>\n<p><img loading=\"lazy\" decoding=\"async\" class=\"aligncenter size-full wp-image-149599\" src=\"https:\/\/graziamagazine.com\/es\/wp-content\/uploads\/sites\/12\/2019\/11\/GettyImages-1187579126-e1573764680270.jpg\" alt=\"Nieves \u00c1lvarez demuestra que un vestido verde s\u00ed es una gran opci\u00f3n para ir de gala a la \u00f3pera\" width=\"1500\" height=\"2445\" \/><\/p>\n<p><strong><a href=\"http:\/\/bit.ly\/2ZAUTOF\" target=\"_blank\">Para la ocasi\u00f3n su estilista de cabecera V\u00edctor Blanco<\/a> volvi\u00f3 a acertar con un vestido que nos dej\u00f3 con los ojos como platos, y muchas ganas de ser Nieves para lucirlo as\u00ed de bien<\/strong>. Como mandaba la etiqueta de la noche, Nieves luci\u00f3 un <strong>vestido largo color verde esmeralda luminoso firmado por Alex Perry, en exclusiva para Luisa Via Roma<\/strong>. Desafiando al fr\u00edo de la noche madrile\u00f1a, se atrevi\u00f3 con este modelo de una sola manga y brazo al descubierto, que demostraba que un look minimalista es lo m\u00e1s para ser s\u00faper elegante.<\/p>\n<p>De nuevo <strong>volvi\u00f3 a lucir unas impresionantes joyas de Bulgari<\/strong> (tambi\u00e9n queremos ser Nieves para llevarlas, claro), unas <strong>sandalias doradas de tiras doradas de Louboutin y un clutch joya de Olivier Bernoux<\/strong>. Su <em>beauty look<\/em> no pod\u00eda estar m\u00e1s adecuado para hacer lucir el vestido: melena completamente lisa con raya en medio y maquillaje de Ram\u00f3n R\u00edos.<\/p>\n<p><img loading=\"lazy\" decoding=\"async\" class=\"aligncenter size-full wp-image-149606\" src=\"https:\/\/graziamagazine.com\/es\/wp-content\/uploads\/sites\/12\/2019\/11\/GettyImages-1187579121.jpg\" alt=\"Nieves \u00c1lvarez demuestra que un vestido verde s\u00ed es una gran opci\u00f3n para ir de gala a la \u00f3pera\" width=\"714\" height=\"1024\" srcset=\"https:\/\/graziamagazine.com\/es\/wp-content\/uploads\/sites\/12\/2019\/11\/GettyImages-1187579121.jpg 714w, https:\/\/graziamagazine.com\/es\/wp-content\/uploads\/sites\/12\/2019\/11\/GettyImages-1187579121-500x717.jpg 500w, https:\/\/graziamagazine.com\/es\/wp-content\/uploads\/sites\/12\/2019\/11\/GettyImages-1187579121-120x172.jpg 120w, https:\/\/graziamagazine.com\/es\/wp-content\/uploads\/sites\/12\/2019\/11\/GettyImages-1187579121-626x898.jpg 626w, https:\/\/graziamagazine.com\/es\/wp-content\/uploads\/sites\/12\/2019\/11\/GettyImages-1187579121-360x516.jpg 360w\" sizes=\"(max-width: 714px) 100vw, 714px\" \/><\/p>\n<p>Desde luego Nieves tenemos que decirte algo: <strong>\u00a1siempre nos das muchas alegr\u00edas con la elecci\u00f3n de tus looks!<\/strong> #Aplausos<\/p>\n<p><em>*Im\u00e1genes: Getty Images<\/em><\/p>\n<p>&nbsp;<\/p>\n","protected":false},"author":11653,"featured_media":149604,"template":"","format":"standard","categories":[1],"acf":[],"yoast_head":"<!-- This site is optimized with the Yoast SEO Premium plugin v18.5 (Yoast SEO v20.4) - https:\/\/yoast.com\/wordpress\/plugins\/seo\/ -->\n<title>Nieves \u00c1lvarez y su impresionante vestido verde: la mejor manera de asistir a la \u00f3pera | Grazia<\/title>\n<meta name=\"description\" content=\"La modelo asisti\u00f3 a la Gran Gala de la \u00d3pera en Madrid y volvi\u00f3 a demostrar que siempre sus looks son de 10 (o m\u00e1s).\" \/>\n<meta name=\"robots\" content=\"index, follow, max-snippet:-1, max-image-preview:large, max-video-preview:-1\" \/>\n<link rel=\"canonical\" href=\"https:\/\/graziamagazine.com\/es\/articles\/nieves-alvarez-y-su-impresionante-vestido-verde-la-mejor-manera-de-asistir-a-la-opera\/\" \/>\n<meta property=\"og:locale\" content=\"es_ES\" \/>\n<meta property=\"og:type\" content=\"article\" \/>\n<meta property=\"og:title\" content=\"Nieves \u00c1lvarez y su impresionante vestido verde: la mejor manera de asistir a la \u00f3pera\" \/>\n<meta property=\"og:description\" content=\"La modelo asisti\u00f3 a la Gran Gala de la \u00d3pera en Madrid y volvi\u00f3 a demostrar que siempre sus looks son de 10 (o m\u00e1s).\" \/>\n<meta property=\"og:url\" content=\"https:\/\/graziamagazine.com\/es\/articles\/nieves-alvarez-y-su-impresionante-vestido-verde-la-mejor-manera-de-asistir-a-la-opera\/\" \/>\n<meta property=\"og:site_name\" content=\"Grazia\" \/>\n<meta property=\"article:modified_time\" content=\"2019-11-14T20:58:23+00:00\" \/>\n<meta property=\"og:image\" content=\"https:\/\/graziamagazine.com\/es\/wp-content\/uploads\/sites\/12\/2019\/11\/Captura-de-pantalla-2019-11-14-a-las-21.52.50.png?fit=1102%2C570\" \/>\n\t<meta property=\"og:image:width\" content=\"1102\" \/>\n\t<meta property=\"og:image:height\" content=\"570\" \/>\n\t<meta property=\"og:image:type\" content=\"image\/png\" \/>\n<meta name=\"twitter:card\" content=\"summary_large_image\" \/>\n<meta name=\"twitter:label1\" content=\"Est. reading time\" \/>\n\t<meta name=\"twitter:data1\" content=\"2 minutos\" \/>\n<script type=\"application\/ld+json\" class=\"yoast-schema-graph\">{\"@context\":\"https:\/\/schema.org\",\"@graph\":[{\"@type\":\"WebPage\",\"@id\":\"https:\/\/graziamagazine.com\/es\/articles\/nieves-alvarez-y-su-impresionante-vestido-verde-la-mejor-manera-de-asistir-a-la-opera\/\",\"url\":\"https:\/\/graziamagazine.com\/es\/articles\/nieves-alvarez-y-su-impresionante-vestido-verde-la-mejor-manera-de-asistir-a-la-opera\/\",\"name\":\"Nieves \u00c1lvarez y su impresionante vestido verde: la mejor manera de asistir a la \u00f3pera | Grazia\",\"isPartOf\":{\"@id\":\"https:\/\/graziamagazine.com\/es\/#website\"},\"datePublished\":\"2019-11-14T20:51:48+00:00\",\"dateModified\":\"2019-11-14T20:58:23+00:00\",\"description\":\"La modelo asisti\u00f3 a la Gran Gala de la \u00d3pera en Madrid y volvi\u00f3 a demostrar que siempre sus looks son de 10 (o m\u00e1s).\",\"breadcrumb\":{\"@id\":\"https:\/\/graziamagazine.com\/es\/articles\/nieves-alvarez-y-su-impresionante-vestido-verde-la-mejor-manera-de-asistir-a-la-opera\/#breadcrumb\"},\"inLanguage\":\"es\",\"potentialAction\":[{\"@type\":\"ReadAction\",\"target\":[\"https:\/\/graziamagazine.com\/es\/articles\/nieves-alvarez-y-su-impresionante-vestido-verde-la-mejor-manera-de-asistir-a-la-opera\/\"]}]},{\"@type\":\"BreadcrumbList\",\"@id\":\"https:\/\/graziamagazine.com\/es\/articles\/nieves-alvarez-y-su-impresionante-vestido-verde-la-mejor-manera-de-asistir-a-la-opera\/#breadcrumb\",\"itemListElement\":[{\"@type\":\"ListItem\",\"position\":1,\"name\":\"Portada\",\"item\":\"https:\/\/graziamagazine.com\/es\/\"},{\"@type\":\"ListItem\",\"position\":2,\"name\":\"Nieves \u00c1lvarez y su impresionante vestido verde: la mejor manera de asistir a la \u00f3pera\"}]},{\"@type\":\"WebSite\",\"@id\":\"https:\/\/graziamagazine.com\/es\/#website\",\"url\":\"https:\/\/graziamagazine.com\/es\/\",\"name\":\"Grazia\",\"description\":\"Moda, belleza, celebrities, estilo de vida...\",\"potentialAction\":[{\"@type\":\"SearchAction\",\"target\":{\"@type\":\"EntryPoint\",\"urlTemplate\":\"https:\/\/graziamagazine.com\/es\/?s={search_term_string}\"},\"query-input\":\"required name=search_term_string\"}],\"inLanguage\":\"es\"}]}<\/script>\n<!-- \/ Yoast SEO Premium plugin. -->","yoast_head_json":{"title":"Nieves \u00c1lvarez y su impresionante vestido verde: la mejor manera de asistir a la \u00f3pera | Grazia","description":"La modelo asisti\u00f3 a la Gran Gala de la \u00d3pera en Madrid y volvi\u00f3 a demostrar que siempre sus looks son de 10 (o m\u00e1s).","robots":{"index":"index","follow":"follow","max-snippet":"max-snippet:-1","max-image-preview":"max-image-preview:large","max-video-preview":"max-video-preview:-1"},"canonical":"https:\/\/graziamagazine.com\/es\/articles\/nieves-alvarez-y-su-impresionante-vestido-verde-la-mejor-manera-de-asistir-a-la-opera\/","og_locale":"es_ES","og_type":"article","og_title":"Nieves \u00c1lvarez y su impresionante vestido verde: la mejor manera de asistir a la \u00f3pera","og_description":"La modelo asisti\u00f3 a la Gran Gala de la \u00d3pera en Madrid y volvi\u00f3 a demostrar que siempre sus looks son de 10 (o m\u00e1s).","og_url":"https:\/\/graziamagazine.com\/es\/articles\/nieves-alvarez-y-su-impresionante-vestido-verde-la-mejor-manera-de-asistir-a-la-opera\/","og_site_name":"Grazia","article_modified_time":"2019-11-14T20:58:23+00:00","og_image":[{"width":1102,"height":570,"url":"https:\/\/graziamagazine.com\/es\/wp-content\/uploads\/sites\/12\/2019\/11\/Captura-de-pantalla-2019-11-14-a-las-21.52.50.png?fit=1102%2C570","type":"image\/png"}],"twitter_card":"summary_large_image","twitter_misc":{"Est. reading time":"2 minutos"},"schema":{"@context":"https:\/\/schema.org","@graph":[{"@type":"WebPage","@id":"https:\/\/graziamagazine.com\/es\/articles\/nieves-alvarez-y-su-impresionante-vestido-verde-la-mejor-manera-de-asistir-a-la-opera\/","url":"https:\/\/graziamagazine.com\/es\/articles\/nieves-alvarez-y-su-impresionante-vestido-verde-la-mejor-manera-de-asistir-a-la-opera\/","name":"Nieves \u00c1lvarez y su impresionante vestido verde: la mejor manera de asistir a la \u00f3pera | Grazia","isPartOf":{"@id":"https:\/\/graziamagazine.com\/es\/#website"},"datePublished":"2019-11-14T20:51:48+00:00","dateModified":"2019-11-14T20:58:23+00:00","description":"La modelo asisti\u00f3 a la Gran Gala de la \u00d3pera en Madrid y volvi\u00f3 a demostrar que siempre sus looks son de 10 (o m\u00e1s).","breadcrumb":{"@id":"https:\/\/graziamagazine.com\/es\/articles\/nieves-alvarez-y-su-impresionante-vestido-verde-la-mejor-manera-de-asistir-a-la-opera\/#breadcrumb"},"inLanguage":"es","potentialAction":[{"@type":"ReadAction","target":["https:\/\/graziamagazine.com\/es\/articles\/nieves-alvarez-y-su-impresionante-vestido-verde-la-mejor-manera-de-asistir-a-la-opera\/"]}]},{"@type":"BreadcrumbList","@id":"https:\/\/graziamagazine.com\/es\/articles\/nieves-alvarez-y-su-impresionante-vestido-verde-la-mejor-manera-de-asistir-a-la-opera\/#breadcrumb","itemListElement":[{"@type":"ListItem","position":1,"name":"Portada","item":"https:\/\/graziamagazine.com\/es\/"},{"@type":"ListItem","position":2,"name":"Nieves \u00c1lvarez y su impresionante vestido verde: la mejor manera de asistir a la \u00f3pera"}]},{"@type":"WebSite","@id":"https:\/\/graziamagazine.com\/es\/#website","url":"https:\/\/graziamagazine.com\/es\/","name":"Grazia","description":"Moda, belleza, celebrities, estilo de vida...","potentialAction":[{"@type":"SearchAction","target":{"@type":"EntryPoint","urlTemplate":"https:\/\/graziamagazine.com\/es\/?s={search_term_string}"},"query-input":"required name=search_term_string"}],"inLanguage":"es"}]}},"jetpack_sharing_enabled":true,"distributor_meta":false,"distributor_terms":false,"distributor_media":false,"distributor_original_site_name":"Grazia","distributor_original_site_url":"https:\/\/graziamagazine.com\/es","push-errors":false,"_links":{"self":[{"href":"https:\/\/graziamagazine.com\/es\/wp-json\/wp\/v2\/articles\/149598"}],"collection":[{"href":"https:\/\/graziamagazine.com\/es\/wp-json\/wp\/v2\/articles"}],"about":[{"href":"https:\/\/graziamagazine.com\/es\/wp-json\/wp\/v2\/types\/articles"}],"author":[{"embeddable":true,"href":"https:\/\/graziamagazine.com\/es\/wp-json\/wp\/v2\/users\/11653"}],"wp:featuredmedia":[{"embeddable":true,"href":"https:\/\/graziamagazine.com\/es\/wp-json\/wp\/v2\/media\/149604"}],"wp:attachment":[{"href":"https:\/\/graziamagazine.com\/es\/wp-json\/wp\/v2\/media?parent=149598"}],"wp:term":[{"taxonomy":"category","embeddable":true,"href":"https:\/\/graziamagazine.com\/es\/wp-json\/wp\/v2\/categories?post=149598"}],"curies":[{"name":"wp","href":"https:\/\/api.w.org\/{rel}","templated":true}]}}