{"id":149584,"date":"2019-11-14T20:53:29","date_gmt":"2019-11-14T19:53:29","guid":{"rendered":"https:\/\/graziamagazine.com\/es\/?p=149584"},"modified":"2019-11-14T20:53:29","modified_gmt":"2019-11-14T19:53:29","slug":"la-reina-letizia-elige-los-lunares-low-cost-para-despedirse-de-la-habana","status":"publish","type":"articles","link":"https:\/\/graziamagazine.com\/es\/articles\/la-reina-letizia-elige-los-lunares-low-cost-para-despedirse-de-la-habana\/","title":{"rendered":"La reina Letizia elige los lunares low cost para despedirse de La Habana"},"content":{"rendered":"<div id=\"news-body-center\" class=\"news-body-center cms-format \">\n<p>Llega el final del viaje de Estado de los Reyes en Cuba y con \u00e9l las \u00faltimas im\u00e1genes de una intensa agenda que ha seguido as\u00ed hasta el \u00faltimo minuto pr\u00e1cticamente. Despu\u00e9s del d\u00eda de ayer, con <a href=\"http:\/\/bit.ly\/33V1TUF\" target=\"_blank\">encuentro con la comunidad espa\u00f1ola<\/a> primero y <a href=\"http:\/\/bit.ly\/2rEQiuo\" target=\"_blank\">cena de retribuci\u00f3n incluida para agradecer la estancia,<\/a> hoy la agenda inclu\u00eda dos actos oficiales.<\/p>\n<p>El primero asistir al <strong>Museo de Bellas Artes para visitar la exposici\u00f3n del Autorretrato de Goya<\/strong>, una concesi\u00f3n cedida de manera temporal por el Museo del Prado. El segundo <strong>visitar un centro de investigaci\u00f3n para combatir el c\u00e1ncer<\/strong>. Para ambos actos la reina ha apostado por un vestido que ya hemos visto repetidamente en otras ocasiones, una apuesta segura, fresca, c\u00f3moda y tambi\u00e9n lo suficientemente elegante para cumplir con la agenda.<\/p>\n<p><img loading=\"lazy\" decoding=\"async\" class=\"aligncenter size-full wp-image-149587\" src=\"https:\/\/graziamagazine.com\/es\/wp-content\/uploads\/sites\/12\/2019\/11\/GRAZIA-vestido-lunares-reina-letizia-la-habana.jpeg\" alt=\"La reina Letizia su vestido low cost de Massimo Dutti para despedirse de La Habana \" width=\"2384\" height=\"1588\" srcset=\"https:\/\/graziamagazine.com\/es\/wp-content\/uploads\/sites\/12\/2019\/11\/GRAZIA-vestido-lunares-reina-letizia-la-habana.jpeg 2384w, https:\/\/graziamagazine.com\/es\/wp-content\/uploads\/sites\/12\/2019\/11\/GRAZIA-vestido-lunares-reina-letizia-la-habana-500x333.jpeg 500w, https:\/\/graziamagazine.com\/es\/wp-content\/uploads\/sites\/12\/2019\/11\/GRAZIA-vestido-lunares-reina-letizia-la-habana-768x512.jpeg 768w, https:\/\/graziamagazine.com\/es\/wp-content\/uploads\/sites\/12\/2019\/11\/GRAZIA-vestido-lunares-reina-letizia-la-habana-900x599.jpeg 900w, https:\/\/graziamagazine.com\/es\/wp-content\/uploads\/sites\/12\/2019\/11\/GRAZIA-vestido-lunares-reina-letizia-la-habana-1100x733.jpeg 1100w, https:\/\/graziamagazine.com\/es\/wp-content\/uploads\/sites\/12\/2019\/11\/GRAZIA-vestido-lunares-reina-letizia-la-habana-120x80.jpeg 120w, https:\/\/graziamagazine.com\/es\/wp-content\/uploads\/sites\/12\/2019\/11\/GRAZIA-vestido-lunares-reina-letizia-la-habana-720x480.jpeg 720w, https:\/\/graziamagazine.com\/es\/wp-content\/uploads\/sites\/12\/2019\/11\/GRAZIA-vestido-lunares-reina-letizia-la-habana-1200x799.jpeg 1200w, https:\/\/graziamagazine.com\/es\/wp-content\/uploads\/sites\/12\/2019\/11\/GRAZIA-vestido-lunares-reina-letizia-la-habana-626x417.jpeg 626w, https:\/\/graziamagazine.com\/es\/wp-content\/uploads\/sites\/12\/2019\/11\/GRAZIA-vestido-lunares-reina-letizia-la-habana-360x240.jpeg 360w\" sizes=\"(max-width: 2384px) 100vw, 2384px\" \/><\/p>\n<p>Se trata de <strong>uno de los vestidos<em> low cost<\/em> del armario real, blanco con lunares (otra vez lo lunares) firmado por Massimo Dutti.<\/strong> Un look sin muchas complicaciones compuesto por un vestido con manga francesa terminado en pu\u00f1o y cuello redondo, con fondo blanco y estampado en lunares negros, el mismo color que ha elegido para los complementos.<\/p>\n<p><img loading=\"lazy\" decoding=\"async\" class=\"aligncenter size-full wp-image-149588\" src=\"https:\/\/graziamagazine.com\/es\/wp-content\/uploads\/sites\/12\/2019\/11\/gettyimages-1187672669-594x594.jpg\" alt=\"La reina Letizia su vestido low cost de Massimo Dutti para despedirse de La Habana\" width=\"396\" height=\"594\" srcset=\"https:\/\/graziamagazine.com\/es\/wp-content\/uploads\/sites\/12\/2019\/11\/gettyimages-1187672669-594x594.jpg 396w, https:\/\/graziamagazine.com\/es\/wp-content\/uploads\/sites\/12\/2019\/11\/gettyimages-1187672669-594x594-120x180.jpg 120w, https:\/\/graziamagazine.com\/es\/wp-content\/uploads\/sites\/12\/2019\/11\/gettyimages-1187672669-594x594-100x150.jpg 100w, https:\/\/graziamagazine.com\/es\/wp-content\/uploads\/sites\/12\/2019\/11\/gettyimages-1187672669-594x594-151x227.jpg 151w, https:\/\/graziamagazine.com\/es\/wp-content\/uploads\/sites\/12\/2019\/11\/gettyimages-1187672669-594x594-157x236.jpg 157w, https:\/\/graziamagazine.com\/es\/wp-content\/uploads\/sites\/12\/2019\/11\/gettyimages-1187672669-594x594-360x540.jpg 360w, https:\/\/graziamagazine.com\/es\/wp-content\/uploads\/sites\/12\/2019\/11\/gettyimages-1187672669-594x594-298x448.jpg 298w, https:\/\/graziamagazine.com\/es\/wp-content\/uploads\/sites\/12\/2019\/11\/gettyimages-1187672669-594x594-128x192.jpg 128w, https:\/\/graziamagazine.com\/es\/wp-content\/uploads\/sites\/12\/2019\/11\/gettyimages-1187672669-594x594-364x546.jpg 364w, https:\/\/graziamagazine.com\/es\/wp-content\/uploads\/sites\/12\/2019\/11\/gettyimages-1187672669-594x594-220x330.jpg 220w\" sizes=\"(max-width: 396px) 100vw, 396px\" \/><\/p>\n<p>Un <strong>cintur\u00f3n negro fino de piel acompa\u00f1aba a sus salones negros destalonados de Carolina Herrera<\/strong> y una cartera de mano en piel, tambi\u00e9n de la dise\u00f1adora. Como joyas, su anillo Karen Hallam y los pendientes que m\u00e1s hemos visto estos d\u00edas: unos aros dorados.<\/p>\n<p><img loading=\"lazy\" decoding=\"async\" class=\"aligncenter size-full wp-image-149585\" src=\"https:\/\/graziamagazine.com\/es\/wp-content\/uploads\/sites\/12\/2019\/11\/GRAZIA-vestido-lunares-reina-letizia-la-habana-3.jpg\" alt=\"La reina Letizia su vestido low cost de Massimo Dutti para despedirse de La Habana\" width=\"1400\" height=\"1000\" srcset=\"https:\/\/graziamagazine.com\/es\/wp-content\/uploads\/sites\/12\/2019\/11\/GRAZIA-vestido-lunares-reina-letizia-la-habana-3.jpg 1400w, https:\/\/graziamagazine.com\/es\/wp-content\/uploads\/sites\/12\/2019\/11\/GRAZIA-vestido-lunares-reina-letizia-la-habana-3-500x357.jpg 500w, https:\/\/graziamagazine.com\/es\/wp-content\/uploads\/sites\/12\/2019\/11\/GRAZIA-vestido-lunares-reina-letizia-la-habana-3-768x549.jpg 768w, https:\/\/graziamagazine.com\/es\/wp-content\/uploads\/sites\/12\/2019\/11\/GRAZIA-vestido-lunares-reina-letizia-la-habana-3-900x643.jpg 900w, https:\/\/graziamagazine.com\/es\/wp-content\/uploads\/sites\/12\/2019\/11\/GRAZIA-vestido-lunares-reina-letizia-la-habana-3-1100x786.jpg 1100w, https:\/\/graziamagazine.com\/es\/wp-content\/uploads\/sites\/12\/2019\/11\/GRAZIA-vestido-lunares-reina-letizia-la-habana-3-120x86.jpg 120w, https:\/\/graziamagazine.com\/es\/wp-content\/uploads\/sites\/12\/2019\/11\/GRAZIA-vestido-lunares-reina-letizia-la-habana-3-720x514.jpg 720w, https:\/\/graziamagazine.com\/es\/wp-content\/uploads\/sites\/12\/2019\/11\/GRAZIA-vestido-lunares-reina-letizia-la-habana-3-1200x857.jpg 1200w, https:\/\/graziamagazine.com\/es\/wp-content\/uploads\/sites\/12\/2019\/11\/GRAZIA-vestido-lunares-reina-letizia-la-habana-3-626x447.jpg 626w, https:\/\/graziamagazine.com\/es\/wp-content\/uploads\/sites\/12\/2019\/11\/GRAZIA-vestido-lunares-reina-letizia-la-habana-3-360x257.jpg 360w\" sizes=\"(max-width: 1400px) 100vw, 1400px\" \/><\/p>\n<\/div>\n<div id=\"news-body-center\" class=\"news-body-center cms-format \">\n<p>La siguiente parada ser\u00e1 Santiago de Cuba, donde est\u00e1 previsto lleguen en la tarde (hora local) donde asistir\u00e1n a unos \u00faltimos compromisos antes de volver a viajar rumbo a Espa\u00f1a.<\/p>\n<p><em>*Im\u00e1genes: Casa Real<\/em><\/p>\n<p>&nbsp;<\/p>\n<div class=\"articlephoto news-body-fig\"><\/div>\n<\/div>\n","protected":false},"author":11653,"featured_media":149586,"template":"","format":"standard","categories":[2147],"acf":[],"yoast_head":"<!-- This site is optimized with the Yoast SEO Premium plugin v18.5 (Yoast SEO v20.4) - https:\/\/yoast.com\/wordpress\/plugins\/seo\/ -->\n<title>La reina Letizia elige los lunares low cost para despedirse de La Habana | Grazia<\/title>\n<meta name=\"description\" content=\"El viaje de Estado de los Reyes llega a su fin y las \u00faltimas actividades nos dejan un look real discreto y firmado por una marca low cost espa\u00f1ola\" \/>\n<meta name=\"robots\" content=\"index, follow, max-snippet:-1, max-image-preview:large, max-video-preview:-1\" \/>\n<link rel=\"canonical\" href=\"https:\/\/graziamagazine.com\/es\/articles\/la-reina-letizia-elige-los-lunares-low-cost-para-despedirse-de-la-habana\/\" \/>\n<meta property=\"og:locale\" content=\"es_ES\" \/>\n<meta property=\"og:type\" content=\"article\" \/>\n<meta property=\"og:title\" content=\"La reina Letizia elige los lunares low cost para despedirse de La Habana\" \/>\n<meta property=\"og:description\" content=\"El viaje de Estado de los Reyes llega a su fin y las \u00faltimas actividades nos dejan un look real discreto y firmado por una marca low cost espa\u00f1ola\" \/>\n<meta property=\"og:url\" content=\"https:\/\/graziamagazine.com\/es\/articles\/la-reina-letizia-elige-los-lunares-low-cost-para-despedirse-de-la-habana\/\" \/>\n<meta property=\"og:site_name\" content=\"Grazia\" \/>\n<meta property=\"og:image\" content=\"https:\/\/graziamagazine.com\/es\/wp-content\/uploads\/sites\/12\/2019\/11\/GRAZIA-vestido-lunares-reina-letizia-la-habana-2.jpeg?fit=1444%2C962\" \/>\n\t<meta property=\"og:image:width\" content=\"1444\" \/>\n\t<meta property=\"og:image:height\" content=\"962\" \/>\n\t<meta property=\"og:image:type\" content=\"image\/jpeg\" \/>\n<meta name=\"twitter:card\" content=\"summary_large_image\" \/>\n<meta name=\"twitter:label1\" content=\"Est. reading time\" \/>\n\t<meta name=\"twitter:data1\" content=\"1 minuto\" \/>\n<script type=\"application\/ld+json\" class=\"yoast-schema-graph\">{\"@context\":\"https:\/\/schema.org\",\"@graph\":[{\"@type\":\"WebPage\",\"@id\":\"https:\/\/graziamagazine.com\/es\/articles\/la-reina-letizia-elige-los-lunares-low-cost-para-despedirse-de-la-habana\/\",\"url\":\"https:\/\/graziamagazine.com\/es\/articles\/la-reina-letizia-elige-los-lunares-low-cost-para-despedirse-de-la-habana\/\",\"name\":\"La reina Letizia elige los lunares low cost para despedirse de La Habana | Grazia\",\"isPartOf\":{\"@id\":\"https:\/\/graziamagazine.com\/es\/#website\"},\"datePublished\":\"2019-11-14T19:53:29+00:00\",\"dateModified\":\"2019-11-14T19:53:29+00:00\",\"description\":\"El viaje de Estado de los Reyes llega a su fin y las \u00faltimas actividades nos dejan un look real discreto y firmado por una marca low cost espa\u00f1ola\",\"breadcrumb\":{\"@id\":\"https:\/\/graziamagazine.com\/es\/articles\/la-reina-letizia-elige-los-lunares-low-cost-para-despedirse-de-la-habana\/#breadcrumb\"},\"inLanguage\":\"es\",\"potentialAction\":[{\"@type\":\"ReadAction\",\"target\":[\"https:\/\/graziamagazine.com\/es\/articles\/la-reina-letizia-elige-los-lunares-low-cost-para-despedirse-de-la-habana\/\"]}]},{\"@type\":\"BreadcrumbList\",\"@id\":\"https:\/\/graziamagazine.com\/es\/articles\/la-reina-letizia-elige-los-lunares-low-cost-para-despedirse-de-la-habana\/#breadcrumb\",\"itemListElement\":[{\"@type\":\"ListItem\",\"position\":1,\"name\":\"Portada\",\"item\":\"https:\/\/graziamagazine.com\/es\/\"},{\"@type\":\"ListItem\",\"position\":2,\"name\":\"La reina Letizia elige los lunares low cost para despedirse de La Habana\"}]},{\"@type\":\"WebSite\",\"@id\":\"https:\/\/graziamagazine.com\/es\/#website\",\"url\":\"https:\/\/graziamagazine.com\/es\/\",\"name\":\"Grazia\",\"description\":\"Moda, belleza, celebrities, estilo de vida...\",\"potentialAction\":[{\"@type\":\"SearchAction\",\"target\":{\"@type\":\"EntryPoint\",\"urlTemplate\":\"https:\/\/graziamagazine.com\/es\/?s={search_term_string}\"},\"query-input\":\"required name=search_term_string\"}],\"inLanguage\":\"es\"}]}<\/script>\n<!-- \/ Yoast SEO Premium plugin. -->","yoast_head_json":{"title":"La reina Letizia elige los lunares low cost para despedirse de La Habana | Grazia","description":"El viaje de Estado de los Reyes llega a su fin y las \u00faltimas actividades nos dejan un look real discreto y firmado por una marca low cost espa\u00f1ola","robots":{"index":"index","follow":"follow","max-snippet":"max-snippet:-1","max-image-preview":"max-image-preview:large","max-video-preview":"max-video-preview:-1"},"canonical":"https:\/\/graziamagazine.com\/es\/articles\/la-reina-letizia-elige-los-lunares-low-cost-para-despedirse-de-la-habana\/","og_locale":"es_ES","og_type":"article","og_title":"La reina Letizia elige los lunares low cost para despedirse de La Habana","og_description":"El viaje de Estado de los Reyes llega a su fin y las \u00faltimas actividades nos dejan un look real discreto y firmado por una marca low cost espa\u00f1ola","og_url":"https:\/\/graziamagazine.com\/es\/articles\/la-reina-letizia-elige-los-lunares-low-cost-para-despedirse-de-la-habana\/","og_site_name":"Grazia","og_image":[{"width":1444,"height":962,"url":"https:\/\/graziamagazine.com\/es\/wp-content\/uploads\/sites\/12\/2019\/11\/GRAZIA-vestido-lunares-reina-letizia-la-habana-2.jpeg?fit=1444%2C962","type":"image\/jpeg"}],"twitter_card":"summary_large_image","twitter_misc":{"Est. reading time":"1 minuto"},"schema":{"@context":"https:\/\/schema.org","@graph":[{"@type":"WebPage","@id":"https:\/\/graziamagazine.com\/es\/articles\/la-reina-letizia-elige-los-lunares-low-cost-para-despedirse-de-la-habana\/","url":"https:\/\/graziamagazine.com\/es\/articles\/la-reina-letizia-elige-los-lunares-low-cost-para-despedirse-de-la-habana\/","name":"La reina Letizia elige los lunares low cost para despedirse de La Habana | Grazia","isPartOf":{"@id":"https:\/\/graziamagazine.com\/es\/#website"},"datePublished":"2019-11-14T19:53:29+00:00","dateModified":"2019-11-14T19:53:29+00:00","description":"El viaje de Estado de los Reyes llega a su fin y las \u00faltimas actividades nos dejan un look real discreto y firmado por una marca low cost espa\u00f1ola","breadcrumb":{"@id":"https:\/\/graziamagazine.com\/es\/articles\/la-reina-letizia-elige-los-lunares-low-cost-para-despedirse-de-la-habana\/#breadcrumb"},"inLanguage":"es","potentialAction":[{"@type":"ReadAction","target":["https:\/\/graziamagazine.com\/es\/articles\/la-reina-letizia-elige-los-lunares-low-cost-para-despedirse-de-la-habana\/"]}]},{"@type":"BreadcrumbList","@id":"https:\/\/graziamagazine.com\/es\/articles\/la-reina-letizia-elige-los-lunares-low-cost-para-despedirse-de-la-habana\/#breadcrumb","itemListElement":[{"@type":"ListItem","position":1,"name":"Portada","item":"https:\/\/graziamagazine.com\/es\/"},{"@type":"ListItem","position":2,"name":"La reina Letizia elige los lunares low cost para despedirse de La Habana"}]},{"@type":"WebSite","@id":"https:\/\/graziamagazine.com\/es\/#website","url":"https:\/\/graziamagazine.com\/es\/","name":"Grazia","description":"Moda, belleza, celebrities, estilo de vida...","potentialAction":[{"@type":"SearchAction","target":{"@type":"EntryPoint","urlTemplate":"https:\/\/graziamagazine.com\/es\/?s={search_term_string}"},"query-input":"required name=search_term_string"}],"inLanguage":"es"}]}},"jetpack_sharing_enabled":true,"distributor_meta":false,"distributor_terms":false,"distributor_media":false,"distributor_original_site_name":"Grazia","distributor_original_site_url":"https:\/\/graziamagazine.com\/es","push-errors":false,"_links":{"self":[{"href":"https:\/\/graziamagazine.com\/es\/wp-json\/wp\/v2\/articles\/149584"}],"collection":[{"href":"https:\/\/graziamagazine.com\/es\/wp-json\/wp\/v2\/articles"}],"about":[{"href":"https:\/\/graziamagazine.com\/es\/wp-json\/wp\/v2\/types\/articles"}],"author":[{"embeddable":true,"href":"https:\/\/graziamagazine.com\/es\/wp-json\/wp\/v2\/users\/11653"}],"wp:featuredmedia":[{"embeddable":true,"href":"https:\/\/graziamagazine.com\/es\/wp-json\/wp\/v2\/media\/149586"}],"wp:attachment":[{"href":"https:\/\/graziamagazine.com\/es\/wp-json\/wp\/v2\/media?parent=149584"}],"wp:term":[{"taxonomy":"category","embeddable":true,"href":"https:\/\/graziamagazine.com\/es\/wp-json\/wp\/v2\/categories?post=149584"}],"curies":[{"name":"wp","href":"https:\/\/api.w.org\/{rel}","templated":true}]}}