{"id":149543,"date":"2019-11-14T10:03:34","date_gmt":"2019-11-14T09:03:34","guid":{"rendered":"https:\/\/graziamagazine.com\/es\/?p=149543"},"modified":"2019-11-14T18:55:05","modified_gmt":"2019-11-14T17:55:05","slug":"en-organza-y-rosa-el-vestido-de-estreno-de-la-reina-letizia-en-la-cena-de-retribucion-en-cuba","status":"publish","type":"articles","link":"https:\/\/graziamagazine.com\/es\/articles\/en-organza-y-rosa-el-vestido-de-estreno-de-la-reina-letizia-en-la-cena-de-retribucion-en-cuba\/","title":{"rendered":"En organza y rosa, el vestido de estreno de la reina Letizia en la cena de retribuci\u00f3n en Cuba"},"content":{"rendered":"<p style=\"text-align: left;\">Los actos oficiales del segundo d\u00eda de los Reyes en Cuba continuaron con una agenda bastante intensa. Despu\u00e9s de reunirse con la comunidad espa\u00f1ola en la isla, <a href=\"http:\/\/bit.ly\/33V1TUF\" target=\"_blank\">donde vimos a una reina Letizia estrenando un vestido muy na\u00edf de Nina Ricci en color menta<\/a>, el Rey contin\u00fao en solitario para asistir a la presentaci\u00f3n de un libro sobre el 500 aniversario de la fundaci\u00f3n de La Habana.<\/p>\n<p><strong>Ya en la noche los monarcas se volvieron a reunir<\/strong>, primero para tener un <strong>encuentro con una representaci\u00f3n de la sociedad civil de Cuba, y despu\u00e9s para ofrecer una cena de devoluci\u00f3n<\/strong>, para ofrecer la hospitalidad recibida durante su visita. Para la ocasi\u00f3n, en el Palacio de los Capitanes Generales, l<strong>a reina volvi\u00f3 a sorprendernos y volvi\u00f3 a estrenar un vestido muy acorde al momento<\/strong> y que nos recordaba por el color y la forma al vestido rosa tipo bailarina que luci\u00f3 el D\u00eda de la Hispanidad en Madrid.<\/p>\n<p><img loading=\"lazy\" decoding=\"async\" class=\"aligncenter size-full wp-image-149548\" src=\"https:\/\/graziamagazine.com\/es\/wp-content\/uploads\/sites\/12\/2019\/11\/GRAZIA-ultmo-look-segundo-di\u0301a-2.jpeg\" alt=\"La reina estrena un vestido Maje rosa en la cena de retribuci\u00f3n en Cuba\" width=\"1784\" height=\"1266\" srcset=\"https:\/\/graziamagazine.com\/es\/wp-content\/uploads\/sites\/12\/2019\/11\/GRAZIA-ultmo-look-segundo-di\u0301a-2.jpeg 1784w, https:\/\/graziamagazine.com\/es\/wp-content\/uploads\/sites\/12\/2019\/11\/GRAZIA-ultmo-look-segundo-di\u0301a-2-500x355.jpeg 500w, https:\/\/graziamagazine.com\/es\/wp-content\/uploads\/sites\/12\/2019\/11\/GRAZIA-ultmo-look-segundo-di\u0301a-2-768x545.jpeg 768w, https:\/\/graziamagazine.com\/es\/wp-content\/uploads\/sites\/12\/2019\/11\/GRAZIA-ultmo-look-segundo-di\u0301a-2-900x639.jpeg 900w, https:\/\/graziamagazine.com\/es\/wp-content\/uploads\/sites\/12\/2019\/11\/GRAZIA-ultmo-look-segundo-di\u0301a-2-1100x781.jpeg 1100w, https:\/\/graziamagazine.com\/es\/wp-content\/uploads\/sites\/12\/2019\/11\/GRAZIA-ultmo-look-segundo-di\u0301a-2-120x85.jpeg 120w, https:\/\/graziamagazine.com\/es\/wp-content\/uploads\/sites\/12\/2019\/11\/GRAZIA-ultmo-look-segundo-di\u0301a-2-720x511.jpeg 720w, https:\/\/graziamagazine.com\/es\/wp-content\/uploads\/sites\/12\/2019\/11\/GRAZIA-ultmo-look-segundo-di\u0301a-2-1200x852.jpeg 1200w, https:\/\/graziamagazine.com\/es\/wp-content\/uploads\/sites\/12\/2019\/11\/GRAZIA-ultmo-look-segundo-di\u0301a-2-626x444.jpeg 626w, https:\/\/graziamagazine.com\/es\/wp-content\/uploads\/sites\/12\/2019\/11\/GRAZIA-ultmo-look-segundo-di\u0301a-2-360x255.jpeg 360w\" sizes=\"(max-width: 1784px) 100vw, 1784px\" \/><\/p>\n<p><strong><a href=\"http:\/\/bit.ly\/33mA3zK\" target=\"_blank\">En esta ocasi\u00f3n no era de Felipe Varela<\/a> y s\u00ed de una de las nuevas firmas en el armario real: Maje<\/strong>. Se trata de un vestido <strong>camisero en rosa pastel, confeccionado en organza transparente<\/strong> con botones en el frontal, con cintur\u00f3n y que va acompa\u00f1ado de un vestido interior (por las transparencias) del mismo color. Como ocurre en otras ocasiones, ya no est\u00e1 a la venta este modelo porque es de una colecci\u00f3n anterior.<\/p>\n<p><img loading=\"lazy\" decoding=\"async\" class=\"aligncenter size-full wp-image-149547\" src=\"https:\/\/graziamagazine.com\/es\/wp-content\/uploads\/sites\/12\/2019\/11\/GRAZIA-ultmo-look-segundo-di\u0301a-vestido.jpg\" alt=\"La reina estrena un vestido Maje rosa en la cena de retribuci\u00f3n en Cuba\" width=\"654\" height=\"837\" srcset=\"https:\/\/graziamagazine.com\/es\/wp-content\/uploads\/sites\/12\/2019\/11\/GRAZIA-ultmo-look-segundo-di\u0301a-vestido.jpg 654w, https:\/\/graziamagazine.com\/es\/wp-content\/uploads\/sites\/12\/2019\/11\/GRAZIA-ultmo-look-segundo-di\u0301a-vestido-500x640.jpg 500w, https:\/\/graziamagazine.com\/es\/wp-content\/uploads\/sites\/12\/2019\/11\/GRAZIA-ultmo-look-segundo-di\u0301a-vestido-120x154.jpg 120w, https:\/\/graziamagazine.com\/es\/wp-content\/uploads\/sites\/12\/2019\/11\/GRAZIA-ultmo-look-segundo-di\u0301a-vestido-626x801.jpg 626w, https:\/\/graziamagazine.com\/es\/wp-content\/uploads\/sites\/12\/2019\/11\/GRAZIA-ultmo-look-segundo-di\u0301a-vestido-360x461.jpg 360w\" sizes=\"(max-width: 654px) 100vw, 654px\" \/><\/p>\n<p>Para completarlo la reina <strong>volvi\u00f3 a lucir sus salones destalonados color nude combinados con vinilo de Steve Madden<\/strong>, en este viaje se los hemos visto tambi\u00e9n en negro, y unos pendientes semi largos de diamantes, que asomaban gracias al recogido elegido en esta ocasi\u00f3n: un mono messy con algunos mechones sueltos.<\/p>\n<p><img loading=\"lazy\" decoding=\"async\" class=\"aligncenter size-full wp-image-149549\" src=\"https:\/\/graziamagazine.com\/es\/wp-content\/uploads\/sites\/12\/2019\/11\/gettyimages-1187506896-594x594.jpg\" alt=\"La reina estrena un vestido Maje rosa en la cena de retribuci\u00f3n en Cuba\" width=\"396\" height=\"594\" srcset=\"https:\/\/graziamagazine.com\/es\/wp-content\/uploads\/sites\/12\/2019\/11\/gettyimages-1187506896-594x594.jpg 396w, https:\/\/graziamagazine.com\/es\/wp-content\/uploads\/sites\/12\/2019\/11\/gettyimages-1187506896-594x594-120x180.jpg 120w, https:\/\/graziamagazine.com\/es\/wp-content\/uploads\/sites\/12\/2019\/11\/gettyimages-1187506896-594x594-100x150.jpg 100w, https:\/\/graziamagazine.com\/es\/wp-content\/uploads\/sites\/12\/2019\/11\/gettyimages-1187506896-594x594-151x227.jpg 151w, https:\/\/graziamagazine.com\/es\/wp-content\/uploads\/sites\/12\/2019\/11\/gettyimages-1187506896-594x594-157x236.jpg 157w, https:\/\/graziamagazine.com\/es\/wp-content\/uploads\/sites\/12\/2019\/11\/gettyimages-1187506896-594x594-360x540.jpg 360w, https:\/\/graziamagazine.com\/es\/wp-content\/uploads\/sites\/12\/2019\/11\/gettyimages-1187506896-594x594-298x448.jpg 298w, https:\/\/graziamagazine.com\/es\/wp-content\/uploads\/sites\/12\/2019\/11\/gettyimages-1187506896-594x594-128x192.jpg 128w, https:\/\/graziamagazine.com\/es\/wp-content\/uploads\/sites\/12\/2019\/11\/gettyimages-1187506896-594x594-364x546.jpg 364w, https:\/\/graziamagazine.com\/es\/wp-content\/uploads\/sites\/12\/2019\/11\/gettyimages-1187506896-594x594-220x330.jpg 220w\" sizes=\"(max-width: 396px) 100vw, 396px\" \/><\/p>\n<p>El viaje de Estado sigue su curso y veremos qu\u00e9 m\u00e1s sorpresas nos depara.<\/p>\n<p><em>*Im\u00e1genes: Casa Real<\/em><\/p>\n<p>&nbsp;<\/p>\n<p>&nbsp;<\/p>\n<p>&nbsp;<\/p>\n","protected":false},"author":11653,"featured_media":149546,"template":"","format":"standard","categories":[2147],"acf":[],"yoast_head":"<!-- This site is optimized with the Yoast SEO Premium plugin v18.5 (Yoast SEO v20.4) - https:\/\/yoast.com\/wordpress\/plugins\/seo\/ -->\n<title>En organza y rosa, el vestido de estreno de la reina Letizia en la cena de retribuci\u00f3n en Cuba | Grazia<\/title>\n<meta name=\"description\" content=\"Los Reyes agradecieron con esta cena la hospitalidad recibida y do\u00f1a Letizia sorprendi\u00f3 con un look muy parecido al del D\u00eda de la Hispanidad.\" \/>\n<meta name=\"robots\" content=\"index, follow, max-snippet:-1, max-image-preview:large, max-video-preview:-1\" \/>\n<link rel=\"canonical\" href=\"https:\/\/graziamagazine.com\/es\/articles\/en-organza-y-rosa-el-vestido-de-estreno-de-la-reina-letizia-en-la-cena-de-retribucion-en-cuba\/\" \/>\n<meta property=\"og:locale\" content=\"es_ES\" \/>\n<meta property=\"og:type\" content=\"article\" \/>\n<meta property=\"og:title\" content=\"En organza y rosa, el vestido de estreno de la reina Letizia en la cena de retribuci\u00f3n en Cuba\" \/>\n<meta property=\"og:description\" content=\"Los Reyes agradecieron con esta cena la hospitalidad recibida y do\u00f1a Letizia sorprendi\u00f3 con un look muy parecido al del D\u00eda de la Hispanidad.\" \/>\n<meta property=\"og:url\" content=\"https:\/\/graziamagazine.com\/es\/articles\/en-organza-y-rosa-el-vestido-de-estreno-de-la-reina-letizia-en-la-cena-de-retribucion-en-cuba\/\" \/>\n<meta property=\"og:site_name\" content=\"Grazia\" \/>\n<meta property=\"article:modified_time\" content=\"2019-11-14T17:55:05+00:00\" \/>\n<meta property=\"og:image\" content=\"https:\/\/graziamagazine.com\/es\/wp-content\/uploads\/sites\/12\/2019\/11\/GRAZIA-ultmo-look-segundo-di\u0301a-2.jpeg?fit=1784%2C1266\" \/>\n\t<meta property=\"og:image:width\" content=\"1784\" \/>\n\t<meta property=\"og:image:height\" content=\"1266\" \/>\n\t<meta property=\"og:image:type\" content=\"image\/jpeg\" \/>\n<meta name=\"twitter:card\" content=\"summary_large_image\" \/>\n<meta name=\"twitter:label1\" content=\"Est. reading time\" \/>\n\t<meta name=\"twitter:data1\" content=\"2 minutos\" \/>\n<script type=\"application\/ld+json\" class=\"yoast-schema-graph\">{\"@context\":\"https:\/\/schema.org\",\"@graph\":[{\"@type\":\"WebPage\",\"@id\":\"https:\/\/graziamagazine.com\/es\/articles\/en-organza-y-rosa-el-vestido-de-estreno-de-la-reina-letizia-en-la-cena-de-retribucion-en-cuba\/\",\"url\":\"https:\/\/graziamagazine.com\/es\/articles\/en-organza-y-rosa-el-vestido-de-estreno-de-la-reina-letizia-en-la-cena-de-retribucion-en-cuba\/\",\"name\":\"En organza y rosa, el vestido de estreno de la reina Letizia en la cena de retribuci\u00f3n en Cuba | Grazia\",\"isPartOf\":{\"@id\":\"https:\/\/graziamagazine.com\/es\/#website\"},\"datePublished\":\"2019-11-14T09:03:34+00:00\",\"dateModified\":\"2019-11-14T17:55:05+00:00\",\"description\":\"Los Reyes agradecieron con esta cena la hospitalidad recibida y do\u00f1a Letizia sorprendi\u00f3 con un look muy parecido al del D\u00eda de la Hispanidad.\",\"breadcrumb\":{\"@id\":\"https:\/\/graziamagazine.com\/es\/articles\/en-organza-y-rosa-el-vestido-de-estreno-de-la-reina-letizia-en-la-cena-de-retribucion-en-cuba\/#breadcrumb\"},\"inLanguage\":\"es\",\"potentialAction\":[{\"@type\":\"ReadAction\",\"target\":[\"https:\/\/graziamagazine.com\/es\/articles\/en-organza-y-rosa-el-vestido-de-estreno-de-la-reina-letizia-en-la-cena-de-retribucion-en-cuba\/\"]}]},{\"@type\":\"BreadcrumbList\",\"@id\":\"https:\/\/graziamagazine.com\/es\/articles\/en-organza-y-rosa-el-vestido-de-estreno-de-la-reina-letizia-en-la-cena-de-retribucion-en-cuba\/#breadcrumb\",\"itemListElement\":[{\"@type\":\"ListItem\",\"position\":1,\"name\":\"Portada\",\"item\":\"https:\/\/graziamagazine.com\/es\/\"},{\"@type\":\"ListItem\",\"position\":2,\"name\":\"En organza y rosa, el vestido de estreno de la reina Letizia en la cena de retribuci\u00f3n en Cuba\"}]},{\"@type\":\"WebSite\",\"@id\":\"https:\/\/graziamagazine.com\/es\/#website\",\"url\":\"https:\/\/graziamagazine.com\/es\/\",\"name\":\"Grazia\",\"description\":\"Moda, belleza, celebrities, estilo de vida...\",\"potentialAction\":[{\"@type\":\"SearchAction\",\"target\":{\"@type\":\"EntryPoint\",\"urlTemplate\":\"https:\/\/graziamagazine.com\/es\/?s={search_term_string}\"},\"query-input\":\"required name=search_term_string\"}],\"inLanguage\":\"es\"}]}<\/script>\n<!-- \/ Yoast SEO Premium plugin. -->","yoast_head_json":{"title":"En organza y rosa, el vestido de estreno de la reina Letizia en la cena de retribuci\u00f3n en Cuba | Grazia","description":"Los Reyes agradecieron con esta cena la hospitalidad recibida y do\u00f1a Letizia sorprendi\u00f3 con un look muy parecido al del D\u00eda de la Hispanidad.","robots":{"index":"index","follow":"follow","max-snippet":"max-snippet:-1","max-image-preview":"max-image-preview:large","max-video-preview":"max-video-preview:-1"},"canonical":"https:\/\/graziamagazine.com\/es\/articles\/en-organza-y-rosa-el-vestido-de-estreno-de-la-reina-letizia-en-la-cena-de-retribucion-en-cuba\/","og_locale":"es_ES","og_type":"article","og_title":"En organza y rosa, el vestido de estreno de la reina Letizia en la cena de retribuci\u00f3n en Cuba","og_description":"Los Reyes agradecieron con esta cena la hospitalidad recibida y do\u00f1a Letizia sorprendi\u00f3 con un look muy parecido al del D\u00eda de la Hispanidad.","og_url":"https:\/\/graziamagazine.com\/es\/articles\/en-organza-y-rosa-el-vestido-de-estreno-de-la-reina-letizia-en-la-cena-de-retribucion-en-cuba\/","og_site_name":"Grazia","article_modified_time":"2019-11-14T17:55:05+00:00","og_image":[{"width":1784,"height":1266,"url":"https:\/\/graziamagazine.com\/es\/wp-content\/uploads\/sites\/12\/2019\/11\/GRAZIA-ultmo-look-segundo-di\u0301a-2.jpeg?fit=1784%2C1266","type":"image\/jpeg"}],"twitter_card":"summary_large_image","twitter_misc":{"Est. reading time":"2 minutos"},"schema":{"@context":"https:\/\/schema.org","@graph":[{"@type":"WebPage","@id":"https:\/\/graziamagazine.com\/es\/articles\/en-organza-y-rosa-el-vestido-de-estreno-de-la-reina-letizia-en-la-cena-de-retribucion-en-cuba\/","url":"https:\/\/graziamagazine.com\/es\/articles\/en-organza-y-rosa-el-vestido-de-estreno-de-la-reina-letizia-en-la-cena-de-retribucion-en-cuba\/","name":"En organza y rosa, el vestido de estreno de la reina Letizia en la cena de retribuci\u00f3n en Cuba | Grazia","isPartOf":{"@id":"https:\/\/graziamagazine.com\/es\/#website"},"datePublished":"2019-11-14T09:03:34+00:00","dateModified":"2019-11-14T17:55:05+00:00","description":"Los Reyes agradecieron con esta cena la hospitalidad recibida y do\u00f1a Letizia sorprendi\u00f3 con un look muy parecido al del D\u00eda de la Hispanidad.","breadcrumb":{"@id":"https:\/\/graziamagazine.com\/es\/articles\/en-organza-y-rosa-el-vestido-de-estreno-de-la-reina-letizia-en-la-cena-de-retribucion-en-cuba\/#breadcrumb"},"inLanguage":"es","potentialAction":[{"@type":"ReadAction","target":["https:\/\/graziamagazine.com\/es\/articles\/en-organza-y-rosa-el-vestido-de-estreno-de-la-reina-letizia-en-la-cena-de-retribucion-en-cuba\/"]}]},{"@type":"BreadcrumbList","@id":"https:\/\/graziamagazine.com\/es\/articles\/en-organza-y-rosa-el-vestido-de-estreno-de-la-reina-letizia-en-la-cena-de-retribucion-en-cuba\/#breadcrumb","itemListElement":[{"@type":"ListItem","position":1,"name":"Portada","item":"https:\/\/graziamagazine.com\/es\/"},{"@type":"ListItem","position":2,"name":"En organza y rosa, el vestido de estreno de la reina Letizia en la cena de retribuci\u00f3n en Cuba"}]},{"@type":"WebSite","@id":"https:\/\/graziamagazine.com\/es\/#website","url":"https:\/\/graziamagazine.com\/es\/","name":"Grazia","description":"Moda, belleza, celebrities, estilo de vida...","potentialAction":[{"@type":"SearchAction","target":{"@type":"EntryPoint","urlTemplate":"https:\/\/graziamagazine.com\/es\/?s={search_term_string}"},"query-input":"required name=search_term_string"}],"inLanguage":"es"}]}},"jetpack_sharing_enabled":true,"distributor_meta":false,"distributor_terms":false,"distributor_media":false,"distributor_original_site_name":"Grazia","distributor_original_site_url":"https:\/\/graziamagazine.com\/es","push-errors":false,"_links":{"self":[{"href":"https:\/\/graziamagazine.com\/es\/wp-json\/wp\/v2\/articles\/149543"}],"collection":[{"href":"https:\/\/graziamagazine.com\/es\/wp-json\/wp\/v2\/articles"}],"about":[{"href":"https:\/\/graziamagazine.com\/es\/wp-json\/wp\/v2\/types\/articles"}],"author":[{"embeddable":true,"href":"https:\/\/graziamagazine.com\/es\/wp-json\/wp\/v2\/users\/11653"}],"wp:featuredmedia":[{"embeddable":true,"href":"https:\/\/graziamagazine.com\/es\/wp-json\/wp\/v2\/media\/149546"}],"wp:attachment":[{"href":"https:\/\/graziamagazine.com\/es\/wp-json\/wp\/v2\/media?parent=149543"}],"wp:term":[{"taxonomy":"category","embeddable":true,"href":"https:\/\/graziamagazine.com\/es\/wp-json\/wp\/v2\/categories?post=149543"}],"curies":[{"name":"wp","href":"https:\/\/api.w.org\/{rel}","templated":true}]}}