{"id":149536,"date":"2019-11-13T20:55:01","date_gmt":"2019-11-13T19:55:01","guid":{"rendered":"https:\/\/graziamagazine.com\/es\/?p=149536"},"modified":"2019-11-13T20:55:01","modified_gmt":"2019-11-13T19:55:01","slug":"la-reina-letizia-estrena-un-nina-ricci-para-recibir-a-la-comunidad-espanola-en-cuba","status":"publish","type":"articles","link":"https:\/\/graziamagazine.com\/es\/articles\/la-reina-letizia-estrena-un-nina-ricci-para-recibir-a-la-comunidad-espanola-en-cuba\/","title":{"rendered":"La reina Letizia estrena un Nina Ricci para recibir a la comunidad espa\u00f1ola en Cuba"},"content":{"rendered":"<p>Pens\u00e1bamos que no estrenar\u00eda ning\u00fan vestido o conjunto nuevo en este viaje de Estado a Cuba, pero finalmente <strong>parece que la reina Letizia ha querido hacer un gui\u00f1o y ha estrenado un nuevo vestido para recibir a la comunidad espa\u00f1ola residente en la isla<\/strong>.<\/p>\n<p>Los Reyes han sido recibidos por el embajador de Espa\u00f1a en Cuba, Juan Fern\u00e1ndez Trigo, a su llegada al Gran Teatro de La Habana \u00abAlicia Alonso\u00bb, donde juntos han compartido tiempo con los espa\u00f1oles y descendientes de espa\u00f1oles que viven en la isla. Para la ocasi\u00f3n la reina Letizia n<strong>os ha sorprendido con un vestido rom\u00e1ntico en color verde menta suave firmado por Nina Ricci<\/strong>.<\/p>\n<p><img loading=\"lazy\" decoding=\"async\" class=\"aligncenter size-full wp-image-149540\" src=\"https:\/\/graziamagazine.com\/es\/wp-content\/uploads\/sites\/12\/2019\/11\/GRAZIA-segundo-dia-letizia-cuba-segundo-acto-3.jpg\" alt=\"La reina Letizia elige un rom\u00e1ntico Nina Ricci para reunirse con la comunidad espa\u00f1ola en La Habana\" width=\"1400\" height=\"958\" srcset=\"https:\/\/graziamagazine.com\/es\/wp-content\/uploads\/sites\/12\/2019\/11\/GRAZIA-segundo-dia-letizia-cuba-segundo-acto-3.jpg 1400w, https:\/\/graziamagazine.com\/es\/wp-content\/uploads\/sites\/12\/2019\/11\/GRAZIA-segundo-dia-letizia-cuba-segundo-acto-3-500x342.jpg 500w, https:\/\/graziamagazine.com\/es\/wp-content\/uploads\/sites\/12\/2019\/11\/GRAZIA-segundo-dia-letizia-cuba-segundo-acto-3-768x526.jpg 768w, https:\/\/graziamagazine.com\/es\/wp-content\/uploads\/sites\/12\/2019\/11\/GRAZIA-segundo-dia-letizia-cuba-segundo-acto-3-900x616.jpg 900w, https:\/\/graziamagazine.com\/es\/wp-content\/uploads\/sites\/12\/2019\/11\/GRAZIA-segundo-dia-letizia-cuba-segundo-acto-3-1100x753.jpg 1100w, https:\/\/graziamagazine.com\/es\/wp-content\/uploads\/sites\/12\/2019\/11\/GRAZIA-segundo-dia-letizia-cuba-segundo-acto-3-120x82.jpg 120w, https:\/\/graziamagazine.com\/es\/wp-content\/uploads\/sites\/12\/2019\/11\/GRAZIA-segundo-dia-letizia-cuba-segundo-acto-3-720x493.jpg 720w, https:\/\/graziamagazine.com\/es\/wp-content\/uploads\/sites\/12\/2019\/11\/GRAZIA-segundo-dia-letizia-cuba-segundo-acto-3-1200x821.jpg 1200w, https:\/\/graziamagazine.com\/es\/wp-content\/uploads\/sites\/12\/2019\/11\/GRAZIA-segundo-dia-letizia-cuba-segundo-acto-3-626x428.jpg 626w, https:\/\/graziamagazine.com\/es\/wp-content\/uploads\/sites\/12\/2019\/11\/GRAZIA-segundo-dia-letizia-cuba-segundo-acto-3-360x246.jpg 360w\" sizes=\"(max-width: 1400px) 100vw, 1400px\" \/><\/p>\n<p>Sin mangas, plisado, midi y con cierto movimiento, <strong>destacaban en \u00e9l apliques de conchas en el cuello redondo<\/strong>, quiz\u00e1 en honor al mar que rodea la isla caribe\u00f1a. Lo ha combinado con unos <strong>salones<\/strong> en el mismo tono, con tiras cruzadas en el empeine (que ya hemos visto antes en tono nude) <strong>de Magri<\/strong>t, y una <strong>cartera de mano<\/strong> coordinada tambi\u00e9n en el mismo y de la misma firma espa\u00f1ola, creando un total look pastel que le favorec\u00eda mucho.<\/p>\n<p><img loading=\"lazy\" decoding=\"async\" class=\"aligncenter size-full wp-image-149538\" src=\"https:\/\/graziamagazine.com\/es\/wp-content\/uploads\/sites\/12\/2019\/11\/GRAZIA-segundo-dia-letizia-cuba-segundo-acto.jpeg\" alt=\"La reina Letizia elige un rom\u00e1ntico Nina Ricci para reunirse con la comunidad espa\u00f1ola en La Habana\" width=\"1738\" height=\"1180\" srcset=\"https:\/\/graziamagazine.com\/es\/wp-content\/uploads\/sites\/12\/2019\/11\/GRAZIA-segundo-dia-letizia-cuba-segundo-acto.jpeg 1738w, https:\/\/graziamagazine.com\/es\/wp-content\/uploads\/sites\/12\/2019\/11\/GRAZIA-segundo-dia-letizia-cuba-segundo-acto-500x339.jpeg 500w, https:\/\/graziamagazine.com\/es\/wp-content\/uploads\/sites\/12\/2019\/11\/GRAZIA-segundo-dia-letizia-cuba-segundo-acto-768x521.jpeg 768w, https:\/\/graziamagazine.com\/es\/wp-content\/uploads\/sites\/12\/2019\/11\/GRAZIA-segundo-dia-letizia-cuba-segundo-acto-900x611.jpeg 900w, https:\/\/graziamagazine.com\/es\/wp-content\/uploads\/sites\/12\/2019\/11\/GRAZIA-segundo-dia-letizia-cuba-segundo-acto-1100x747.jpeg 1100w, https:\/\/graziamagazine.com\/es\/wp-content\/uploads\/sites\/12\/2019\/11\/GRAZIA-segundo-dia-letizia-cuba-segundo-acto-120x81.jpeg 120w, https:\/\/graziamagazine.com\/es\/wp-content\/uploads\/sites\/12\/2019\/11\/GRAZIA-segundo-dia-letizia-cuba-segundo-acto-720x489.jpeg 720w, https:\/\/graziamagazine.com\/es\/wp-content\/uploads\/sites\/12\/2019\/11\/GRAZIA-segundo-dia-letizia-cuba-segundo-acto-1200x815.jpeg 1200w, https:\/\/graziamagazine.com\/es\/wp-content\/uploads\/sites\/12\/2019\/11\/GRAZIA-segundo-dia-letizia-cuba-segundo-acto-626x425.jpeg 626w, https:\/\/graziamagazine.com\/es\/wp-content\/uploads\/sites\/12\/2019\/11\/GRAZIA-segundo-dia-letizia-cuba-segundo-acto-360x244.jpeg 360w\" sizes=\"(max-width: 1738px) 100vw, 1738px\" \/><\/p>\n<p><img loading=\"lazy\" decoding=\"async\" class=\"aligncenter size-full wp-image-149539\" src=\"https:\/\/graziamagazine.com\/es\/wp-content\/uploads\/sites\/12\/2019\/11\/GRAZIA-segundo-dia-letizia-cuba-segundo-acto-4.jpg\" alt=\"La reina Letizia elige un rom\u00e1ntico Nina Ricci para reunirse con la comunidad espa\u00f1ola en La Habana\" width=\"1400\" height=\"1016\" srcset=\"https:\/\/graziamagazine.com\/es\/wp-content\/uploads\/sites\/12\/2019\/11\/GRAZIA-segundo-dia-letizia-cuba-segundo-acto-4.jpg 1400w, https:\/\/graziamagazine.com\/es\/wp-content\/uploads\/sites\/12\/2019\/11\/GRAZIA-segundo-dia-letizia-cuba-segundo-acto-4-500x363.jpg 500w, https:\/\/graziamagazine.com\/es\/wp-content\/uploads\/sites\/12\/2019\/11\/GRAZIA-segundo-dia-letizia-cuba-segundo-acto-4-768x557.jpg 768w, https:\/\/graziamagazine.com\/es\/wp-content\/uploads\/sites\/12\/2019\/11\/GRAZIA-segundo-dia-letizia-cuba-segundo-acto-4-900x653.jpg 900w, https:\/\/graziamagazine.com\/es\/wp-content\/uploads\/sites\/12\/2019\/11\/GRAZIA-segundo-dia-letizia-cuba-segundo-acto-4-1100x798.jpg 1100w, https:\/\/graziamagazine.com\/es\/wp-content\/uploads\/sites\/12\/2019\/11\/GRAZIA-segundo-dia-letizia-cuba-segundo-acto-4-120x87.jpg 120w, https:\/\/graziamagazine.com\/es\/wp-content\/uploads\/sites\/12\/2019\/11\/GRAZIA-segundo-dia-letizia-cuba-segundo-acto-4-720x523.jpg 720w, https:\/\/graziamagazine.com\/es\/wp-content\/uploads\/sites\/12\/2019\/11\/GRAZIA-segundo-dia-letizia-cuba-segundo-acto-4-1200x871.jpg 1200w, https:\/\/graziamagazine.com\/es\/wp-content\/uploads\/sites\/12\/2019\/11\/GRAZIA-segundo-dia-letizia-cuba-segundo-acto-4-626x454.jpg 626w, https:\/\/graziamagazine.com\/es\/wp-content\/uploads\/sites\/12\/2019\/11\/GRAZIA-segundo-dia-letizia-cuba-segundo-acto-4-360x261.jpg 360w\" sizes=\"(max-width: 1400px) 100vw, 1400px\" \/><\/p>\n<p>En esta ocasi\u00f3n <strong>ha recogido su melena<\/strong> pero no como ayer en la cena de Estado, ha dejado a un lado el mo\u00f1o bajo que vemos muy a menudo y lo ha cambiado por <strong>una coleta sin raya, totalmente recogida hacia atr\u00e1s<\/strong>, que dejaba ver unos discretos pendientes, las primeras joyas en toda regla que vemos en este viaje: unos pendientes de Yanes que la casa joyera le regal\u00f3 por su boda, de oro blanco y diamantes.<\/p>\n<p><img loading=\"lazy\" decoding=\"async\" class=\"aligncenter size-full wp-image-149537\" src=\"https:\/\/graziamagazine.com\/es\/wp-content\/uploads\/sites\/12\/2019\/11\/GRAZIA-segundo-dia-letizia-cuba-segundo-acto-2.jpeg\" alt=\"La reina Letizia elige un rom\u00e1ntico Nina Ricci para reunirse con la comunidad espa\u00f1ola en La Habana\" width=\"2188\" height=\"1634\" srcset=\"https:\/\/graziamagazine.com\/es\/wp-content\/uploads\/sites\/12\/2019\/11\/GRAZIA-segundo-dia-letizia-cuba-segundo-acto-2.jpeg 2188w, https:\/\/graziamagazine.com\/es\/wp-content\/uploads\/sites\/12\/2019\/11\/GRAZIA-segundo-dia-letizia-cuba-segundo-acto-2.jpeg?resize=300,224 300w, https:\/\/graziamagazine.com\/es\/wp-content\/uploads\/sites\/12\/2019\/11\/GRAZIA-segundo-dia-letizia-cuba-segundo-acto-2.jpeg?resize=768,574 768w, https:\/\/graziamagazine.com\/es\/wp-content\/uploads\/sites\/12\/2019\/11\/GRAZIA-segundo-dia-letizia-cuba-segundo-acto-2.jpeg?resize=1024,765 1024w, https:\/\/graziamagazine.com\/es\/wp-content\/uploads\/sites\/12\/2019\/11\/GRAZIA-segundo-dia-letizia-cuba-segundo-acto-2.jpeg?resize=1536,1147 1536w, https:\/\/graziamagazine.com\/es\/wp-content\/uploads\/sites\/12\/2019\/11\/GRAZIA-segundo-dia-letizia-cuba-segundo-acto-2.jpeg?resize=2048,1529 2048w, https:\/\/graziamagazine.com\/es\/wp-content\/uploads\/sites\/12\/2019\/11\/GRAZIA-segundo-dia-letizia-cuba-segundo-acto-2.jpeg?resize=155,116 155w\" sizes=\"(max-width: 2188px) 100vw, 2188px\" \/><\/p>\n<p><em>*Im\u00e1genes: Casa Real y Getty Images<\/em><\/p>\n<p>&nbsp;<\/p>\n<p>&nbsp;<\/p>\n","protected":false},"author":11653,"featured_media":149541,"template":"","format":"standard","categories":[2147],"acf":[],"yoast_head":"<!-- This site is optimized with the Yoast SEO Premium plugin v18.5 (Yoast SEO v20.4) - https:\/\/yoast.com\/wordpress\/plugins\/seo\/ -->\n<title>La reina Letizia estrena un Nina Ricci para recibir a la comunidad espa\u00f1ola en Cuba | Grazia<\/title>\n<meta name=\"description\" content=\"Junto al embajador de Espa\u00f1a en Cuba, los Reyes han compartido momentos emocionantes con la comunidad espa\u00f1ola en La Habana.\" \/>\n<meta name=\"robots\" content=\"index, follow, max-snippet:-1, max-image-preview:large, max-video-preview:-1\" \/>\n<link rel=\"canonical\" href=\"https:\/\/graziamagazine.com\/es\/articles\/la-reina-letizia-estrena-un-nina-ricci-para-recibir-a-la-comunidad-espanola-en-cuba\/\" \/>\n<meta property=\"og:locale\" content=\"es_ES\" \/>\n<meta property=\"og:type\" content=\"article\" \/>\n<meta property=\"og:title\" content=\"La reina Letizia estrena un Nina Ricci para recibir a la comunidad espa\u00f1ola en Cuba\" \/>\n<meta property=\"og:description\" content=\"Junto al embajador de Espa\u00f1a en Cuba, los Reyes han compartido momentos emocionantes con la comunidad espa\u00f1ola en La Habana.\" \/>\n<meta property=\"og:url\" content=\"https:\/\/graziamagazine.com\/es\/articles\/la-reina-letizia-estrena-un-nina-ricci-para-recibir-a-la-comunidad-espanola-en-cuba\/\" \/>\n<meta property=\"og:site_name\" content=\"Grazia\" \/>\n<meta property=\"og:image\" content=\"https:\/\/graziamagazine.com\/es\/wp-content\/uploads\/sites\/12\/2019\/11\/GettyImages-1187425548.jpg?fit=1024%2C683\" \/>\n\t<meta property=\"og:image:width\" content=\"1024\" \/>\n\t<meta property=\"og:image:height\" content=\"683\" \/>\n\t<meta property=\"og:image:type\" content=\"image\/jpeg\" \/>\n<meta name=\"twitter:card\" content=\"summary_large_image\" \/>\n<meta name=\"twitter:label1\" content=\"Est. reading time\" \/>\n\t<meta name=\"twitter:data1\" content=\"1 minuto\" \/>\n<script type=\"application\/ld+json\" class=\"yoast-schema-graph\">{\"@context\":\"https:\/\/schema.org\",\"@graph\":[{\"@type\":\"WebPage\",\"@id\":\"https:\/\/graziamagazine.com\/es\/articles\/la-reina-letizia-estrena-un-nina-ricci-para-recibir-a-la-comunidad-espanola-en-cuba\/\",\"url\":\"https:\/\/graziamagazine.com\/es\/articles\/la-reina-letizia-estrena-un-nina-ricci-para-recibir-a-la-comunidad-espanola-en-cuba\/\",\"name\":\"La reina Letizia estrena un Nina Ricci para recibir a la comunidad espa\u00f1ola en Cuba | Grazia\",\"isPartOf\":{\"@id\":\"https:\/\/graziamagazine.com\/es\/#website\"},\"datePublished\":\"2019-11-13T19:55:01+00:00\",\"dateModified\":\"2019-11-13T19:55:01+00:00\",\"description\":\"Junto al embajador de Espa\u00f1a en Cuba, los Reyes han compartido momentos emocionantes con la comunidad espa\u00f1ola en La Habana.\",\"breadcrumb\":{\"@id\":\"https:\/\/graziamagazine.com\/es\/articles\/la-reina-letizia-estrena-un-nina-ricci-para-recibir-a-la-comunidad-espanola-en-cuba\/#breadcrumb\"},\"inLanguage\":\"es\",\"potentialAction\":[{\"@type\":\"ReadAction\",\"target\":[\"https:\/\/graziamagazine.com\/es\/articles\/la-reina-letizia-estrena-un-nina-ricci-para-recibir-a-la-comunidad-espanola-en-cuba\/\"]}]},{\"@type\":\"BreadcrumbList\",\"@id\":\"https:\/\/graziamagazine.com\/es\/articles\/la-reina-letizia-estrena-un-nina-ricci-para-recibir-a-la-comunidad-espanola-en-cuba\/#breadcrumb\",\"itemListElement\":[{\"@type\":\"ListItem\",\"position\":1,\"name\":\"Portada\",\"item\":\"https:\/\/graziamagazine.com\/es\/\"},{\"@type\":\"ListItem\",\"position\":2,\"name\":\"La reina Letizia estrena un Nina Ricci para recibir a la comunidad espa\u00f1ola en Cuba\"}]},{\"@type\":\"WebSite\",\"@id\":\"https:\/\/graziamagazine.com\/es\/#website\",\"url\":\"https:\/\/graziamagazine.com\/es\/\",\"name\":\"Grazia\",\"description\":\"Moda, belleza, celebrities, estilo de vida...\",\"potentialAction\":[{\"@type\":\"SearchAction\",\"target\":{\"@type\":\"EntryPoint\",\"urlTemplate\":\"https:\/\/graziamagazine.com\/es\/?s={search_term_string}\"},\"query-input\":\"required name=search_term_string\"}],\"inLanguage\":\"es\"}]}<\/script>\n<!-- \/ Yoast SEO Premium plugin. -->","yoast_head_json":{"title":"La reina Letizia estrena un Nina Ricci para recibir a la comunidad espa\u00f1ola en Cuba | Grazia","description":"Junto al embajador de Espa\u00f1a en Cuba, los Reyes han compartido momentos emocionantes con la comunidad espa\u00f1ola en La Habana.","robots":{"index":"index","follow":"follow","max-snippet":"max-snippet:-1","max-image-preview":"max-image-preview:large","max-video-preview":"max-video-preview:-1"},"canonical":"https:\/\/graziamagazine.com\/es\/articles\/la-reina-letizia-estrena-un-nina-ricci-para-recibir-a-la-comunidad-espanola-en-cuba\/","og_locale":"es_ES","og_type":"article","og_title":"La reina Letizia estrena un Nina Ricci para recibir a la comunidad espa\u00f1ola en Cuba","og_description":"Junto al embajador de Espa\u00f1a en Cuba, los Reyes han compartido momentos emocionantes con la comunidad espa\u00f1ola en La Habana.","og_url":"https:\/\/graziamagazine.com\/es\/articles\/la-reina-letizia-estrena-un-nina-ricci-para-recibir-a-la-comunidad-espanola-en-cuba\/","og_site_name":"Grazia","og_image":[{"width":1024,"height":683,"url":"https:\/\/graziamagazine.com\/es\/wp-content\/uploads\/sites\/12\/2019\/11\/GettyImages-1187425548.jpg?fit=1024%2C683","type":"image\/jpeg"}],"twitter_card":"summary_large_image","twitter_misc":{"Est. reading time":"1 minuto"},"schema":{"@context":"https:\/\/schema.org","@graph":[{"@type":"WebPage","@id":"https:\/\/graziamagazine.com\/es\/articles\/la-reina-letizia-estrena-un-nina-ricci-para-recibir-a-la-comunidad-espanola-en-cuba\/","url":"https:\/\/graziamagazine.com\/es\/articles\/la-reina-letizia-estrena-un-nina-ricci-para-recibir-a-la-comunidad-espanola-en-cuba\/","name":"La reina Letizia estrena un Nina Ricci para recibir a la comunidad espa\u00f1ola en Cuba | Grazia","isPartOf":{"@id":"https:\/\/graziamagazine.com\/es\/#website"},"datePublished":"2019-11-13T19:55:01+00:00","dateModified":"2019-11-13T19:55:01+00:00","description":"Junto al embajador de Espa\u00f1a en Cuba, los Reyes han compartido momentos emocionantes con la comunidad espa\u00f1ola en La Habana.","breadcrumb":{"@id":"https:\/\/graziamagazine.com\/es\/articles\/la-reina-letizia-estrena-un-nina-ricci-para-recibir-a-la-comunidad-espanola-en-cuba\/#breadcrumb"},"inLanguage":"es","potentialAction":[{"@type":"ReadAction","target":["https:\/\/graziamagazine.com\/es\/articles\/la-reina-letizia-estrena-un-nina-ricci-para-recibir-a-la-comunidad-espanola-en-cuba\/"]}]},{"@type":"BreadcrumbList","@id":"https:\/\/graziamagazine.com\/es\/articles\/la-reina-letizia-estrena-un-nina-ricci-para-recibir-a-la-comunidad-espanola-en-cuba\/#breadcrumb","itemListElement":[{"@type":"ListItem","position":1,"name":"Portada","item":"https:\/\/graziamagazine.com\/es\/"},{"@type":"ListItem","position":2,"name":"La reina Letizia estrena un Nina Ricci para recibir a la comunidad espa\u00f1ola en Cuba"}]},{"@type":"WebSite","@id":"https:\/\/graziamagazine.com\/es\/#website","url":"https:\/\/graziamagazine.com\/es\/","name":"Grazia","description":"Moda, belleza, celebrities, estilo de vida...","potentialAction":[{"@type":"SearchAction","target":{"@type":"EntryPoint","urlTemplate":"https:\/\/graziamagazine.com\/es\/?s={search_term_string}"},"query-input":"required name=search_term_string"}],"inLanguage":"es"}]}},"jetpack_sharing_enabled":true,"distributor_meta":false,"distributor_terms":false,"distributor_media":false,"distributor_original_site_name":"Grazia","distributor_original_site_url":"https:\/\/graziamagazine.com\/es","push-errors":false,"_links":{"self":[{"href":"https:\/\/graziamagazine.com\/es\/wp-json\/wp\/v2\/articles\/149536"}],"collection":[{"href":"https:\/\/graziamagazine.com\/es\/wp-json\/wp\/v2\/articles"}],"about":[{"href":"https:\/\/graziamagazine.com\/es\/wp-json\/wp\/v2\/types\/articles"}],"author":[{"embeddable":true,"href":"https:\/\/graziamagazine.com\/es\/wp-json\/wp\/v2\/users\/11653"}],"wp:featuredmedia":[{"embeddable":true,"href":"https:\/\/graziamagazine.com\/es\/wp-json\/wp\/v2\/media\/149541"}],"wp:attachment":[{"href":"https:\/\/graziamagazine.com\/es\/wp-json\/wp\/v2\/media?parent=149536"}],"wp:term":[{"taxonomy":"category","embeddable":true,"href":"https:\/\/graziamagazine.com\/es\/wp-json\/wp\/v2\/categories?post=149536"}],"curies":[{"name":"wp","href":"https:\/\/api.w.org\/{rel}","templated":true}]}}