{"id":149506,"date":"2019-11-13T18:39:53","date_gmt":"2019-11-13T17:39:53","guid":{"rendered":"https:\/\/graziamagazine.com\/es\/?p=149506"},"modified":"2019-11-13T19:03:13","modified_gmt":"2019-11-13T18:03:13","slug":"blanco-el-nuevo-color-favorito-de-la-reina-letizia-en-su-viaje-a-cuba","status":"publish","type":"articles","link":"https:\/\/graziamagazine.com\/es\/articles\/blanco-el-nuevo-color-favorito-de-la-reina-letizia-en-su-viaje-a-cuba\/","title":{"rendered":"Blanco, el nuevo color favorito de la reina Letizia en su viaje a Cuba"},"content":{"rendered":"<p><a href=\"http:\/\/bit.ly\/2O7FtZo\" target=\"_blank\">Despu\u00e9s del d\u00eda intenso que tuvieron ayer don Felipe y do\u00f1a Letizia<\/a>, <strong>hoy los Reyes han iniciado el d\u00eda desde temprano con nuevas actividades<\/strong>. La primera de ellas ha sido<strong> trasladarse hasta El Templete<\/strong>, un lugar simb\u00f3lico en la historia de la isla porque es ah\u00ed donde naci\u00f3 la ciudad hace 500 a\u00f1os.<\/p>\n<p><strong>Situado en la Plaza de Armas de La Habana Vieja, es adem\u00e1s Patrimonio de la Humanidad<\/strong>, y all\u00ed la comitiva que acompa\u00f1a a los Reyes ha podido conocer m\u00e1s de la historia gracias a la compa\u00f1\u00eda del historiador Eusebio Leal. Para la ocasi\u00f3n, y como cualquier turista har\u00eda en un recorrido a\u00ed, <strong>SSMM se han puesto c\u00f3modos y hemos visto como el blanco volvi\u00f3 a hacer acto de presencia en el armario de la reina<\/strong> en este viaje. <a href=\"http:\/\/bit.ly\/3379Wxi\" target=\"_blank\">Do\u00f1a Letizia <strong>ha vuelto a lucir un vestido camisero troquelado<\/strong> que ya vimos el pasado mes de agosto<\/a> en sus vacaciones en Mallaroca. Vaporoso y con anudado a la cintura, est\u00e1 firmado por el dise\u00f1ador <strong>Adolfo Dom\u00ednguez.<\/strong><\/p>\n<p><img loading=\"lazy\" decoding=\"async\" class=\"aligncenter size-full wp-image-149508\" src=\"https:\/\/graziamagazine.com\/es\/wp-content\/uploads\/sites\/12\/2019\/11\/GRAZIA-segundo-dia-letizia-cuba.jpeg\" alt=\"La reina Letizia de nuevo apuesta por el blanco en su segundo d\u00eda en Cuba\" width=\"2348\" height=\"1650\" srcset=\"https:\/\/graziamagazine.com\/es\/wp-content\/uploads\/sites\/12\/2019\/11\/GRAZIA-segundo-dia-letizia-cuba.jpeg 2348w, https:\/\/graziamagazine.com\/es\/wp-content\/uploads\/sites\/12\/2019\/11\/GRAZIA-segundo-dia-letizia-cuba-500x351.jpeg 500w, https:\/\/graziamagazine.com\/es\/wp-content\/uploads\/sites\/12\/2019\/11\/GRAZIA-segundo-dia-letizia-cuba-768x540.jpeg 768w, https:\/\/graziamagazine.com\/es\/wp-content\/uploads\/sites\/12\/2019\/11\/GRAZIA-segundo-dia-letizia-cuba-900x632.jpeg 900w, https:\/\/graziamagazine.com\/es\/wp-content\/uploads\/sites\/12\/2019\/11\/GRAZIA-segundo-dia-letizia-cuba-1100x773.jpeg 1100w, https:\/\/graziamagazine.com\/es\/wp-content\/uploads\/sites\/12\/2019\/11\/GRAZIA-segundo-dia-letizia-cuba-120x84.jpeg 120w, https:\/\/graziamagazine.com\/es\/wp-content\/uploads\/sites\/12\/2019\/11\/GRAZIA-segundo-dia-letizia-cuba-720x506.jpeg 720w, https:\/\/graziamagazine.com\/es\/wp-content\/uploads\/sites\/12\/2019\/11\/GRAZIA-segundo-dia-letizia-cuba-1200x843.jpeg 1200w, https:\/\/graziamagazine.com\/es\/wp-content\/uploads\/sites\/12\/2019\/11\/GRAZIA-segundo-dia-letizia-cuba-626x440.jpeg 626w, https:\/\/graziamagazine.com\/es\/wp-content\/uploads\/sites\/12\/2019\/11\/GRAZIA-segundo-dia-letizia-cuba-360x253.jpeg 360w\" sizes=\"(max-width: 2348px) 100vw, 2348px\" \/><\/p>\n<p>De nuevo <strong>sus alpargatas en blanco roto de la firma espa\u00f1ola Mint &amp; Rose<\/strong> y una vez m\u00e1s unos discretos pendientes de aro en oro amarillo y el anillo m\u00e1s famoso de su joyero, el de Karan Hallam. Esta vez <a href=\"http:\/\/bit.ly\/2k9zpEV\" target=\"_blank\">la reina Letizia<\/a> sabe que su vestuario debe ser m\u00e1s discreto que en otras ocasiones, por la situaci\u00f3n que vive el pa\u00eds.<\/p>\n<p><img loading=\"lazy\" decoding=\"async\" class=\"aligncenter size-full wp-image-149510\" src=\"https:\/\/graziamagazine.com\/es\/wp-content\/uploads\/sites\/12\/2019\/11\/gettyimages-1187396956-594x594.jpg\" alt=\"La reina Letizia de nuevo apuesta por el blanco en su segundo d\u00eda en Cuba\" width=\"396\" height=\"594\" srcset=\"https:\/\/graziamagazine.com\/es\/wp-content\/uploads\/sites\/12\/2019\/11\/gettyimages-1187396956-594x594.jpg 396w, https:\/\/graziamagazine.com\/es\/wp-content\/uploads\/sites\/12\/2019\/11\/gettyimages-1187396956-594x594-120x180.jpg 120w, https:\/\/graziamagazine.com\/es\/wp-content\/uploads\/sites\/12\/2019\/11\/gettyimages-1187396956-594x594-100x150.jpg 100w, https:\/\/graziamagazine.com\/es\/wp-content\/uploads\/sites\/12\/2019\/11\/gettyimages-1187396956-594x594-151x227.jpg 151w, https:\/\/graziamagazine.com\/es\/wp-content\/uploads\/sites\/12\/2019\/11\/gettyimages-1187396956-594x594-157x236.jpg 157w, https:\/\/graziamagazine.com\/es\/wp-content\/uploads\/sites\/12\/2019\/11\/gettyimages-1187396956-594x594-360x540.jpg 360w, https:\/\/graziamagazine.com\/es\/wp-content\/uploads\/sites\/12\/2019\/11\/gettyimages-1187396956-594x594-298x448.jpg 298w, https:\/\/graziamagazine.com\/es\/wp-content\/uploads\/sites\/12\/2019\/11\/gettyimages-1187396956-594x594-128x192.jpg 128w, https:\/\/graziamagazine.com\/es\/wp-content\/uploads\/sites\/12\/2019\/11\/gettyimages-1187396956-594x594-364x546.jpg 364w, https:\/\/graziamagazine.com\/es\/wp-content\/uploads\/sites\/12\/2019\/11\/gettyimages-1187396956-594x594-220x330.jpg 220w\" sizes=\"(max-width: 396px) 100vw, 396px\" \/><\/p>\n<p><strong>La siguiente parada ha sido llegar hasta el Palacio de los Capitanes Generales<\/strong>, donde han recibido una Giraldilla, uno de los s\u00edmbolos m\u00e1s antiguos de la ciudad representado por una mujer esbelta. Parece que <strong>el rey Felipe VI se ha puesto de acuerdo con la reina, porque hoy ha vuelto a lucir una guayabera t\u00edpica del Caribe<\/strong>, esta vez en color blanco, el mismo que toda la comitiva ha elegido tambi\u00e9n.<\/p>\n<p><img loading=\"lazy\" decoding=\"async\" class=\"aligncenter size-full wp-image-149507\" src=\"https:\/\/graziamagazine.com\/es\/wp-content\/uploads\/sites\/12\/2019\/11\/GRAZIA-segundo-dia-letizia-cuba-2.jpeg\" alt=\"La reina Letizia de nuevo apuesta por el blanco en su segundo d\u00eda en Cuba\" width=\"2268\" height=\"1698\" srcset=\"https:\/\/graziamagazine.com\/es\/wp-content\/uploads\/sites\/12\/2019\/11\/GRAZIA-segundo-dia-letizia-cuba-2.jpeg 2268w, https:\/\/graziamagazine.com\/es\/wp-content\/uploads\/sites\/12\/2019\/11\/GRAZIA-segundo-dia-letizia-cuba-2.jpeg?resize=300,225 300w, https:\/\/graziamagazine.com\/es\/wp-content\/uploads\/sites\/12\/2019\/11\/GRAZIA-segundo-dia-letizia-cuba-2.jpeg?resize=768,575 768w, https:\/\/graziamagazine.com\/es\/wp-content\/uploads\/sites\/12\/2019\/11\/GRAZIA-segundo-dia-letizia-cuba-2.jpeg?resize=1024,767 1024w, https:\/\/graziamagazine.com\/es\/wp-content\/uploads\/sites\/12\/2019\/11\/GRAZIA-segundo-dia-letizia-cuba-2.jpeg?resize=1536,1150 1536w, https:\/\/graziamagazine.com\/es\/wp-content\/uploads\/sites\/12\/2019\/11\/GRAZIA-segundo-dia-letizia-cuba-2.jpeg?resize=2048,1533 2048w, https:\/\/graziamagazine.com\/es\/wp-content\/uploads\/sites\/12\/2019\/11\/GRAZIA-segundo-dia-letizia-cuba-2.jpeg?resize=155,116 155w\" sizes=\"(max-width: 2268px) 100vw, 2268px\" \/><\/p>\n<p><em>*Im\u00e1genes: Casa Real\u00a0<\/em><\/p>\n","protected":false},"author":11653,"featured_media":149512,"template":"","format":"standard","categories":[2147],"acf":[],"yoast_head":"<!-- This site is optimized with the Yoast SEO Premium plugin v18.5 (Yoast SEO v20.4) - https:\/\/yoast.com\/wordpress\/plugins\/seo\/ -->\n<title>Blanco, el nuevo color favorito de la reina Letizia en su viaje a Cuba | Grazia<\/title>\n<meta name=\"description\" content=\"Los Reyes han iniciado su segundo d\u00eda en La Habana con un paseo en el que el color blanco ha sido el protagonista, no solo del vestido de la reina consorte.\" \/>\n<meta name=\"robots\" content=\"index, follow, max-snippet:-1, max-image-preview:large, max-video-preview:-1\" \/>\n<link rel=\"canonical\" href=\"https:\/\/graziamagazine.com\/es\/articles\/blanco-el-nuevo-color-favorito-de-la-reina-letizia-en-su-viaje-a-cuba\/\" \/>\n<meta property=\"og:locale\" content=\"es_ES\" \/>\n<meta property=\"og:type\" content=\"article\" \/>\n<meta property=\"og:title\" content=\"Blanco, el nuevo color favorito de la reina Letizia en su viaje a Cuba\" \/>\n<meta property=\"og:description\" content=\"Los Reyes han iniciado su segundo d\u00eda en La Habana con un paseo en el que el color blanco ha sido el protagonista, no solo del vestido de la reina consorte.\" \/>\n<meta property=\"og:url\" content=\"https:\/\/graziamagazine.com\/es\/articles\/blanco-el-nuevo-color-favorito-de-la-reina-letizia-en-su-viaje-a-cuba\/\" \/>\n<meta property=\"og:site_name\" content=\"Grazia\" \/>\n<meta property=\"article:modified_time\" content=\"2019-11-13T18:03:13+00:00\" \/>\n<meta property=\"og:image\" content=\"https:\/\/graziamagazine.com\/es\/wp-content\/uploads\/sites\/12\/2019\/11\/GRAZIA-segundo-dia-letizia-cuba-31.jpg?fit=1395%2C885\" \/>\n\t<meta property=\"og:image:width\" content=\"1395\" \/>\n\t<meta property=\"og:image:height\" content=\"885\" \/>\n\t<meta property=\"og:image:type\" content=\"image\/jpeg\" \/>\n<meta name=\"twitter:card\" content=\"summary_large_image\" \/>\n<meta name=\"twitter:label1\" content=\"Est. reading time\" \/>\n\t<meta name=\"twitter:data1\" content=\"2 minutos\" \/>\n<script type=\"application\/ld+json\" class=\"yoast-schema-graph\">{\"@context\":\"https:\/\/schema.org\",\"@graph\":[{\"@type\":\"WebPage\",\"@id\":\"https:\/\/graziamagazine.com\/es\/articles\/blanco-el-nuevo-color-favorito-de-la-reina-letizia-en-su-viaje-a-cuba\/\",\"url\":\"https:\/\/graziamagazine.com\/es\/articles\/blanco-el-nuevo-color-favorito-de-la-reina-letizia-en-su-viaje-a-cuba\/\",\"name\":\"Blanco, el nuevo color favorito de la reina Letizia en su viaje a Cuba | Grazia\",\"isPartOf\":{\"@id\":\"https:\/\/graziamagazine.com\/es\/#website\"},\"datePublished\":\"2019-11-13T17:39:53+00:00\",\"dateModified\":\"2019-11-13T18:03:13+00:00\",\"description\":\"Los Reyes han iniciado su segundo d\u00eda en La Habana con un paseo en el que el color blanco ha sido el protagonista, no solo del vestido de la reina consorte.\",\"breadcrumb\":{\"@id\":\"https:\/\/graziamagazine.com\/es\/articles\/blanco-el-nuevo-color-favorito-de-la-reina-letizia-en-su-viaje-a-cuba\/#breadcrumb\"},\"inLanguage\":\"es\",\"potentialAction\":[{\"@type\":\"ReadAction\",\"target\":[\"https:\/\/graziamagazine.com\/es\/articles\/blanco-el-nuevo-color-favorito-de-la-reina-letizia-en-su-viaje-a-cuba\/\"]}]},{\"@type\":\"BreadcrumbList\",\"@id\":\"https:\/\/graziamagazine.com\/es\/articles\/blanco-el-nuevo-color-favorito-de-la-reina-letizia-en-su-viaje-a-cuba\/#breadcrumb\",\"itemListElement\":[{\"@type\":\"ListItem\",\"position\":1,\"name\":\"Portada\",\"item\":\"https:\/\/graziamagazine.com\/es\/\"},{\"@type\":\"ListItem\",\"position\":2,\"name\":\"Blanco, el nuevo color favorito de la reina Letizia en su viaje a Cuba\"}]},{\"@type\":\"WebSite\",\"@id\":\"https:\/\/graziamagazine.com\/es\/#website\",\"url\":\"https:\/\/graziamagazine.com\/es\/\",\"name\":\"Grazia\",\"description\":\"Moda, belleza, celebrities, estilo de vida...\",\"potentialAction\":[{\"@type\":\"SearchAction\",\"target\":{\"@type\":\"EntryPoint\",\"urlTemplate\":\"https:\/\/graziamagazine.com\/es\/?s={search_term_string}\"},\"query-input\":\"required name=search_term_string\"}],\"inLanguage\":\"es\"}]}<\/script>\n<!-- \/ Yoast SEO Premium plugin. -->","yoast_head_json":{"title":"Blanco, el nuevo color favorito de la reina Letizia en su viaje a Cuba | Grazia","description":"Los Reyes han iniciado su segundo d\u00eda en La Habana con un paseo en el que el color blanco ha sido el protagonista, no solo del vestido de la reina consorte.","robots":{"index":"index","follow":"follow","max-snippet":"max-snippet:-1","max-image-preview":"max-image-preview:large","max-video-preview":"max-video-preview:-1"},"canonical":"https:\/\/graziamagazine.com\/es\/articles\/blanco-el-nuevo-color-favorito-de-la-reina-letizia-en-su-viaje-a-cuba\/","og_locale":"es_ES","og_type":"article","og_title":"Blanco, el nuevo color favorito de la reina Letizia en su viaje a Cuba","og_description":"Los Reyes han iniciado su segundo d\u00eda en La Habana con un paseo en el que el color blanco ha sido el protagonista, no solo del vestido de la reina consorte.","og_url":"https:\/\/graziamagazine.com\/es\/articles\/blanco-el-nuevo-color-favorito-de-la-reina-letizia-en-su-viaje-a-cuba\/","og_site_name":"Grazia","article_modified_time":"2019-11-13T18:03:13+00:00","og_image":[{"width":1395,"height":885,"url":"https:\/\/graziamagazine.com\/es\/wp-content\/uploads\/sites\/12\/2019\/11\/GRAZIA-segundo-dia-letizia-cuba-31.jpg?fit=1395%2C885","type":"image\/jpeg"}],"twitter_card":"summary_large_image","twitter_misc":{"Est. reading time":"2 minutos"},"schema":{"@context":"https:\/\/schema.org","@graph":[{"@type":"WebPage","@id":"https:\/\/graziamagazine.com\/es\/articles\/blanco-el-nuevo-color-favorito-de-la-reina-letizia-en-su-viaje-a-cuba\/","url":"https:\/\/graziamagazine.com\/es\/articles\/blanco-el-nuevo-color-favorito-de-la-reina-letizia-en-su-viaje-a-cuba\/","name":"Blanco, el nuevo color favorito de la reina Letizia en su viaje a Cuba | Grazia","isPartOf":{"@id":"https:\/\/graziamagazine.com\/es\/#website"},"datePublished":"2019-11-13T17:39:53+00:00","dateModified":"2019-11-13T18:03:13+00:00","description":"Los Reyes han iniciado su segundo d\u00eda en La Habana con un paseo en el que el color blanco ha sido el protagonista, no solo del vestido de la reina consorte.","breadcrumb":{"@id":"https:\/\/graziamagazine.com\/es\/articles\/blanco-el-nuevo-color-favorito-de-la-reina-letizia-en-su-viaje-a-cuba\/#breadcrumb"},"inLanguage":"es","potentialAction":[{"@type":"ReadAction","target":["https:\/\/graziamagazine.com\/es\/articles\/blanco-el-nuevo-color-favorito-de-la-reina-letizia-en-su-viaje-a-cuba\/"]}]},{"@type":"BreadcrumbList","@id":"https:\/\/graziamagazine.com\/es\/articles\/blanco-el-nuevo-color-favorito-de-la-reina-letizia-en-su-viaje-a-cuba\/#breadcrumb","itemListElement":[{"@type":"ListItem","position":1,"name":"Portada","item":"https:\/\/graziamagazine.com\/es\/"},{"@type":"ListItem","position":2,"name":"Blanco, el nuevo color favorito de la reina Letizia en su viaje a Cuba"}]},{"@type":"WebSite","@id":"https:\/\/graziamagazine.com\/es\/#website","url":"https:\/\/graziamagazine.com\/es\/","name":"Grazia","description":"Moda, belleza, celebrities, estilo de vida...","potentialAction":[{"@type":"SearchAction","target":{"@type":"EntryPoint","urlTemplate":"https:\/\/graziamagazine.com\/es\/?s={search_term_string}"},"query-input":"required name=search_term_string"}],"inLanguage":"es"}]}},"jetpack_sharing_enabled":true,"distributor_meta":false,"distributor_terms":false,"distributor_media":false,"distributor_original_site_name":"Grazia","distributor_original_site_url":"https:\/\/graziamagazine.com\/es","push-errors":false,"_links":{"self":[{"href":"https:\/\/graziamagazine.com\/es\/wp-json\/wp\/v2\/articles\/149506"}],"collection":[{"href":"https:\/\/graziamagazine.com\/es\/wp-json\/wp\/v2\/articles"}],"about":[{"href":"https:\/\/graziamagazine.com\/es\/wp-json\/wp\/v2\/types\/articles"}],"author":[{"embeddable":true,"href":"https:\/\/graziamagazine.com\/es\/wp-json\/wp\/v2\/users\/11653"}],"wp:featuredmedia":[{"embeddable":true,"href":"https:\/\/graziamagazine.com\/es\/wp-json\/wp\/v2\/media\/149512"}],"wp:attachment":[{"href":"https:\/\/graziamagazine.com\/es\/wp-json\/wp\/v2\/media?parent=149506"}],"wp:term":[{"taxonomy":"category","embeddable":true,"href":"https:\/\/graziamagazine.com\/es\/wp-json\/wp\/v2\/categories?post=149506"}],"curies":[{"name":"wp","href":"https:\/\/api.w.org\/{rel}","templated":true}]}}