{"id":149478,"date":"2019-11-13T05:51:13","date_gmt":"2019-11-13T04:51:13","guid":{"rendered":"https:\/\/graziamagazine.com\/es\/?p=149478"},"modified":"2019-11-13T06:48:33","modified_gmt":"2019-11-13T05:48:33","slug":"la-reina-letizia-recupera-vestido-rojo-cena-estado-cuba","status":"publish","type":"articles","link":"https:\/\/graziamagazine.com\/es\/articles\/la-reina-letizia-recupera-vestido-rojo-cena-estado-cuba\/","title":{"rendered":"La reina Letizia elige (de nuevo) su vestido rojo m\u00e1s sencillo en la cena de Estado en La Habana"},"content":{"rendered":"<p>Como estaba previsto en la agenda oficial del viaje de Estado de los Reyes en Cuba, la tarde-noche en La Habana continuaba con <strong>dos nuevos encuentro<\/strong>s. El primero ha sido la visita a una <strong>exposici\u00f3n fotogr\u00e1fica organizada por la Agencia EFE e Iberia<\/strong> bajo el nombre &#8216;<em>Espa\u00f1a y Cuba: contigo en la distancia<\/em>&#8216;, en el Gran Teatro \u00abAlicia Alonso\u00bb de la capital cubana, donde despu\u00e9s dio comienzo la Gala de Ballet.<\/p>\n<p><img loading=\"lazy\" decoding=\"async\" class=\"aligncenter size-full wp-image-149482\" src=\"https:\/\/graziamagazine.com\/es\/wp-content\/uploads\/sites\/12\/2019\/11\/GRAZIA-tercer-look-reina-letizia-cuba.jpeg\" alt=\"\" width=\"2558\" height=\"1658\" srcset=\"https:\/\/graziamagazine.com\/es\/wp-content\/uploads\/sites\/12\/2019\/11\/GRAZIA-tercer-look-reina-letizia-cuba.jpeg 2558w, https:\/\/graziamagazine.com\/es\/wp-content\/uploads\/sites\/12\/2019\/11\/GRAZIA-tercer-look-reina-letizia-cuba-500x324.jpeg 500w, https:\/\/graziamagazine.com\/es\/wp-content\/uploads\/sites\/12\/2019\/11\/GRAZIA-tercer-look-reina-letizia-cuba-768x498.jpeg 768w, https:\/\/graziamagazine.com\/es\/wp-content\/uploads\/sites\/12\/2019\/11\/GRAZIA-tercer-look-reina-letizia-cuba-900x583.jpeg 900w, https:\/\/graziamagazine.com\/es\/wp-content\/uploads\/sites\/12\/2019\/11\/GRAZIA-tercer-look-reina-letizia-cuba-1100x713.jpeg 1100w, https:\/\/graziamagazine.com\/es\/wp-content\/uploads\/sites\/12\/2019\/11\/GRAZIA-tercer-look-reina-letizia-cuba-120x78.jpeg 120w, https:\/\/graziamagazine.com\/es\/wp-content\/uploads\/sites\/12\/2019\/11\/GRAZIA-tercer-look-reina-letizia-cuba-720x467.jpeg 720w, https:\/\/graziamagazine.com\/es\/wp-content\/uploads\/sites\/12\/2019\/11\/GRAZIA-tercer-look-reina-letizia-cuba-1200x778.jpeg 1200w, https:\/\/graziamagazine.com\/es\/wp-content\/uploads\/sites\/12\/2019\/11\/GRAZIA-tercer-look-reina-letizia-cuba-626x406.jpeg 626w, https:\/\/graziamagazine.com\/es\/wp-content\/uploads\/sites\/12\/2019\/11\/GRAZIA-tercer-look-reina-letizia-cuba-360x233.jpeg 360w\" sizes=\"(max-width: 2558px) 100vw, 2558px\" \/><\/p>\n<p>Despu\u00e9s del evento cultural, se han trasladado al Palacio de la Revoluci\u00f3n donde han sido recibidos por el presidente Miguel D\u00eda Canal y su esposa Lis Cuesta para celebrar todos juntos la <strong>cena de Estado<\/strong>. Para la ocasi\u00f3n, la reina Letizia no nos ha dado ninguna sorpresa,<a href=\"http:\/\/bit.ly\/2OKjgUX\" target=\"_blank\"> salvo la de <strong>recuperar del armario un look completo<\/strong> ya vimos el pasado mes de agosto en la cena en La Almudain<\/a>a.<\/p>\n<p><img loading=\"lazy\" decoding=\"async\" class=\"aligncenter size-full wp-image-149480\" src=\"https:\/\/graziamagazine.com\/es\/wp-content\/uploads\/sites\/12\/2019\/11\/GRAZIA-tercer-look-reina-letizia-cuba-3.jpg\" alt=\"\" width=\"1400\" height=\"933\" srcset=\"https:\/\/graziamagazine.com\/es\/wp-content\/uploads\/sites\/12\/2019\/11\/GRAZIA-tercer-look-reina-letizia-cuba-3.jpg 1400w, https:\/\/graziamagazine.com\/es\/wp-content\/uploads\/sites\/12\/2019\/11\/GRAZIA-tercer-look-reina-letizia-cuba-3-500x333.jpg 500w, https:\/\/graziamagazine.com\/es\/wp-content\/uploads\/sites\/12\/2019\/11\/GRAZIA-tercer-look-reina-letizia-cuba-3-768x512.jpg 768w, https:\/\/graziamagazine.com\/es\/wp-content\/uploads\/sites\/12\/2019\/11\/GRAZIA-tercer-look-reina-letizia-cuba-3-900x600.jpg 900w, https:\/\/graziamagazine.com\/es\/wp-content\/uploads\/sites\/12\/2019\/11\/GRAZIA-tercer-look-reina-letizia-cuba-3-1100x733.jpg 1100w, https:\/\/graziamagazine.com\/es\/wp-content\/uploads\/sites\/12\/2019\/11\/GRAZIA-tercer-look-reina-letizia-cuba-3-120x80.jpg 120w, https:\/\/graziamagazine.com\/es\/wp-content\/uploads\/sites\/12\/2019\/11\/GRAZIA-tercer-look-reina-letizia-cuba-3-720x480.jpg 720w, https:\/\/graziamagazine.com\/es\/wp-content\/uploads\/sites\/12\/2019\/11\/GRAZIA-tercer-look-reina-letizia-cuba-3-1200x800.jpg 1200w, https:\/\/graziamagazine.com\/es\/wp-content\/uploads\/sites\/12\/2019\/11\/GRAZIA-tercer-look-reina-letizia-cuba-3-626x417.jpg 626w, https:\/\/graziamagazine.com\/es\/wp-content\/uploads\/sites\/12\/2019\/11\/GRAZIA-tercer-look-reina-letizia-cuba-3-360x240.jpg 360w\" sizes=\"(max-width: 1400px) 100vw, 1400px\" \/><\/p>\n<p>De nuevo en rojo, uno de los colores que m\u00e1s le favorecen desde siempre, y sin cambiar pr\u00e1cticamente nada salvo el recogido en el pelo con un mo\u00f1o bajo y raya al lado. Un\u00a0<strong>sencillo vestido rojo de corte midi, en crepe con movimiento y ca\u00edda muy femenina<\/strong>, de nuevo con\u00a0<strong>cuello halter<\/strong>\u00a0como el <a href=\"http:\/\/bit.ly\/2O7FtZo\" target=\"_blank\">vestido blanco de lunares de la ma\u00f1ana<\/a>, de dise\u00f1ador desconocido hasta la fecha.<\/p>\n<p><img loading=\"lazy\" decoding=\"async\" class=\"aligncenter size-full wp-image-149483\" src=\"https:\/\/graziamagazine.com\/es\/wp-content\/uploads\/sites\/12\/2019\/11\/gettyimages-1187242108-594x594-1.jpg\" alt=\"La reina Letizia recupera un sencillo vestido rojo en su viaje a Cuba\" width=\"396\" height=\"594\" srcset=\"https:\/\/graziamagazine.com\/es\/wp-content\/uploads\/sites\/12\/2019\/11\/gettyimages-1187242108-594x594-1.jpg 396w, https:\/\/graziamagazine.com\/es\/wp-content\/uploads\/sites\/12\/2019\/11\/gettyimages-1187242108-594x594-1-120x180.jpg 120w, https:\/\/graziamagazine.com\/es\/wp-content\/uploads\/sites\/12\/2019\/11\/gettyimages-1187242108-594x594-1-100x150.jpg 100w, https:\/\/graziamagazine.com\/es\/wp-content\/uploads\/sites\/12\/2019\/11\/gettyimages-1187242108-594x594-1-151x227.jpg 151w, https:\/\/graziamagazine.com\/es\/wp-content\/uploads\/sites\/12\/2019\/11\/gettyimages-1187242108-594x594-1-157x236.jpg 157w, https:\/\/graziamagazine.com\/es\/wp-content\/uploads\/sites\/12\/2019\/11\/gettyimages-1187242108-594x594-1-360x540.jpg 360w, https:\/\/graziamagazine.com\/es\/wp-content\/uploads\/sites\/12\/2019\/11\/gettyimages-1187242108-594x594-1-298x448.jpg 298w, https:\/\/graziamagazine.com\/es\/wp-content\/uploads\/sites\/12\/2019\/11\/gettyimages-1187242108-594x594-1-128x192.jpg 128w, https:\/\/graziamagazine.com\/es\/wp-content\/uploads\/sites\/12\/2019\/11\/gettyimages-1187242108-594x594-1-364x546.jpg 364w, https:\/\/graziamagazine.com\/es\/wp-content\/uploads\/sites\/12\/2019\/11\/gettyimages-1187242108-594x594-1-220x330.jpg 220w\" sizes=\"(max-width: 396px) 100vw, 396px\" \/><\/p>\n<p>Despu\u00e9s de las <a href=\"http:\/\/bit.ly\/33LrFKM\" target=\"_blank\">alpargatas de la firma espa\u00f1ola Mint &amp; Rose<\/a> para pasear por las calles de La Habana Vieja, do\u00f1a Letizia ha elegido de nuevo, como ya hizo en agosto,\u00a0<strong>unas sandalias de tira doradas de Jimmy Choo, que acompa\u00f1\u00f3 con un clutch tambi\u00e9n dorado de Carolina Herrera,<\/strong>\u00a0el modelo Metropolitan.<\/p>\n<p><img loading=\"lazy\" decoding=\"async\" class=\"aligncenter size-full wp-image-149484\" src=\"https:\/\/graziamagazine.com\/es\/wp-content\/uploads\/sites\/12\/2019\/11\/gettyimages-1187242009-594x594.jpg\" alt=\"La reina Letizia recupera un sencillo vestido rojo en su viaje a Cuba\" width=\"396\" height=\"594\" srcset=\"https:\/\/graziamagazine.com\/es\/wp-content\/uploads\/sites\/12\/2019\/11\/gettyimages-1187242009-594x594.jpg 396w, https:\/\/graziamagazine.com\/es\/wp-content\/uploads\/sites\/12\/2019\/11\/gettyimages-1187242009-594x594-120x180.jpg 120w, https:\/\/graziamagazine.com\/es\/wp-content\/uploads\/sites\/12\/2019\/11\/gettyimages-1187242009-594x594-100x150.jpg 100w, https:\/\/graziamagazine.com\/es\/wp-content\/uploads\/sites\/12\/2019\/11\/gettyimages-1187242009-594x594-151x227.jpg 151w, https:\/\/graziamagazine.com\/es\/wp-content\/uploads\/sites\/12\/2019\/11\/gettyimages-1187242009-594x594-157x236.jpg 157w, https:\/\/graziamagazine.com\/es\/wp-content\/uploads\/sites\/12\/2019\/11\/gettyimages-1187242009-594x594-360x540.jpg 360w, https:\/\/graziamagazine.com\/es\/wp-content\/uploads\/sites\/12\/2019\/11\/gettyimages-1187242009-594x594-298x448.jpg 298w, https:\/\/graziamagazine.com\/es\/wp-content\/uploads\/sites\/12\/2019\/11\/gettyimages-1187242009-594x594-128x192.jpg 128w, https:\/\/graziamagazine.com\/es\/wp-content\/uploads\/sites\/12\/2019\/11\/gettyimages-1187242009-594x594-364x546.jpg 364w, https:\/\/graziamagazine.com\/es\/wp-content\/uploads\/sites\/12\/2019\/11\/gettyimages-1187242009-594x594-220x330.jpg 220w\" sizes=\"(max-width: 396px) 100vw, 396px\" \/><\/p>\n<p>Y para que no faltara detalle, los mismos <strong>pendientes de aro en oro amarillo y su\u00a0anillo de Karen Hallam<\/strong>, y un maquillaje donde los labios en rojo brillante pon\u00edan la nota a este look en rojo.<\/p>\n<p><em>*Im\u00e1genes: Casa Real<\/em><\/p>\n<p>&nbsp;<\/p>\n","protected":false},"author":11653,"featured_media":149488,"template":"","format":"standard","categories":[2147],"acf":[],"yoast_head":"<!-- This site is optimized with the Yoast SEO Premium plugin v18.5 (Yoast SEO v20.4) - https:\/\/yoast.com\/wordpress\/plugins\/seo\/ -->\n<title>La reina Letizia elige (de nuevo) su vestido rojo m\u00e1s sencillo en la cena de Estado en La Habana | Grazia<\/title>\n<meta name=\"description\" content=\"La reina sigue apostando por el &#039;bajo perfil&#039; en este viaje reciclando looks que ya hemos visto en ocasiones anteriores.\" \/>\n<meta name=\"robots\" content=\"index, follow, max-snippet:-1, max-image-preview:large, max-video-preview:-1\" \/>\n<link rel=\"canonical\" href=\"https:\/\/graziamagazine.com\/es\/articles\/la-reina-letizia-recupera-vestido-rojo-cena-estado-cuba\/\" \/>\n<meta property=\"og:locale\" content=\"es_ES\" \/>\n<meta property=\"og:type\" content=\"article\" \/>\n<meta property=\"og:title\" content=\"La reina Letizia elige (de nuevo) su vestido rojo m\u00e1s sencillo en la cena de Estado en La Habana\" \/>\n<meta property=\"og:description\" content=\"La reina sigue apostando por el &#039;bajo perfil&#039; en este viaje reciclando looks que ya hemos visto en ocasiones anteriores.\" \/>\n<meta property=\"og:url\" content=\"https:\/\/graziamagazine.com\/es\/articles\/la-reina-letizia-recupera-vestido-rojo-cena-estado-cuba\/\" \/>\n<meta property=\"og:site_name\" content=\"Grazia\" \/>\n<meta property=\"article:modified_time\" content=\"2019-11-13T05:48:33+00:00\" \/>\n<meta property=\"og:image\" content=\"https:\/\/graziamagazine.com\/es\/wp-content\/uploads\/sites\/12\/2019\/11\/GRAZIA-tercer-look-reina-letizia-cuba-4.jpg?fit=1400%2C932\" \/>\n\t<meta property=\"og:image:width\" content=\"1400\" \/>\n\t<meta property=\"og:image:height\" content=\"932\" \/>\n\t<meta property=\"og:image:type\" content=\"image\/jpeg\" \/>\n<meta name=\"twitter:card\" content=\"summary_large_image\" \/>\n<meta name=\"twitter:label1\" content=\"Est. reading time\" \/>\n\t<meta name=\"twitter:data1\" content=\"2 minutos\" \/>\n<script type=\"application\/ld+json\" class=\"yoast-schema-graph\">{\"@context\":\"https:\/\/schema.org\",\"@graph\":[{\"@type\":\"WebPage\",\"@id\":\"https:\/\/graziamagazine.com\/es\/articles\/la-reina-letizia-recupera-vestido-rojo-cena-estado-cuba\/\",\"url\":\"https:\/\/graziamagazine.com\/es\/articles\/la-reina-letizia-recupera-vestido-rojo-cena-estado-cuba\/\",\"name\":\"La reina Letizia elige (de nuevo) su vestido rojo m\u00e1s sencillo en la cena de Estado en La Habana | Grazia\",\"isPartOf\":{\"@id\":\"https:\/\/graziamagazine.com\/es\/#website\"},\"datePublished\":\"2019-11-13T04:51:13+00:00\",\"dateModified\":\"2019-11-13T05:48:33+00:00\",\"description\":\"La reina sigue apostando por el 'bajo perfil' en este viaje reciclando looks que ya hemos visto en ocasiones anteriores.\",\"breadcrumb\":{\"@id\":\"https:\/\/graziamagazine.com\/es\/articles\/la-reina-letizia-recupera-vestido-rojo-cena-estado-cuba\/#breadcrumb\"},\"inLanguage\":\"es\",\"potentialAction\":[{\"@type\":\"ReadAction\",\"target\":[\"https:\/\/graziamagazine.com\/es\/articles\/la-reina-letizia-recupera-vestido-rojo-cena-estado-cuba\/\"]}]},{\"@type\":\"BreadcrumbList\",\"@id\":\"https:\/\/graziamagazine.com\/es\/articles\/la-reina-letizia-recupera-vestido-rojo-cena-estado-cuba\/#breadcrumb\",\"itemListElement\":[{\"@type\":\"ListItem\",\"position\":1,\"name\":\"Portada\",\"item\":\"https:\/\/graziamagazine.com\/es\/\"},{\"@type\":\"ListItem\",\"position\":2,\"name\":\"La reina Letizia elige (de nuevo) su vestido rojo m\u00e1s sencillo en la cena de Estado en La Habana\"}]},{\"@type\":\"WebSite\",\"@id\":\"https:\/\/graziamagazine.com\/es\/#website\",\"url\":\"https:\/\/graziamagazine.com\/es\/\",\"name\":\"Grazia\",\"description\":\"Moda, belleza, celebrities, estilo de vida...\",\"potentialAction\":[{\"@type\":\"SearchAction\",\"target\":{\"@type\":\"EntryPoint\",\"urlTemplate\":\"https:\/\/graziamagazine.com\/es\/?s={search_term_string}\"},\"query-input\":\"required name=search_term_string\"}],\"inLanguage\":\"es\"}]}<\/script>\n<!-- \/ Yoast SEO Premium plugin. -->","yoast_head_json":{"title":"La reina Letizia elige (de nuevo) su vestido rojo m\u00e1s sencillo en la cena de Estado en La Habana | Grazia","description":"La reina sigue apostando por el 'bajo perfil' en este viaje reciclando looks que ya hemos visto en ocasiones anteriores.","robots":{"index":"index","follow":"follow","max-snippet":"max-snippet:-1","max-image-preview":"max-image-preview:large","max-video-preview":"max-video-preview:-1"},"canonical":"https:\/\/graziamagazine.com\/es\/articles\/la-reina-letizia-recupera-vestido-rojo-cena-estado-cuba\/","og_locale":"es_ES","og_type":"article","og_title":"La reina Letizia elige (de nuevo) su vestido rojo m\u00e1s sencillo en la cena de Estado en La Habana","og_description":"La reina sigue apostando por el 'bajo perfil' en este viaje reciclando looks que ya hemos visto en ocasiones anteriores.","og_url":"https:\/\/graziamagazine.com\/es\/articles\/la-reina-letizia-recupera-vestido-rojo-cena-estado-cuba\/","og_site_name":"Grazia","article_modified_time":"2019-11-13T05:48:33+00:00","og_image":[{"width":1400,"height":932,"url":"https:\/\/graziamagazine.com\/es\/wp-content\/uploads\/sites\/12\/2019\/11\/GRAZIA-tercer-look-reina-letizia-cuba-4.jpg?fit=1400%2C932","type":"image\/jpeg"}],"twitter_card":"summary_large_image","twitter_misc":{"Est. reading time":"2 minutos"},"schema":{"@context":"https:\/\/schema.org","@graph":[{"@type":"WebPage","@id":"https:\/\/graziamagazine.com\/es\/articles\/la-reina-letizia-recupera-vestido-rojo-cena-estado-cuba\/","url":"https:\/\/graziamagazine.com\/es\/articles\/la-reina-letizia-recupera-vestido-rojo-cena-estado-cuba\/","name":"La reina Letizia elige (de nuevo) su vestido rojo m\u00e1s sencillo en la cena de Estado en La Habana | Grazia","isPartOf":{"@id":"https:\/\/graziamagazine.com\/es\/#website"},"datePublished":"2019-11-13T04:51:13+00:00","dateModified":"2019-11-13T05:48:33+00:00","description":"La reina sigue apostando por el 'bajo perfil' en este viaje reciclando looks que ya hemos visto en ocasiones anteriores.","breadcrumb":{"@id":"https:\/\/graziamagazine.com\/es\/articles\/la-reina-letizia-recupera-vestido-rojo-cena-estado-cuba\/#breadcrumb"},"inLanguage":"es","potentialAction":[{"@type":"ReadAction","target":["https:\/\/graziamagazine.com\/es\/articles\/la-reina-letizia-recupera-vestido-rojo-cena-estado-cuba\/"]}]},{"@type":"BreadcrumbList","@id":"https:\/\/graziamagazine.com\/es\/articles\/la-reina-letizia-recupera-vestido-rojo-cena-estado-cuba\/#breadcrumb","itemListElement":[{"@type":"ListItem","position":1,"name":"Portada","item":"https:\/\/graziamagazine.com\/es\/"},{"@type":"ListItem","position":2,"name":"La reina Letizia elige (de nuevo) su vestido rojo m\u00e1s sencillo en la cena de Estado en La Habana"}]},{"@type":"WebSite","@id":"https:\/\/graziamagazine.com\/es\/#website","url":"https:\/\/graziamagazine.com\/es\/","name":"Grazia","description":"Moda, belleza, celebrities, estilo de vida...","potentialAction":[{"@type":"SearchAction","target":{"@type":"EntryPoint","urlTemplate":"https:\/\/graziamagazine.com\/es\/?s={search_term_string}"},"query-input":"required name=search_term_string"}],"inLanguage":"es"}]}},"jetpack_sharing_enabled":true,"distributor_meta":false,"distributor_terms":false,"distributor_media":false,"distributor_original_site_name":"Grazia","distributor_original_site_url":"https:\/\/graziamagazine.com\/es","push-errors":false,"_links":{"self":[{"href":"https:\/\/graziamagazine.com\/es\/wp-json\/wp\/v2\/articles\/149478"}],"collection":[{"href":"https:\/\/graziamagazine.com\/es\/wp-json\/wp\/v2\/articles"}],"about":[{"href":"https:\/\/graziamagazine.com\/es\/wp-json\/wp\/v2\/types\/articles"}],"author":[{"embeddable":true,"href":"https:\/\/graziamagazine.com\/es\/wp-json\/wp\/v2\/users\/11653"}],"wp:featuredmedia":[{"embeddable":true,"href":"https:\/\/graziamagazine.com\/es\/wp-json\/wp\/v2\/media\/149488"}],"wp:attachment":[{"href":"https:\/\/graziamagazine.com\/es\/wp-json\/wp\/v2\/media?parent=149478"}],"wp:term":[{"taxonomy":"category","embeddable":true,"href":"https:\/\/graziamagazine.com\/es\/wp-json\/wp\/v2\/categories?post=149478"}],"curies":[{"name":"wp","href":"https:\/\/api.w.org\/{rel}","templated":true}]}}