{"id":149435,"date":"2019-11-12T21:04:03","date_gmt":"2019-11-12T20:04:03","guid":{"rendered":"https:\/\/graziamagazine.com\/es\/?p=149435"},"modified":"2019-11-13T05:08:56","modified_gmt":"2019-11-13T04:08:56","slug":"con-alpargatas-y-vestido-ladylike-el-paseo-de-la-reina-letizia-por-la-vieja-habana","status":"publish","type":"articles","link":"https:\/\/graziamagazine.com\/es\/articles\/con-alpargatas-y-vestido-ladylike-el-paseo-de-la-reina-letizia-por-la-vieja-habana\/","title":{"rendered":"Con alpargatas y vestido ladylike: el paseo de la reina Letizia por la vieja Habana"},"content":{"rendered":"<p>Como era de esperar, la agenda de los Reyes en Cuba est\u00e1 m\u00e1s que apretada, porque solo ser\u00e1n cuatro d\u00edas de intensa actividad. <a href=\"http:\/\/bit.ly\/2QdWiEG\" target=\"_blank\">Despu\u00e9s de aterrizar en el aeropuerto en la madrugada<\/a>, <strong>don Felipe y do\u00f1a Letizia han protagonizado una imagen hist\u00f3rica al ser los primeros monarcas en visitar la isla y rendir honores al h\u00e9roe nacional Jos\u00e9 Mart\u00ed<\/strong>, en la Plaza de la Revoluci\u00f3n.<\/p>\n<p>Despu\u00e9s de un primer encuentro con el Presidente de la rep\u00fablica de Cuba, Miguel D\u00edaz-Canel y su esposa Lis Cuesta, la reina ha partido en solitario junto a la Lis Cuesta al centro de La Habana para recorrer sus calles. La primera parada ha sido\u00a0la escuela taller\u00a0<strong>Gaspar Melchor de Jovellanos<\/strong>, constituida el 6 de abril de 1992, donde se desarrollan proyecto con la Agencia de Cooperaci\u00f3n Internacional y el convento de\u00a0<strong>San Francisco<\/strong>, en\u00a0<strong>La Habana<\/strong>.<\/p>\n<p><img loading=\"lazy\" decoding=\"async\" class=\"aligncenter size-full wp-image-149437\" src=\"https:\/\/graziamagazine.com\/es\/wp-content\/uploads\/sites\/12\/2019\/11\/GRAZIA-letizia-segundo-vestido-cuba-5.jpeg\" alt=\"La reina Letizia con vestido de Carolina Herrera y alpargatas por La Vieja Habana\" width=\"2182\" height=\"1454\" srcset=\"https:\/\/graziamagazine.com\/es\/wp-content\/uploads\/sites\/12\/2019\/11\/GRAZIA-letizia-segundo-vestido-cuba-5.jpeg 2182w, https:\/\/graziamagazine.com\/es\/wp-content\/uploads\/sites\/12\/2019\/11\/GRAZIA-letizia-segundo-vestido-cuba-5.jpeg?resize=300,200 300w, https:\/\/graziamagazine.com\/es\/wp-content\/uploads\/sites\/12\/2019\/11\/GRAZIA-letizia-segundo-vestido-cuba-5.jpeg?resize=768,512 768w, https:\/\/graziamagazine.com\/es\/wp-content\/uploads\/sites\/12\/2019\/11\/GRAZIA-letizia-segundo-vestido-cuba-5.jpeg?resize=1024,682 1024w, https:\/\/graziamagazine.com\/es\/wp-content\/uploads\/sites\/12\/2019\/11\/GRAZIA-letizia-segundo-vestido-cuba-5.jpeg?resize=1536,1024 1536w, https:\/\/graziamagazine.com\/es\/wp-content\/uploads\/sites\/12\/2019\/11\/GRAZIA-letizia-segundo-vestido-cuba-5.jpeg?resize=2048,1365 2048w, https:\/\/graziamagazine.com\/es\/wp-content\/uploads\/sites\/12\/2019\/11\/GRAZIA-letizia-segundo-vestido-cuba-5.jpeg?resize=155,103 155w\" sizes=\"(max-width: 2182px) 100vw, 2182px\" \/><\/p>\n<p><img loading=\"lazy\" decoding=\"async\" class=\"aligncenter size-full wp-image-149438\" src=\"https:\/\/graziamagazine.com\/es\/wp-content\/uploads\/sites\/12\/2019\/11\/GRAZIA-letizia-segundo-vestido-cuba-1.jpeg\" alt=\"La reina Letizia con vestido de Carolina Herrera y alpargatas por La Vieja Habana\" width=\"2296\" height=\"1530\" srcset=\"https:\/\/graziamagazine.com\/es\/wp-content\/uploads\/sites\/12\/2019\/11\/GRAZIA-letizia-segundo-vestido-cuba-1.jpeg 2296w, https:\/\/graziamagazine.com\/es\/wp-content\/uploads\/sites\/12\/2019\/11\/GRAZIA-letizia-segundo-vestido-cuba-1.jpeg?resize=300,200 300w, https:\/\/graziamagazine.com\/es\/wp-content\/uploads\/sites\/12\/2019\/11\/GRAZIA-letizia-segundo-vestido-cuba-1.jpeg?resize=768,512 768w, https:\/\/graziamagazine.com\/es\/wp-content\/uploads\/sites\/12\/2019\/11\/GRAZIA-letizia-segundo-vestido-cuba-1.jpeg?resize=1024,682 1024w, https:\/\/graziamagazine.com\/es\/wp-content\/uploads\/sites\/12\/2019\/11\/GRAZIA-letizia-segundo-vestido-cuba-1.jpeg?resize=1536,1024 1536w, https:\/\/graziamagazine.com\/es\/wp-content\/uploads\/sites\/12\/2019\/11\/GRAZIA-letizia-segundo-vestido-cuba-1.jpeg?resize=2048,1365 2048w, https:\/\/graziamagazine.com\/es\/wp-content\/uploads\/sites\/12\/2019\/11\/GRAZIA-letizia-segundo-vestido-cuba-1.jpeg?resize=155,103 155w\" sizes=\"(max-width: 2296px) 100vw, 2296px\" \/><\/p>\n<p>De ah\u00ed han la reina no querido perder la oportunidad de caminar por las calles del centro hist\u00f3rico de La Habana Vieja, y para enfrentar el calor de la isla, la hemos visto con <strong>un look muy veraniego compuesto por un vestido blanco sin mangas y vuelo en la\u00a0falda, con una silueta ladylike muy favorecedora<\/strong>.<\/p>\n<p><img loading=\"lazy\" decoding=\"async\" class=\"aligncenter size-full wp-image-149440\" src=\"https:\/\/graziamagazine.com\/es\/wp-content\/uploads\/sites\/12\/2019\/11\/GRAZIA-letizia-segundo-vestido-cuba-2.jpeg\" alt=\"La reina Letizia con vestido de Carolina Herrera y alpargatas por La Vieja Habana\" width=\"900\" height=\"1296\" srcset=\"https:\/\/graziamagazine.com\/es\/wp-content\/uploads\/sites\/12\/2019\/11\/GRAZIA-letizia-segundo-vestido-cuba-2.jpeg 900w, https:\/\/graziamagazine.com\/es\/wp-content\/uploads\/sites\/12\/2019\/11\/GRAZIA-letizia-segundo-vestido-cuba-2.jpeg?resize=208,300 208w, https:\/\/graziamagazine.com\/es\/wp-content\/uploads\/sites\/12\/2019\/11\/GRAZIA-letizia-segundo-vestido-cuba-2.jpeg?resize=768,1106 768w, https:\/\/graziamagazine.com\/es\/wp-content\/uploads\/sites\/12\/2019\/11\/GRAZIA-letizia-segundo-vestido-cuba-2.jpeg?resize=711,1024 711w, https:\/\/graziamagazine.com\/es\/wp-content\/uploads\/sites\/12\/2019\/11\/GRAZIA-letizia-segundo-vestido-cuba-2.jpeg?resize=149,215 149w\" sizes=\"(max-width: 900px) 100vw, 900px\" \/><\/p>\n<p>Parece que <strong>el blanco va a ser le color de este viaje de Estad<\/strong>o, y la reina <strong>ha elegido de nuevo a Carolina Herrera<\/strong> con este vestido de tela brocada, y ha recurrido <strong>a su zapato favorito del verano<\/strong>: <strong>sus alpargatas de la firma espa\u00f1ola Mint&amp;Rose<\/strong>\u00a0(modelo Sardinia, 114\u20ac) que ya la hemos visto lucir en numerosas ocasiones en <a href=\"http:\/\/bit.ly\/2GMlCfz\" target=\"_blank\">su estancia en Mallorca el pasado mes de agosto<\/a>. Como nos han dejado claro los meses estivales, <a href=\"http:\/\/bit.ly\/2lKkyB9\" target=\"_blank\">las alpargatas son los zapatos favoritos de las royals europeas<\/a>, y do\u00f1a Letizia no pod\u00eda dejar de meter en su maleta \u00e9stos hechos en Espa\u00f1a.<\/p>\n<p><strong>La reina no ha llevado bolso en esta ocasi\u00f3n<\/strong>, ni cartera de mano, solo gafas de sol, ofreciendo as\u00ed una imagen mucha m\u00e1s relajada y casual para el paseo, al que\u00a0se ha unido m\u00e1s tarde el Rey Felipe VI, quien ha dejado a un lado el formal traje de chaqueta, para lucir una guayabera azul, la vestimenta formal en los pa\u00edses caribe\u00f1os.<\/p>\n<p><img loading=\"lazy\" decoding=\"async\" class=\"aligncenter size-full wp-image-149443\" src=\"https:\/\/graziamagazine.com\/es\/wp-content\/uploads\/sites\/12\/2019\/11\/GRAZIA-letizia-segundo-vestido-cuba-7.jpeg\" alt=\"\" width=\"868\" height=\"1280\" srcset=\"https:\/\/graziamagazine.com\/es\/wp-content\/uploads\/sites\/12\/2019\/11\/GRAZIA-letizia-segundo-vestido-cuba-7.jpeg 868w, https:\/\/graziamagazine.com\/es\/wp-content\/uploads\/sites\/12\/2019\/11\/GRAZIA-letizia-segundo-vestido-cuba-7.jpeg?resize=203,300 203w, https:\/\/graziamagazine.com\/es\/wp-content\/uploads\/sites\/12\/2019\/11\/GRAZIA-letizia-segundo-vestido-cuba-7.jpeg?resize=768,1133 768w, https:\/\/graziamagazine.com\/es\/wp-content\/uploads\/sites\/12\/2019\/11\/GRAZIA-letizia-segundo-vestido-cuba-7.jpeg?resize=694,1024 694w, https:\/\/graziamagazine.com\/es\/wp-content\/uploads\/sites\/12\/2019\/11\/GRAZIA-letizia-segundo-vestido-cuba-7.jpeg?resize=146,215 146w\" sizes=\"(max-width: 868px) 100vw, 868px\" \/><\/p>\n<p>El paseo ha dejado ver tambi\u00e9n a los Reyes relajados, protegi\u00e9ndose del sol con sus gafas y agarrados de la mano junto al ministro de Asuntos Exteriores, Uni\u00f3n Europea y Cooperaci\u00f3n en funciones Josep Borrell, quien les acompa\u00f1a en este viaje de Estado.<\/p>\n<p><img loading=\"lazy\" decoding=\"async\" class=\"aligncenter size-full wp-image-149445\" src=\"https:\/\/graziamagazine.com\/es\/wp-content\/uploads\/sites\/12\/2019\/11\/GRAZIA-letizia-segundo-vestido-cuba-11.jpg\" alt=\"La reina Letizia con vestido de Carolina Herrera y alpargatas por La Vieja Habana\" width=\"1400\" height=\"956\" srcset=\"https:\/\/graziamagazine.com\/es\/wp-content\/uploads\/sites\/12\/2019\/11\/GRAZIA-letizia-segundo-vestido-cuba-11.jpg 1400w, https:\/\/graziamagazine.com\/es\/wp-content\/uploads\/sites\/12\/2019\/11\/GRAZIA-letizia-segundo-vestido-cuba-11.jpg?resize=300,205 300w, https:\/\/graziamagazine.com\/es\/wp-content\/uploads\/sites\/12\/2019\/11\/GRAZIA-letizia-segundo-vestido-cuba-11.jpg?resize=768,524 768w, https:\/\/graziamagazine.com\/es\/wp-content\/uploads\/sites\/12\/2019\/11\/GRAZIA-letizia-segundo-vestido-cuba-11.jpg?resize=1024,699 1024w, https:\/\/graziamagazine.com\/es\/wp-content\/uploads\/sites\/12\/2019\/11\/GRAZIA-letizia-segundo-vestido-cuba-11.jpg?resize=155,106 155w\" sizes=\"(max-width: 1400px) 100vw, 1400px\" \/><\/p>\n<p><em>*Im\u00e1genes: Casa Real<\/em><\/p>\n<p>&nbsp;<\/p>\n<p>&nbsp;<\/p>\n<p>&nbsp;<\/p>\n<p>&nbsp;<\/p>\n","protected":false},"author":11653,"featured_media":149441,"template":"","format":"standard","categories":[2147],"acf":[],"yoast_head":"<!-- This site is optimized with the Yoast SEO Premium plugin v18.5 (Yoast SEO v20.4) - https:\/\/yoast.com\/wordpress\/plugins\/seo\/ -->\n<title>Con alpargatas y vestido ladylike: el paseo de la reina Letizia por la vieja Habana | Grazia<\/title>\n<meta name=\"description\" content=\"La reina recupera su calzado favorito del verano para pasear por las calles del centro de la capital cubana e impregnarse de su encanto caribe\u00f1o.\" \/>\n<meta name=\"robots\" content=\"index, follow, max-snippet:-1, max-image-preview:large, max-video-preview:-1\" \/>\n<link rel=\"canonical\" href=\"https:\/\/graziamagazine.com\/es\/articles\/con-alpargatas-y-vestido-ladylike-el-paseo-de-la-reina-letizia-por-la-vieja-habana\/\" \/>\n<meta property=\"og:locale\" content=\"es_ES\" \/>\n<meta property=\"og:type\" content=\"article\" \/>\n<meta property=\"og:title\" content=\"Con alpargatas y vestido ladylike: el paseo de la reina Letizia por la vieja Habana\" \/>\n<meta property=\"og:description\" content=\"La reina recupera su calzado favorito del verano para pasear por las calles del centro de la capital cubana e impregnarse de su encanto caribe\u00f1o.\" \/>\n<meta property=\"og:url\" content=\"https:\/\/graziamagazine.com\/es\/articles\/con-alpargatas-y-vestido-ladylike-el-paseo-de-la-reina-letizia-por-la-vieja-habana\/\" \/>\n<meta property=\"og:site_name\" content=\"Grazia\" \/>\n<meta property=\"article:modified_time\" content=\"2019-11-13T04:08:56+00:00\" \/>\n<meta property=\"og:image\" content=\"https:\/\/graziamagazine.com\/es\/wp-content\/uploads\/sites\/12\/2019\/11\/GRAZIA-letizia-segundo-vestido-cuba-4.jpeg?fit=1738%2C1210\" \/>\n\t<meta property=\"og:image:width\" content=\"1738\" \/>\n\t<meta property=\"og:image:height\" content=\"1210\" \/>\n\t<meta property=\"og:image:type\" content=\"image\/jpeg\" \/>\n<meta name=\"twitter:card\" content=\"summary_large_image\" \/>\n<meta name=\"twitter:label1\" content=\"Est. reading time\" \/>\n\t<meta name=\"twitter:data1\" content=\"2 minutos\" \/>\n<script type=\"application\/ld+json\" class=\"yoast-schema-graph\">{\"@context\":\"https:\/\/schema.org\",\"@graph\":[{\"@type\":\"WebPage\",\"@id\":\"https:\/\/graziamagazine.com\/es\/articles\/con-alpargatas-y-vestido-ladylike-el-paseo-de-la-reina-letizia-por-la-vieja-habana\/\",\"url\":\"https:\/\/graziamagazine.com\/es\/articles\/con-alpargatas-y-vestido-ladylike-el-paseo-de-la-reina-letizia-por-la-vieja-habana\/\",\"name\":\"Con alpargatas y vestido ladylike: el paseo de la reina Letizia por la vieja Habana | Grazia\",\"isPartOf\":{\"@id\":\"https:\/\/graziamagazine.com\/es\/#website\"},\"datePublished\":\"2019-11-12T20:04:03+00:00\",\"dateModified\":\"2019-11-13T04:08:56+00:00\",\"description\":\"La reina recupera su calzado favorito del verano para pasear por las calles del centro de la capital cubana e impregnarse de su encanto caribe\u00f1o.\",\"breadcrumb\":{\"@id\":\"https:\/\/graziamagazine.com\/es\/articles\/con-alpargatas-y-vestido-ladylike-el-paseo-de-la-reina-letizia-por-la-vieja-habana\/#breadcrumb\"},\"inLanguage\":\"es\",\"potentialAction\":[{\"@type\":\"ReadAction\",\"target\":[\"https:\/\/graziamagazine.com\/es\/articles\/con-alpargatas-y-vestido-ladylike-el-paseo-de-la-reina-letizia-por-la-vieja-habana\/\"]}]},{\"@type\":\"BreadcrumbList\",\"@id\":\"https:\/\/graziamagazine.com\/es\/articles\/con-alpargatas-y-vestido-ladylike-el-paseo-de-la-reina-letizia-por-la-vieja-habana\/#breadcrumb\",\"itemListElement\":[{\"@type\":\"ListItem\",\"position\":1,\"name\":\"Portada\",\"item\":\"https:\/\/graziamagazine.com\/es\/\"},{\"@type\":\"ListItem\",\"position\":2,\"name\":\"Con alpargatas y vestido ladylike: el paseo de la reina Letizia por la vieja Habana\"}]},{\"@type\":\"WebSite\",\"@id\":\"https:\/\/graziamagazine.com\/es\/#website\",\"url\":\"https:\/\/graziamagazine.com\/es\/\",\"name\":\"Grazia\",\"description\":\"Moda, belleza, celebrities, estilo de vida...\",\"potentialAction\":[{\"@type\":\"SearchAction\",\"target\":{\"@type\":\"EntryPoint\",\"urlTemplate\":\"https:\/\/graziamagazine.com\/es\/?s={search_term_string}\"},\"query-input\":\"required name=search_term_string\"}],\"inLanguage\":\"es\"}]}<\/script>\n<!-- \/ Yoast SEO Premium plugin. -->","yoast_head_json":{"title":"Con alpargatas y vestido ladylike: el paseo de la reina Letizia por la vieja Habana | Grazia","description":"La reina recupera su calzado favorito del verano para pasear por las calles del centro de la capital cubana e impregnarse de su encanto caribe\u00f1o.","robots":{"index":"index","follow":"follow","max-snippet":"max-snippet:-1","max-image-preview":"max-image-preview:large","max-video-preview":"max-video-preview:-1"},"canonical":"https:\/\/graziamagazine.com\/es\/articles\/con-alpargatas-y-vestido-ladylike-el-paseo-de-la-reina-letizia-por-la-vieja-habana\/","og_locale":"es_ES","og_type":"article","og_title":"Con alpargatas y vestido ladylike: el paseo de la reina Letizia por la vieja Habana","og_description":"La reina recupera su calzado favorito del verano para pasear por las calles del centro de la capital cubana e impregnarse de su encanto caribe\u00f1o.","og_url":"https:\/\/graziamagazine.com\/es\/articles\/con-alpargatas-y-vestido-ladylike-el-paseo-de-la-reina-letizia-por-la-vieja-habana\/","og_site_name":"Grazia","article_modified_time":"2019-11-13T04:08:56+00:00","og_image":[{"width":1738,"height":1210,"url":"https:\/\/graziamagazine.com\/es\/wp-content\/uploads\/sites\/12\/2019\/11\/GRAZIA-letizia-segundo-vestido-cuba-4.jpeg?fit=1738%2C1210","type":"image\/jpeg"}],"twitter_card":"summary_large_image","twitter_misc":{"Est. reading time":"2 minutos"},"schema":{"@context":"https:\/\/schema.org","@graph":[{"@type":"WebPage","@id":"https:\/\/graziamagazine.com\/es\/articles\/con-alpargatas-y-vestido-ladylike-el-paseo-de-la-reina-letizia-por-la-vieja-habana\/","url":"https:\/\/graziamagazine.com\/es\/articles\/con-alpargatas-y-vestido-ladylike-el-paseo-de-la-reina-letizia-por-la-vieja-habana\/","name":"Con alpargatas y vestido ladylike: el paseo de la reina Letizia por la vieja Habana | Grazia","isPartOf":{"@id":"https:\/\/graziamagazine.com\/es\/#website"},"datePublished":"2019-11-12T20:04:03+00:00","dateModified":"2019-11-13T04:08:56+00:00","description":"La reina recupera su calzado favorito del verano para pasear por las calles del centro de la capital cubana e impregnarse de su encanto caribe\u00f1o.","breadcrumb":{"@id":"https:\/\/graziamagazine.com\/es\/articles\/con-alpargatas-y-vestido-ladylike-el-paseo-de-la-reina-letizia-por-la-vieja-habana\/#breadcrumb"},"inLanguage":"es","potentialAction":[{"@type":"ReadAction","target":["https:\/\/graziamagazine.com\/es\/articles\/con-alpargatas-y-vestido-ladylike-el-paseo-de-la-reina-letizia-por-la-vieja-habana\/"]}]},{"@type":"BreadcrumbList","@id":"https:\/\/graziamagazine.com\/es\/articles\/con-alpargatas-y-vestido-ladylike-el-paseo-de-la-reina-letizia-por-la-vieja-habana\/#breadcrumb","itemListElement":[{"@type":"ListItem","position":1,"name":"Portada","item":"https:\/\/graziamagazine.com\/es\/"},{"@type":"ListItem","position":2,"name":"Con alpargatas y vestido ladylike: el paseo de la reina Letizia por la vieja Habana"}]},{"@type":"WebSite","@id":"https:\/\/graziamagazine.com\/es\/#website","url":"https:\/\/graziamagazine.com\/es\/","name":"Grazia","description":"Moda, belleza, celebrities, estilo de vida...","potentialAction":[{"@type":"SearchAction","target":{"@type":"EntryPoint","urlTemplate":"https:\/\/graziamagazine.com\/es\/?s={search_term_string}"},"query-input":"required name=search_term_string"}],"inLanguage":"es"}]}},"jetpack_sharing_enabled":true,"distributor_meta":false,"distributor_terms":false,"distributor_media":false,"distributor_original_site_name":"Grazia","distributor_original_site_url":"https:\/\/graziamagazine.com\/es","push-errors":false,"_links":{"self":[{"href":"https:\/\/graziamagazine.com\/es\/wp-json\/wp\/v2\/articles\/149435"}],"collection":[{"href":"https:\/\/graziamagazine.com\/es\/wp-json\/wp\/v2\/articles"}],"about":[{"href":"https:\/\/graziamagazine.com\/es\/wp-json\/wp\/v2\/types\/articles"}],"author":[{"embeddable":true,"href":"https:\/\/graziamagazine.com\/es\/wp-json\/wp\/v2\/users\/11653"}],"wp:featuredmedia":[{"embeddable":true,"href":"https:\/\/graziamagazine.com\/es\/wp-json\/wp\/v2\/media\/149441"}],"wp:attachment":[{"href":"https:\/\/graziamagazine.com\/es\/wp-json\/wp\/v2\/media?parent=149435"}],"wp:term":[{"taxonomy":"category","embeddable":true,"href":"https:\/\/graziamagazine.com\/es\/wp-json\/wp\/v2\/categories?post=149435"}],"curies":[{"name":"wp","href":"https:\/\/api.w.org\/{rel}","templated":true}]}}