{"id":149420,"date":"2019-11-12T18:16:11","date_gmt":"2019-11-12T17:16:11","guid":{"rendered":"https:\/\/graziamagazine.com\/es\/?p=149420"},"modified":"2019-11-12T18:16:11","modified_gmt":"2019-11-12T17:16:11","slug":"tenemos-flechazo-el-bolso-fucsia-de-la-reina-letizia-en-cuba","status":"publish","type":"articles","link":"https:\/\/graziamagazine.com\/es\/articles\/tenemos-flechazo-el-bolso-fucsia-de-la-reina-letizia-en-cuba\/","title":{"rendered":"Tenemos flechazo: el bolso fucsia de la reina Letizia en Cuba"},"content":{"rendered":"<p><strong>A la reina Letizia, como a nosotras, le chiflan los complementos<\/strong> y lo entendemos. Son el toque final a cualquier look y gracias a ellos podeos jugar con los estilos y hasta darle un toque de color a los estilismos m\u00e1s sobrios y apagados.<\/p>\n<p>Eso debi\u00f3 pensar do\u00f1a Letizia a su llegada al aeropuerto internacional de La Habana en la madrugada. Sab\u00edamos que el conjunto invernal que hab\u00eda lucido antes de despegar, donde ya hab\u00edamos sentido flechazo por <a href=\"http:\/\/bit.ly\/36VKFbB\" target=\"_blank\">la chaqueta blanca y negra de pata de gallo de Uterq\u00fce<\/a>, no ser\u00eda el mismo al bajar del avi\u00f3n, debido a las altas temperaturas del Caribe. Pues eso, que al bajarse del avi\u00f3n <strong>vimos\u00a0c\u00f3mo un vestido que podr\u00edamos decir es bastante formal y serio, se convierte en un look mucho m\u00e1s atrevido gracias a un nuevo bolso<\/strong>.<\/p>\n<blockquote class=\"twitter-tweet\" data-width=\"500\" data-dnt=\"true\">\n<p lang=\"es\" dir=\"ltr\">Los Reyes llegan a Cuba para realizar una Visita de Estado <a href=\"https:\/\/twitter.com\/MAECgob?ref_src=twsrc%5Etfw\" target=\"_blank\">@MAECgob<\/a> <a href=\"https:\/\/t.co\/4F3gUZudDt\" target=\"_blank\">https:\/\/t.co\/4F3gUZudDt<\/a> <a href=\"https:\/\/t.co\/TP2Z95Lvcr\" target=\"_blank\">pic.twitter.com\/TP2Z95Lvcr<\/a><\/p>\n<p>&mdash; Casa de S.M. el Rey (@CasaReal) <a href=\"https:\/\/twitter.com\/CasaReal\/status\/1194169056582144000?ref_src=twsrc%5Etfw\" target=\"_blank\">November 12, 2019<\/a><\/p><\/blockquote>\n<p><script async src=\"https:\/\/platform.twitter.com\/widgets.js\" charset=\"utf-8\"><\/script><\/p>\n<p>Lo vimos bajando las escaleras, porque el viento el dio alg\u00fan que otro problema a la melena suelta de la reina, y ah\u00ed nos llam\u00f3 claramente la atenci\u00f3n. Se trata del <strong>modelo Satchel y lo firma una de las marcas de cabecera de la reina: Carolina Herrera<\/strong>. Nos ha gustado no solo por el color, que puede servirnos tanto en invierno como en verano, tambi\u00e9n porque las asas se pueden cambiar y jugar con ellas, porque se cierra con un aplique met\u00e1lico con las iniciales de la firma y porque&#8230; <strong>\u00a1esta vez s\u00ed est\u00e1 a la venta y puede ser nuestro!<\/strong><\/p>\n<p><img loading=\"lazy\" decoding=\"async\" class=\"aligncenter size-full wp-image-149423\" src=\"https:\/\/graziamagazine.com\/es\/wp-content\/uploads\/sites\/12\/2019\/11\/Captura-de-pantalla-2019-11-12-a-las-18.07.08.png\" alt=\"El bolso fucsia de estreno de la reina Letizia en Cuba es de Carolina Herrera\" width=\"653\" height=\"375\" srcset=\"https:\/\/graziamagazine.com\/es\/wp-content\/uploads\/sites\/12\/2019\/11\/Captura-de-pantalla-2019-11-12-a-las-18.07.08.png 653w, https:\/\/graziamagazine.com\/es\/wp-content\/uploads\/sites\/12\/2019\/11\/Captura-de-pantalla-2019-11-12-a-las-18.07.08.png?resize=300,172 300w, https:\/\/graziamagazine.com\/es\/wp-content\/uploads\/sites\/12\/2019\/11\/Captura-de-pantalla-2019-11-12-a-las-18.07.08.png?resize=155,89 155w\" sizes=\"(max-width: 653px) 100vw, 653px\" \/><\/p>\n<p>Lo malo es su precio, porque <strong>cuesta\u00a0 810 euros<\/strong>. Lo combin\u00f3 de nuevo con el modelo de <strong>zapatos<\/strong>, tambi\u00e9n de Carolina Herrera, que m\u00e1s usa: <a href=\"http:\/\/bit.ly\/2ltVXAC\" target=\"_blank\">sus salones destalonados<\/a> pero esta vez en color rosa. Por las im\u00e1genes a pie de pista parece el <strong>modelo de piel con efecto cocodrilo<\/strong>, que <strong>cuesta 390 euros<\/strong>.<\/p>\n<p><img loading=\"lazy\" decoding=\"async\" class=\"aligncenter size-full wp-image-149424\" src=\"https:\/\/graziamagazine.com\/es\/wp-content\/uploads\/sites\/12\/2019\/11\/Captura-de-pantalla-2019-11-12-a-las-18.02.22.png\" alt=\"El bolso fucsia de estreno de la reina Letizia en Cuba es de Carolina Herrera\" width=\"557\" height=\"385\" srcset=\"https:\/\/graziamagazine.com\/es\/wp-content\/uploads\/sites\/12\/2019\/11\/Captura-de-pantalla-2019-11-12-a-las-18.02.22.png 557w, https:\/\/graziamagazine.com\/es\/wp-content\/uploads\/sites\/12\/2019\/11\/Captura-de-pantalla-2019-11-12-a-las-18.02.22.png?resize=300,207 300w, https:\/\/graziamagazine.com\/es\/wp-content\/uploads\/sites\/12\/2019\/11\/Captura-de-pantalla-2019-11-12-a-las-18.02.22.png?resize=155,107 155w\" sizes=\"(max-width: 557px) 100vw, 557px\" \/><\/p>\n<p>Sin duda, el bolso y los zapatos, le han dado un toque de color al <strong>vestido<\/strong>, que sabemos tambi\u00e9n es de estreno y muy parecido al que luci\u00f3 en los pasados <a href=\"http:\/\/bit.ly\/2WJKfQG\" target=\"_blank\">Premios Princesa de Girona firmado por Victoria Beckham<\/a>. Esta vez es de <strong>Hugo Boss<\/strong>, otra de sus firmas fetiche, el <em>modelo Danimala<\/em>, con estampado animal print en tonos grises y blancos.<\/p>\n<p><img loading=\"lazy\" decoding=\"async\" class=\"aligncenter size-full wp-image-149422\" src=\"https:\/\/graziamagazine.com\/es\/wp-content\/uploads\/sites\/12\/2019\/11\/GRAZIA-letizia-bolso-cuba-2.jpg\" alt=\"El bolso fucsia de estreno de la reina Letizia en Cuba es de Carolina Herrera\" width=\"1400\" height=\"1041\" srcset=\"https:\/\/graziamagazine.com\/es\/wp-content\/uploads\/sites\/12\/2019\/11\/GRAZIA-letizia-bolso-cuba-2.jpg 1400w, https:\/\/graziamagazine.com\/es\/wp-content\/uploads\/sites\/12\/2019\/11\/GRAZIA-letizia-bolso-cuba-2.jpg?resize=300,223 300w, https:\/\/graziamagazine.com\/es\/wp-content\/uploads\/sites\/12\/2019\/11\/GRAZIA-letizia-bolso-cuba-2.jpg?resize=768,571 768w, https:\/\/graziamagazine.com\/es\/wp-content\/uploads\/sites\/12\/2019\/11\/GRAZIA-letizia-bolso-cuba-2.jpg?resize=1024,761 1024w, https:\/\/graziamagazine.com\/es\/wp-content\/uploads\/sites\/12\/2019\/11\/GRAZIA-letizia-bolso-cuba-2.jpg?resize=155,115 155w\" sizes=\"(max-width: 1400px) 100vw, 1400px\" \/><\/p>\n<p><em>*Im\u00e1genes: Casa Real y cortes\u00eda.\u00a0<\/em><\/p>\n<p>&nbsp;<\/p>\n","protected":false},"author":11653,"featured_media":149425,"template":"","format":"standard","categories":[1,2147],"acf":[],"yoast_head":"<!-- This site is optimized with the Yoast SEO Premium plugin v18.5 (Yoast SEO v20.4) - https:\/\/yoast.com\/wordpress\/plugins\/seo\/ -->\n<title>Tenemos flechazo: el bolso fucsia de la reina Letizia en Cuba | Grazia<\/title>\n<meta name=\"description\" content=\"Lo hemos fichado al bajarse del avi\u00f3n a su llegada a La Habana y sabemos de d\u00f3nde es y c\u00f3mo conseguirlo.\" \/>\n<meta name=\"robots\" content=\"index, follow, max-snippet:-1, max-image-preview:large, max-video-preview:-1\" \/>\n<link rel=\"canonical\" href=\"https:\/\/graziamagazine.com\/es\/articles\/tenemos-flechazo-el-bolso-fucsia-de-la-reina-letizia-en-cuba\/\" \/>\n<meta property=\"og:locale\" content=\"es_ES\" \/>\n<meta property=\"og:type\" content=\"article\" \/>\n<meta property=\"og:title\" content=\"Tenemos flechazo: el bolso fucsia de la reina Letizia en Cuba\" \/>\n<meta property=\"og:description\" content=\"Lo hemos fichado al bajarse del avi\u00f3n a su llegada a La Habana y sabemos de d\u00f3nde es y c\u00f3mo conseguirlo.\" \/>\n<meta property=\"og:url\" content=\"https:\/\/graziamagazine.com\/es\/articles\/tenemos-flechazo-el-bolso-fucsia-de-la-reina-letizia-en-cuba\/\" \/>\n<meta property=\"og:site_name\" content=\"Grazia\" \/>\n<meta property=\"og:image\" content=\"https:\/\/graziamagazine.com\/es\/wp-content\/uploads\/sites\/12\/2019\/11\/Captura-de-pantalla-2019-11-12-a-las-18.07.08.png?fit=653%2C375\" \/>\n\t<meta property=\"og:image:width\" content=\"653\" \/>\n\t<meta property=\"og:image:height\" content=\"375\" \/>\n\t<meta property=\"og:image:type\" content=\"image\/png\" \/>\n<meta name=\"twitter:card\" content=\"summary_large_image\" \/>\n<meta name=\"twitter:label1\" content=\"Est. reading time\" \/>\n\t<meta name=\"twitter:data1\" content=\"2 minutos\" \/>\n<script type=\"application\/ld+json\" class=\"yoast-schema-graph\">{\"@context\":\"https:\/\/schema.org\",\"@graph\":[{\"@type\":\"WebPage\",\"@id\":\"https:\/\/graziamagazine.com\/es\/articles\/tenemos-flechazo-el-bolso-fucsia-de-la-reina-letizia-en-cuba\/\",\"url\":\"https:\/\/graziamagazine.com\/es\/articles\/tenemos-flechazo-el-bolso-fucsia-de-la-reina-letizia-en-cuba\/\",\"name\":\"Tenemos flechazo: el bolso fucsia de la reina Letizia en Cuba | Grazia\",\"isPartOf\":{\"@id\":\"https:\/\/graziamagazine.com\/es\/#website\"},\"datePublished\":\"2019-11-12T17:16:11+00:00\",\"dateModified\":\"2019-11-12T17:16:11+00:00\",\"description\":\"Lo hemos fichado al bajarse del avi\u00f3n a su llegada a La Habana y sabemos de d\u00f3nde es y c\u00f3mo conseguirlo.\",\"breadcrumb\":{\"@id\":\"https:\/\/graziamagazine.com\/es\/articles\/tenemos-flechazo-el-bolso-fucsia-de-la-reina-letizia-en-cuba\/#breadcrumb\"},\"inLanguage\":\"es\",\"potentialAction\":[{\"@type\":\"ReadAction\",\"target\":[\"https:\/\/graziamagazine.com\/es\/articles\/tenemos-flechazo-el-bolso-fucsia-de-la-reina-letizia-en-cuba\/\"]}]},{\"@type\":\"BreadcrumbList\",\"@id\":\"https:\/\/graziamagazine.com\/es\/articles\/tenemos-flechazo-el-bolso-fucsia-de-la-reina-letizia-en-cuba\/#breadcrumb\",\"itemListElement\":[{\"@type\":\"ListItem\",\"position\":1,\"name\":\"Portada\",\"item\":\"https:\/\/graziamagazine.com\/es\/\"},{\"@type\":\"ListItem\",\"position\":2,\"name\":\"Tenemos flechazo: el bolso fucsia de la reina Letizia en Cuba\"}]},{\"@type\":\"WebSite\",\"@id\":\"https:\/\/graziamagazine.com\/es\/#website\",\"url\":\"https:\/\/graziamagazine.com\/es\/\",\"name\":\"Grazia\",\"description\":\"Moda, belleza, celebrities, estilo de vida...\",\"potentialAction\":[{\"@type\":\"SearchAction\",\"target\":{\"@type\":\"EntryPoint\",\"urlTemplate\":\"https:\/\/graziamagazine.com\/es\/?s={search_term_string}\"},\"query-input\":\"required name=search_term_string\"}],\"inLanguage\":\"es\"}]}<\/script>\n<!-- \/ Yoast SEO Premium plugin. -->","yoast_head_json":{"title":"Tenemos flechazo: el bolso fucsia de la reina Letizia en Cuba | Grazia","description":"Lo hemos fichado al bajarse del avi\u00f3n a su llegada a La Habana y sabemos de d\u00f3nde es y c\u00f3mo conseguirlo.","robots":{"index":"index","follow":"follow","max-snippet":"max-snippet:-1","max-image-preview":"max-image-preview:large","max-video-preview":"max-video-preview:-1"},"canonical":"https:\/\/graziamagazine.com\/es\/articles\/tenemos-flechazo-el-bolso-fucsia-de-la-reina-letizia-en-cuba\/","og_locale":"es_ES","og_type":"article","og_title":"Tenemos flechazo: el bolso fucsia de la reina Letizia en Cuba","og_description":"Lo hemos fichado al bajarse del avi\u00f3n a su llegada a La Habana y sabemos de d\u00f3nde es y c\u00f3mo conseguirlo.","og_url":"https:\/\/graziamagazine.com\/es\/articles\/tenemos-flechazo-el-bolso-fucsia-de-la-reina-letizia-en-cuba\/","og_site_name":"Grazia","og_image":[{"width":653,"height":375,"url":"https:\/\/graziamagazine.com\/es\/wp-content\/uploads\/sites\/12\/2019\/11\/Captura-de-pantalla-2019-11-12-a-las-18.07.08.png?fit=653%2C375","type":"image\/png"}],"twitter_card":"summary_large_image","twitter_misc":{"Est. reading time":"2 minutos"},"schema":{"@context":"https:\/\/schema.org","@graph":[{"@type":"WebPage","@id":"https:\/\/graziamagazine.com\/es\/articles\/tenemos-flechazo-el-bolso-fucsia-de-la-reina-letizia-en-cuba\/","url":"https:\/\/graziamagazine.com\/es\/articles\/tenemos-flechazo-el-bolso-fucsia-de-la-reina-letizia-en-cuba\/","name":"Tenemos flechazo: el bolso fucsia de la reina Letizia en Cuba | Grazia","isPartOf":{"@id":"https:\/\/graziamagazine.com\/es\/#website"},"datePublished":"2019-11-12T17:16:11+00:00","dateModified":"2019-11-12T17:16:11+00:00","description":"Lo hemos fichado al bajarse del avi\u00f3n a su llegada a La Habana y sabemos de d\u00f3nde es y c\u00f3mo conseguirlo.","breadcrumb":{"@id":"https:\/\/graziamagazine.com\/es\/articles\/tenemos-flechazo-el-bolso-fucsia-de-la-reina-letizia-en-cuba\/#breadcrumb"},"inLanguage":"es","potentialAction":[{"@type":"ReadAction","target":["https:\/\/graziamagazine.com\/es\/articles\/tenemos-flechazo-el-bolso-fucsia-de-la-reina-letizia-en-cuba\/"]}]},{"@type":"BreadcrumbList","@id":"https:\/\/graziamagazine.com\/es\/articles\/tenemos-flechazo-el-bolso-fucsia-de-la-reina-letizia-en-cuba\/#breadcrumb","itemListElement":[{"@type":"ListItem","position":1,"name":"Portada","item":"https:\/\/graziamagazine.com\/es\/"},{"@type":"ListItem","position":2,"name":"Tenemos flechazo: el bolso fucsia de la reina Letizia en Cuba"}]},{"@type":"WebSite","@id":"https:\/\/graziamagazine.com\/es\/#website","url":"https:\/\/graziamagazine.com\/es\/","name":"Grazia","description":"Moda, belleza, celebrities, estilo de vida...","potentialAction":[{"@type":"SearchAction","target":{"@type":"EntryPoint","urlTemplate":"https:\/\/graziamagazine.com\/es\/?s={search_term_string}"},"query-input":"required name=search_term_string"}],"inLanguage":"es"}]}},"jetpack_sharing_enabled":true,"distributor_meta":false,"distributor_terms":false,"distributor_media":false,"distributor_original_site_name":"Grazia","distributor_original_site_url":"https:\/\/graziamagazine.com\/es","push-errors":false,"_links":{"self":[{"href":"https:\/\/graziamagazine.com\/es\/wp-json\/wp\/v2\/articles\/149420"}],"collection":[{"href":"https:\/\/graziamagazine.com\/es\/wp-json\/wp\/v2\/articles"}],"about":[{"href":"https:\/\/graziamagazine.com\/es\/wp-json\/wp\/v2\/types\/articles"}],"author":[{"embeddable":true,"href":"https:\/\/graziamagazine.com\/es\/wp-json\/wp\/v2\/users\/11653"}],"wp:featuredmedia":[{"embeddable":true,"href":"https:\/\/graziamagazine.com\/es\/wp-json\/wp\/v2\/media\/149425"}],"wp:attachment":[{"href":"https:\/\/graziamagazine.com\/es\/wp-json\/wp\/v2\/media?parent=149420"}],"wp:term":[{"taxonomy":"category","embeddable":true,"href":"https:\/\/graziamagazine.com\/es\/wp-json\/wp\/v2\/categories?post=149420"}],"curies":[{"name":"wp","href":"https:\/\/api.w.org\/{rel}","templated":true}]}}