{"id":149122,"date":"2019-10-31T20:22:26","date_gmt":"2019-10-31T19:22:26","guid":{"rendered":"https:\/\/graziamagazine.com\/es\/?p=149122"},"modified":"2019-10-31T20:22:26","modified_gmt":"2019-10-31T19:22:26","slug":"natura-bisse-reconocida-por-segundo-ano-consecutivo-como-mejor-marca-spa-del-mundo","status":"publish","type":"articles","link":"https:\/\/graziamagazine.com\/es\/articles\/natura-bisse-reconocida-por-segundo-ano-consecutivo-como-mejor-marca-spa-del-mundo\/","title":{"rendered":"Natura Biss\u00e9 reconocida, por segundo a\u00f1o consecutivo, como mejor marca spa del mundo"},"content":{"rendered":"<div class=\"page\" title=\"Page 1\">\n<div class=\"layoutArea\">\n<div class=\"column\">\n<p><strong>Natura Biss\u00e9 es una de nuestras marcas cosm\u00e9ticas con mayor presencia y reconocimiento en el mundo<\/strong>. Sus productos son objetos de deseos de muchas mujeres, no solo en Espa\u00f1a, y es que detr\u00e1s de ello hay una familia dedicada en cuerpo y alma a conseguir que la innovaci\u00f3n de lugar a productos con mucha alma.<\/p>\n<p>Ahora <strong>la compa\u00f1\u00eda suma un nuevo premio a su larga lista de galardones internacionales, el de Mejor Marca Spa del Mundo 2019, otorgado por los World Spa AwardsTM<\/strong>,\u00a0una organizacio\u0301n creada para elevar los esta\u0301ndares del turismo de bienestar y concebido para servir como punto de referencia y sello de calidad en esta industria, asi\u0301 como para fomentar una nueva era en el sector spa.<\/p>\n<\/div>\n<div class=\"column\">\n<p>Este premio que reconoce la constante bu\u0301squeda de la excelencia por parte de Natura Bisse\u0301 se une a otros reconocimientos: desde 2017, la compan\u0303i\u0301a es la primera y exclusiva \u201cFirma Cosme\u0301tica Oficial\u201d de Forbes Travel Guide, la u\u0301nica entidad independiente que ofrece un sistema de evaluacio\u0301n global para hoteles, restaurantes y spas de lujo.<\/p>\n<p><img loading=\"lazy\" decoding=\"async\" class=\"aligncenter size-full wp-image-149123\" src=\"https:\/\/graziamagazine.com\/es\/wp-content\/uploads\/sites\/12\/2019\/10\/GRAZIA-natura-bisse-premio.jpg\" alt=\"Natura Biss\u00e9 gana el premio al Mejor Marca Spa de mundo\" width=\"700\" height=\"466\" srcset=\"https:\/\/graziamagazine.com\/es\/wp-content\/uploads\/sites\/12\/2019\/10\/GRAZIA-natura-bisse-premio.jpg 700w, https:\/\/graziamagazine.com\/es\/wp-content\/uploads\/sites\/12\/2019\/10\/GRAZIA-natura-bisse-premio.jpg?resize=300,200 300w, https:\/\/graziamagazine.com\/es\/wp-content\/uploads\/sites\/12\/2019\/10\/GRAZIA-natura-bisse-premio.jpg?resize=155,103 155w\" sizes=\"(max-width: 700px) 100vw, 700px\" \/><\/p>\n<\/div>\n<div class=\"page\" title=\"Page 2\">\n<div class=\"layoutArea\">\n<div class=\"column\">\n<p><strong>La gala tuvo lugar en el Armani Hotel Duba\u0301i, considerado uno de los hoteles ma\u0301s exclusivos del planeta, y ubicado en el Burj Khalifa, el edificio ma\u0301s alto del mundo<\/strong>. Alli\u0301, li\u0301deres y directivos de la industria procedentes de todos los rincones del globo <strong>pudieron disfrutar de un lujoso tratamiento que la marca espan\u0303ola de alta cosme\u0301tica Natura Bisse\u0301 disen\u0303o\u0301 especialmente para celebrar este reconocimiento:\u00a0<em>Pure Air Experience by Natura Bisse\u0301 at Armani\/SPA<\/em><\/strong>.<\/p>\n<p><img loading=\"lazy\" decoding=\"async\" class=\"aligncenter size-full wp-image-149125\" src=\"https:\/\/graziamagazine.com\/es\/wp-content\/uploads\/sites\/12\/2019\/10\/02.-Natura-Bisse\u0301-Entrega-Premios-2019.jpg\" alt=\"Natura Biss\u00e9 gana el premio al Mejor Marca Spa de mundo\" width=\"2000\" height=\"1723\" srcset=\"https:\/\/graziamagazine.com\/es\/wp-content\/uploads\/sites\/12\/2019\/10\/02.-Natura-Bisse\u0301-Entrega-Premios-2019.jpg 2000w, https:\/\/graziamagazine.com\/es\/wp-content\/uploads\/sites\/12\/2019\/10\/02.-Natura-Bisse\u0301-Entrega-Premios-2019.jpg?resize=300,258 300w, https:\/\/graziamagazine.com\/es\/wp-content\/uploads\/sites\/12\/2019\/10\/02.-Natura-Bisse\u0301-Entrega-Premios-2019.jpg?resize=768,662 768w, https:\/\/graziamagazine.com\/es\/wp-content\/uploads\/sites\/12\/2019\/10\/02.-Natura-Bisse\u0301-Entrega-Premios-2019.jpg?resize=1024,882 1024w, https:\/\/graziamagazine.com\/es\/wp-content\/uploads\/sites\/12\/2019\/10\/02.-Natura-Bisse\u0301-Entrega-Premios-2019.jpg?resize=1536,1323 1536w, https:\/\/graziamagazine.com\/es\/wp-content\/uploads\/sites\/12\/2019\/10\/02.-Natura-Bisse\u0301-Entrega-Premios-2019.jpg?resize=155,134 155w\" sizes=\"(max-width: 2000px) 100vw, 2000px\" \/><\/p>\n<p>Un efectivo facial antipolucio\u0301n realizado en un espacio en el que se respira un 99,9% de aire puro y que se completa con una sensorial cata de aceites para alcanzar el ma\u0301ximo nivel de relajacio\u0301n. El resultado es una piel ma\u0301s sana, luminosa y rejuvenecida.<\/p>\n<div class=\"page\" title=\"Page 3\"><\/div>\n<\/div>\n<\/div>\n<\/div>\n<\/div>\n<\/div>\n","protected":false},"author":24470,"featured_media":149126,"template":"","format":"standard","categories":[2424],"acf":[],"yoast_head":"<!-- This site is optimized with the Yoast SEO Premium plugin v18.5 (Yoast SEO v20.4) - https:\/\/yoast.com\/wordpress\/plugins\/seo\/ -->\n<title>Natura Biss\u00e9 reconocida, por segundo a\u00f1o consecutivo, como mejor marca spa del mundo | Grazia<\/title>\n<meta name=\"description\" content=\"La firma de alta cosme\u0301tica espan\u0303ola vuelve a demostrar que es una marca de referencia en el cuidado de la piel al recibir el premio Mejor Marca Spa del Mundo 2019, otorgado por los World Spa AwardsTM, iniciativa global que reconoce y premia la excelencia del sector wellness.\" \/>\n<meta name=\"robots\" content=\"index, follow, max-snippet:-1, max-image-preview:large, max-video-preview:-1\" \/>\n<link rel=\"canonical\" href=\"https:\/\/graziamagazine.com\/es\/articles\/natura-bisse-reconocida-por-segundo-ano-consecutivo-como-mejor-marca-spa-del-mundo\/\" \/>\n<meta property=\"og:locale\" content=\"es_ES\" \/>\n<meta property=\"og:type\" content=\"article\" \/>\n<meta property=\"og:title\" content=\"Natura Biss\u00e9 reconocida, por segundo a\u00f1o consecutivo, como mejor marca spa del mundo\" \/>\n<meta property=\"og:description\" content=\"La firma de alta cosme\u0301tica espan\u0303ola vuelve a demostrar que es una marca de referencia en el cuidado de la piel al recibir el premio Mejor Marca Spa del Mundo 2019, otorgado por los World Spa AwardsTM, iniciativa global que reconoce y premia la excelencia del sector wellness.\" \/>\n<meta property=\"og:url\" content=\"https:\/\/graziamagazine.com\/es\/articles\/natura-bisse-reconocida-por-segundo-ano-consecutivo-como-mejor-marca-spa-del-mundo\/\" \/>\n<meta property=\"og:site_name\" content=\"Grazia\" \/>\n<meta property=\"og:image\" content=\"https:\/\/graziamagazine.com\/es\/wp-content\/uploads\/sites\/12\/2019\/10\/GRAZIA-natura-bisse-premio-spa.jpg?fit=1500%2C1461\" \/>\n\t<meta property=\"og:image:width\" content=\"1500\" \/>\n\t<meta property=\"og:image:height\" content=\"1461\" \/>\n\t<meta property=\"og:image:type\" content=\"image\/jpeg\" \/>\n<meta name=\"twitter:card\" content=\"summary_large_image\" \/>\n<meta name=\"twitter:label1\" content=\"Est. reading time\" \/>\n\t<meta name=\"twitter:data1\" content=\"2 minutos\" \/>\n<script type=\"application\/ld+json\" class=\"yoast-schema-graph\">{\"@context\":\"https:\/\/schema.org\",\"@graph\":[{\"@type\":\"WebPage\",\"@id\":\"https:\/\/graziamagazine.com\/es\/articles\/natura-bisse-reconocida-por-segundo-ano-consecutivo-como-mejor-marca-spa-del-mundo\/\",\"url\":\"https:\/\/graziamagazine.com\/es\/articles\/natura-bisse-reconocida-por-segundo-ano-consecutivo-como-mejor-marca-spa-del-mundo\/\",\"name\":\"Natura Biss\u00e9 reconocida, por segundo a\u00f1o consecutivo, como mejor marca spa del mundo | Grazia\",\"isPartOf\":{\"@id\":\"https:\/\/graziamagazine.com\/es\/#website\"},\"datePublished\":\"2019-10-31T19:22:26+00:00\",\"dateModified\":\"2019-10-31T19:22:26+00:00\",\"description\":\"La firma de alta cosme\u0301tica espan\u0303ola vuelve a demostrar que es una marca de referencia en el cuidado de la piel al recibir el premio Mejor Marca Spa del Mundo 2019, otorgado por los World Spa AwardsTM, iniciativa global que reconoce y premia la excelencia del sector wellness.\",\"breadcrumb\":{\"@id\":\"https:\/\/graziamagazine.com\/es\/articles\/natura-bisse-reconocida-por-segundo-ano-consecutivo-como-mejor-marca-spa-del-mundo\/#breadcrumb\"},\"inLanguage\":\"es\",\"potentialAction\":[{\"@type\":\"ReadAction\",\"target\":[\"https:\/\/graziamagazine.com\/es\/articles\/natura-bisse-reconocida-por-segundo-ano-consecutivo-como-mejor-marca-spa-del-mundo\/\"]}]},{\"@type\":\"BreadcrumbList\",\"@id\":\"https:\/\/graziamagazine.com\/es\/articles\/natura-bisse-reconocida-por-segundo-ano-consecutivo-como-mejor-marca-spa-del-mundo\/#breadcrumb\",\"itemListElement\":[{\"@type\":\"ListItem\",\"position\":1,\"name\":\"Portada\",\"item\":\"https:\/\/graziamagazine.com\/es\/\"},{\"@type\":\"ListItem\",\"position\":2,\"name\":\"Natura Biss\u00e9 reconocida, por segundo a\u00f1o consecutivo, como mejor marca spa del mundo\"}]},{\"@type\":\"WebSite\",\"@id\":\"https:\/\/graziamagazine.com\/es\/#website\",\"url\":\"https:\/\/graziamagazine.com\/es\/\",\"name\":\"Grazia\",\"description\":\"Moda, belleza, celebrities, estilo de vida...\",\"potentialAction\":[{\"@type\":\"SearchAction\",\"target\":{\"@type\":\"EntryPoint\",\"urlTemplate\":\"https:\/\/graziamagazine.com\/es\/?s={search_term_string}\"},\"query-input\":\"required name=search_term_string\"}],\"inLanguage\":\"es\"}]}<\/script>\n<!-- \/ Yoast SEO Premium plugin. -->","yoast_head_json":{"title":"Natura Biss\u00e9 reconocida, por segundo a\u00f1o consecutivo, como mejor marca spa del mundo | Grazia","description":"La firma de alta cosme\u0301tica espan\u0303ola vuelve a demostrar que es una marca de referencia en el cuidado de la piel al recibir el premio Mejor Marca Spa del Mundo 2019, otorgado por los World Spa AwardsTM, iniciativa global que reconoce y premia la excelencia del sector wellness.","robots":{"index":"index","follow":"follow","max-snippet":"max-snippet:-1","max-image-preview":"max-image-preview:large","max-video-preview":"max-video-preview:-1"},"canonical":"https:\/\/graziamagazine.com\/es\/articles\/natura-bisse-reconocida-por-segundo-ano-consecutivo-como-mejor-marca-spa-del-mundo\/","og_locale":"es_ES","og_type":"article","og_title":"Natura Biss\u00e9 reconocida, por segundo a\u00f1o consecutivo, como mejor marca spa del mundo","og_description":"La firma de alta cosme\u0301tica espan\u0303ola vuelve a demostrar que es una marca de referencia en el cuidado de la piel al recibir el premio Mejor Marca Spa del Mundo 2019, otorgado por los World Spa AwardsTM, iniciativa global que reconoce y premia la excelencia del sector wellness.","og_url":"https:\/\/graziamagazine.com\/es\/articles\/natura-bisse-reconocida-por-segundo-ano-consecutivo-como-mejor-marca-spa-del-mundo\/","og_site_name":"Grazia","og_image":[{"width":1500,"height":1461,"url":"https:\/\/graziamagazine.com\/es\/wp-content\/uploads\/sites\/12\/2019\/10\/GRAZIA-natura-bisse-premio-spa.jpg?fit=1500%2C1461","type":"image\/jpeg"}],"twitter_card":"summary_large_image","twitter_misc":{"Est. reading time":"2 minutos"},"schema":{"@context":"https:\/\/schema.org","@graph":[{"@type":"WebPage","@id":"https:\/\/graziamagazine.com\/es\/articles\/natura-bisse-reconocida-por-segundo-ano-consecutivo-como-mejor-marca-spa-del-mundo\/","url":"https:\/\/graziamagazine.com\/es\/articles\/natura-bisse-reconocida-por-segundo-ano-consecutivo-como-mejor-marca-spa-del-mundo\/","name":"Natura Biss\u00e9 reconocida, por segundo a\u00f1o consecutivo, como mejor marca spa del mundo | Grazia","isPartOf":{"@id":"https:\/\/graziamagazine.com\/es\/#website"},"datePublished":"2019-10-31T19:22:26+00:00","dateModified":"2019-10-31T19:22:26+00:00","description":"La firma de alta cosme\u0301tica espan\u0303ola vuelve a demostrar que es una marca de referencia en el cuidado de la piel al recibir el premio Mejor Marca Spa del Mundo 2019, otorgado por los World Spa AwardsTM, iniciativa global que reconoce y premia la excelencia del sector wellness.","breadcrumb":{"@id":"https:\/\/graziamagazine.com\/es\/articles\/natura-bisse-reconocida-por-segundo-ano-consecutivo-como-mejor-marca-spa-del-mundo\/#breadcrumb"},"inLanguage":"es","potentialAction":[{"@type":"ReadAction","target":["https:\/\/graziamagazine.com\/es\/articles\/natura-bisse-reconocida-por-segundo-ano-consecutivo-como-mejor-marca-spa-del-mundo\/"]}]},{"@type":"BreadcrumbList","@id":"https:\/\/graziamagazine.com\/es\/articles\/natura-bisse-reconocida-por-segundo-ano-consecutivo-como-mejor-marca-spa-del-mundo\/#breadcrumb","itemListElement":[{"@type":"ListItem","position":1,"name":"Portada","item":"https:\/\/graziamagazine.com\/es\/"},{"@type":"ListItem","position":2,"name":"Natura Biss\u00e9 reconocida, por segundo a\u00f1o consecutivo, como mejor marca spa del mundo"}]},{"@type":"WebSite","@id":"https:\/\/graziamagazine.com\/es\/#website","url":"https:\/\/graziamagazine.com\/es\/","name":"Grazia","description":"Moda, belleza, celebrities, estilo de vida...","potentialAction":[{"@type":"SearchAction","target":{"@type":"EntryPoint","urlTemplate":"https:\/\/graziamagazine.com\/es\/?s={search_term_string}"},"query-input":"required name=search_term_string"}],"inLanguage":"es"}]}},"jetpack_sharing_enabled":true,"distributor_meta":false,"distributor_terms":false,"distributor_media":false,"distributor_original_site_name":"Grazia","distributor_original_site_url":"https:\/\/graziamagazine.com\/es","push-errors":false,"_links":{"self":[{"href":"https:\/\/graziamagazine.com\/es\/wp-json\/wp\/v2\/articles\/149122"}],"collection":[{"href":"https:\/\/graziamagazine.com\/es\/wp-json\/wp\/v2\/articles"}],"about":[{"href":"https:\/\/graziamagazine.com\/es\/wp-json\/wp\/v2\/types\/articles"}],"author":[{"embeddable":true,"href":"https:\/\/graziamagazine.com\/es\/wp-json\/wp\/v2\/users\/24470"}],"wp:featuredmedia":[{"embeddable":true,"href":"https:\/\/graziamagazine.com\/es\/wp-json\/wp\/v2\/media\/149126"}],"wp:attachment":[{"href":"https:\/\/graziamagazine.com\/es\/wp-json\/wp\/v2\/media?parent=149122"}],"wp:term":[{"taxonomy":"category","embeddable":true,"href":"https:\/\/graziamagazine.com\/es\/wp-json\/wp\/v2\/categories?post=149122"}],"curies":[{"name":"wp","href":"https:\/\/api.w.org\/{rel}","templated":true}]}}